{"id":36029,"date":"2019-10-31T21:13:24","date_gmt":"2019-11-01T00:13:24","guid":{"rendered":"http:\/\/www.noticiasradioreflejos.com.ar\/noticias\/?p=36029"},"modified":"2019-10-31T21:13:24","modified_gmt":"2019-11-01T00:13:24","slug":"la-defensoria-del-pueblo-de-la-nacion-investiga-la-falta-de-la-vacuna-candid-1-y-otras-del-calendario-nacional","status":"publish","type":"post","link":"https:\/\/www.noticiasradioreflejos.com.ar\/2021\/la-defensoria-del-pueblo-de-la-nacion-investiga-la-falta-de-la-vacuna-candid-1-y-otras-del-calendario-nacional\/","title":{"rendered":"La Defensor\u00eda del Pueblo de la naci\u00f3n investiga la falta de la vacuna CANDID #1 y otras del calendario nacional."},"content":{"rendered":"<p>El Defensor del Pueblo de la Naci\u00f3n le recomend\u00f3 al Secretario de Gobierno de Salud de la Naci\u00f3n -en su calidad de autoridad de aplicaci\u00f3n de la Ley Nacional N\u00ba 27.491-, que garantice el normal cumplimiento del Calendario Nacional de Vacunaci\u00f3n, arbitrando las medidas necesarias para restituir la vacuna MENVEO a ni\u00f1as\/os de 11 a\u00f1os, enviando las partidas de vacunas necesarias para las provincias y reanudando la producci\u00f3n de la vacuna Candid #1, paralizada desde el a\u00f1o 2018.<!--more-->Asimismo le recomend\u00f3 a la Direcci\u00f3n de Control de Enfermedades Inmunoprevenibles  que procure adaptar y adoptar las medidas que en su caso corresponda para que el Calendario Nacional de Vacunaci\u00f3n cumpla con los Principios y Objetivos del Plan de Acci\u00f3n Mundial sobre Vacunas 2011-2020.<br \/>\nPor su parte, se le pidi\u00f3 a la Administraci\u00f3n Nacional de Medicamentos, Alimentos y Tecnolog\u00eda Sanitaria (ANMAT), que disponga lo necesario a fin de brindar los resultados del relevamiento hecho en septiembre de 2018 al Instituto de Enfermedades Virales Humanas \u201cDr. Julio I. Maiztegui\u201d y los fundamentos por los cuales considera que las acciones que debe implementar el Instituto no obedecen a cuestiones presupuestarias.<br \/>\nA la Administraci\u00f3n Nacional de Laboratorios e Institutos de Salud \u201cDr. Carlos G. Malbr\u00e1n\u201d se le solicit\u00f3 que disponga el inmediato cumplimiento del Plan de Contingencia solicitado por la ANMAT, con detalle del grado de cumplimiento desde septiembre de 2018 a la fecha, y que al mismo tiempo realice las gestiones necesarias para poner en funcionamiento la planta de producci\u00f3n del Instituto Maiztegui a la mayor brevedad posible con el prop\u00f3sito de evitar un posible desabastecimiento de la vacuna Candid #1.<br \/>\nLa Defensor\u00eda del Pueblo de la Naci\u00f3n viene realizando desde hace tiempo una investigaci\u00f3n de oficio sobre las dificultades que presenta el Instituto Nacional de Enfermedades Virales Humanas Dr. Julio I. Maiztegui en la producci\u00f3n de la vacuna hu\u00e9rfana Candid #1 para prevenir la Fiebre Hemorr\u00e1gica Argentina (FHA), ya que es el \u00fanico centro del pa\u00eds y del mundo donde se produce. Considerando que la FHA debe conceptualizarse como enfermedad epid\u00e9mica y end\u00e9mica, es obligaci\u00f3n del Estado adoptar todas las medidas necesarias para la prevenci\u00f3n y el tratamiento de esta enfermedad.<br \/>\nAdem\u00e1s, desde fines de 2018, la Defensor\u00eda nacional recibi\u00f3 denuncias de ciudadanos de diversas provincias vinculadas con el faltante de otras vacunas del Calendario Nacional de Vacunaci\u00f3n. Se solicitaron informes a las autoridades correspondientes con el prop\u00f3sito de conocer los motivos por los que se hab\u00eda llegado al extremo de no contar con las vacunas necesarias e indispensables para inmunizar a la poblaci\u00f3n, de acuerdo con los est\u00e1ndares nacionales e internacionales en materia de prevenci\u00f3n de enfermedades inmunoprevenibles.<br \/>\nEl Defensor del Pueblo considera que la inmunizaci\u00f3n debiera ser prioridad en la \u00f3rbita de las pol\u00edticas p\u00fablicas en materia de salud por tratarse de una herramienta de prevenci\u00f3n indispensable para la poblaci\u00f3n, m\u00e1s a\u00fan, en un contexto generalizado y mundial donde se advierte el reflote de enfermedades que se consideraban erradicadas.<br \/>\nParticularmente, puede mencionarse que se han confirmado nuevos casos de rub\u00e9ola en la Argentina, enfermedad que hab\u00eda sido eliminada en el a\u00f1o 2009, sin contar los casos de sarampi\u00f3n otra enfermedad que se encontraba controlada.<br \/>\nTodo ello no deber\u00eda resultar sorpresivo, tomando en cuenta que en los \u00faltimos a\u00f1os el porcentaje de ni\u00f1os vacunados contra diferentes enfermedades (tuberculosis, la polio, la difteria, el t\u00e9tano, el sarampi\u00f3n, la rub\u00e9ola y la hepatitis), ha disminuido. En el caso de la vacuna qu\u00edntuple, que protege contra la difteria, el t\u00e9tano, la tos convulsa, la hepatitis B e hib, la cobertura en la tercera dosis pas\u00f3 del 93,9% en 2013 al 88% en 2017 (\u00faltimo dato disponible). La vacuna que combate el sarampi\u00f3n, pas\u00f3 de una cobertura del 93,6% al 90,2% en la primera dosis, y la vacuna contra la hepatitis A, pas\u00f3 del 97% al 87.5% en esos mismos a\u00f1os.<br \/>\nAsimismo, algunas jurisdicciones del pa\u00eds se encuentran por debajo de los est\u00e1ndares recomendados por la Organizaci\u00f3n Mundial de la Salud. En dicho sentido la OMS recomienda tener m\u00e1s del 95% de la poblaci\u00f3n inmunizada. Sin embargo, el informe \u201cCoberturas de Vacunaci\u00f3n por Jurisdicci\u00f3n Calendario Nacional de Vacunaci\u00f3n 2009-2017\u201d elaborado por el Ex Ministerio de Salud de la Naci\u00f3n da cuenta que a\u00fan hoy existen provincias que no cuentan con cobertura que supere el 60% de la poblaci\u00f3n.<br \/>\nLas autoridades sanitarias provinciales manifestaron la existencia de faltante de las vacunas triple viral, triple bacteriana, hepatitis B, VPH, entre otras.<br \/>\nEsta Instituci\u00f3n Nacional de Derechos Humanos, en consecuencia, considera que el Estado debe invertir sus recursos para mantener y asegurar el cumplimiento del Calendario Nacional de Vacunaci\u00f3n, velando por contrarrestar cualquier obst\u00e1culo que pueda restringirlo en forma total o parcial.<br \/>\nLos problemas log\u00edsticos y los relacionados con las licitaciones p\u00fablicas para la compra y adquisici\u00f3n de vacunas no pueden convertirse en un argumento para dejar de inmunizar a la ciudadan\u00eda, en particular cuando la poblaci\u00f3n objeto de inmunizaci\u00f3n corresponde a ni\u00f1as, ni\u00f1os y adolescentes, sujetos de especial protecci\u00f3n en los t\u00e9rminos de la Convenci\u00f3n de los Derechos del Ni\u00f1o y la Ley Nacional de Protecci\u00f3n Integral de los Derechos de Ni\u00f1as, Ni\u00f1os y Adolescentes N\u00ba 26.061.<br \/>\nLas vacunas SON OBLIGATORIAS por LEY, pero ante todo son un DERECHO y un signo de EQUIDAD.<\/p>\n","protected":false},"excerpt":{"rendered":"<p>El Defensor del Pueblo de la Naci\u00f3n le recomend\u00f3 al Secretario de Gobierno de Salud de la Naci\u00f3n -en su calidad de autoridad de aplicaci\u00f3n de la Ley Nacional N\u00ba 27.491-, que garantice el normal cumplimiento del Calendario Nacional de Vacunaci\u00f3n, arbitrando las medidas necesarias para restituir la vacuna MENVEO a ni\u00f1as\/os de 11 a\u00f1os, [&hellip;]<\/p>\n","protected":false},"author":3,"featured_media":0,"comment_status":"closed","ping_status":"open","sticky":false,"template":"","format":"standard","meta":{"footnotes":""},"categories":[30],"tags":[],"class_list":["post-36029","post","type-post","status-publish","format-standard","hentry","category-salud"],"yoast_head":"<!-- This site is optimized with the Yoast SEO plugin v25.9 - https:\/\/yoast.com\/wordpress\/plugins\/seo\/ -->\n<title>La Defensor\u00eda del Pueblo de la naci\u00f3n investiga la falta de la vacuna CANDID #1 y otras del calendario nacional. - Noticias Radio Reflejos<\/title>\n<meta name=\"robots\" content=\"index, follow, max-snippet:-1, max-image-preview:large, max-video-preview:-1\" \/>\n<link rel=\"canonical\" href=\"https:\/\/www.noticiasradioreflejos.com.ar\/2021\/la-defensoria-del-pueblo-de-la-nacion-investiga-la-falta-de-la-vacuna-candid-1-y-otras-del-calendario-nacional\/\" \/>\n<meta property=\"og:locale\" content=\"es_ES\" \/>\n<meta property=\"og:type\" content=\"article\" \/>\n<meta property=\"og:title\" content=\"La Defensor\u00eda del Pueblo de la naci\u00f3n investiga la falta de la vacuna CANDID #1 y otras del calendario nacional. - Noticias Radio Reflejos\" \/>\n<meta property=\"og:description\" content=\"El Defensor del Pueblo de la Naci\u00f3n le recomend\u00f3 al Secretario de Gobierno de Salud de la Naci\u00f3n -en su calidad de autoridad de aplicaci\u00f3n de la Ley Nacional N\u00ba 27.491-, que garantice el normal cumplimiento del Calendario Nacional de Vacunaci\u00f3n, arbitrando las medidas necesarias para restituir la vacuna MENVEO a ni\u00f1as\/os de 11 a\u00f1os, [&hellip;]\" \/>\n<meta property=\"og:url\" content=\"https:\/\/www.noticiasradioreflejos.com.ar\/2021\/la-defensoria-del-pueblo-de-la-nacion-investiga-la-falta-de-la-vacuna-candid-1-y-otras-del-calendario-nacional\/\" \/>\n<meta property=\"og:site_name\" content=\"Noticias Radio Reflejos\" \/>\n<meta property=\"article:published_time\" content=\"2019-11-01T00:13:24+00:00\" \/>\n<meta property=\"og:image\" content=\"https:\/\/www.noticiasradioreflejos.com.ar\/2021\/wp-content\/uploads\/2021\/07\/logosol300x200.png\" \/>\n\t<meta property=\"og:image:width\" content=\"300\" \/>\n\t<meta property=\"og:image:height\" content=\"200\" \/>\n\t<meta property=\"og:image:type\" content=\"image\/png\" \/>\n<meta name=\"author\" content=\"Arnaldo Botto\" \/>\n<meta name=\"twitter:card\" content=\"summary_large_image\" \/>\n<script type=\"application\/ld+json\" class=\"yoast-schema-graph\">{\"@context\":\"https:\/\/schema.org\",\"@graph\":[{\"@type\":\"WebPage\",\"@id\":\"https:\/\/www.noticiasradioreflejos.com.ar\/2021\/la-defensoria-del-pueblo-de-la-nacion-investiga-la-falta-de-la-vacuna-candid-1-y-otras-del-calendario-nacional\/\",\"url\":\"https:\/\/www.noticiasradioreflejos.com.ar\/2021\/la-defensoria-del-pueblo-de-la-nacion-investiga-la-falta-de-la-vacuna-candid-1-y-otras-del-calendario-nacional\/\",\"name\":\"La Defensor\u00eda del Pueblo de la naci\u00f3n investiga la falta de la vacuna CANDID #1 y otras del calendario nacional. - Noticias Radio Reflejos\",\"isPartOf\":{\"@id\":\"https:\/\/www.noticiasradioreflejos.com.ar\/2021\/#website\"},\"datePublished\":\"2019-11-01T00:13:24+00:00\",\"author\":{\"@id\":\"https:\/\/www.noticiasradioreflejos.com.ar\/2021\/#\/schema\/person\/ad82545263dcc5ec0996818884fd5fb1\"},\"breadcrumb\":{\"@id\":\"https:\/\/www.noticiasradioreflejos.com.ar\/2021\/la-defensoria-del-pueblo-de-la-nacion-investiga-la-falta-de-la-vacuna-candid-1-y-otras-del-calendario-nacional\/#breadcrumb\"},\"inLanguage\":\"es\",\"potentialAction\":[{\"@type\":\"ReadAction\",\"target\":[\"https:\/\/www.noticiasradioreflejos.com.ar\/2021\/la-defensoria-del-pueblo-de-la-nacion-investiga-la-falta-de-la-vacuna-candid-1-y-otras-del-calendario-nacional\/\"]}]},{\"@type\":\"BreadcrumbList\",\"@id\":\"https:\/\/www.noticiasradioreflejos.com.ar\/2021\/la-defensoria-del-pueblo-de-la-nacion-investiga-la-falta-de-la-vacuna-candid-1-y-otras-del-calendario-nacional\/#breadcrumb\",\"itemListElement\":[{\"@type\":\"ListItem\",\"position\":1,\"name\":\"Portada\",\"item\":\"https:\/\/www.noticiasradioreflejos.com.ar\/2021\/\"},{\"@type\":\"ListItem\",\"position\":2,\"name\":\"La Defensor\u00eda del Pueblo de la naci\u00f3n investiga la falta de la vacuna CANDID #1 y otras del calendario nacional.\"}]},{\"@type\":\"WebSite\",\"@id\":\"https:\/\/www.noticiasradioreflejos.com.ar\/2021\/#website\",\"url\":\"https:\/\/www.noticiasradioreflejos.com.ar\/2021\/\",\"name\":\"Noticias Radio Reflejos\",\"description\":\"Las noticias de mi comarca\",\"potentialAction\":[{\"@type\":\"SearchAction\",\"target\":{\"@type\":\"EntryPoint\",\"urlTemplate\":\"https:\/\/www.noticiasradioreflejos.com.ar\/2021\/?s={search_term_string}\"},\"query-input\":{\"@type\":\"PropertyValueSpecification\",\"valueRequired\":true,\"valueName\":\"search_term_string\"}}],\"inLanguage\":\"es\"},{\"@type\":\"Person\",\"@id\":\"https:\/\/www.noticiasradioreflejos.com.ar\/2021\/#\/schema\/person\/ad82545263dcc5ec0996818884fd5fb1\",\"name\":\"Arnaldo Botto\",\"image\":{\"@type\":\"ImageObject\",\"inLanguage\":\"es\",\"@id\":\"https:\/\/www.noticiasradioreflejos.com.ar\/2021\/#\/schema\/person\/image\/\",\"url\":\"https:\/\/secure.gravatar.com\/avatar\/55cb5e37c1efa326397366e6974cb338056df65cb50e7d64d1cf314e87504837?s=96&d=mm&r=g\",\"contentUrl\":\"https:\/\/secure.gravatar.com\/avatar\/55cb5e37c1efa326397366e6974cb338056df65cb50e7d64d1cf314e87504837?s=96&d=mm&r=g\",\"caption\":\"Arnaldo Botto\"},\"url\":\"https:\/\/www.noticiasradioreflejos.com.ar\/2021\/author\/arnaldo\/\"}]}<\/script>\n<!-- \/ Yoast SEO plugin. -->","yoast_head_json":{"title":"La Defensor\u00eda del Pueblo de la naci\u00f3n investiga la falta de la vacuna CANDID #1 y otras del calendario nacional. - Noticias Radio Reflejos","robots":{"index":"index","follow":"follow","max-snippet":"max-snippet:-1","max-image-preview":"max-image-preview:large","max-video-preview":"max-video-preview:-1"},"canonical":"https:\/\/www.noticiasradioreflejos.com.ar\/2021\/la-defensoria-del-pueblo-de-la-nacion-investiga-la-falta-de-la-vacuna-candid-1-y-otras-del-calendario-nacional\/","og_locale":"es_ES","og_type":"article","og_title":"La Defensor\u00eda del Pueblo de la naci\u00f3n investiga la falta de la vacuna CANDID #1 y otras del calendario nacional. - Noticias Radio Reflejos","og_description":"El Defensor del Pueblo de la Naci\u00f3n le recomend\u00f3 al Secretario de Gobierno de Salud de la Naci\u00f3n -en su calidad de autoridad de aplicaci\u00f3n de la Ley Nacional N\u00ba 27.491-, que garantice el normal cumplimiento del Calendario Nacional de Vacunaci\u00f3n, arbitrando las medidas necesarias para restituir la vacuna MENVEO a ni\u00f1as\/os de 11 a\u00f1os, [&hellip;]","og_url":"https:\/\/www.noticiasradioreflejos.com.ar\/2021\/la-defensoria-del-pueblo-de-la-nacion-investiga-la-falta-de-la-vacuna-candid-1-y-otras-del-calendario-nacional\/","og_site_name":"Noticias Radio Reflejos","article_published_time":"2019-11-01T00:13:24+00:00","og_image":[{"width":300,"height":200,"url":"https:\/\/www.noticiasradioreflejos.com.ar\/2021\/wp-content\/uploads\/2021\/07\/logosol300x200.png","type":"image\/png"}],"author":"Arnaldo Botto","twitter_card":"summary_large_image","schema":{"@context":"https:\/\/schema.org","@graph":[{"@type":"WebPage","@id":"https:\/\/www.noticiasradioreflejos.com.ar\/2021\/la-defensoria-del-pueblo-de-la-nacion-investiga-la-falta-de-la-vacuna-candid-1-y-otras-del-calendario-nacional\/","url":"https:\/\/www.noticiasradioreflejos.com.ar\/2021\/la-defensoria-del-pueblo-de-la-nacion-investiga-la-falta-de-la-vacuna-candid-1-y-otras-del-calendario-nacional\/","name":"La Defensor\u00eda del Pueblo de la naci\u00f3n investiga la falta de la vacuna CANDID #1 y otras del calendario nacional. - Noticias Radio Reflejos","isPartOf":{"@id":"https:\/\/www.noticiasradioreflejos.com.ar\/2021\/#website"},"datePublished":"2019-11-01T00:13:24+00:00","author":{"@id":"https:\/\/www.noticiasradioreflejos.com.ar\/2021\/#\/schema\/person\/ad82545263dcc5ec0996818884fd5fb1"},"breadcrumb":{"@id":"https:\/\/www.noticiasradioreflejos.com.ar\/2021\/la-defensoria-del-pueblo-de-la-nacion-investiga-la-falta-de-la-vacuna-candid-1-y-otras-del-calendario-nacional\/#breadcrumb"},"inLanguage":"es","potentialAction":[{"@type":"ReadAction","target":["https:\/\/www.noticiasradioreflejos.com.ar\/2021\/la-defensoria-del-pueblo-de-la-nacion-investiga-la-falta-de-la-vacuna-candid-1-y-otras-del-calendario-nacional\/"]}]},{"@type":"BreadcrumbList","@id":"https:\/\/www.noticiasradioreflejos.com.ar\/2021\/la-defensoria-del-pueblo-de-la-nacion-investiga-la-falta-de-la-vacuna-candid-1-y-otras-del-calendario-nacional\/#breadcrumb","itemListElement":[{"@type":"ListItem","position":1,"name":"Portada","item":"https:\/\/www.noticiasradioreflejos.com.ar\/2021\/"},{"@type":"ListItem","position":2,"name":"La Defensor\u00eda del Pueblo de la naci\u00f3n investiga la falta de la vacuna CANDID #1 y otras del calendario nacional."}]},{"@type":"WebSite","@id":"https:\/\/www.noticiasradioreflejos.com.ar\/2021\/#website","url":"https:\/\/www.noticiasradioreflejos.com.ar\/2021\/","name":"Noticias Radio Reflejos","description":"Las noticias de mi comarca","potentialAction":[{"@type":"SearchAction","target":{"@type":"EntryPoint","urlTemplate":"https:\/\/www.noticiasradioreflejos.com.ar\/2021\/?s={search_term_string}"},"query-input":{"@type":"PropertyValueSpecification","valueRequired":true,"valueName":"search_term_string"}}],"inLanguage":"es"},{"@type":"Person","@id":"https:\/\/www.noticiasradioreflejos.com.ar\/2021\/#\/schema\/person\/ad82545263dcc5ec0996818884fd5fb1","name":"Arnaldo Botto","image":{"@type":"ImageObject","inLanguage":"es","@id":"https:\/\/www.noticiasradioreflejos.com.ar\/2021\/#\/schema\/person\/image\/","url":"https:\/\/secure.gravatar.com\/avatar\/55cb5e37c1efa326397366e6974cb338056df65cb50e7d64d1cf314e87504837?s=96&d=mm&r=g","contentUrl":"https:\/\/secure.gravatar.com\/avatar\/55cb5e37c1efa326397366e6974cb338056df65cb50e7d64d1cf314e87504837?s=96&d=mm&r=g","caption":"Arnaldo Botto"},"url":"https:\/\/www.noticiasradioreflejos.com.ar\/2021\/author\/arnaldo\/"}]}},"_links":{"self":[{"href":"https:\/\/www.noticiasradioreflejos.com.ar\/2021\/wp-json\/wp\/v2\/posts\/36029","targetHints":{"allow":["GET"]}}],"collection":[{"href":"https:\/\/www.noticiasradioreflejos.com.ar\/2021\/wp-json\/wp\/v2\/posts"}],"about":[{"href":"https:\/\/www.noticiasradioreflejos.com.ar\/2021\/wp-json\/wp\/v2\/types\/post"}],"author":[{"embeddable":true,"href":"https:\/\/www.noticiasradioreflejos.com.ar\/2021\/wp-json\/wp\/v2\/users\/3"}],"replies":[{"embeddable":true,"href":"https:\/\/www.noticiasradioreflejos.com.ar\/2021\/wp-json\/wp\/v2\/comments?post=36029"}],"version-history":[{"count":0,"href":"https:\/\/www.noticiasradioreflejos.com.ar\/2021\/wp-json\/wp\/v2\/posts\/36029\/revisions"}],"wp:attachment":[{"href":"https:\/\/www.noticiasradioreflejos.com.ar\/2021\/wp-json\/wp\/v2\/media?parent=36029"}],"wp:term":[{"taxonomy":"category","embeddable":true,"href":"https:\/\/www.noticiasradioreflejos.com.ar\/2021\/wp-json\/wp\/v2\/categories?post=36029"},{"taxonomy":"post_tag","embeddable":true,"href":"https:\/\/www.noticiasradioreflejos.com.ar\/2021\/wp-json\/wp\/v2\/tags?post=36029"}],"curies":[{"name":"wp","href":"https:\/\/api.w.org\/{rel}","templated":true}]}}