{"id":36026,"date":"2019-10-31T21:09:16","date_gmt":"2019-11-01T00:09:16","guid":{"rendered":"http:\/\/www.noticiasradioreflejos.com.ar\/noticias\/?p=36026"},"modified":"2019-10-31T21:09:16","modified_gmt":"2019-11-01T00:09:16","slug":"sinodo-amazonia-presentaron-al-papa-un-proyecto-de-tribunal-penal-europeo-para-el-medio-ambiente","status":"publish","type":"post","link":"https:\/\/www.noticiasradioreflejos.com.ar\/2021\/sinodo-amazonia-presentaron-al-papa-un-proyecto-de-tribunal-penal-europeo-para-el-medio-ambiente\/","title":{"rendered":"S\u00ednodo Amazonia: Presentaron al Papa un proyecto de Tribunal Penal Europeo para el Medio Ambiente"},"content":{"rendered":"<p>En la audiencia de los mi\u00e9rcoles en el Vaticano, el 23 de octubre se ha entregado al Santo Padre el proyecto de creaci\u00f3n de una Corte Penal Europea para el Medio Ambiente, que lleva a\u00f1os de trabajo y f\u00edsicamente se encuentra en Venecia, Italia, para comenzar a funcionar. Cre\u00e1ndose adem\u00e1s una Comisi\u00f3n de Expertos, cuya operatividad ser\u00e1 dada por la Academia Internacional de Ciencias Ambientales (IAES) con sede en la misma ciudad.<!--more--><br \/>\nEl doctor Antonino Abrami es el promotor del proyecto para la instituci\u00f3n de la Corte Penal Europea del Medio Ambiente y de la Corte Penal Internacional del Medio Ambiente. Adem\u00e1s, es cofundador de la Academia (IAES), junto al Premio Nobel de la Paz, Adolfo P\u00e9rez Esquivel.<br \/>\nEl acad\u00e9mico es un ex juez de la Corte Suprema de Casaci\u00f3n, profesor em\u00e9rito de la Universidad de Nova Gorica y ocup\u00f3 la primera c\u00e1tedra Jean Monnet de Derecho Ambiental Comunitario en la Universidad de Urbino; es profesor de la Escuela Superior de la Magistratura y fundador de la Revista Juridical Environment (Giuffr\u00e8, hoy Editorial Cient\u00edfica).<br \/>\nConsultado por NOVA, manifest\u00f3: \u00abDesde que el medio ambiente se convirti\u00f3 en parte de las competencias de la Uni\u00f3n Europea, muchas han sido las normas adoptadas. Sin embargo, el verdadero problema sigue siendo su aplicaci\u00f3n en los Estados miembros y la Directiva de Protecci\u00f3n 2008\/99\/CE. El Derecho Penal Ambiental no resuelve el problema de la efectividad de dicha protecci\u00f3n. Exige a los Estados miembros que solo incluyan en su legislaci\u00f3n nacional sanciones penales en relaci\u00f3n con violaciones graves de las disposiciones del derecho comunitario en materia de protecci\u00f3n del medio ambiente. Pero nada dice sobre la \u00abefectividad\u00bb, a \u00abc\u00f3mo\u00bb podemos y debemos aplicar la regla. esta eficacia puede estar bien garantizada por el Tribunal Penal Europeo de Salud y Medio Ambiente, que tambi\u00e9n podr\u00eda actuar contra sujetos, como algunas multinacionales, cuya actividad y productos son la causa del cambio clim\u00e1tico\u00bb.<br \/>\nY agreg\u00f3: \u00abEl establecimiento de la Corte Penal Europea para la Salud y el Medio Ambiente para perseguir delitos ambientales, con nuestra propuesta ya presentada ante la Comisi\u00f3n de Medio Ambiente, Salud P\u00fablica y Seguridad Alimentaria (ENVI) del Parlamento Europeo, va en esta direcci\u00f3n y tambi\u00e9n ha sido considerada legalmente fundada y alcanzable en el mediano plazo desde la Direcci\u00f3n General del Departamento de Pol\u00edticas Internas del Parlamento Europeo. La Uni\u00f3n Europea deber\u00eda partir de esa importante evaluaci\u00f3n y en el \u2018mediano plazo\u2019 dar a los pueblos de la UE una instrumento extraordinario de justicia\u00bb.<br \/>\nLa abogada argentina y f\u00e9rrea activista desde hace a\u00f1os contra las fumigaciones con agrot\u00f3xicos, la doctora Graciela Vizcay Gomez, oriunda de Romang, Santa Fe, es parte de ese equipo internacional conformado por magistrados y cient\u00edficos de varios pa\u00edses. Viaj\u00f3 desde nuestro pa\u00eds a Roma, para presentar dicho proyecto a Su Santidad, junto a otros miembros, como el doctor Abrami, y el vicepresidente em\u00e9rito de la Corte Constitucional de Italia, el doctor Paolo Maddalena, presidente de la Asociaci\u00f3n Attuare La Costituzione. El cuarto miembro del grupo es el doctor Paolo Dalla Vecchia, abogado de Casaci\u00f3n y experto en el agua, Asesor de la Pol\u00edtica del Agua en la provincia de Venecia, Italia.<br \/>\nEl mes de octubre es de suma importancia para el medio ambiente, ya que el 6 de este mes comenz\u00f3 en el Vaticano el S\u00ednodo Amazonia, que fu\u00e9 clausurado este domingo 27. Diez de los doce grupos de trabajo debatieron la posible ordenaci\u00f3n sacerdotal de hombres casados para paliar la escasez de p\u00e1rrocos y misioneros en la Amazonia. Tambi\u00e9n hay pleno acuerdo en promover un aumento de la sensibilidad ecol\u00f3gica de los cristianos, no solo en lo que se refiere a la Amazonia sino a la Casa Com\u00fan en general, cambiando el estilo de vida y adoptando decisiones \u00e9ticas como consumidores.<br \/>\nEl saqueo de Amazonia por empresas extractivas en buena parte canadienses y norteamericanas beneficia a los consumidores de esos pa\u00edses, muchos de los cuales ignoran que los productos baratos tienen, en realidad, el coste de la contaminaci\u00f3n y destrucci\u00f3n de poblaciones indias y la deforestaci\u00f3n de casi un cuarto del principal \u00abpulm\u00f3n del planeta\u00bb, amenazado en proceso de sabanizaci\u00f3n.<br \/>\nLa sonoridad, pero fuera de casa<br \/>\nLas mismas empresas y otras son las que por la avaricia y por la soja transg\u00e9nica, el arroz y el ma\u00edz, aplican c\u00f3cteles de agrot\u00f3xicos sobre los 44 millones de argentinos, directa e indirectamente. Sin contar los estragos que la miner\u00eda a cielo abierto y el fracking, que destilan la contaminaci\u00f3n desde las monta\u00f1as hasta el puerto de San Lorenzo, v\u00eda tren. Sin importar cu\u00e1ntas v\u00edctimas de la contaminaci\u00f3n y el saqueo dejan a su paso, ante la connivencia y la complicidad de los gobernantes y contralores.<br \/>\nEste genocidio qu\u00edmico podr\u00e1 ser ocultado por los medios corporativos, o por peque\u00f1os medios como los de Mercedes, en Buenos Aires, con la explosi\u00f3n mortal de una f\u00e1brica de venenos, pero nuestra realidad, aunque trate de disfrazarse, est\u00e1 muy bien documentada y representada en el extranjero, hasta ante el Papa Francisco, por nuestra activista Vizcay Gomez, que se hace o\u00edr local o internacionalmente. Por eso es miembro de ese proyecto y fue premiada en Roma por la Asociaci\u00f3n Eudonna en 2014, un movimiento federativo femenino para Europa. La abogada es la segunda vez que es recibida en el Vaticano por su lucha contra las fumigaciones.-<br \/>\nFuente:<br \/>\nhttp:\/\/www.reconquista.com.ar<\/p>\n","protected":false},"excerpt":{"rendered":"<p>En la audiencia de los mi\u00e9rcoles en el Vaticano, el 23 de octubre se ha entregado al Santo Padre el proyecto de creaci\u00f3n de una Corte Penal Europea para el Medio Ambiente, que lleva a\u00f1os de trabajo y f\u00edsicamente se encuentra en Venecia, Italia, para comenzar a funcionar. Cre\u00e1ndose adem\u00e1s una Comisi\u00f3n de Expertos, cuya [&hellip;]<\/p>\n","protected":false},"author":3,"featured_media":0,"comment_status":"closed","ping_status":"open","sticky":false,"template":"","format":"standard","meta":{"footnotes":""},"categories":[26],"tags":[],"class_list":["post-36026","post","type-post","status-publish","format-standard","hentry","category-sociedad"],"yoast_head":"<!-- This site is optimized with the Yoast SEO plugin v25.9 - https:\/\/yoast.com\/wordpress\/plugins\/seo\/ -->\n<title>S\u00ednodo Amazonia: Presentaron al Papa un proyecto de Tribunal Penal Europeo para el Medio Ambiente - Noticias Radio Reflejos<\/title>\n<meta name=\"robots\" content=\"index, follow, max-snippet:-1, max-image-preview:large, max-video-preview:-1\" \/>\n<link rel=\"canonical\" href=\"https:\/\/www.noticiasradioreflejos.com.ar\/2021\/sinodo-amazonia-presentaron-al-papa-un-proyecto-de-tribunal-penal-europeo-para-el-medio-ambiente\/\" \/>\n<meta property=\"og:locale\" content=\"es_ES\" \/>\n<meta property=\"og:type\" content=\"article\" \/>\n<meta property=\"og:title\" content=\"S\u00ednodo Amazonia: Presentaron al Papa un proyecto de Tribunal Penal Europeo para el Medio Ambiente - Noticias Radio Reflejos\" \/>\n<meta property=\"og:description\" content=\"En la audiencia de los mi\u00e9rcoles en el Vaticano, el 23 de octubre se ha entregado al Santo Padre el proyecto de creaci\u00f3n de una Corte Penal Europea para el Medio Ambiente, que lleva a\u00f1os de trabajo y f\u00edsicamente se encuentra en Venecia, Italia, para comenzar a funcionar. Cre\u00e1ndose adem\u00e1s una Comisi\u00f3n de Expertos, cuya [&hellip;]\" \/>\n<meta property=\"og:url\" content=\"https:\/\/www.noticiasradioreflejos.com.ar\/2021\/sinodo-amazonia-presentaron-al-papa-un-proyecto-de-tribunal-penal-europeo-para-el-medio-ambiente\/\" \/>\n<meta property=\"og:site_name\" content=\"Noticias Radio Reflejos\" \/>\n<meta property=\"article:published_time\" content=\"2019-11-01T00:09:16+00:00\" \/>\n<meta property=\"og:image\" content=\"https:\/\/www.noticiasradioreflejos.com.ar\/2021\/wp-content\/uploads\/2021\/07\/logosol300x200.png\" \/>\n\t<meta property=\"og:image:width\" content=\"300\" \/>\n\t<meta property=\"og:image:height\" content=\"200\" \/>\n\t<meta property=\"og:image:type\" content=\"image\/png\" \/>\n<meta name=\"author\" content=\"Arnaldo Botto\" \/>\n<meta name=\"twitter:card\" content=\"summary_large_image\" \/>\n<script type=\"application\/ld+json\" class=\"yoast-schema-graph\">{\"@context\":\"https:\/\/schema.org\",\"@graph\":[{\"@type\":\"WebPage\",\"@id\":\"https:\/\/www.noticiasradioreflejos.com.ar\/2021\/sinodo-amazonia-presentaron-al-papa-un-proyecto-de-tribunal-penal-europeo-para-el-medio-ambiente\/\",\"url\":\"https:\/\/www.noticiasradioreflejos.com.ar\/2021\/sinodo-amazonia-presentaron-al-papa-un-proyecto-de-tribunal-penal-europeo-para-el-medio-ambiente\/\",\"name\":\"S\u00ednodo Amazonia: Presentaron al Papa un proyecto de Tribunal Penal Europeo para el Medio Ambiente - Noticias Radio Reflejos\",\"isPartOf\":{\"@id\":\"https:\/\/www.noticiasradioreflejos.com.ar\/2021\/#website\"},\"datePublished\":\"2019-11-01T00:09:16+00:00\",\"author\":{\"@id\":\"https:\/\/www.noticiasradioreflejos.com.ar\/2021\/#\/schema\/person\/ad82545263dcc5ec0996818884fd5fb1\"},\"breadcrumb\":{\"@id\":\"https:\/\/www.noticiasradioreflejos.com.ar\/2021\/sinodo-amazonia-presentaron-al-papa-un-proyecto-de-tribunal-penal-europeo-para-el-medio-ambiente\/#breadcrumb\"},\"inLanguage\":\"es\",\"potentialAction\":[{\"@type\":\"ReadAction\",\"target\":[\"https:\/\/www.noticiasradioreflejos.com.ar\/2021\/sinodo-amazonia-presentaron-al-papa-un-proyecto-de-tribunal-penal-europeo-para-el-medio-ambiente\/\"]}]},{\"@type\":\"BreadcrumbList\",\"@id\":\"https:\/\/www.noticiasradioreflejos.com.ar\/2021\/sinodo-amazonia-presentaron-al-papa-un-proyecto-de-tribunal-penal-europeo-para-el-medio-ambiente\/#breadcrumb\",\"itemListElement\":[{\"@type\":\"ListItem\",\"position\":1,\"name\":\"Portada\",\"item\":\"https:\/\/www.noticiasradioreflejos.com.ar\/2021\/\"},{\"@type\":\"ListItem\",\"position\":2,\"name\":\"S\u00ednodo Amazonia: Presentaron al Papa un proyecto de Tribunal Penal Europeo para el Medio Ambiente\"}]},{\"@type\":\"WebSite\",\"@id\":\"https:\/\/www.noticiasradioreflejos.com.ar\/2021\/#website\",\"url\":\"https:\/\/www.noticiasradioreflejos.com.ar\/2021\/\",\"name\":\"Noticias Radio Reflejos\",\"description\":\"Las noticias de mi comarca\",\"potentialAction\":[{\"@type\":\"SearchAction\",\"target\":{\"@type\":\"EntryPoint\",\"urlTemplate\":\"https:\/\/www.noticiasradioreflejos.com.ar\/2021\/?s={search_term_string}\"},\"query-input\":{\"@type\":\"PropertyValueSpecification\",\"valueRequired\":true,\"valueName\":\"search_term_string\"}}],\"inLanguage\":\"es\"},{\"@type\":\"Person\",\"@id\":\"https:\/\/www.noticiasradioreflejos.com.ar\/2021\/#\/schema\/person\/ad82545263dcc5ec0996818884fd5fb1\",\"name\":\"Arnaldo Botto\",\"image\":{\"@type\":\"ImageObject\",\"inLanguage\":\"es\",\"@id\":\"https:\/\/www.noticiasradioreflejos.com.ar\/2021\/#\/schema\/person\/image\/\",\"url\":\"https:\/\/secure.gravatar.com\/avatar\/55cb5e37c1efa326397366e6974cb338056df65cb50e7d64d1cf314e87504837?s=96&d=mm&r=g\",\"contentUrl\":\"https:\/\/secure.gravatar.com\/avatar\/55cb5e37c1efa326397366e6974cb338056df65cb50e7d64d1cf314e87504837?s=96&d=mm&r=g\",\"caption\":\"Arnaldo Botto\"},\"url\":\"https:\/\/www.noticiasradioreflejos.com.ar\/2021\/author\/arnaldo\/\"}]}<\/script>\n<!-- \/ Yoast SEO plugin. -->","yoast_head_json":{"title":"S\u00ednodo Amazonia: Presentaron al Papa un proyecto de Tribunal Penal Europeo para el Medio Ambiente - Noticias Radio Reflejos","robots":{"index":"index","follow":"follow","max-snippet":"max-snippet:-1","max-image-preview":"max-image-preview:large","max-video-preview":"max-video-preview:-1"},"canonical":"https:\/\/www.noticiasradioreflejos.com.ar\/2021\/sinodo-amazonia-presentaron-al-papa-un-proyecto-de-tribunal-penal-europeo-para-el-medio-ambiente\/","og_locale":"es_ES","og_type":"article","og_title":"S\u00ednodo Amazonia: Presentaron al Papa un proyecto de Tribunal Penal Europeo para el Medio Ambiente - Noticias Radio Reflejos","og_description":"En la audiencia de los mi\u00e9rcoles en el Vaticano, el 23 de octubre se ha entregado al Santo Padre el proyecto de creaci\u00f3n de una Corte Penal Europea para el Medio Ambiente, que lleva a\u00f1os de trabajo y f\u00edsicamente se encuentra en Venecia, Italia, para comenzar a funcionar. Cre\u00e1ndose adem\u00e1s una Comisi\u00f3n de Expertos, cuya [&hellip;]","og_url":"https:\/\/www.noticiasradioreflejos.com.ar\/2021\/sinodo-amazonia-presentaron-al-papa-un-proyecto-de-tribunal-penal-europeo-para-el-medio-ambiente\/","og_site_name":"Noticias Radio Reflejos","article_published_time":"2019-11-01T00:09:16+00:00","og_image":[{"width":300,"height":200,"url":"https:\/\/www.noticiasradioreflejos.com.ar\/2021\/wp-content\/uploads\/2021\/07\/logosol300x200.png","type":"image\/png"}],"author":"Arnaldo Botto","twitter_card":"summary_large_image","schema":{"@context":"https:\/\/schema.org","@graph":[{"@type":"WebPage","@id":"https:\/\/www.noticiasradioreflejos.com.ar\/2021\/sinodo-amazonia-presentaron-al-papa-un-proyecto-de-tribunal-penal-europeo-para-el-medio-ambiente\/","url":"https:\/\/www.noticiasradioreflejos.com.ar\/2021\/sinodo-amazonia-presentaron-al-papa-un-proyecto-de-tribunal-penal-europeo-para-el-medio-ambiente\/","name":"S\u00ednodo Amazonia: Presentaron al Papa un proyecto de Tribunal Penal Europeo para el Medio Ambiente - Noticias Radio Reflejos","isPartOf":{"@id":"https:\/\/www.noticiasradioreflejos.com.ar\/2021\/#website"},"datePublished":"2019-11-01T00:09:16+00:00","author":{"@id":"https:\/\/www.noticiasradioreflejos.com.ar\/2021\/#\/schema\/person\/ad82545263dcc5ec0996818884fd5fb1"},"breadcrumb":{"@id":"https:\/\/www.noticiasradioreflejos.com.ar\/2021\/sinodo-amazonia-presentaron-al-papa-un-proyecto-de-tribunal-penal-europeo-para-el-medio-ambiente\/#breadcrumb"},"inLanguage":"es","potentialAction":[{"@type":"ReadAction","target":["https:\/\/www.noticiasradioreflejos.com.ar\/2021\/sinodo-amazonia-presentaron-al-papa-un-proyecto-de-tribunal-penal-europeo-para-el-medio-ambiente\/"]}]},{"@type":"BreadcrumbList","@id":"https:\/\/www.noticiasradioreflejos.com.ar\/2021\/sinodo-amazonia-presentaron-al-papa-un-proyecto-de-tribunal-penal-europeo-para-el-medio-ambiente\/#breadcrumb","itemListElement":[{"@type":"ListItem","position":1,"name":"Portada","item":"https:\/\/www.noticiasradioreflejos.com.ar\/2021\/"},{"@type":"ListItem","position":2,"name":"S\u00ednodo Amazonia: Presentaron al Papa un proyecto de Tribunal Penal Europeo para el Medio Ambiente"}]},{"@type":"WebSite","@id":"https:\/\/www.noticiasradioreflejos.com.ar\/2021\/#website","url":"https:\/\/www.noticiasradioreflejos.com.ar\/2021\/","name":"Noticias Radio Reflejos","description":"Las noticias de mi comarca","potentialAction":[{"@type":"SearchAction","target":{"@type":"EntryPoint","urlTemplate":"https:\/\/www.noticiasradioreflejos.com.ar\/2021\/?s={search_term_string}"},"query-input":{"@type":"PropertyValueSpecification","valueRequired":true,"valueName":"search_term_string"}}],"inLanguage":"es"},{"@type":"Person","@id":"https:\/\/www.noticiasradioreflejos.com.ar\/2021\/#\/schema\/person\/ad82545263dcc5ec0996818884fd5fb1","name":"Arnaldo Botto","image":{"@type":"ImageObject","inLanguage":"es","@id":"https:\/\/www.noticiasradioreflejos.com.ar\/2021\/#\/schema\/person\/image\/","url":"https:\/\/secure.gravatar.com\/avatar\/55cb5e37c1efa326397366e6974cb338056df65cb50e7d64d1cf314e87504837?s=96&d=mm&r=g","contentUrl":"https:\/\/secure.gravatar.com\/avatar\/55cb5e37c1efa326397366e6974cb338056df65cb50e7d64d1cf314e87504837?s=96&d=mm&r=g","caption":"Arnaldo Botto"},"url":"https:\/\/www.noticiasradioreflejos.com.ar\/2021\/author\/arnaldo\/"}]}},"_links":{"self":[{"href":"https:\/\/www.noticiasradioreflejos.com.ar\/2021\/wp-json\/wp\/v2\/posts\/36026","targetHints":{"allow":["GET"]}}],"collection":[{"href":"https:\/\/www.noticiasradioreflejos.com.ar\/2021\/wp-json\/wp\/v2\/posts"}],"about":[{"href":"https:\/\/www.noticiasradioreflejos.com.ar\/2021\/wp-json\/wp\/v2\/types\/post"}],"author":[{"embeddable":true,"href":"https:\/\/www.noticiasradioreflejos.com.ar\/2021\/wp-json\/wp\/v2\/users\/3"}],"replies":[{"embeddable":true,"href":"https:\/\/www.noticiasradioreflejos.com.ar\/2021\/wp-json\/wp\/v2\/comments?post=36026"}],"version-history":[{"count":0,"href":"https:\/\/www.noticiasradioreflejos.com.ar\/2021\/wp-json\/wp\/v2\/posts\/36026\/revisions"}],"wp:attachment":[{"href":"https:\/\/www.noticiasradioreflejos.com.ar\/2021\/wp-json\/wp\/v2\/media?parent=36026"}],"wp:term":[{"taxonomy":"category","embeddable":true,"href":"https:\/\/www.noticiasradioreflejos.com.ar\/2021\/wp-json\/wp\/v2\/categories?post=36026"},{"taxonomy":"post_tag","embeddable":true,"href":"https:\/\/www.noticiasradioreflejos.com.ar\/2021\/wp-json\/wp\/v2\/tags?post=36026"}],"curies":[{"name":"wp","href":"https:\/\/api.w.org\/{rel}","templated":true}]}}