{"id":36022,"date":"2019-10-31T11:40:12","date_gmt":"2019-10-31T14:40:12","guid":{"rendered":"http:\/\/www.noticiasradioreflejos.com.ar\/noticias\/?p=36022"},"modified":"2019-10-31T11:40:12","modified_gmt":"2019-10-31T14:40:12","slug":"comunicado-del-frente-popular-25-de-febrero-8","status":"publish","type":"post","link":"https:\/\/www.noticiasradioreflejos.com.ar\/2021\/comunicado-del-frente-popular-25-de-febrero-8\/","title":{"rendered":"Comunicado del Frente Popular 25 de Febrero."},"content":{"rendered":"<p><a title=\"LOGO FINAL\" href=\"http:\/\/live.staticflickr.com\/65535\/48991036576_85942a31e0_s.jpg\" rel=\"\"><img loading=\"lazy\" decoding=\"async\" class=\"alignleft\" style=\"float: left;\" title=\"LOGO FINAL\" src=\"http:\/\/live.staticflickr.com\/65535\/48991036576_85942a31e0.jpg\" alt=\"LOGO FINAL\" width=\"352\" height=\"500\" \/><\/a>SOBRE RESULTADOS ELECCIONES 2019 &#8211; VOX POPULI VOX AUTHOR<br \/>\nEl Frente Popular 25 de Febrero, un nombre con vocaci\u00f3n de s\u00edmbolo que invoca a San Mart\u00edn, a Leandro N. Alem, a Julieta Lanteri y N\u00e9stor Carlos Kirchner, naci\u00f3 por voluntad de vecinos que nos propusimos evitar las consecuencias de las pol\u00edticas neoliberales que sab\u00edamos iba a desarrollar el gobierno de CAMBIEMOS y derrotar, a trav\u00e9s de las urnas, al proyecto neoliberal y antinacional que nuestro pueblo eligi\u00f3 al votar a Macri, a Vidal y a Bordoni en las elecciones del 2015.<!--more--><br \/>\nNos unimos, e inmediatos frutos fueron el programa radial Si NO Hay Amor y el peri\u00f3dico Ventana de las Sierras, luego durante casi cuatro a\u00f1os con mucho respeto a las autoridades e instituciones trabajamos visibilizando las consecuencias del neoliberalismo y proponiendo alternativas concretas en cuanto, a las injusticias, a los incumplimientos de la ley, al atropello a los derechos humanos, a las tarifas impagables, a la concreci\u00f3n y mejora de la obra p\u00fablica, y a los proyectos productivos, sociales y culturales. Tambi\u00e9n durante este tiempo impulsamos la conformaci\u00f3n de la mesa intersindical, propiciamos la presencia de espacios partidarios como el Frente Grande, Kolina, PI y el Frente Patria Grande; y principalmente en 2017 fuimos promotores y asumimos la construcci\u00f3n de Unidad Ciudadana y en 2019 conformamos el Frente de Todos en Tornquist y tambi\u00e9n en otras localidades de la sexta secci\u00f3n electoral.<br \/>\nLa frase \u201cvox populi vox Dei o voz del pueblo voz de Dios\u201d, tiene su origen en el 798 en una carta a Carlomagno donde Alcuino de York justamente desestimaba esa capacidad del pueblo para ser la voz de Dios, a pesar de esto nos encontramos repiti\u00e9ndola continuamente como una verdad revelada. Nosotros en realidad preferimos expresar VOZ POPULI VOZ AUTHOR o VOZ DEL PUEBLO VOZ RESPONSABLE que expresa que el voto del pueblo es un voto que obliga a una responsabilidad hacia los ciudadanos votados y tambi\u00e9n obliga al pueblo a hacerse responsable del voto emitido sobre todo no desentendi\u00e9ndose de la construcci\u00f3n de nuestra casa com\u00fan como lo es nuestra localidad.<br \/>\n<a title=\"mapa_del_pais ELECCIONES 2019\" href=\"http:\/\/live.staticflickr.com\/65535\/48990485798_365d8bc1e6_s.jpg\" rel=\"\"><img loading=\"lazy\" decoding=\"async\" class=\"alignleft\" style=\"float: left;\" title=\"mapa_del_pais ELECCIONES 2019\" src=\"http:\/\/live.staticflickr.com\/65535\/48990485798_365d8bc1e6_w.jpg\" alt=\"mapa_del_pais ELECCIONES 2019\" width=\"201\" height=\"400\" \/><\/a>En este sentido luego de escuchar la \u201cvoz del pueblo\u201d queremos manifestar nuestra alegr\u00eda por haber consagrado el triunfo del Frente de Todos en la naci\u00f3n y en la provincia logrando de esta manera, como dijo el presidente electo Alberto Fernandez, \u201cque el gobierno vuelva a manos de la gente, poner a la argentina de pie, comenzar a detener y revertir las negativas pol\u00edticas neoliberales del actual gobierno de CAMBIEMOS y sobre todo VOLVER MEJORES\u201d.<br \/>\nTambi\u00e9n deseamos saludar especialmente al intendente Bordoni y a su equipo de trabajo por el triunfo electoral obtenido a nivel local. Les deseamos una buena gesti\u00f3n y le solicitamos den cumplimiento a lo que prometieron en la campa\u00f1a electoral tratando por todos los medios de no gastar energ\u00eda en agredir a los referentes de otras fuerzas pol\u00edticas porque creemos que eso no ayuda a una madura convivencia democr\u00e1tica y no es lo que quieren los y las tornquinstenses.<br \/>\nNosotros, como dijo Cristina Fern\u00e1ndez, creemos que \u201ctenemos que cerrar un ciclo hist\u00f3rico para que nunca m\u00e1s la Patria vuelva a caer en manos del neoliberalismo, que es enorme la tarea que nos espera y que vamos a necesitar mucho amor y memoria para resta\u00f1ar las heridas, para reforzar los lazos sociales, para recuperar la palabra y para recuperarnos a nosotros mismos\u00bb. Por esto y siguiendo estas palabras convocaremos al resto de los integrantes del Frente de Todos Tornquist a profundizar la construcci\u00f3n de la mesa distrital del Frente de Todos para trabajar mancomunadamente y lograr que se hagan presentes todas las pol\u00edticas que concretemos con Axel y Ver\u00f3nica a nivel provincial y con Alberto y Cristina a nivel nacional.<br \/>\nTORNQUIST DEBE ESTAR PRIMERO, PORQUE PRIMERO LA PATRIA, LUEGO EL MOVIMIENTO Y POR \u00daLTIMO LOS HOMBRES Y LAS MUJERES. FRENTE POPULAR 25 DE FEBRERO EN EL FRENTE DE TODOS TORNQUIST.<\/p>\n","protected":false},"excerpt":{"rendered":"<p>SOBRE RESULTADOS ELECCIONES 2019 &#8211; VOX POPULI VOX AUTHOR El Frente Popular 25 de Febrero, un nombre con vocaci\u00f3n de s\u00edmbolo que invoca a San Mart\u00edn, a Leandro N. Alem, a Julieta Lanteri y N\u00e9stor Carlos Kirchner, naci\u00f3 por voluntad de vecinos que nos propusimos evitar las consecuencias de las pol\u00edticas neoliberales que sab\u00edamos iba [&hellip;]<\/p>\n","protected":false},"author":3,"featured_media":0,"comment_status":"closed","ping_status":"open","sticky":false,"template":"","format":"standard","meta":{"footnotes":""},"categories":[24],"tags":[],"class_list":["post-36022","post","type-post","status-publish","format-standard","hentry","category-politica"],"yoast_head":"<!-- This site is optimized with the Yoast SEO plugin v25.9 - https:\/\/yoast.com\/wordpress\/plugins\/seo\/ -->\n<title>Comunicado del Frente Popular 25 de Febrero. - Noticias Radio Reflejos<\/title>\n<meta name=\"robots\" content=\"index, follow, max-snippet:-1, max-image-preview:large, max-video-preview:-1\" \/>\n<link rel=\"canonical\" href=\"https:\/\/www.noticiasradioreflejos.com.ar\/2021\/comunicado-del-frente-popular-25-de-febrero-8\/\" \/>\n<meta property=\"og:locale\" content=\"es_ES\" \/>\n<meta property=\"og:type\" content=\"article\" \/>\n<meta property=\"og:title\" content=\"Comunicado del Frente Popular 25 de Febrero. - Noticias Radio Reflejos\" \/>\n<meta property=\"og:description\" content=\"SOBRE RESULTADOS ELECCIONES 2019 &#8211; VOX POPULI VOX AUTHOR El Frente Popular 25 de Febrero, un nombre con vocaci\u00f3n de s\u00edmbolo que invoca a San Mart\u00edn, a Leandro N. Alem, a Julieta Lanteri y N\u00e9stor Carlos Kirchner, naci\u00f3 por voluntad de vecinos que nos propusimos evitar las consecuencias de las pol\u00edticas neoliberales que sab\u00edamos iba [&hellip;]\" \/>\n<meta property=\"og:url\" content=\"https:\/\/www.noticiasradioreflejos.com.ar\/2021\/comunicado-del-frente-popular-25-de-febrero-8\/\" \/>\n<meta property=\"og:site_name\" content=\"Noticias Radio Reflejos\" \/>\n<meta property=\"article:published_time\" content=\"2019-10-31T14:40:12+00:00\" \/>\n<meta property=\"og:image\" content=\"http:\/\/live.staticflickr.com\/65535\/48991036576_85942a31e0.jpg\" \/>\n<meta name=\"author\" content=\"Arnaldo Botto\" \/>\n<meta name=\"twitter:card\" content=\"summary_large_image\" \/>\n<script type=\"application\/ld+json\" class=\"yoast-schema-graph\">{\"@context\":\"https:\/\/schema.org\",\"@graph\":[{\"@type\":\"WebPage\",\"@id\":\"https:\/\/www.noticiasradioreflejos.com.ar\/2021\/comunicado-del-frente-popular-25-de-febrero-8\/\",\"url\":\"https:\/\/www.noticiasradioreflejos.com.ar\/2021\/comunicado-del-frente-popular-25-de-febrero-8\/\",\"name\":\"Comunicado del Frente Popular 25 de Febrero. - Noticias Radio Reflejos\",\"isPartOf\":{\"@id\":\"https:\/\/www.noticiasradioreflejos.com.ar\/2021\/#website\"},\"primaryImageOfPage\":{\"@id\":\"https:\/\/www.noticiasradioreflejos.com.ar\/2021\/comunicado-del-frente-popular-25-de-febrero-8\/#primaryimage\"},\"image\":{\"@id\":\"https:\/\/www.noticiasradioreflejos.com.ar\/2021\/comunicado-del-frente-popular-25-de-febrero-8\/#primaryimage\"},\"thumbnailUrl\":\"http:\/\/live.staticflickr.com\/65535\/48991036576_85942a31e0.jpg\",\"datePublished\":\"2019-10-31T14:40:12+00:00\",\"author\":{\"@id\":\"https:\/\/www.noticiasradioreflejos.com.ar\/2021\/#\/schema\/person\/ad82545263dcc5ec0996818884fd5fb1\"},\"breadcrumb\":{\"@id\":\"https:\/\/www.noticiasradioreflejos.com.ar\/2021\/comunicado-del-frente-popular-25-de-febrero-8\/#breadcrumb\"},\"inLanguage\":\"es\",\"potentialAction\":[{\"@type\":\"ReadAction\",\"target\":[\"https:\/\/www.noticiasradioreflejos.com.ar\/2021\/comunicado-del-frente-popular-25-de-febrero-8\/\"]}]},{\"@type\":\"ImageObject\",\"inLanguage\":\"es\",\"@id\":\"https:\/\/www.noticiasradioreflejos.com.ar\/2021\/comunicado-del-frente-popular-25-de-febrero-8\/#primaryimage\",\"url\":\"http:\/\/live.staticflickr.com\/65535\/48991036576_85942a31e0.jpg\",\"contentUrl\":\"http:\/\/live.staticflickr.com\/65535\/48991036576_85942a31e0.jpg\"},{\"@type\":\"BreadcrumbList\",\"@id\":\"https:\/\/www.noticiasradioreflejos.com.ar\/2021\/comunicado-del-frente-popular-25-de-febrero-8\/#breadcrumb\",\"itemListElement\":[{\"@type\":\"ListItem\",\"position\":1,\"name\":\"Portada\",\"item\":\"https:\/\/www.noticiasradioreflejos.com.ar\/2021\/\"},{\"@type\":\"ListItem\",\"position\":2,\"name\":\"Comunicado del Frente Popular 25 de Febrero.\"}]},{\"@type\":\"WebSite\",\"@id\":\"https:\/\/www.noticiasradioreflejos.com.ar\/2021\/#website\",\"url\":\"https:\/\/www.noticiasradioreflejos.com.ar\/2021\/\",\"name\":\"Noticias Radio Reflejos\",\"description\":\"Las noticias de mi comarca\",\"potentialAction\":[{\"@type\":\"SearchAction\",\"target\":{\"@type\":\"EntryPoint\",\"urlTemplate\":\"https:\/\/www.noticiasradioreflejos.com.ar\/2021\/?s={search_term_string}\"},\"query-input\":{\"@type\":\"PropertyValueSpecification\",\"valueRequired\":true,\"valueName\":\"search_term_string\"}}],\"inLanguage\":\"es\"},{\"@type\":\"Person\",\"@id\":\"https:\/\/www.noticiasradioreflejos.com.ar\/2021\/#\/schema\/person\/ad82545263dcc5ec0996818884fd5fb1\",\"name\":\"Arnaldo Botto\",\"image\":{\"@type\":\"ImageObject\",\"inLanguage\":\"es\",\"@id\":\"https:\/\/www.noticiasradioreflejos.com.ar\/2021\/#\/schema\/person\/image\/\",\"url\":\"https:\/\/secure.gravatar.com\/avatar\/55cb5e37c1efa326397366e6974cb338056df65cb50e7d64d1cf314e87504837?s=96&d=mm&r=g\",\"contentUrl\":\"https:\/\/secure.gravatar.com\/avatar\/55cb5e37c1efa326397366e6974cb338056df65cb50e7d64d1cf314e87504837?s=96&d=mm&r=g\",\"caption\":\"Arnaldo Botto\"},\"url\":\"https:\/\/www.noticiasradioreflejos.com.ar\/2021\/author\/arnaldo\/\"}]}<\/script>\n<!-- \/ Yoast SEO plugin. -->","yoast_head_json":{"title":"Comunicado del Frente Popular 25 de Febrero. - Noticias Radio Reflejos","robots":{"index":"index","follow":"follow","max-snippet":"max-snippet:-1","max-image-preview":"max-image-preview:large","max-video-preview":"max-video-preview:-1"},"canonical":"https:\/\/www.noticiasradioreflejos.com.ar\/2021\/comunicado-del-frente-popular-25-de-febrero-8\/","og_locale":"es_ES","og_type":"article","og_title":"Comunicado del Frente Popular 25 de Febrero. - Noticias Radio Reflejos","og_description":"SOBRE RESULTADOS ELECCIONES 2019 &#8211; VOX POPULI VOX AUTHOR El Frente Popular 25 de Febrero, un nombre con vocaci\u00f3n de s\u00edmbolo que invoca a San Mart\u00edn, a Leandro N. Alem, a Julieta Lanteri y N\u00e9stor Carlos Kirchner, naci\u00f3 por voluntad de vecinos que nos propusimos evitar las consecuencias de las pol\u00edticas neoliberales que sab\u00edamos iba [&hellip;]","og_url":"https:\/\/www.noticiasradioreflejos.com.ar\/2021\/comunicado-del-frente-popular-25-de-febrero-8\/","og_site_name":"Noticias Radio Reflejos","article_published_time":"2019-10-31T14:40:12+00:00","og_image":[{"url":"http:\/\/live.staticflickr.com\/65535\/48991036576_85942a31e0.jpg","type":"","width":"","height":""}],"author":"Arnaldo Botto","twitter_card":"summary_large_image","schema":{"@context":"https:\/\/schema.org","@graph":[{"@type":"WebPage","@id":"https:\/\/www.noticiasradioreflejos.com.ar\/2021\/comunicado-del-frente-popular-25-de-febrero-8\/","url":"https:\/\/www.noticiasradioreflejos.com.ar\/2021\/comunicado-del-frente-popular-25-de-febrero-8\/","name":"Comunicado del Frente Popular 25 de Febrero. - Noticias Radio Reflejos","isPartOf":{"@id":"https:\/\/www.noticiasradioreflejos.com.ar\/2021\/#website"},"primaryImageOfPage":{"@id":"https:\/\/www.noticiasradioreflejos.com.ar\/2021\/comunicado-del-frente-popular-25-de-febrero-8\/#primaryimage"},"image":{"@id":"https:\/\/www.noticiasradioreflejos.com.ar\/2021\/comunicado-del-frente-popular-25-de-febrero-8\/#primaryimage"},"thumbnailUrl":"http:\/\/live.staticflickr.com\/65535\/48991036576_85942a31e0.jpg","datePublished":"2019-10-31T14:40:12+00:00","author":{"@id":"https:\/\/www.noticiasradioreflejos.com.ar\/2021\/#\/schema\/person\/ad82545263dcc5ec0996818884fd5fb1"},"breadcrumb":{"@id":"https:\/\/www.noticiasradioreflejos.com.ar\/2021\/comunicado-del-frente-popular-25-de-febrero-8\/#breadcrumb"},"inLanguage":"es","potentialAction":[{"@type":"ReadAction","target":["https:\/\/www.noticiasradioreflejos.com.ar\/2021\/comunicado-del-frente-popular-25-de-febrero-8\/"]}]},{"@type":"ImageObject","inLanguage":"es","@id":"https:\/\/www.noticiasradioreflejos.com.ar\/2021\/comunicado-del-frente-popular-25-de-febrero-8\/#primaryimage","url":"http:\/\/live.staticflickr.com\/65535\/48991036576_85942a31e0.jpg","contentUrl":"http:\/\/live.staticflickr.com\/65535\/48991036576_85942a31e0.jpg"},{"@type":"BreadcrumbList","@id":"https:\/\/www.noticiasradioreflejos.com.ar\/2021\/comunicado-del-frente-popular-25-de-febrero-8\/#breadcrumb","itemListElement":[{"@type":"ListItem","position":1,"name":"Portada","item":"https:\/\/www.noticiasradioreflejos.com.ar\/2021\/"},{"@type":"ListItem","position":2,"name":"Comunicado del Frente Popular 25 de Febrero."}]},{"@type":"WebSite","@id":"https:\/\/www.noticiasradioreflejos.com.ar\/2021\/#website","url":"https:\/\/www.noticiasradioreflejos.com.ar\/2021\/","name":"Noticias Radio Reflejos","description":"Las noticias de mi comarca","potentialAction":[{"@type":"SearchAction","target":{"@type":"EntryPoint","urlTemplate":"https:\/\/www.noticiasradioreflejos.com.ar\/2021\/?s={search_term_string}"},"query-input":{"@type":"PropertyValueSpecification","valueRequired":true,"valueName":"search_term_string"}}],"inLanguage":"es"},{"@type":"Person","@id":"https:\/\/www.noticiasradioreflejos.com.ar\/2021\/#\/schema\/person\/ad82545263dcc5ec0996818884fd5fb1","name":"Arnaldo Botto","image":{"@type":"ImageObject","inLanguage":"es","@id":"https:\/\/www.noticiasradioreflejos.com.ar\/2021\/#\/schema\/person\/image\/","url":"https:\/\/secure.gravatar.com\/avatar\/55cb5e37c1efa326397366e6974cb338056df65cb50e7d64d1cf314e87504837?s=96&d=mm&r=g","contentUrl":"https:\/\/secure.gravatar.com\/avatar\/55cb5e37c1efa326397366e6974cb338056df65cb50e7d64d1cf314e87504837?s=96&d=mm&r=g","caption":"Arnaldo Botto"},"url":"https:\/\/www.noticiasradioreflejos.com.ar\/2021\/author\/arnaldo\/"}]}},"_links":{"self":[{"href":"https:\/\/www.noticiasradioreflejos.com.ar\/2021\/wp-json\/wp\/v2\/posts\/36022","targetHints":{"allow":["GET"]}}],"collection":[{"href":"https:\/\/www.noticiasradioreflejos.com.ar\/2021\/wp-json\/wp\/v2\/posts"}],"about":[{"href":"https:\/\/www.noticiasradioreflejos.com.ar\/2021\/wp-json\/wp\/v2\/types\/post"}],"author":[{"embeddable":true,"href":"https:\/\/www.noticiasradioreflejos.com.ar\/2021\/wp-json\/wp\/v2\/users\/3"}],"replies":[{"embeddable":true,"href":"https:\/\/www.noticiasradioreflejos.com.ar\/2021\/wp-json\/wp\/v2\/comments?post=36022"}],"version-history":[{"count":0,"href":"https:\/\/www.noticiasradioreflejos.com.ar\/2021\/wp-json\/wp\/v2\/posts\/36022\/revisions"}],"wp:attachment":[{"href":"https:\/\/www.noticiasradioreflejos.com.ar\/2021\/wp-json\/wp\/v2\/media?parent=36022"}],"wp:term":[{"taxonomy":"category","embeddable":true,"href":"https:\/\/www.noticiasradioreflejos.com.ar\/2021\/wp-json\/wp\/v2\/categories?post=36022"},{"taxonomy":"post_tag","embeddable":true,"href":"https:\/\/www.noticiasradioreflejos.com.ar\/2021\/wp-json\/wp\/v2\/tags?post=36022"}],"curies":[{"name":"wp","href":"https:\/\/api.w.org\/{rel}","templated":true}]}}