{"id":36015,"date":"2019-10-31T06:29:14","date_gmt":"2019-10-31T09:29:14","guid":{"rendered":"http:\/\/www.noticiasradioreflejos.com.ar\/noticias\/?p=36015"},"modified":"2019-10-31T06:29:14","modified_gmt":"2019-10-31T09:29:14","slug":"taller-de-uso-de-celulares-para-adultos-mayores","status":"publish","type":"post","link":"https:\/\/www.noticiasradioreflejos.com.ar\/2021\/taller-de-uso-de-celulares-para-adultos-mayores\/","title":{"rendered":"Taller de uso de Celulares para adultos mayores."},"content":{"rendered":"<p>CENS N\u00b0 451 \u2013 Secundaria con Ofcios.<br \/>\nEl Programa Secundaria con Oficios de la Direcci\u00f3n de Educaci\u00f3n de Adultos de la Provincia de Buenos Aires es una oferta que garan#za la terminalidad secundaria y la formaci\u00f3n profesional de un gran n\u00famero de bonaerenses, favoreciendo su inserci\u00f3n en el mercado laboral y, en consecuencia, promoviendo el crecimiento de la Provincia.<!--more--><br \/>\n<strong>Presentaci\u00f3n<\/strong><br \/>\nEl taller ten\u00eda como objetivo acercar a los adultos mayores que necesitan familiarizarse con el uso de tel\u00e9fonos celulares, que se han impuesto actualmente como un medio de comunicaci\u00f3n con la familia y amigos.La elecci\u00f3n de la tem\u00e1tica del mismo se debe a que trat\u00e1ndose de nuevas tecnolog\u00edas,estos dispositivos componen un desaf\u00edo y hasta provoca miedo o incertidumbre. La realizaci\u00f3n del taller estuvo a cargo de los alumnos de primer a\u00f1o del CES N\u00b0 451 de Saldungaray, que est\u00e1n participando adem\u00e1s del Programa de Secundaria con Oficios articulado con el CFP N\u00b0402 de Tornquist, y coordinado por el instructor deFormaci\u00f3n Profesional: Sebasti\u00e1n Esteban Arias.Durante la jornada los alumnos acompa\u00f1aron a los participantes, evacuando sus dudasy ayudando de forma pr\u00e1ctica a los asistentes.<br \/>\nTemas Tratados:<br \/>\n\uf0b7 WIFI y BLUETOOTH:<br \/>\n\ue01a\u00bfQu\u00e9 es el WIFI? \u00bfQu\u00e9 es el BLUETOOTH? C\u00f3mo Conectarnos. Que datos pedir cuando estoy en un lugar p\u00fablico para poder conectarme a una red inal\u00e1mbrica.<br \/>\n\uf0b7 Contactos: Como crear, editar y eliminar. Agendar n\u00fameros con el formato aceptado por WhatsApp.<br \/>\n\uf0b7 Llamadas y Notificaciones:<br \/>\n\ue01aComo realizar y atender llamadas -Alertas que se muestran en nuestro celular cuando llegan mensajes, llamadas o avisos de los programas instalados.\uf0b7 WhatsApp:<br \/>\n\ue01aComo enviar mensajes: como saber si enviaron los mensajes(entender el sistema de tildes). Como enviar fotos, videos, audios. Como realizar y atender llamadas por WhatsApp. Silenciar grupos.<\/p>\n","protected":false},"excerpt":{"rendered":"<p>CENS N\u00b0 451 \u2013 Secundaria con Ofcios. El Programa Secundaria con Oficios de la Direcci\u00f3n de Educaci\u00f3n de Adultos de la Provincia de Buenos Aires es una oferta que garan#za la terminalidad secundaria y la formaci\u00f3n profesional de un gran n\u00famero de bonaerenses, favoreciendo su inserci\u00f3n en el mercado laboral y, en consecuencia, promoviendo el [&hellip;]<\/p>\n","protected":false},"author":3,"featured_media":0,"comment_status":"closed","ping_status":"open","sticky":false,"template":"","format":"standard","meta":{"footnotes":""},"categories":[34],"tags":[],"class_list":["post-36015","post","type-post","status-publish","format-standard","hentry","category-educacion"],"yoast_head":"<!-- This site is optimized with the Yoast SEO plugin v25.9 - https:\/\/yoast.com\/wordpress\/plugins\/seo\/ -->\n<title>Taller de uso de Celulares para adultos mayores. - Noticias Radio Reflejos<\/title>\n<meta name=\"robots\" content=\"index, follow, max-snippet:-1, max-image-preview:large, max-video-preview:-1\" \/>\n<link rel=\"canonical\" href=\"https:\/\/www.noticiasradioreflejos.com.ar\/2021\/taller-de-uso-de-celulares-para-adultos-mayores\/\" \/>\n<meta property=\"og:locale\" content=\"es_ES\" \/>\n<meta property=\"og:type\" content=\"article\" \/>\n<meta property=\"og:title\" content=\"Taller de uso de Celulares para adultos mayores. - Noticias Radio Reflejos\" \/>\n<meta property=\"og:description\" content=\"CENS N\u00b0 451 \u2013 Secundaria con Ofcios. El Programa Secundaria con Oficios de la Direcci\u00f3n de Educaci\u00f3n de Adultos de la Provincia de Buenos Aires es una oferta que garan#za la terminalidad secundaria y la formaci\u00f3n profesional de un gran n\u00famero de bonaerenses, favoreciendo su inserci\u00f3n en el mercado laboral y, en consecuencia, promoviendo el [&hellip;]\" \/>\n<meta property=\"og:url\" content=\"https:\/\/www.noticiasradioreflejos.com.ar\/2021\/taller-de-uso-de-celulares-para-adultos-mayores\/\" \/>\n<meta property=\"og:site_name\" content=\"Noticias Radio Reflejos\" \/>\n<meta property=\"article:published_time\" content=\"2019-10-31T09:29:14+00:00\" \/>\n<meta property=\"og:image\" content=\"https:\/\/www.noticiasradioreflejos.com.ar\/2021\/wp-content\/uploads\/2021\/07\/logosol300x200.png\" \/>\n\t<meta property=\"og:image:width\" content=\"300\" \/>\n\t<meta property=\"og:image:height\" content=\"200\" \/>\n\t<meta property=\"og:image:type\" content=\"image\/png\" \/>\n<meta name=\"author\" content=\"Arnaldo Botto\" \/>\n<meta name=\"twitter:card\" content=\"summary_large_image\" \/>\n<script type=\"application\/ld+json\" class=\"yoast-schema-graph\">{\"@context\":\"https:\/\/schema.org\",\"@graph\":[{\"@type\":\"WebPage\",\"@id\":\"https:\/\/www.noticiasradioreflejos.com.ar\/2021\/taller-de-uso-de-celulares-para-adultos-mayores\/\",\"url\":\"https:\/\/www.noticiasradioreflejos.com.ar\/2021\/taller-de-uso-de-celulares-para-adultos-mayores\/\",\"name\":\"Taller de uso de Celulares para adultos mayores. - Noticias Radio Reflejos\",\"isPartOf\":{\"@id\":\"https:\/\/www.noticiasradioreflejos.com.ar\/2021\/#website\"},\"datePublished\":\"2019-10-31T09:29:14+00:00\",\"author\":{\"@id\":\"https:\/\/www.noticiasradioreflejos.com.ar\/2021\/#\/schema\/person\/ad82545263dcc5ec0996818884fd5fb1\"},\"breadcrumb\":{\"@id\":\"https:\/\/www.noticiasradioreflejos.com.ar\/2021\/taller-de-uso-de-celulares-para-adultos-mayores\/#breadcrumb\"},\"inLanguage\":\"es\",\"potentialAction\":[{\"@type\":\"ReadAction\",\"target\":[\"https:\/\/www.noticiasradioreflejos.com.ar\/2021\/taller-de-uso-de-celulares-para-adultos-mayores\/\"]}]},{\"@type\":\"BreadcrumbList\",\"@id\":\"https:\/\/www.noticiasradioreflejos.com.ar\/2021\/taller-de-uso-de-celulares-para-adultos-mayores\/#breadcrumb\",\"itemListElement\":[{\"@type\":\"ListItem\",\"position\":1,\"name\":\"Portada\",\"item\":\"https:\/\/www.noticiasradioreflejos.com.ar\/2021\/\"},{\"@type\":\"ListItem\",\"position\":2,\"name\":\"Taller de uso de Celulares para adultos mayores.\"}]},{\"@type\":\"WebSite\",\"@id\":\"https:\/\/www.noticiasradioreflejos.com.ar\/2021\/#website\",\"url\":\"https:\/\/www.noticiasradioreflejos.com.ar\/2021\/\",\"name\":\"Noticias Radio Reflejos\",\"description\":\"Las noticias de mi comarca\",\"potentialAction\":[{\"@type\":\"SearchAction\",\"target\":{\"@type\":\"EntryPoint\",\"urlTemplate\":\"https:\/\/www.noticiasradioreflejos.com.ar\/2021\/?s={search_term_string}\"},\"query-input\":{\"@type\":\"PropertyValueSpecification\",\"valueRequired\":true,\"valueName\":\"search_term_string\"}}],\"inLanguage\":\"es\"},{\"@type\":\"Person\",\"@id\":\"https:\/\/www.noticiasradioreflejos.com.ar\/2021\/#\/schema\/person\/ad82545263dcc5ec0996818884fd5fb1\",\"name\":\"Arnaldo Botto\",\"image\":{\"@type\":\"ImageObject\",\"inLanguage\":\"es\",\"@id\":\"https:\/\/www.noticiasradioreflejos.com.ar\/2021\/#\/schema\/person\/image\/\",\"url\":\"https:\/\/secure.gravatar.com\/avatar\/55cb5e37c1efa326397366e6974cb338056df65cb50e7d64d1cf314e87504837?s=96&d=mm&r=g\",\"contentUrl\":\"https:\/\/secure.gravatar.com\/avatar\/55cb5e37c1efa326397366e6974cb338056df65cb50e7d64d1cf314e87504837?s=96&d=mm&r=g\",\"caption\":\"Arnaldo Botto\"},\"url\":\"https:\/\/www.noticiasradioreflejos.com.ar\/2021\/author\/arnaldo\/\"}]}<\/script>\n<!-- \/ Yoast SEO plugin. -->","yoast_head_json":{"title":"Taller de uso de Celulares para adultos mayores. - Noticias Radio Reflejos","robots":{"index":"index","follow":"follow","max-snippet":"max-snippet:-1","max-image-preview":"max-image-preview:large","max-video-preview":"max-video-preview:-1"},"canonical":"https:\/\/www.noticiasradioreflejos.com.ar\/2021\/taller-de-uso-de-celulares-para-adultos-mayores\/","og_locale":"es_ES","og_type":"article","og_title":"Taller de uso de Celulares para adultos mayores. - Noticias Radio Reflejos","og_description":"CENS N\u00b0 451 \u2013 Secundaria con Ofcios. El Programa Secundaria con Oficios de la Direcci\u00f3n de Educaci\u00f3n de Adultos de la Provincia de Buenos Aires es una oferta que garan#za la terminalidad secundaria y la formaci\u00f3n profesional de un gran n\u00famero de bonaerenses, favoreciendo su inserci\u00f3n en el mercado laboral y, en consecuencia, promoviendo el [&hellip;]","og_url":"https:\/\/www.noticiasradioreflejos.com.ar\/2021\/taller-de-uso-de-celulares-para-adultos-mayores\/","og_site_name":"Noticias Radio Reflejos","article_published_time":"2019-10-31T09:29:14+00:00","og_image":[{"width":300,"height":200,"url":"https:\/\/www.noticiasradioreflejos.com.ar\/2021\/wp-content\/uploads\/2021\/07\/logosol300x200.png","type":"image\/png"}],"author":"Arnaldo Botto","twitter_card":"summary_large_image","schema":{"@context":"https:\/\/schema.org","@graph":[{"@type":"WebPage","@id":"https:\/\/www.noticiasradioreflejos.com.ar\/2021\/taller-de-uso-de-celulares-para-adultos-mayores\/","url":"https:\/\/www.noticiasradioreflejos.com.ar\/2021\/taller-de-uso-de-celulares-para-adultos-mayores\/","name":"Taller de uso de Celulares para adultos mayores. - Noticias Radio Reflejos","isPartOf":{"@id":"https:\/\/www.noticiasradioreflejos.com.ar\/2021\/#website"},"datePublished":"2019-10-31T09:29:14+00:00","author":{"@id":"https:\/\/www.noticiasradioreflejos.com.ar\/2021\/#\/schema\/person\/ad82545263dcc5ec0996818884fd5fb1"},"breadcrumb":{"@id":"https:\/\/www.noticiasradioreflejos.com.ar\/2021\/taller-de-uso-de-celulares-para-adultos-mayores\/#breadcrumb"},"inLanguage":"es","potentialAction":[{"@type":"ReadAction","target":["https:\/\/www.noticiasradioreflejos.com.ar\/2021\/taller-de-uso-de-celulares-para-adultos-mayores\/"]}]},{"@type":"BreadcrumbList","@id":"https:\/\/www.noticiasradioreflejos.com.ar\/2021\/taller-de-uso-de-celulares-para-adultos-mayores\/#breadcrumb","itemListElement":[{"@type":"ListItem","position":1,"name":"Portada","item":"https:\/\/www.noticiasradioreflejos.com.ar\/2021\/"},{"@type":"ListItem","position":2,"name":"Taller de uso de Celulares para adultos mayores."}]},{"@type":"WebSite","@id":"https:\/\/www.noticiasradioreflejos.com.ar\/2021\/#website","url":"https:\/\/www.noticiasradioreflejos.com.ar\/2021\/","name":"Noticias Radio Reflejos","description":"Las noticias de mi comarca","potentialAction":[{"@type":"SearchAction","target":{"@type":"EntryPoint","urlTemplate":"https:\/\/www.noticiasradioreflejos.com.ar\/2021\/?s={search_term_string}"},"query-input":{"@type":"PropertyValueSpecification","valueRequired":true,"valueName":"search_term_string"}}],"inLanguage":"es"},{"@type":"Person","@id":"https:\/\/www.noticiasradioreflejos.com.ar\/2021\/#\/schema\/person\/ad82545263dcc5ec0996818884fd5fb1","name":"Arnaldo Botto","image":{"@type":"ImageObject","inLanguage":"es","@id":"https:\/\/www.noticiasradioreflejos.com.ar\/2021\/#\/schema\/person\/image\/","url":"https:\/\/secure.gravatar.com\/avatar\/55cb5e37c1efa326397366e6974cb338056df65cb50e7d64d1cf314e87504837?s=96&d=mm&r=g","contentUrl":"https:\/\/secure.gravatar.com\/avatar\/55cb5e37c1efa326397366e6974cb338056df65cb50e7d64d1cf314e87504837?s=96&d=mm&r=g","caption":"Arnaldo Botto"},"url":"https:\/\/www.noticiasradioreflejos.com.ar\/2021\/author\/arnaldo\/"}]}},"_links":{"self":[{"href":"https:\/\/www.noticiasradioreflejos.com.ar\/2021\/wp-json\/wp\/v2\/posts\/36015","targetHints":{"allow":["GET"]}}],"collection":[{"href":"https:\/\/www.noticiasradioreflejos.com.ar\/2021\/wp-json\/wp\/v2\/posts"}],"about":[{"href":"https:\/\/www.noticiasradioreflejos.com.ar\/2021\/wp-json\/wp\/v2\/types\/post"}],"author":[{"embeddable":true,"href":"https:\/\/www.noticiasradioreflejos.com.ar\/2021\/wp-json\/wp\/v2\/users\/3"}],"replies":[{"embeddable":true,"href":"https:\/\/www.noticiasradioreflejos.com.ar\/2021\/wp-json\/wp\/v2\/comments?post=36015"}],"version-history":[{"count":0,"href":"https:\/\/www.noticiasradioreflejos.com.ar\/2021\/wp-json\/wp\/v2\/posts\/36015\/revisions"}],"wp:attachment":[{"href":"https:\/\/www.noticiasradioreflejos.com.ar\/2021\/wp-json\/wp\/v2\/media?parent=36015"}],"wp:term":[{"taxonomy":"category","embeddable":true,"href":"https:\/\/www.noticiasradioreflejos.com.ar\/2021\/wp-json\/wp\/v2\/categories?post=36015"},{"taxonomy":"post_tag","embeddable":true,"href":"https:\/\/www.noticiasradioreflejos.com.ar\/2021\/wp-json\/wp\/v2\/tags?post=36015"}],"curies":[{"name":"wp","href":"https:\/\/api.w.org\/{rel}","templated":true}]}}