{"id":36001,"date":"2019-10-30T18:56:19","date_gmt":"2019-10-30T21:56:19","guid":{"rendered":"http:\/\/www.noticiasradioreflejos.com.ar\/noticias\/?p=36001"},"modified":"2019-10-30T18:56:19","modified_gmt":"2019-10-30T21:56:19","slug":"comunicado-del-movimiento-mayo-tornquist","status":"publish","type":"post","link":"https:\/\/www.noticiasradioreflejos.com.ar\/2021\/comunicado-del-movimiento-mayo-tornquist\/","title":{"rendered":"Comunicado del Movimiento Mayo Tornquist."},"content":{"rendered":"<p>Cuando todav\u00eda no se hab\u00eda cerrado el escrutinio provisorio que consagr\u00f3 a la f\u00f3rmula Alberto Fern\u00e1ndez y Cristina Fern\u00e1ndez de Kirchner y a Axel Kiciloff y Ver\u00f3nica Magario como los Gobernantes electos,  los habitantes del Tornquist escuchamos azorados, una vez m\u00e1s, las lamentables declaraciones del intendente Bordoni.<!--more--><br \/>\nEs preocupante la absoluta falta de respeto hacia los votantes y dirigentes que conformamos el Frente de Todos en el distrito y el escaso apego a una cultura de convivencia democr\u00e1tica que asoma en cada una de sus palabras.<br \/>\nEs inconcebible que desde el minuto cero del nuevo per\u00edodo el funcionario reelegido leg\u00edtimamente para gobernar la intendencia municipal agreda de esa forma a quienes fueron sus leales oponentes, y que representan en el distrito a la fuerza pol\u00edtica que \u00e9sa misma voluntad popular ha instituido para conducir al estado nacional y provincial.<br \/>\nRepudiamos el uso irresponsable de ep\u00edtetos como \u201cmentiroso\u201d, \u201cdelincuente\u201d o \u201ctraidor\u201d dirigidos hac\u00edan nuestro candidato. Es inaceptable ese trato hacia una persona capaz y de bien como Gustavo Trankels. Cuando el Sr. Bordoni tuvo la oportunidad de confrontar p\u00fablicamente en un debate abierto y plural de cara a la ciudadan\u00eda \u2013como lo hizo el candidato nacional de su propia fuerza \u2013 el intendente falt\u00f3 a la cita con excusas inveros\u00edmiles. Respetamos su decisi\u00f3n, y no salimos a colgarle el cartelito de \u201ccobarde\u201d.<br \/>\nEs preocupante y pat\u00e9tica la amenaza de utilizar los estrados judiciales como fuerza de choque de los intereses pol\u00edticos de su grupo o sector. El intendente Bordoni atrasa. La ciudadan\u00eda dio su voto al Frente de Todos, entre otras cosas, para impulsar la recomposici\u00f3n de la institucionalidad republicana da\u00f1ada por estos a\u00f1os de revanchismo y soberbia.<br \/>\nInstamos al Intendente Bordoni a que anteponga su responsabilidad pol\u00edtica a sus rencores personales y a sus impulsos inagotables de vindicta. Le exigimos m\u00e1s altura, y que nos respete a todos y todas quienes vivimos, trabajamos y queremos a este Distrito, porque por eso nos comprometemos y hacemos pol\u00edtica. En nuestro caso desde el Movimiento Mayo en el Frente de Todos. En el caso de la gente que lo ha acompa\u00f1ado desde el espacio electoral de Juntos por el Cambio. Nosotros los reconocemos y los respetamos a\u00fan en el disenso y la diferencia como una parte leg\u00edtima de la vida pol\u00edtica. Haga usted lo propio, Sr. Bordoni.<br \/>\n<strong>Firman  en nombre de Movimiento Mayo Tornquist<\/strong><br \/>\n<strong>Fernando Caffieri, Noem\u00ed de Iriarte, Carlos Urquiza, y Daniel Santancieri<\/strong><\/p>\n","protected":false},"excerpt":{"rendered":"<p>Cuando todav\u00eda no se hab\u00eda cerrado el escrutinio provisorio que consagr\u00f3 a la f\u00f3rmula Alberto Fern\u00e1ndez y Cristina Fern\u00e1ndez de Kirchner y a Axel Kiciloff y Ver\u00f3nica Magario como los Gobernantes electos, los habitantes del Tornquist escuchamos azorados, una vez m\u00e1s, las lamentables declaraciones del intendente Bordoni.<\/p>\n","protected":false},"author":3,"featured_media":0,"comment_status":"closed","ping_status":"open","sticky":false,"template":"","format":"standard","meta":{"footnotes":""},"categories":[24],"tags":[],"class_list":["post-36001","post","type-post","status-publish","format-standard","hentry","category-politica"],"yoast_head":"<!-- This site is optimized with the Yoast SEO plugin v25.9 - https:\/\/yoast.com\/wordpress\/plugins\/seo\/ -->\n<title>Comunicado del Movimiento Mayo Tornquist. - Noticias Radio Reflejos<\/title>\n<meta name=\"robots\" content=\"index, follow, max-snippet:-1, max-image-preview:large, max-video-preview:-1\" \/>\n<link rel=\"canonical\" href=\"https:\/\/www.noticiasradioreflejos.com.ar\/2021\/comunicado-del-movimiento-mayo-tornquist\/\" \/>\n<meta property=\"og:locale\" content=\"es_ES\" \/>\n<meta property=\"og:type\" content=\"article\" \/>\n<meta property=\"og:title\" content=\"Comunicado del Movimiento Mayo Tornquist. - Noticias Radio Reflejos\" \/>\n<meta property=\"og:description\" content=\"Cuando todav\u00eda no se hab\u00eda cerrado el escrutinio provisorio que consagr\u00f3 a la f\u00f3rmula Alberto Fern\u00e1ndez y Cristina Fern\u00e1ndez de Kirchner y a Axel Kiciloff y Ver\u00f3nica Magario como los Gobernantes electos, los habitantes del Tornquist escuchamos azorados, una vez m\u00e1s, las lamentables declaraciones del intendente Bordoni.\" \/>\n<meta property=\"og:url\" content=\"https:\/\/www.noticiasradioreflejos.com.ar\/2021\/comunicado-del-movimiento-mayo-tornquist\/\" \/>\n<meta property=\"og:site_name\" content=\"Noticias Radio Reflejos\" \/>\n<meta property=\"article:published_time\" content=\"2019-10-30T21:56:19+00:00\" \/>\n<meta property=\"og:image\" content=\"https:\/\/www.noticiasradioreflejos.com.ar\/2021\/wp-content\/uploads\/2021\/07\/logosol300x200.png\" \/>\n\t<meta property=\"og:image:width\" content=\"300\" \/>\n\t<meta property=\"og:image:height\" content=\"200\" \/>\n\t<meta property=\"og:image:type\" content=\"image\/png\" \/>\n<meta name=\"author\" content=\"Arnaldo Botto\" \/>\n<meta name=\"twitter:card\" content=\"summary_large_image\" \/>\n<script type=\"application\/ld+json\" class=\"yoast-schema-graph\">{\"@context\":\"https:\/\/schema.org\",\"@graph\":[{\"@type\":\"WebPage\",\"@id\":\"https:\/\/www.noticiasradioreflejos.com.ar\/2021\/comunicado-del-movimiento-mayo-tornquist\/\",\"url\":\"https:\/\/www.noticiasradioreflejos.com.ar\/2021\/comunicado-del-movimiento-mayo-tornquist\/\",\"name\":\"Comunicado del Movimiento Mayo Tornquist. - Noticias Radio Reflejos\",\"isPartOf\":{\"@id\":\"https:\/\/www.noticiasradioreflejos.com.ar\/2021\/#website\"},\"datePublished\":\"2019-10-30T21:56:19+00:00\",\"author\":{\"@id\":\"https:\/\/www.noticiasradioreflejos.com.ar\/2021\/#\/schema\/person\/ad82545263dcc5ec0996818884fd5fb1\"},\"breadcrumb\":{\"@id\":\"https:\/\/www.noticiasradioreflejos.com.ar\/2021\/comunicado-del-movimiento-mayo-tornquist\/#breadcrumb\"},\"inLanguage\":\"es\",\"potentialAction\":[{\"@type\":\"ReadAction\",\"target\":[\"https:\/\/www.noticiasradioreflejos.com.ar\/2021\/comunicado-del-movimiento-mayo-tornquist\/\"]}]},{\"@type\":\"BreadcrumbList\",\"@id\":\"https:\/\/www.noticiasradioreflejos.com.ar\/2021\/comunicado-del-movimiento-mayo-tornquist\/#breadcrumb\",\"itemListElement\":[{\"@type\":\"ListItem\",\"position\":1,\"name\":\"Portada\",\"item\":\"https:\/\/www.noticiasradioreflejos.com.ar\/2021\/\"},{\"@type\":\"ListItem\",\"position\":2,\"name\":\"Comunicado del Movimiento Mayo Tornquist.\"}]},{\"@type\":\"WebSite\",\"@id\":\"https:\/\/www.noticiasradioreflejos.com.ar\/2021\/#website\",\"url\":\"https:\/\/www.noticiasradioreflejos.com.ar\/2021\/\",\"name\":\"Noticias Radio Reflejos\",\"description\":\"Las noticias de mi comarca\",\"potentialAction\":[{\"@type\":\"SearchAction\",\"target\":{\"@type\":\"EntryPoint\",\"urlTemplate\":\"https:\/\/www.noticiasradioreflejos.com.ar\/2021\/?s={search_term_string}\"},\"query-input\":{\"@type\":\"PropertyValueSpecification\",\"valueRequired\":true,\"valueName\":\"search_term_string\"}}],\"inLanguage\":\"es\"},{\"@type\":\"Person\",\"@id\":\"https:\/\/www.noticiasradioreflejos.com.ar\/2021\/#\/schema\/person\/ad82545263dcc5ec0996818884fd5fb1\",\"name\":\"Arnaldo Botto\",\"image\":{\"@type\":\"ImageObject\",\"inLanguage\":\"es\",\"@id\":\"https:\/\/www.noticiasradioreflejos.com.ar\/2021\/#\/schema\/person\/image\/\",\"url\":\"https:\/\/secure.gravatar.com\/avatar\/55cb5e37c1efa326397366e6974cb338056df65cb50e7d64d1cf314e87504837?s=96&d=mm&r=g\",\"contentUrl\":\"https:\/\/secure.gravatar.com\/avatar\/55cb5e37c1efa326397366e6974cb338056df65cb50e7d64d1cf314e87504837?s=96&d=mm&r=g\",\"caption\":\"Arnaldo Botto\"},\"url\":\"https:\/\/www.noticiasradioreflejos.com.ar\/2021\/author\/arnaldo\/\"}]}<\/script>\n<!-- \/ Yoast SEO plugin. -->","yoast_head_json":{"title":"Comunicado del Movimiento Mayo Tornquist. - Noticias Radio Reflejos","robots":{"index":"index","follow":"follow","max-snippet":"max-snippet:-1","max-image-preview":"max-image-preview:large","max-video-preview":"max-video-preview:-1"},"canonical":"https:\/\/www.noticiasradioreflejos.com.ar\/2021\/comunicado-del-movimiento-mayo-tornquist\/","og_locale":"es_ES","og_type":"article","og_title":"Comunicado del Movimiento Mayo Tornquist. - Noticias Radio Reflejos","og_description":"Cuando todav\u00eda no se hab\u00eda cerrado el escrutinio provisorio que consagr\u00f3 a la f\u00f3rmula Alberto Fern\u00e1ndez y Cristina Fern\u00e1ndez de Kirchner y a Axel Kiciloff y Ver\u00f3nica Magario como los Gobernantes electos, los habitantes del Tornquist escuchamos azorados, una vez m\u00e1s, las lamentables declaraciones del intendente Bordoni.","og_url":"https:\/\/www.noticiasradioreflejos.com.ar\/2021\/comunicado-del-movimiento-mayo-tornquist\/","og_site_name":"Noticias Radio Reflejos","article_published_time":"2019-10-30T21:56:19+00:00","og_image":[{"width":300,"height":200,"url":"https:\/\/www.noticiasradioreflejos.com.ar\/2021\/wp-content\/uploads\/2021\/07\/logosol300x200.png","type":"image\/png"}],"author":"Arnaldo Botto","twitter_card":"summary_large_image","schema":{"@context":"https:\/\/schema.org","@graph":[{"@type":"WebPage","@id":"https:\/\/www.noticiasradioreflejos.com.ar\/2021\/comunicado-del-movimiento-mayo-tornquist\/","url":"https:\/\/www.noticiasradioreflejos.com.ar\/2021\/comunicado-del-movimiento-mayo-tornquist\/","name":"Comunicado del Movimiento Mayo Tornquist. - Noticias Radio Reflejos","isPartOf":{"@id":"https:\/\/www.noticiasradioreflejos.com.ar\/2021\/#website"},"datePublished":"2019-10-30T21:56:19+00:00","author":{"@id":"https:\/\/www.noticiasradioreflejos.com.ar\/2021\/#\/schema\/person\/ad82545263dcc5ec0996818884fd5fb1"},"breadcrumb":{"@id":"https:\/\/www.noticiasradioreflejos.com.ar\/2021\/comunicado-del-movimiento-mayo-tornquist\/#breadcrumb"},"inLanguage":"es","potentialAction":[{"@type":"ReadAction","target":["https:\/\/www.noticiasradioreflejos.com.ar\/2021\/comunicado-del-movimiento-mayo-tornquist\/"]}]},{"@type":"BreadcrumbList","@id":"https:\/\/www.noticiasradioreflejos.com.ar\/2021\/comunicado-del-movimiento-mayo-tornquist\/#breadcrumb","itemListElement":[{"@type":"ListItem","position":1,"name":"Portada","item":"https:\/\/www.noticiasradioreflejos.com.ar\/2021\/"},{"@type":"ListItem","position":2,"name":"Comunicado del Movimiento Mayo Tornquist."}]},{"@type":"WebSite","@id":"https:\/\/www.noticiasradioreflejos.com.ar\/2021\/#website","url":"https:\/\/www.noticiasradioreflejos.com.ar\/2021\/","name":"Noticias Radio Reflejos","description":"Las noticias de mi comarca","potentialAction":[{"@type":"SearchAction","target":{"@type":"EntryPoint","urlTemplate":"https:\/\/www.noticiasradioreflejos.com.ar\/2021\/?s={search_term_string}"},"query-input":{"@type":"PropertyValueSpecification","valueRequired":true,"valueName":"search_term_string"}}],"inLanguage":"es"},{"@type":"Person","@id":"https:\/\/www.noticiasradioreflejos.com.ar\/2021\/#\/schema\/person\/ad82545263dcc5ec0996818884fd5fb1","name":"Arnaldo Botto","image":{"@type":"ImageObject","inLanguage":"es","@id":"https:\/\/www.noticiasradioreflejos.com.ar\/2021\/#\/schema\/person\/image\/","url":"https:\/\/secure.gravatar.com\/avatar\/55cb5e37c1efa326397366e6974cb338056df65cb50e7d64d1cf314e87504837?s=96&d=mm&r=g","contentUrl":"https:\/\/secure.gravatar.com\/avatar\/55cb5e37c1efa326397366e6974cb338056df65cb50e7d64d1cf314e87504837?s=96&d=mm&r=g","caption":"Arnaldo Botto"},"url":"https:\/\/www.noticiasradioreflejos.com.ar\/2021\/author\/arnaldo\/"}]}},"_links":{"self":[{"href":"https:\/\/www.noticiasradioreflejos.com.ar\/2021\/wp-json\/wp\/v2\/posts\/36001","targetHints":{"allow":["GET"]}}],"collection":[{"href":"https:\/\/www.noticiasradioreflejos.com.ar\/2021\/wp-json\/wp\/v2\/posts"}],"about":[{"href":"https:\/\/www.noticiasradioreflejos.com.ar\/2021\/wp-json\/wp\/v2\/types\/post"}],"author":[{"embeddable":true,"href":"https:\/\/www.noticiasradioreflejos.com.ar\/2021\/wp-json\/wp\/v2\/users\/3"}],"replies":[{"embeddable":true,"href":"https:\/\/www.noticiasradioreflejos.com.ar\/2021\/wp-json\/wp\/v2\/comments?post=36001"}],"version-history":[{"count":0,"href":"https:\/\/www.noticiasradioreflejos.com.ar\/2021\/wp-json\/wp\/v2\/posts\/36001\/revisions"}],"wp:attachment":[{"href":"https:\/\/www.noticiasradioreflejos.com.ar\/2021\/wp-json\/wp\/v2\/media?parent=36001"}],"wp:term":[{"taxonomy":"category","embeddable":true,"href":"https:\/\/www.noticiasradioreflejos.com.ar\/2021\/wp-json\/wp\/v2\/categories?post=36001"},{"taxonomy":"post_tag","embeddable":true,"href":"https:\/\/www.noticiasradioreflejos.com.ar\/2021\/wp-json\/wp\/v2\/tags?post=36001"}],"curies":[{"name":"wp","href":"https:\/\/api.w.org\/{rel}","templated":true}]}}