{"id":35989,"date":"2019-10-30T12:15:08","date_gmt":"2019-10-30T15:15:08","guid":{"rendered":"http:\/\/www.noticiasradioreflejos.com.ar\/noticias\/?p=35989"},"modified":"2019-10-30T12:15:08","modified_gmt":"2019-10-30T15:15:08","slug":"concurso-escolar-provincial-cooperativo-de-fedecoba","status":"publish","type":"post","link":"https:\/\/www.noticiasradioreflejos.com.ar\/2021\/concurso-escolar-provincial-cooperativo-de-fedecoba\/","title":{"rendered":"Concurso Escolar Provincial Cooperativo de FEDECOBA."},"content":{"rendered":"<p>Se informa a la poblaci\u00f3n que Coopersive, juntamente con la Escuela de Ense\u00f1anza Media N\u00b0 2, han participado del 28\u00b0 Concurso Escolar Cooperativo Provincial de FEDECOBA.<!--more--><br \/>\nNuestra Cooperativa ha patrocinado a la Cooperativa Escolar \u201cL\u00e1pices en acci\u00f3n\u201d en el desarrollo del proyecto \u201cCuidemos la vera de nuestro r\u00edo\u201d. En el d\u00eda de ma\u00f1ana en la localidad de Tornquist, Consejeros de nuestra Instituci\u00f3n, junto con las docentes Alejandra Cutugno y Rebeca Casas, m\u00e1s 10 alumnos de tercer a\u00f1o, estar\u00e1n presentando el mismo en la jornada de cierre del Concurso.<br \/>\nEsta acci\u00f3n conjunta de Coopersive, FEDECOBA y la EEM N\u00b0 2 se encuadra dentro de los principios quinto (Educaci\u00f3n, formaci\u00f3n e informaci\u00f3n) y s\u00e9ptimo (Inter\u00e9s por la comunidad) que nos rigen a todas y cada una de las Cooperativas.<br \/>\nConsejo de Administraci\u00f3n<br \/>\n30-oct-19<\/p>\n","protected":false},"excerpt":{"rendered":"<p>Se informa a la poblaci\u00f3n que Coopersive, juntamente con la Escuela de Ense\u00f1anza Media N\u00b0 2, han participado del 28\u00b0 Concurso Escolar Cooperativo Provincial de FEDECOBA.<\/p>\n","protected":false},"author":3,"featured_media":0,"comment_status":"closed","ping_status":"open","sticky":false,"template":"","format":"standard","meta":{"footnotes":""},"categories":[34],"tags":[],"class_list":["post-35989","post","type-post","status-publish","format-standard","hentry","category-educacion"],"yoast_head":"<!-- This site is optimized with the Yoast SEO plugin v25.9 - https:\/\/yoast.com\/wordpress\/plugins\/seo\/ -->\n<title>Concurso Escolar Provincial Cooperativo de FEDECOBA. - Noticias Radio Reflejos<\/title>\n<meta name=\"robots\" content=\"index, follow, max-snippet:-1, max-image-preview:large, max-video-preview:-1\" \/>\n<link rel=\"canonical\" href=\"https:\/\/www.noticiasradioreflejos.com.ar\/2021\/concurso-escolar-provincial-cooperativo-de-fedecoba\/\" \/>\n<meta property=\"og:locale\" content=\"es_ES\" \/>\n<meta property=\"og:type\" content=\"article\" \/>\n<meta property=\"og:title\" content=\"Concurso Escolar Provincial Cooperativo de FEDECOBA. - Noticias Radio Reflejos\" \/>\n<meta property=\"og:description\" content=\"Se informa a la poblaci\u00f3n que Coopersive, juntamente con la Escuela de Ense\u00f1anza Media N\u00b0 2, han participado del 28\u00b0 Concurso Escolar Cooperativo Provincial de FEDECOBA.\" \/>\n<meta property=\"og:url\" content=\"https:\/\/www.noticiasradioreflejos.com.ar\/2021\/concurso-escolar-provincial-cooperativo-de-fedecoba\/\" \/>\n<meta property=\"og:site_name\" content=\"Noticias Radio Reflejos\" \/>\n<meta property=\"article:published_time\" content=\"2019-10-30T15:15:08+00:00\" \/>\n<meta property=\"og:image\" content=\"https:\/\/www.noticiasradioreflejos.com.ar\/2021\/wp-content\/uploads\/2017\/07\/Coopersive.jpg\" \/>\n\t<meta property=\"og:image:width\" content=\"484\" \/>\n\t<meta property=\"og:image:height\" content=\"480\" \/>\n\t<meta property=\"og:image:type\" content=\"image\/jpeg\" \/>\n<meta name=\"author\" content=\"Arnaldo Botto\" \/>\n<meta name=\"twitter:card\" content=\"summary_large_image\" \/>\n<script type=\"application\/ld+json\" class=\"yoast-schema-graph\">{\"@context\":\"https:\/\/schema.org\",\"@graph\":[{\"@type\":\"WebPage\",\"@id\":\"https:\/\/www.noticiasradioreflejos.com.ar\/2021\/concurso-escolar-provincial-cooperativo-de-fedecoba\/\",\"url\":\"https:\/\/www.noticiasradioreflejos.com.ar\/2021\/concurso-escolar-provincial-cooperativo-de-fedecoba\/\",\"name\":\"Concurso Escolar Provincial Cooperativo de FEDECOBA. - Noticias Radio Reflejos\",\"isPartOf\":{\"@id\":\"https:\/\/www.noticiasradioreflejos.com.ar\/2021\/#website\"},\"datePublished\":\"2019-10-30T15:15:08+00:00\",\"author\":{\"@id\":\"https:\/\/www.noticiasradioreflejos.com.ar\/2021\/#\/schema\/person\/ad82545263dcc5ec0996818884fd5fb1\"},\"breadcrumb\":{\"@id\":\"https:\/\/www.noticiasradioreflejos.com.ar\/2021\/concurso-escolar-provincial-cooperativo-de-fedecoba\/#breadcrumb\"},\"inLanguage\":\"es\",\"potentialAction\":[{\"@type\":\"ReadAction\",\"target\":[\"https:\/\/www.noticiasradioreflejos.com.ar\/2021\/concurso-escolar-provincial-cooperativo-de-fedecoba\/\"]}]},{\"@type\":\"BreadcrumbList\",\"@id\":\"https:\/\/www.noticiasradioreflejos.com.ar\/2021\/concurso-escolar-provincial-cooperativo-de-fedecoba\/#breadcrumb\",\"itemListElement\":[{\"@type\":\"ListItem\",\"position\":1,\"name\":\"Portada\",\"item\":\"https:\/\/www.noticiasradioreflejos.com.ar\/2021\/\"},{\"@type\":\"ListItem\",\"position\":2,\"name\":\"Concurso Escolar Provincial Cooperativo de FEDECOBA.\"}]},{\"@type\":\"WebSite\",\"@id\":\"https:\/\/www.noticiasradioreflejos.com.ar\/2021\/#website\",\"url\":\"https:\/\/www.noticiasradioreflejos.com.ar\/2021\/\",\"name\":\"Noticias Radio Reflejos\",\"description\":\"Las noticias de mi comarca\",\"potentialAction\":[{\"@type\":\"SearchAction\",\"target\":{\"@type\":\"EntryPoint\",\"urlTemplate\":\"https:\/\/www.noticiasradioreflejos.com.ar\/2021\/?s={search_term_string}\"},\"query-input\":{\"@type\":\"PropertyValueSpecification\",\"valueRequired\":true,\"valueName\":\"search_term_string\"}}],\"inLanguage\":\"es\"},{\"@type\":\"Person\",\"@id\":\"https:\/\/www.noticiasradioreflejos.com.ar\/2021\/#\/schema\/person\/ad82545263dcc5ec0996818884fd5fb1\",\"name\":\"Arnaldo Botto\",\"image\":{\"@type\":\"ImageObject\",\"inLanguage\":\"es\",\"@id\":\"https:\/\/www.noticiasradioreflejos.com.ar\/2021\/#\/schema\/person\/image\/\",\"url\":\"https:\/\/secure.gravatar.com\/avatar\/55cb5e37c1efa326397366e6974cb338056df65cb50e7d64d1cf314e87504837?s=96&d=mm&r=g\",\"contentUrl\":\"https:\/\/secure.gravatar.com\/avatar\/55cb5e37c1efa326397366e6974cb338056df65cb50e7d64d1cf314e87504837?s=96&d=mm&r=g\",\"caption\":\"Arnaldo Botto\"},\"url\":\"https:\/\/www.noticiasradioreflejos.com.ar\/2021\/author\/arnaldo\/\"}]}<\/script>\n<!-- \/ Yoast SEO plugin. -->","yoast_head_json":{"title":"Concurso Escolar Provincial Cooperativo de FEDECOBA. - Noticias Radio Reflejos","robots":{"index":"index","follow":"follow","max-snippet":"max-snippet:-1","max-image-preview":"max-image-preview:large","max-video-preview":"max-video-preview:-1"},"canonical":"https:\/\/www.noticiasradioreflejos.com.ar\/2021\/concurso-escolar-provincial-cooperativo-de-fedecoba\/","og_locale":"es_ES","og_type":"article","og_title":"Concurso Escolar Provincial Cooperativo de FEDECOBA. - Noticias Radio Reflejos","og_description":"Se informa a la poblaci\u00f3n que Coopersive, juntamente con la Escuela de Ense\u00f1anza Media N\u00b0 2, han participado del 28\u00b0 Concurso Escolar Cooperativo Provincial de FEDECOBA.","og_url":"https:\/\/www.noticiasradioreflejos.com.ar\/2021\/concurso-escolar-provincial-cooperativo-de-fedecoba\/","og_site_name":"Noticias Radio Reflejos","article_published_time":"2019-10-30T15:15:08+00:00","og_image":[{"width":484,"height":480,"url":"https:\/\/www.noticiasradioreflejos.com.ar\/2021\/wp-content\/uploads\/2017\/07\/Coopersive.jpg","type":"image\/jpeg"}],"author":"Arnaldo Botto","twitter_card":"summary_large_image","schema":{"@context":"https:\/\/schema.org","@graph":[{"@type":"WebPage","@id":"https:\/\/www.noticiasradioreflejos.com.ar\/2021\/concurso-escolar-provincial-cooperativo-de-fedecoba\/","url":"https:\/\/www.noticiasradioreflejos.com.ar\/2021\/concurso-escolar-provincial-cooperativo-de-fedecoba\/","name":"Concurso Escolar Provincial Cooperativo de FEDECOBA. - Noticias Radio Reflejos","isPartOf":{"@id":"https:\/\/www.noticiasradioreflejos.com.ar\/2021\/#website"},"datePublished":"2019-10-30T15:15:08+00:00","author":{"@id":"https:\/\/www.noticiasradioreflejos.com.ar\/2021\/#\/schema\/person\/ad82545263dcc5ec0996818884fd5fb1"},"breadcrumb":{"@id":"https:\/\/www.noticiasradioreflejos.com.ar\/2021\/concurso-escolar-provincial-cooperativo-de-fedecoba\/#breadcrumb"},"inLanguage":"es","potentialAction":[{"@type":"ReadAction","target":["https:\/\/www.noticiasradioreflejos.com.ar\/2021\/concurso-escolar-provincial-cooperativo-de-fedecoba\/"]}]},{"@type":"BreadcrumbList","@id":"https:\/\/www.noticiasradioreflejos.com.ar\/2021\/concurso-escolar-provincial-cooperativo-de-fedecoba\/#breadcrumb","itemListElement":[{"@type":"ListItem","position":1,"name":"Portada","item":"https:\/\/www.noticiasradioreflejos.com.ar\/2021\/"},{"@type":"ListItem","position":2,"name":"Concurso Escolar Provincial Cooperativo de FEDECOBA."}]},{"@type":"WebSite","@id":"https:\/\/www.noticiasradioreflejos.com.ar\/2021\/#website","url":"https:\/\/www.noticiasradioreflejos.com.ar\/2021\/","name":"Noticias Radio Reflejos","description":"Las noticias de mi comarca","potentialAction":[{"@type":"SearchAction","target":{"@type":"EntryPoint","urlTemplate":"https:\/\/www.noticiasradioreflejos.com.ar\/2021\/?s={search_term_string}"},"query-input":{"@type":"PropertyValueSpecification","valueRequired":true,"valueName":"search_term_string"}}],"inLanguage":"es"},{"@type":"Person","@id":"https:\/\/www.noticiasradioreflejos.com.ar\/2021\/#\/schema\/person\/ad82545263dcc5ec0996818884fd5fb1","name":"Arnaldo Botto","image":{"@type":"ImageObject","inLanguage":"es","@id":"https:\/\/www.noticiasradioreflejos.com.ar\/2021\/#\/schema\/person\/image\/","url":"https:\/\/secure.gravatar.com\/avatar\/55cb5e37c1efa326397366e6974cb338056df65cb50e7d64d1cf314e87504837?s=96&d=mm&r=g","contentUrl":"https:\/\/secure.gravatar.com\/avatar\/55cb5e37c1efa326397366e6974cb338056df65cb50e7d64d1cf314e87504837?s=96&d=mm&r=g","caption":"Arnaldo Botto"},"url":"https:\/\/www.noticiasradioreflejos.com.ar\/2021\/author\/arnaldo\/"}]}},"_links":{"self":[{"href":"https:\/\/www.noticiasradioreflejos.com.ar\/2021\/wp-json\/wp\/v2\/posts\/35989","targetHints":{"allow":["GET"]}}],"collection":[{"href":"https:\/\/www.noticiasradioreflejos.com.ar\/2021\/wp-json\/wp\/v2\/posts"}],"about":[{"href":"https:\/\/www.noticiasradioreflejos.com.ar\/2021\/wp-json\/wp\/v2\/types\/post"}],"author":[{"embeddable":true,"href":"https:\/\/www.noticiasradioreflejos.com.ar\/2021\/wp-json\/wp\/v2\/users\/3"}],"replies":[{"embeddable":true,"href":"https:\/\/www.noticiasradioreflejos.com.ar\/2021\/wp-json\/wp\/v2\/comments?post=35989"}],"version-history":[{"count":0,"href":"https:\/\/www.noticiasradioreflejos.com.ar\/2021\/wp-json\/wp\/v2\/posts\/35989\/revisions"}],"wp:attachment":[{"href":"https:\/\/www.noticiasradioreflejos.com.ar\/2021\/wp-json\/wp\/v2\/media?parent=35989"}],"wp:term":[{"taxonomy":"category","embeddable":true,"href":"https:\/\/www.noticiasradioreflejos.com.ar\/2021\/wp-json\/wp\/v2\/categories?post=35989"},{"taxonomy":"post_tag","embeddable":true,"href":"https:\/\/www.noticiasradioreflejos.com.ar\/2021\/wp-json\/wp\/v2\/tags?post=35989"}],"curies":[{"name":"wp","href":"https:\/\/api.w.org\/{rel}","templated":true}]}}