{"id":35971,"date":"2019-10-30T07:47:36","date_gmt":"2019-10-30T10:47:36","guid":{"rendered":"http:\/\/www.noticiasradioreflejos.com.ar\/noticias\/?p=35971"},"modified":"2019-10-30T07:47:36","modified_gmt":"2019-10-30T10:47:36","slug":"union-realiza-este-sabado-su-festival-anual-de-patin","status":"publish","type":"post","link":"https:\/\/www.noticiasradioreflejos.com.ar\/2021\/union-realiza-este-sabado-su-festival-anual-de-patin\/","title":{"rendered":"Uni\u00f3n realiza este s\u00e1bado su festival anual de pat\u00edn"},"content":{"rendered":"<p><a title=\"Festival de Patin 2-10\" href=\"http:\/\/live.staticflickr.com\/65535\/48985042116_a8cdf170eb_s.jpg\" rel=\"\"><img loading=\"lazy\" decoding=\"async\" class=\"alignleft\" style=\"float: left;\" title=\"Festival de Patin 2-10\" src=\"http:\/\/live.staticflickr.com\/65535\/48985042116_a8cdf170eb_w.jpg\" alt=\"Festival de Patin 2-10\" width=\"400\" height=\"400\" \/><\/a>Bajo la tem\u00e1tica \u2018Circo sobre ruedas\u2019, el venidero s\u00e1bado desde las 20 hs en el gimnasio \u2018Mariano Morteo\u2019 de su sede, el Club Uni\u00f3n de Tornquist realizar\u00e1 su festival anual de patinaje art\u00edstico.<!--more--><br \/>\nDel evento, participar\u00e1n unas 60 patinadoras de las diferentes categor\u00edas de la entidad verde y actuar\u00e1n como invitados los clubes Kil\u00f3metro 5 de Bah\u00eda Blanca y Sarmiento de Pig\u00fb\u00e9.<br \/>\nLa entrada tendr\u00e1 un valor de $100 y durante todo el festival habr\u00e1 un completo servicio de cantina. \u00a1Los esperamos!<br \/>\nPrensa Club Uni\u00f3n<br \/>\nwww.uniondetornquist.com -clubuniondetornquist@gmail.com &#8211; \/ClubUnionDeTornquist-@UnionTornquist<\/p>\n","protected":false},"excerpt":{"rendered":"<p>Bajo la tem\u00e1tica \u2018Circo sobre ruedas\u2019, el venidero s\u00e1bado desde las 20 hs en el gimnasio \u2018Mariano Morteo\u2019 de su sede, el Club Uni\u00f3n de Tornquist realizar\u00e1 su festival anual de patinaje art\u00edstico.<\/p>\n","protected":false},"author":3,"featured_media":0,"comment_status":"closed","ping_status":"open","sticky":false,"template":"","format":"standard","meta":{"footnotes":""},"categories":[27],"tags":[],"class_list":["post-35971","post","type-post","status-publish","format-standard","hentry","category-deportes"],"yoast_head":"<!-- This site is optimized with the Yoast SEO plugin v25.9 - https:\/\/yoast.com\/wordpress\/plugins\/seo\/ -->\n<title>Uni\u00f3n realiza este s\u00e1bado su festival anual de pat\u00edn - Noticias Radio Reflejos<\/title>\n<meta name=\"robots\" content=\"index, follow, max-snippet:-1, max-image-preview:large, max-video-preview:-1\" \/>\n<link rel=\"canonical\" href=\"https:\/\/www.noticiasradioreflejos.com.ar\/2021\/union-realiza-este-sabado-su-festival-anual-de-patin\/\" \/>\n<meta property=\"og:locale\" content=\"es_ES\" \/>\n<meta property=\"og:type\" content=\"article\" \/>\n<meta property=\"og:title\" content=\"Uni\u00f3n realiza este s\u00e1bado su festival anual de pat\u00edn - Noticias Radio Reflejos\" \/>\n<meta property=\"og:description\" content=\"Bajo la tem\u00e1tica \u2018Circo sobre ruedas\u2019, el venidero s\u00e1bado desde las 20 hs en el gimnasio \u2018Mariano Morteo\u2019 de su sede, el Club Uni\u00f3n de Tornquist realizar\u00e1 su festival anual de patinaje art\u00edstico.\" \/>\n<meta property=\"og:url\" content=\"https:\/\/www.noticiasradioreflejos.com.ar\/2021\/union-realiza-este-sabado-su-festival-anual-de-patin\/\" \/>\n<meta property=\"og:site_name\" content=\"Noticias Radio Reflejos\" \/>\n<meta property=\"article:published_time\" content=\"2019-10-30T10:47:36+00:00\" \/>\n<meta property=\"og:image\" content=\"http:\/\/live.staticflickr.com\/65535\/48985042116_a8cdf170eb_w.jpg\" \/>\n<meta name=\"author\" content=\"Arnaldo Botto\" \/>\n<meta name=\"twitter:card\" content=\"summary_large_image\" \/>\n<script type=\"application\/ld+json\" class=\"yoast-schema-graph\">{\"@context\":\"https:\/\/schema.org\",\"@graph\":[{\"@type\":\"WebPage\",\"@id\":\"https:\/\/www.noticiasradioreflejos.com.ar\/2021\/union-realiza-este-sabado-su-festival-anual-de-patin\/\",\"url\":\"https:\/\/www.noticiasradioreflejos.com.ar\/2021\/union-realiza-este-sabado-su-festival-anual-de-patin\/\",\"name\":\"Uni\u00f3n realiza este s\u00e1bado su festival anual de pat\u00edn - Noticias Radio Reflejos\",\"isPartOf\":{\"@id\":\"https:\/\/www.noticiasradioreflejos.com.ar\/2021\/#website\"},\"primaryImageOfPage\":{\"@id\":\"https:\/\/www.noticiasradioreflejos.com.ar\/2021\/union-realiza-este-sabado-su-festival-anual-de-patin\/#primaryimage\"},\"image\":{\"@id\":\"https:\/\/www.noticiasradioreflejos.com.ar\/2021\/union-realiza-este-sabado-su-festival-anual-de-patin\/#primaryimage\"},\"thumbnailUrl\":\"http:\/\/live.staticflickr.com\/65535\/48985042116_a8cdf170eb_w.jpg\",\"datePublished\":\"2019-10-30T10:47:36+00:00\",\"author\":{\"@id\":\"https:\/\/www.noticiasradioreflejos.com.ar\/2021\/#\/schema\/person\/ad82545263dcc5ec0996818884fd5fb1\"},\"breadcrumb\":{\"@id\":\"https:\/\/www.noticiasradioreflejos.com.ar\/2021\/union-realiza-este-sabado-su-festival-anual-de-patin\/#breadcrumb\"},\"inLanguage\":\"es\",\"potentialAction\":[{\"@type\":\"ReadAction\",\"target\":[\"https:\/\/www.noticiasradioreflejos.com.ar\/2021\/union-realiza-este-sabado-su-festival-anual-de-patin\/\"]}]},{\"@type\":\"ImageObject\",\"inLanguage\":\"es\",\"@id\":\"https:\/\/www.noticiasradioreflejos.com.ar\/2021\/union-realiza-este-sabado-su-festival-anual-de-patin\/#primaryimage\",\"url\":\"http:\/\/live.staticflickr.com\/65535\/48985042116_a8cdf170eb_w.jpg\",\"contentUrl\":\"http:\/\/live.staticflickr.com\/65535\/48985042116_a8cdf170eb_w.jpg\"},{\"@type\":\"BreadcrumbList\",\"@id\":\"https:\/\/www.noticiasradioreflejos.com.ar\/2021\/union-realiza-este-sabado-su-festival-anual-de-patin\/#breadcrumb\",\"itemListElement\":[{\"@type\":\"ListItem\",\"position\":1,\"name\":\"Portada\",\"item\":\"https:\/\/www.noticiasradioreflejos.com.ar\/2021\/\"},{\"@type\":\"ListItem\",\"position\":2,\"name\":\"Uni\u00f3n realiza este s\u00e1bado su festival anual de pat\u00edn\"}]},{\"@type\":\"WebSite\",\"@id\":\"https:\/\/www.noticiasradioreflejos.com.ar\/2021\/#website\",\"url\":\"https:\/\/www.noticiasradioreflejos.com.ar\/2021\/\",\"name\":\"Noticias Radio Reflejos\",\"description\":\"Las noticias de mi comarca\",\"potentialAction\":[{\"@type\":\"SearchAction\",\"target\":{\"@type\":\"EntryPoint\",\"urlTemplate\":\"https:\/\/www.noticiasradioreflejos.com.ar\/2021\/?s={search_term_string}\"},\"query-input\":{\"@type\":\"PropertyValueSpecification\",\"valueRequired\":true,\"valueName\":\"search_term_string\"}}],\"inLanguage\":\"es\"},{\"@type\":\"Person\",\"@id\":\"https:\/\/www.noticiasradioreflejos.com.ar\/2021\/#\/schema\/person\/ad82545263dcc5ec0996818884fd5fb1\",\"name\":\"Arnaldo Botto\",\"image\":{\"@type\":\"ImageObject\",\"inLanguage\":\"es\",\"@id\":\"https:\/\/www.noticiasradioreflejos.com.ar\/2021\/#\/schema\/person\/image\/\",\"url\":\"https:\/\/secure.gravatar.com\/avatar\/55cb5e37c1efa326397366e6974cb338056df65cb50e7d64d1cf314e87504837?s=96&d=mm&r=g\",\"contentUrl\":\"https:\/\/secure.gravatar.com\/avatar\/55cb5e37c1efa326397366e6974cb338056df65cb50e7d64d1cf314e87504837?s=96&d=mm&r=g\",\"caption\":\"Arnaldo Botto\"},\"url\":\"https:\/\/www.noticiasradioreflejos.com.ar\/2021\/author\/arnaldo\/\"}]}<\/script>\n<!-- \/ Yoast SEO plugin. -->","yoast_head_json":{"title":"Uni\u00f3n realiza este s\u00e1bado su festival anual de pat\u00edn - Noticias Radio Reflejos","robots":{"index":"index","follow":"follow","max-snippet":"max-snippet:-1","max-image-preview":"max-image-preview:large","max-video-preview":"max-video-preview:-1"},"canonical":"https:\/\/www.noticiasradioreflejos.com.ar\/2021\/union-realiza-este-sabado-su-festival-anual-de-patin\/","og_locale":"es_ES","og_type":"article","og_title":"Uni\u00f3n realiza este s\u00e1bado su festival anual de pat\u00edn - Noticias Radio Reflejos","og_description":"Bajo la tem\u00e1tica \u2018Circo sobre ruedas\u2019, el venidero s\u00e1bado desde las 20 hs en el gimnasio \u2018Mariano Morteo\u2019 de su sede, el Club Uni\u00f3n de Tornquist realizar\u00e1 su festival anual de patinaje art\u00edstico.","og_url":"https:\/\/www.noticiasradioreflejos.com.ar\/2021\/union-realiza-este-sabado-su-festival-anual-de-patin\/","og_site_name":"Noticias Radio Reflejos","article_published_time":"2019-10-30T10:47:36+00:00","og_image":[{"url":"http:\/\/live.staticflickr.com\/65535\/48985042116_a8cdf170eb_w.jpg","type":"","width":"","height":""}],"author":"Arnaldo Botto","twitter_card":"summary_large_image","schema":{"@context":"https:\/\/schema.org","@graph":[{"@type":"WebPage","@id":"https:\/\/www.noticiasradioreflejos.com.ar\/2021\/union-realiza-este-sabado-su-festival-anual-de-patin\/","url":"https:\/\/www.noticiasradioreflejos.com.ar\/2021\/union-realiza-este-sabado-su-festival-anual-de-patin\/","name":"Uni\u00f3n realiza este s\u00e1bado su festival anual de pat\u00edn - Noticias Radio Reflejos","isPartOf":{"@id":"https:\/\/www.noticiasradioreflejos.com.ar\/2021\/#website"},"primaryImageOfPage":{"@id":"https:\/\/www.noticiasradioreflejos.com.ar\/2021\/union-realiza-este-sabado-su-festival-anual-de-patin\/#primaryimage"},"image":{"@id":"https:\/\/www.noticiasradioreflejos.com.ar\/2021\/union-realiza-este-sabado-su-festival-anual-de-patin\/#primaryimage"},"thumbnailUrl":"http:\/\/live.staticflickr.com\/65535\/48985042116_a8cdf170eb_w.jpg","datePublished":"2019-10-30T10:47:36+00:00","author":{"@id":"https:\/\/www.noticiasradioreflejos.com.ar\/2021\/#\/schema\/person\/ad82545263dcc5ec0996818884fd5fb1"},"breadcrumb":{"@id":"https:\/\/www.noticiasradioreflejos.com.ar\/2021\/union-realiza-este-sabado-su-festival-anual-de-patin\/#breadcrumb"},"inLanguage":"es","potentialAction":[{"@type":"ReadAction","target":["https:\/\/www.noticiasradioreflejos.com.ar\/2021\/union-realiza-este-sabado-su-festival-anual-de-patin\/"]}]},{"@type":"ImageObject","inLanguage":"es","@id":"https:\/\/www.noticiasradioreflejos.com.ar\/2021\/union-realiza-este-sabado-su-festival-anual-de-patin\/#primaryimage","url":"http:\/\/live.staticflickr.com\/65535\/48985042116_a8cdf170eb_w.jpg","contentUrl":"http:\/\/live.staticflickr.com\/65535\/48985042116_a8cdf170eb_w.jpg"},{"@type":"BreadcrumbList","@id":"https:\/\/www.noticiasradioreflejos.com.ar\/2021\/union-realiza-este-sabado-su-festival-anual-de-patin\/#breadcrumb","itemListElement":[{"@type":"ListItem","position":1,"name":"Portada","item":"https:\/\/www.noticiasradioreflejos.com.ar\/2021\/"},{"@type":"ListItem","position":2,"name":"Uni\u00f3n realiza este s\u00e1bado su festival anual de pat\u00edn"}]},{"@type":"WebSite","@id":"https:\/\/www.noticiasradioreflejos.com.ar\/2021\/#website","url":"https:\/\/www.noticiasradioreflejos.com.ar\/2021\/","name":"Noticias Radio Reflejos","description":"Las noticias de mi comarca","potentialAction":[{"@type":"SearchAction","target":{"@type":"EntryPoint","urlTemplate":"https:\/\/www.noticiasradioreflejos.com.ar\/2021\/?s={search_term_string}"},"query-input":{"@type":"PropertyValueSpecification","valueRequired":true,"valueName":"search_term_string"}}],"inLanguage":"es"},{"@type":"Person","@id":"https:\/\/www.noticiasradioreflejos.com.ar\/2021\/#\/schema\/person\/ad82545263dcc5ec0996818884fd5fb1","name":"Arnaldo Botto","image":{"@type":"ImageObject","inLanguage":"es","@id":"https:\/\/www.noticiasradioreflejos.com.ar\/2021\/#\/schema\/person\/image\/","url":"https:\/\/secure.gravatar.com\/avatar\/55cb5e37c1efa326397366e6974cb338056df65cb50e7d64d1cf314e87504837?s=96&d=mm&r=g","contentUrl":"https:\/\/secure.gravatar.com\/avatar\/55cb5e37c1efa326397366e6974cb338056df65cb50e7d64d1cf314e87504837?s=96&d=mm&r=g","caption":"Arnaldo Botto"},"url":"https:\/\/www.noticiasradioreflejos.com.ar\/2021\/author\/arnaldo\/"}]}},"_links":{"self":[{"href":"https:\/\/www.noticiasradioreflejos.com.ar\/2021\/wp-json\/wp\/v2\/posts\/35971","targetHints":{"allow":["GET"]}}],"collection":[{"href":"https:\/\/www.noticiasradioreflejos.com.ar\/2021\/wp-json\/wp\/v2\/posts"}],"about":[{"href":"https:\/\/www.noticiasradioreflejos.com.ar\/2021\/wp-json\/wp\/v2\/types\/post"}],"author":[{"embeddable":true,"href":"https:\/\/www.noticiasradioreflejos.com.ar\/2021\/wp-json\/wp\/v2\/users\/3"}],"replies":[{"embeddable":true,"href":"https:\/\/www.noticiasradioreflejos.com.ar\/2021\/wp-json\/wp\/v2\/comments?post=35971"}],"version-history":[{"count":0,"href":"https:\/\/www.noticiasradioreflejos.com.ar\/2021\/wp-json\/wp\/v2\/posts\/35971\/revisions"}],"wp:attachment":[{"href":"https:\/\/www.noticiasradioreflejos.com.ar\/2021\/wp-json\/wp\/v2\/media?parent=35971"}],"wp:term":[{"taxonomy":"category","embeddable":true,"href":"https:\/\/www.noticiasradioreflejos.com.ar\/2021\/wp-json\/wp\/v2\/categories?post=35971"},{"taxonomy":"post_tag","embeddable":true,"href":"https:\/\/www.noticiasradioreflejos.com.ar\/2021\/wp-json\/wp\/v2\/tags?post=35971"}],"curies":[{"name":"wp","href":"https:\/\/api.w.org\/{rel}","templated":true}]}}