{"id":35963,"date":"2019-10-29T18:37:51","date_gmt":"2019-10-29T21:37:51","guid":{"rendered":"http:\/\/www.noticiasradioreflejos.com.ar\/noticias\/?p=35963"},"modified":"2019-10-29T18:37:51","modified_gmt":"2019-10-29T21:37:51","slug":"se-realizo-la-muestra-anual-de-los-talleres-de-teatro-para-ninos","status":"publish","type":"post","link":"https:\/\/www.noticiasradioreflejos.com.ar\/2021\/se-realizo-la-muestra-anual-de-los-talleres-de-teatro-para-ninos\/","title":{"rendered":"Se realiz\u00f3 la muestra anual de los talleres de teatro para ni\u00f1os"},"content":{"rendered":"<p><a href=\"http:\/\/live.staticflickr.com\/65535\/48982579296_2e35aa49db_s.jpg\" title=\"WhatsApp Image 2019-10-29 at 13.43.19\" rel=\"\"><img loading=\"lazy\" decoding=\"async\" src=\"http:\/\/live.staticflickr.com\/65535\/48982579296_2e35aa49db.jpg\" width=\"500\" height=\"333\" alt=\"WhatsApp Image 2019-10-29 at 13.43.19\" title=\"WhatsApp Image 2019-10-29 at 13.43.19\" class=\"alignleft\" style=\"float: left;\"><\/a>El taller de teatro para ni\u00f1os que ofrece el Municipio de manera gratuita a trav\u00e9s del \u00e1rea de Cultura, realizo ayer, lunes 28, la muestra de fin de a\u00f1o en el Teatro municipal \u201cRodolfo Funke\u201d.<!--more--><br \/>\nA sala llena los 43 chicos que componen el grupo infantil desplegaron todo lo aprendido durante el a\u00f1o. Los m\u00e1s peque\u00f1os, de 2 a 5 a\u00f1os, interpretaron \u201cUn d\u00eda de paseo\u201d, y los grupos de 6 a 12 a\u00f1os presentaron \u201cPlaneta zombie\u201d y \u201cSuperh\u00e9roes y villanos\u201d.<br \/>\nLa profesora, Julieta Braun, present\u00f3 a sus alumnos y agradeci\u00f3 a las familias por acompa\u00f1ar a los chicos.<br \/>\nPosteriormente el intendente Sergio Bordoni, junto a la directora de Cultura, Noeli Kloster, entreg\u00f3 a cada alumno su diploma.<br \/>\n<a href=\"http:\/\/live.staticflickr.com\/65535\/48982020328_66470961f9_s.jpg\" title=\"WhatsApp Image 2019-10-29 at 13.43.20 (2)\" rel=\"\"><img loading=\"lazy\" decoding=\"async\" src=\"http:\/\/live.staticflickr.com\/65535\/48982020328_66470961f9_z.jpg\" width=\"640\" height=\"427\" alt=\"WhatsApp Image 2019-10-29 at 13.43.20 (2)\" title=\"WhatsApp Image 2019-10-29 at 13.43.20 (2)\"><\/a><a href=\"http:\/\/live.staticflickr.com\/65535\/48982579406_33c521882a_s.jpg\" title=\"WhatsApp Image 2019-10-29 at 13.43.20 (1)\" rel=\"\"><img loading=\"lazy\" decoding=\"async\" src=\"http:\/\/live.staticflickr.com\/65535\/48982579406_33c521882a_z.jpg\" width=\"640\" height=\"427\" alt=\"WhatsApp Image 2019-10-29 at 13.43.20 (1)\" title=\"WhatsApp Image 2019-10-29 at 13.43.20 (1)\" class=\"aligncenter\"><\/a><a href=\"http:\/\/live.staticflickr.com\/65535\/48982020058_4676984f0c_s.jpg\" title=\"WhatsApp Image 2019-10-29 at 13.43.30\" rel=\"\"><img loading=\"lazy\" decoding=\"async\" src=\"http:\/\/live.staticflickr.com\/65535\/48982020058_4676984f0c_z.jpg\" width=\"640\" height=\"427\" alt=\"WhatsApp Image 2019-10-29 at 13.43.30\" title=\"WhatsApp Image 2019-10-29 at 13.43.30\" class=\"aligncenter\"><\/a><\/p>\n","protected":false},"excerpt":{"rendered":"<p>El taller de teatro para ni\u00f1os que ofrece el Municipio de manera gratuita a trav\u00e9s del \u00e1rea de Cultura, realizo ayer, lunes 28, la muestra de fin de a\u00f1o en el Teatro municipal \u201cRodolfo Funke\u201d.<\/p>\n","protected":false},"author":3,"featured_media":0,"comment_status":"closed","ping_status":"open","sticky":false,"template":"","format":"standard","meta":{"footnotes":""},"categories":[35],"tags":[],"class_list":["post-35963","post","type-post","status-publish","format-standard","hentry","category-cultura"],"yoast_head":"<!-- This site is optimized with the Yoast SEO plugin v25.9 - https:\/\/yoast.com\/wordpress\/plugins\/seo\/ -->\n<title>Se realiz\u00f3 la muestra anual de los talleres de teatro para ni\u00f1os - Noticias Radio Reflejos<\/title>\n<meta name=\"robots\" content=\"index, follow, max-snippet:-1, max-image-preview:large, max-video-preview:-1\" \/>\n<link rel=\"canonical\" href=\"https:\/\/www.noticiasradioreflejos.com.ar\/2021\/se-realizo-la-muestra-anual-de-los-talleres-de-teatro-para-ninos\/\" \/>\n<meta property=\"og:locale\" content=\"es_ES\" \/>\n<meta property=\"og:type\" content=\"article\" \/>\n<meta property=\"og:title\" content=\"Se realiz\u00f3 la muestra anual de los talleres de teatro para ni\u00f1os - Noticias Radio Reflejos\" \/>\n<meta property=\"og:description\" content=\"El taller de teatro para ni\u00f1os que ofrece el Municipio de manera gratuita a trav\u00e9s del \u00e1rea de Cultura, realizo ayer, lunes 28, la muestra de fin de a\u00f1o en el Teatro municipal \u201cRodolfo Funke\u201d.\" \/>\n<meta property=\"og:url\" content=\"https:\/\/www.noticiasradioreflejos.com.ar\/2021\/se-realizo-la-muestra-anual-de-los-talleres-de-teatro-para-ninos\/\" \/>\n<meta property=\"og:site_name\" content=\"Noticias Radio Reflejos\" \/>\n<meta property=\"article:published_time\" content=\"2019-10-29T21:37:51+00:00\" \/>\n<meta property=\"og:image\" content=\"http:\/\/live.staticflickr.com\/65535\/48982579296_2e35aa49db.jpg\" \/>\n<meta name=\"author\" content=\"Arnaldo Botto\" \/>\n<meta name=\"twitter:card\" content=\"summary_large_image\" \/>\n<script type=\"application\/ld+json\" class=\"yoast-schema-graph\">{\"@context\":\"https:\/\/schema.org\",\"@graph\":[{\"@type\":\"WebPage\",\"@id\":\"https:\/\/www.noticiasradioreflejos.com.ar\/2021\/se-realizo-la-muestra-anual-de-los-talleres-de-teatro-para-ninos\/\",\"url\":\"https:\/\/www.noticiasradioreflejos.com.ar\/2021\/se-realizo-la-muestra-anual-de-los-talleres-de-teatro-para-ninos\/\",\"name\":\"Se realiz\u00f3 la muestra anual de los talleres de teatro para ni\u00f1os - Noticias Radio Reflejos\",\"isPartOf\":{\"@id\":\"https:\/\/www.noticiasradioreflejos.com.ar\/2021\/#website\"},\"primaryImageOfPage\":{\"@id\":\"https:\/\/www.noticiasradioreflejos.com.ar\/2021\/se-realizo-la-muestra-anual-de-los-talleres-de-teatro-para-ninos\/#primaryimage\"},\"image\":{\"@id\":\"https:\/\/www.noticiasradioreflejos.com.ar\/2021\/se-realizo-la-muestra-anual-de-los-talleres-de-teatro-para-ninos\/#primaryimage\"},\"thumbnailUrl\":\"http:\/\/live.staticflickr.com\/65535\/48982579296_2e35aa49db.jpg\",\"datePublished\":\"2019-10-29T21:37:51+00:00\",\"author\":{\"@id\":\"https:\/\/www.noticiasradioreflejos.com.ar\/2021\/#\/schema\/person\/ad82545263dcc5ec0996818884fd5fb1\"},\"breadcrumb\":{\"@id\":\"https:\/\/www.noticiasradioreflejos.com.ar\/2021\/se-realizo-la-muestra-anual-de-los-talleres-de-teatro-para-ninos\/#breadcrumb\"},\"inLanguage\":\"es\",\"potentialAction\":[{\"@type\":\"ReadAction\",\"target\":[\"https:\/\/www.noticiasradioreflejos.com.ar\/2021\/se-realizo-la-muestra-anual-de-los-talleres-de-teatro-para-ninos\/\"]}]},{\"@type\":\"ImageObject\",\"inLanguage\":\"es\",\"@id\":\"https:\/\/www.noticiasradioreflejos.com.ar\/2021\/se-realizo-la-muestra-anual-de-los-talleres-de-teatro-para-ninos\/#primaryimage\",\"url\":\"http:\/\/live.staticflickr.com\/65535\/48982579296_2e35aa49db.jpg\",\"contentUrl\":\"http:\/\/live.staticflickr.com\/65535\/48982579296_2e35aa49db.jpg\"},{\"@type\":\"BreadcrumbList\",\"@id\":\"https:\/\/www.noticiasradioreflejos.com.ar\/2021\/se-realizo-la-muestra-anual-de-los-talleres-de-teatro-para-ninos\/#breadcrumb\",\"itemListElement\":[{\"@type\":\"ListItem\",\"position\":1,\"name\":\"Portada\",\"item\":\"https:\/\/www.noticiasradioreflejos.com.ar\/2021\/\"},{\"@type\":\"ListItem\",\"position\":2,\"name\":\"Se realiz\u00f3 la muestra anual de los talleres de teatro para ni\u00f1os\"}]},{\"@type\":\"WebSite\",\"@id\":\"https:\/\/www.noticiasradioreflejos.com.ar\/2021\/#website\",\"url\":\"https:\/\/www.noticiasradioreflejos.com.ar\/2021\/\",\"name\":\"Noticias Radio Reflejos\",\"description\":\"Las noticias de mi comarca\",\"potentialAction\":[{\"@type\":\"SearchAction\",\"target\":{\"@type\":\"EntryPoint\",\"urlTemplate\":\"https:\/\/www.noticiasradioreflejos.com.ar\/2021\/?s={search_term_string}\"},\"query-input\":{\"@type\":\"PropertyValueSpecification\",\"valueRequired\":true,\"valueName\":\"search_term_string\"}}],\"inLanguage\":\"es\"},{\"@type\":\"Person\",\"@id\":\"https:\/\/www.noticiasradioreflejos.com.ar\/2021\/#\/schema\/person\/ad82545263dcc5ec0996818884fd5fb1\",\"name\":\"Arnaldo Botto\",\"image\":{\"@type\":\"ImageObject\",\"inLanguage\":\"es\",\"@id\":\"https:\/\/www.noticiasradioreflejos.com.ar\/2021\/#\/schema\/person\/image\/\",\"url\":\"https:\/\/secure.gravatar.com\/avatar\/55cb5e37c1efa326397366e6974cb338056df65cb50e7d64d1cf314e87504837?s=96&d=mm&r=g\",\"contentUrl\":\"https:\/\/secure.gravatar.com\/avatar\/55cb5e37c1efa326397366e6974cb338056df65cb50e7d64d1cf314e87504837?s=96&d=mm&r=g\",\"caption\":\"Arnaldo Botto\"},\"url\":\"https:\/\/www.noticiasradioreflejos.com.ar\/2021\/author\/arnaldo\/\"}]}<\/script>\n<!-- \/ Yoast SEO plugin. -->","yoast_head_json":{"title":"Se realiz\u00f3 la muestra anual de los talleres de teatro para ni\u00f1os - Noticias Radio Reflejos","robots":{"index":"index","follow":"follow","max-snippet":"max-snippet:-1","max-image-preview":"max-image-preview:large","max-video-preview":"max-video-preview:-1"},"canonical":"https:\/\/www.noticiasradioreflejos.com.ar\/2021\/se-realizo-la-muestra-anual-de-los-talleres-de-teatro-para-ninos\/","og_locale":"es_ES","og_type":"article","og_title":"Se realiz\u00f3 la muestra anual de los talleres de teatro para ni\u00f1os - Noticias Radio Reflejos","og_description":"El taller de teatro para ni\u00f1os que ofrece el Municipio de manera gratuita a trav\u00e9s del \u00e1rea de Cultura, realizo ayer, lunes 28, la muestra de fin de a\u00f1o en el Teatro municipal \u201cRodolfo Funke\u201d.","og_url":"https:\/\/www.noticiasradioreflejos.com.ar\/2021\/se-realizo-la-muestra-anual-de-los-talleres-de-teatro-para-ninos\/","og_site_name":"Noticias Radio Reflejos","article_published_time":"2019-10-29T21:37:51+00:00","og_image":[{"url":"http:\/\/live.staticflickr.com\/65535\/48982579296_2e35aa49db.jpg","type":"","width":"","height":""}],"author":"Arnaldo Botto","twitter_card":"summary_large_image","schema":{"@context":"https:\/\/schema.org","@graph":[{"@type":"WebPage","@id":"https:\/\/www.noticiasradioreflejos.com.ar\/2021\/se-realizo-la-muestra-anual-de-los-talleres-de-teatro-para-ninos\/","url":"https:\/\/www.noticiasradioreflejos.com.ar\/2021\/se-realizo-la-muestra-anual-de-los-talleres-de-teatro-para-ninos\/","name":"Se realiz\u00f3 la muestra anual de los talleres de teatro para ni\u00f1os - Noticias Radio Reflejos","isPartOf":{"@id":"https:\/\/www.noticiasradioreflejos.com.ar\/2021\/#website"},"primaryImageOfPage":{"@id":"https:\/\/www.noticiasradioreflejos.com.ar\/2021\/se-realizo-la-muestra-anual-de-los-talleres-de-teatro-para-ninos\/#primaryimage"},"image":{"@id":"https:\/\/www.noticiasradioreflejos.com.ar\/2021\/se-realizo-la-muestra-anual-de-los-talleres-de-teatro-para-ninos\/#primaryimage"},"thumbnailUrl":"http:\/\/live.staticflickr.com\/65535\/48982579296_2e35aa49db.jpg","datePublished":"2019-10-29T21:37:51+00:00","author":{"@id":"https:\/\/www.noticiasradioreflejos.com.ar\/2021\/#\/schema\/person\/ad82545263dcc5ec0996818884fd5fb1"},"breadcrumb":{"@id":"https:\/\/www.noticiasradioreflejos.com.ar\/2021\/se-realizo-la-muestra-anual-de-los-talleres-de-teatro-para-ninos\/#breadcrumb"},"inLanguage":"es","potentialAction":[{"@type":"ReadAction","target":["https:\/\/www.noticiasradioreflejos.com.ar\/2021\/se-realizo-la-muestra-anual-de-los-talleres-de-teatro-para-ninos\/"]}]},{"@type":"ImageObject","inLanguage":"es","@id":"https:\/\/www.noticiasradioreflejos.com.ar\/2021\/se-realizo-la-muestra-anual-de-los-talleres-de-teatro-para-ninos\/#primaryimage","url":"http:\/\/live.staticflickr.com\/65535\/48982579296_2e35aa49db.jpg","contentUrl":"http:\/\/live.staticflickr.com\/65535\/48982579296_2e35aa49db.jpg"},{"@type":"BreadcrumbList","@id":"https:\/\/www.noticiasradioreflejos.com.ar\/2021\/se-realizo-la-muestra-anual-de-los-talleres-de-teatro-para-ninos\/#breadcrumb","itemListElement":[{"@type":"ListItem","position":1,"name":"Portada","item":"https:\/\/www.noticiasradioreflejos.com.ar\/2021\/"},{"@type":"ListItem","position":2,"name":"Se realiz\u00f3 la muestra anual de los talleres de teatro para ni\u00f1os"}]},{"@type":"WebSite","@id":"https:\/\/www.noticiasradioreflejos.com.ar\/2021\/#website","url":"https:\/\/www.noticiasradioreflejos.com.ar\/2021\/","name":"Noticias Radio Reflejos","description":"Las noticias de mi comarca","potentialAction":[{"@type":"SearchAction","target":{"@type":"EntryPoint","urlTemplate":"https:\/\/www.noticiasradioreflejos.com.ar\/2021\/?s={search_term_string}"},"query-input":{"@type":"PropertyValueSpecification","valueRequired":true,"valueName":"search_term_string"}}],"inLanguage":"es"},{"@type":"Person","@id":"https:\/\/www.noticiasradioreflejos.com.ar\/2021\/#\/schema\/person\/ad82545263dcc5ec0996818884fd5fb1","name":"Arnaldo Botto","image":{"@type":"ImageObject","inLanguage":"es","@id":"https:\/\/www.noticiasradioreflejos.com.ar\/2021\/#\/schema\/person\/image\/","url":"https:\/\/secure.gravatar.com\/avatar\/55cb5e37c1efa326397366e6974cb338056df65cb50e7d64d1cf314e87504837?s=96&d=mm&r=g","contentUrl":"https:\/\/secure.gravatar.com\/avatar\/55cb5e37c1efa326397366e6974cb338056df65cb50e7d64d1cf314e87504837?s=96&d=mm&r=g","caption":"Arnaldo Botto"},"url":"https:\/\/www.noticiasradioreflejos.com.ar\/2021\/author\/arnaldo\/"}]}},"_links":{"self":[{"href":"https:\/\/www.noticiasradioreflejos.com.ar\/2021\/wp-json\/wp\/v2\/posts\/35963","targetHints":{"allow":["GET"]}}],"collection":[{"href":"https:\/\/www.noticiasradioreflejos.com.ar\/2021\/wp-json\/wp\/v2\/posts"}],"about":[{"href":"https:\/\/www.noticiasradioreflejos.com.ar\/2021\/wp-json\/wp\/v2\/types\/post"}],"author":[{"embeddable":true,"href":"https:\/\/www.noticiasradioreflejos.com.ar\/2021\/wp-json\/wp\/v2\/users\/3"}],"replies":[{"embeddable":true,"href":"https:\/\/www.noticiasradioreflejos.com.ar\/2021\/wp-json\/wp\/v2\/comments?post=35963"}],"version-history":[{"count":0,"href":"https:\/\/www.noticiasradioreflejos.com.ar\/2021\/wp-json\/wp\/v2\/posts\/35963\/revisions"}],"wp:attachment":[{"href":"https:\/\/www.noticiasradioreflejos.com.ar\/2021\/wp-json\/wp\/v2\/media?parent=35963"}],"wp:term":[{"taxonomy":"category","embeddable":true,"href":"https:\/\/www.noticiasradioreflejos.com.ar\/2021\/wp-json\/wp\/v2\/categories?post=35963"},{"taxonomy":"post_tag","embeddable":true,"href":"https:\/\/www.noticiasradioreflejos.com.ar\/2021\/wp-json\/wp\/v2\/tags?post=35963"}],"curies":[{"name":"wp","href":"https:\/\/api.w.org\/{rel}","templated":true}]}}