{"id":359,"date":"2016-09-01T21:11:11","date_gmt":"2016-09-01T21:11:11","guid":{"rendered":"http:\/\/noticiasradioreflejos.com.ar\/noticias\/?p=359"},"modified":"2016-09-01T21:11:11","modified_gmt":"2016-09-01T21:11:11","slug":"comienza-la-veda-de-pesca-de-pejerrey-en-la-provincia-de-buenos-aires","status":"publish","type":"post","link":"https:\/\/www.noticiasradioreflejos.com.ar\/2021\/comienza-la-veda-de-pesca-de-pejerrey-en-la-provincia-de-buenos-aires\/","title":{"rendered":"Comienza la veda de pesca de pejerrey en la Provincia de Buenos Aires"},"content":{"rendered":"<p>El Ministerio de Agroindustria de la provincia de Buenos Aires, a trav\u00e9s de la Direcci\u00f3n Provincial de Pesca, informa que desde el 1 de septiembre y hasta el 30 de noviembre pr\u00f3ximo, rige la veda de pesca del pejerrey en todo el territorio de la bonaerense. En el per\u00edodo, establecido por la Disposici\u00f3n N\u00b0 89\/08, queda prohibida la realizaci\u00f3n de toda competencia deportiva que se halle relacionada con el pejerrey y las actividades de pesca comercial en ambientes de aguas interiores provinciales, permiti\u00e9ndose \u00fanicamente la pr\u00e1ctica de la pesca deportiva y recreativa de pejerrey los d\u00edas s\u00e1bados, domingos y feriados, respetando el n\u00famero m\u00e1ximo de piezas a extraer por pescador y por d\u00eda.<!--more--><br \/>\nEn tanto, en la laguna de Chasic\u00f3 (partidos de Villarino y Pu\u00e1n) se permite pescar, adem\u00e1s, los d\u00edas viernes. La Direcci\u00f3n Provincial de Pesca detall\u00f3 que el n\u00famero m\u00e1ximo de piezas de pejerrey a extraer por pescador y por d\u00eda, en las lagunas provinciales y la alb\u00fafera Mar Chiquita (aguas interiores hasta puente del CELPA) ser\u00e1n los siguientes:<br \/>\n30 para la laguna de Chasic\u00f3; 20 para las lagunas de Cochic\u00f3 (Guamin\u00ed) e Hinojo Grande (Trenque Lauquen); 15 para La Salada Grande (Gral. Madariaga y Gral. Lavalle); Cuero de Zorro (Rivadavia y Trenque Lauquen); De G\u00f3mez (Jun\u00edn); La Brava (Balcarce); La Salada de Coronel Granada (De Gral. Pinto); Sauce Grande (Monte Hermoso); Albufera (Mar Chiquita); y Alsina (Guamin\u00ed); y 10 piezas para el resto de las lagunas bonaerenses.<br \/>\nPara los cursos de agua interiores bonaerenses (r\u00edos, arroyos y canales) el m\u00e1ximo de piezas de Pejerrey a extraer por pescador y por d\u00eda ser\u00e1 de 15. Queda excluido de los alcances de la veda el R\u00edo de La Plata y la regi\u00f3n del Delta del Paran\u00e1, bajo jurisdicci\u00f3n de la Provincia de Buenos Aires.<br \/>\nAdem\u00e1s, se recuerda que durante la vigencia de la disposici\u00f3n se proh\u00edbe la pr\u00e1ctica de moton\u00e1utica, y las embarcaciones con motor fuera de borda de combusti\u00f3n interna podr\u00e1n navegar a una velocidad m\u00e1xima de 15 Km\/h.<\/p>\n","protected":false},"excerpt":{"rendered":"<p>El Ministerio de Agroindustria de la provincia de Buenos Aires, a trav\u00e9s de la Direcci\u00f3n Provincial de Pesca, informa que desde el 1 de septiembre y hasta el 30 de noviembre pr\u00f3ximo, rige la veda de pesca del pejerrey en todo el territorio de la bonaerense. En el per\u00edodo, establecido por la Disposici\u00f3n N\u00b0 89\/08, [&hellip;]<\/p>\n","protected":false},"author":3,"featured_media":0,"comment_status":"closed","ping_status":"open","sticky":false,"template":"","format":"standard","meta":{"footnotes":""},"categories":[33],"tags":[],"class_list":["post-359","post","type-post","status-publish","format-standard","hentry","category-turismo"],"yoast_head":"<!-- This site is optimized with the Yoast SEO plugin v25.9 - https:\/\/yoast.com\/wordpress\/plugins\/seo\/ -->\n<title>Comienza la veda de pesca de pejerrey en la Provincia de Buenos Aires - Noticias Radio Reflejos<\/title>\n<meta name=\"robots\" content=\"index, follow, max-snippet:-1, max-image-preview:large, max-video-preview:-1\" \/>\n<link rel=\"canonical\" href=\"https:\/\/www.noticiasradioreflejos.com.ar\/2021\/comienza-la-veda-de-pesca-de-pejerrey-en-la-provincia-de-buenos-aires\/\" \/>\n<meta property=\"og:locale\" content=\"es_ES\" \/>\n<meta property=\"og:type\" content=\"article\" \/>\n<meta property=\"og:title\" content=\"Comienza la veda de pesca de pejerrey en la Provincia de Buenos Aires - Noticias Radio Reflejos\" \/>\n<meta property=\"og:description\" content=\"El Ministerio de Agroindustria de la provincia de Buenos Aires, a trav\u00e9s de la Direcci\u00f3n Provincial de Pesca, informa que desde el 1 de septiembre y hasta el 30 de noviembre pr\u00f3ximo, rige la veda de pesca del pejerrey en todo el territorio de la bonaerense. En el per\u00edodo, establecido por la Disposici\u00f3n N\u00b0 89\/08, [&hellip;]\" \/>\n<meta property=\"og:url\" content=\"https:\/\/www.noticiasradioreflejos.com.ar\/2021\/comienza-la-veda-de-pesca-de-pejerrey-en-la-provincia-de-buenos-aires\/\" \/>\n<meta property=\"og:site_name\" content=\"Noticias Radio Reflejos\" \/>\n<meta property=\"article:published_time\" content=\"2016-09-01T21:11:11+00:00\" \/>\n<meta property=\"og:image\" content=\"https:\/\/www.noticiasradioreflejos.com.ar\/2021\/wp-content\/uploads\/2021\/07\/logosol300x200.png\" \/>\n\t<meta property=\"og:image:width\" content=\"300\" \/>\n\t<meta property=\"og:image:height\" content=\"200\" \/>\n\t<meta property=\"og:image:type\" content=\"image\/png\" \/>\n<meta name=\"author\" content=\"Arnaldo Botto\" \/>\n<meta name=\"twitter:card\" content=\"summary_large_image\" \/>\n<script type=\"application\/ld+json\" class=\"yoast-schema-graph\">{\"@context\":\"https:\/\/schema.org\",\"@graph\":[{\"@type\":\"WebPage\",\"@id\":\"https:\/\/www.noticiasradioreflejos.com.ar\/2021\/comienza-la-veda-de-pesca-de-pejerrey-en-la-provincia-de-buenos-aires\/\",\"url\":\"https:\/\/www.noticiasradioreflejos.com.ar\/2021\/comienza-la-veda-de-pesca-de-pejerrey-en-la-provincia-de-buenos-aires\/\",\"name\":\"Comienza la veda de pesca de pejerrey en la Provincia de Buenos Aires - Noticias Radio Reflejos\",\"isPartOf\":{\"@id\":\"https:\/\/www.noticiasradioreflejos.com.ar\/2021\/#website\"},\"datePublished\":\"2016-09-01T21:11:11+00:00\",\"author\":{\"@id\":\"https:\/\/www.noticiasradioreflejos.com.ar\/2021\/#\/schema\/person\/ad82545263dcc5ec0996818884fd5fb1\"},\"breadcrumb\":{\"@id\":\"https:\/\/www.noticiasradioreflejos.com.ar\/2021\/comienza-la-veda-de-pesca-de-pejerrey-en-la-provincia-de-buenos-aires\/#breadcrumb\"},\"inLanguage\":\"es\",\"potentialAction\":[{\"@type\":\"ReadAction\",\"target\":[\"https:\/\/www.noticiasradioreflejos.com.ar\/2021\/comienza-la-veda-de-pesca-de-pejerrey-en-la-provincia-de-buenos-aires\/\"]}]},{\"@type\":\"BreadcrumbList\",\"@id\":\"https:\/\/www.noticiasradioreflejos.com.ar\/2021\/comienza-la-veda-de-pesca-de-pejerrey-en-la-provincia-de-buenos-aires\/#breadcrumb\",\"itemListElement\":[{\"@type\":\"ListItem\",\"position\":1,\"name\":\"Portada\",\"item\":\"https:\/\/www.noticiasradioreflejos.com.ar\/2021\/\"},{\"@type\":\"ListItem\",\"position\":2,\"name\":\"Comienza la veda de pesca de pejerrey en la Provincia de Buenos Aires\"}]},{\"@type\":\"WebSite\",\"@id\":\"https:\/\/www.noticiasradioreflejos.com.ar\/2021\/#website\",\"url\":\"https:\/\/www.noticiasradioreflejos.com.ar\/2021\/\",\"name\":\"Noticias Radio Reflejos\",\"description\":\"Las noticias de mi comarca\",\"potentialAction\":[{\"@type\":\"SearchAction\",\"target\":{\"@type\":\"EntryPoint\",\"urlTemplate\":\"https:\/\/www.noticiasradioreflejos.com.ar\/2021\/?s={search_term_string}\"},\"query-input\":{\"@type\":\"PropertyValueSpecification\",\"valueRequired\":true,\"valueName\":\"search_term_string\"}}],\"inLanguage\":\"es\"},{\"@type\":\"Person\",\"@id\":\"https:\/\/www.noticiasradioreflejos.com.ar\/2021\/#\/schema\/person\/ad82545263dcc5ec0996818884fd5fb1\",\"name\":\"Arnaldo Botto\",\"image\":{\"@type\":\"ImageObject\",\"inLanguage\":\"es\",\"@id\":\"https:\/\/www.noticiasradioreflejos.com.ar\/2021\/#\/schema\/person\/image\/\",\"url\":\"https:\/\/secure.gravatar.com\/avatar\/55cb5e37c1efa326397366e6974cb338056df65cb50e7d64d1cf314e87504837?s=96&d=mm&r=g\",\"contentUrl\":\"https:\/\/secure.gravatar.com\/avatar\/55cb5e37c1efa326397366e6974cb338056df65cb50e7d64d1cf314e87504837?s=96&d=mm&r=g\",\"caption\":\"Arnaldo Botto\"},\"url\":\"https:\/\/www.noticiasradioreflejos.com.ar\/2021\/author\/arnaldo\/\"}]}<\/script>\n<!-- \/ Yoast SEO plugin. -->","yoast_head_json":{"title":"Comienza la veda de pesca de pejerrey en la Provincia de Buenos Aires - Noticias Radio Reflejos","robots":{"index":"index","follow":"follow","max-snippet":"max-snippet:-1","max-image-preview":"max-image-preview:large","max-video-preview":"max-video-preview:-1"},"canonical":"https:\/\/www.noticiasradioreflejos.com.ar\/2021\/comienza-la-veda-de-pesca-de-pejerrey-en-la-provincia-de-buenos-aires\/","og_locale":"es_ES","og_type":"article","og_title":"Comienza la veda de pesca de pejerrey en la Provincia de Buenos Aires - Noticias Radio Reflejos","og_description":"El Ministerio de Agroindustria de la provincia de Buenos Aires, a trav\u00e9s de la Direcci\u00f3n Provincial de Pesca, informa que desde el 1 de septiembre y hasta el 30 de noviembre pr\u00f3ximo, rige la veda de pesca del pejerrey en todo el territorio de la bonaerense. En el per\u00edodo, establecido por la Disposici\u00f3n N\u00b0 89\/08, [&hellip;]","og_url":"https:\/\/www.noticiasradioreflejos.com.ar\/2021\/comienza-la-veda-de-pesca-de-pejerrey-en-la-provincia-de-buenos-aires\/","og_site_name":"Noticias Radio Reflejos","article_published_time":"2016-09-01T21:11:11+00:00","og_image":[{"width":300,"height":200,"url":"https:\/\/www.noticiasradioreflejos.com.ar\/2021\/wp-content\/uploads\/2021\/07\/logosol300x200.png","type":"image\/png"}],"author":"Arnaldo Botto","twitter_card":"summary_large_image","schema":{"@context":"https:\/\/schema.org","@graph":[{"@type":"WebPage","@id":"https:\/\/www.noticiasradioreflejos.com.ar\/2021\/comienza-la-veda-de-pesca-de-pejerrey-en-la-provincia-de-buenos-aires\/","url":"https:\/\/www.noticiasradioreflejos.com.ar\/2021\/comienza-la-veda-de-pesca-de-pejerrey-en-la-provincia-de-buenos-aires\/","name":"Comienza la veda de pesca de pejerrey en la Provincia de Buenos Aires - Noticias Radio Reflejos","isPartOf":{"@id":"https:\/\/www.noticiasradioreflejos.com.ar\/2021\/#website"},"datePublished":"2016-09-01T21:11:11+00:00","author":{"@id":"https:\/\/www.noticiasradioreflejos.com.ar\/2021\/#\/schema\/person\/ad82545263dcc5ec0996818884fd5fb1"},"breadcrumb":{"@id":"https:\/\/www.noticiasradioreflejos.com.ar\/2021\/comienza-la-veda-de-pesca-de-pejerrey-en-la-provincia-de-buenos-aires\/#breadcrumb"},"inLanguage":"es","potentialAction":[{"@type":"ReadAction","target":["https:\/\/www.noticiasradioreflejos.com.ar\/2021\/comienza-la-veda-de-pesca-de-pejerrey-en-la-provincia-de-buenos-aires\/"]}]},{"@type":"BreadcrumbList","@id":"https:\/\/www.noticiasradioreflejos.com.ar\/2021\/comienza-la-veda-de-pesca-de-pejerrey-en-la-provincia-de-buenos-aires\/#breadcrumb","itemListElement":[{"@type":"ListItem","position":1,"name":"Portada","item":"https:\/\/www.noticiasradioreflejos.com.ar\/2021\/"},{"@type":"ListItem","position":2,"name":"Comienza la veda de pesca de pejerrey en la Provincia de Buenos Aires"}]},{"@type":"WebSite","@id":"https:\/\/www.noticiasradioreflejos.com.ar\/2021\/#website","url":"https:\/\/www.noticiasradioreflejos.com.ar\/2021\/","name":"Noticias Radio Reflejos","description":"Las noticias de mi comarca","potentialAction":[{"@type":"SearchAction","target":{"@type":"EntryPoint","urlTemplate":"https:\/\/www.noticiasradioreflejos.com.ar\/2021\/?s={search_term_string}"},"query-input":{"@type":"PropertyValueSpecification","valueRequired":true,"valueName":"search_term_string"}}],"inLanguage":"es"},{"@type":"Person","@id":"https:\/\/www.noticiasradioreflejos.com.ar\/2021\/#\/schema\/person\/ad82545263dcc5ec0996818884fd5fb1","name":"Arnaldo Botto","image":{"@type":"ImageObject","inLanguage":"es","@id":"https:\/\/www.noticiasradioreflejos.com.ar\/2021\/#\/schema\/person\/image\/","url":"https:\/\/secure.gravatar.com\/avatar\/55cb5e37c1efa326397366e6974cb338056df65cb50e7d64d1cf314e87504837?s=96&d=mm&r=g","contentUrl":"https:\/\/secure.gravatar.com\/avatar\/55cb5e37c1efa326397366e6974cb338056df65cb50e7d64d1cf314e87504837?s=96&d=mm&r=g","caption":"Arnaldo Botto"},"url":"https:\/\/www.noticiasradioreflejos.com.ar\/2021\/author\/arnaldo\/"}]}},"_links":{"self":[{"href":"https:\/\/www.noticiasradioreflejos.com.ar\/2021\/wp-json\/wp\/v2\/posts\/359","targetHints":{"allow":["GET"]}}],"collection":[{"href":"https:\/\/www.noticiasradioreflejos.com.ar\/2021\/wp-json\/wp\/v2\/posts"}],"about":[{"href":"https:\/\/www.noticiasradioreflejos.com.ar\/2021\/wp-json\/wp\/v2\/types\/post"}],"author":[{"embeddable":true,"href":"https:\/\/www.noticiasradioreflejos.com.ar\/2021\/wp-json\/wp\/v2\/users\/3"}],"replies":[{"embeddable":true,"href":"https:\/\/www.noticiasradioreflejos.com.ar\/2021\/wp-json\/wp\/v2\/comments?post=359"}],"version-history":[{"count":0,"href":"https:\/\/www.noticiasradioreflejos.com.ar\/2021\/wp-json\/wp\/v2\/posts\/359\/revisions"}],"wp:attachment":[{"href":"https:\/\/www.noticiasradioreflejos.com.ar\/2021\/wp-json\/wp\/v2\/media?parent=359"}],"wp:term":[{"taxonomy":"category","embeddable":true,"href":"https:\/\/www.noticiasradioreflejos.com.ar\/2021\/wp-json\/wp\/v2\/categories?post=359"},{"taxonomy":"post_tag","embeddable":true,"href":"https:\/\/www.noticiasradioreflejos.com.ar\/2021\/wp-json\/wp\/v2\/tags?post=359"}],"curies":[{"name":"wp","href":"https:\/\/api.w.org\/{rel}","templated":true}]}}