{"id":35861,"date":"2019-10-24T16:58:43","date_gmt":"2019-10-24T19:58:43","guid":{"rendered":"http:\/\/www.noticiasradioreflejos.com.ar\/noticias\/?p=35861"},"modified":"2019-10-24T16:58:43","modified_gmt":"2019-10-24T19:58:43","slug":"comenzaron-a-llegar-las-maquinas-para-la-cooperativa-textil","status":"publish","type":"post","link":"https:\/\/www.noticiasradioreflejos.com.ar\/2021\/comenzaron-a-llegar-las-maquinas-para-la-cooperativa-textil\/","title":{"rendered":"Comenzaron a llegar las m\u00e1quinas para la Cooperativa Textil"},"content":{"rendered":"<p><a title=\"WhatsApp-Image-2019-10-24-at-15.47.38-1024x768\" href=\"http:\/\/live.staticflickr.com\/65535\/48953769738_7ba34013cb_s.jpg\" rel=\"\"><img loading=\"lazy\" decoding=\"async\" class=\"alignleft\" style=\"float: left;\" title=\"WhatsApp-Image-2019-10-24-at-15.47.38-1024x768\" src=\"http:\/\/live.staticflickr.com\/65535\/48953769738_7ba34013cb_w.jpg\" alt=\"WhatsApp-Image-2019-10-24-at-15.47.38-1024x768\" width=\"400\" height=\"300\" \/><\/a>El intendente municipal Sergio Bordoni visit\u00f3 las instalaciones de la nueva Cooperativa Textil, que se encuentra pr\u00f3xima a inaugurarse.<br \/>\nCon motivo de la llegada de gran parte de la maquinar\u00eda que ser\u00e1n utilizadas para la confecci\u00f3n de ropa de blanco, el jefe comunal recorri\u00f3 y convers\u00f3 con las emprendedoras que se encontraban en el lugar, planificando la disposici\u00f3n de las mismas.<!--more--><br \/>\nEs importante destacar, que en los pr\u00f3ximos d\u00edas, ingresar\u00e1n las telas e insumos para comenzar con los primeros desarrollos.<br \/>\nDe los $4.600.000, gestionados por el ejecutivo municipal para la conformaci\u00f3n de la Cooperativa Textil, una parte del dinero fue destinado a la puesta en valor de los dos salones que funcionaran como espacio ventas y de confecci\u00f3n. En primera instancia, se realiz\u00f3 la instalaci\u00f3n el\u00e9ctrica para el adecuado funcionamiento de las 8 m\u00e1quinas rectas industriales, 2 bordadoras, 4 m\u00e1quinas Overlock de 5 hilos, y planchas industriales; la colocaci\u00f3n de aires fr\u00edo\/calor, la construcci\u00f3n de dos oficinas, una cocina y un vestidor para que las trabajadoras tengan un ambiente \u00f3ptimo para el desarrollo de sus tareas.<br \/>\nOtra parte de la inversi\u00f3n es destinada a la capacitaci\u00f3n del personal, que comenzar\u00e1 a dictarse a partir del 7 de noviembre pr\u00f3ximo. Por un lado, quienes se encarguen de la producci\u00f3n, se formar\u00e1n en \u201cCalidad de armado de prendas\u201d, los 26 vendedores, que se suman a este proyecto y la persona encargada de administraci\u00f3n, ser\u00e1n instruidos en Marketing, Costos y Ventas.<br \/>\nDentro del espacio de Comercializaci\u00f3n, funcionar\u00e1 una escuela textil para principiantes, donde se formar\u00e1n a los emprendedores para conseguir productos de calidad.<br \/>\n<a title=\"WhatsApp-Image-2019-10-23-at-15.46.12-1024x576\" href=\"http:\/\/live.staticflickr.com\/65535\/48954318711_4e540f8c44_s.jpg\" rel=\"\"><img loading=\"lazy\" decoding=\"async\" class=\"aligncenter\" title=\"WhatsApp-Image-2019-10-23-at-15.46.12-1024x576\" src=\"http:\/\/live.staticflickr.com\/65535\/48954318711_4e540f8c44_z.jpg\" alt=\"WhatsApp-Image-2019-10-23-at-15.46.12-1024x576\" width=\"640\" height=\"360\" \/><\/a><\/p>\n","protected":false},"excerpt":{"rendered":"<p>El intendente municipal Sergio Bordoni visit\u00f3 las instalaciones de la nueva Cooperativa Textil, que se encuentra pr\u00f3xima a inaugurarse. Con motivo de la llegada de gran parte de la maquinar\u00eda que ser\u00e1n utilizadas para la confecci\u00f3n de ropa de blanco, el jefe comunal recorri\u00f3 y convers\u00f3 con las emprendedoras que se encontraban en el lugar, [&hellip;]<\/p>\n","protected":false},"author":3,"featured_media":0,"comment_status":"closed","ping_status":"open","sticky":false,"template":"","format":"standard","meta":{"footnotes":""},"categories":[28],"tags":[],"class_list":["post-35861","post","type-post","status-publish","format-standard","hentry","category-municipales"],"yoast_head":"<!-- This site is optimized with the Yoast SEO plugin v25.9 - https:\/\/yoast.com\/wordpress\/plugins\/seo\/ -->\n<title>Comenzaron a llegar las m\u00e1quinas para la Cooperativa Textil - Noticias Radio Reflejos<\/title>\n<meta name=\"robots\" content=\"index, follow, max-snippet:-1, max-image-preview:large, max-video-preview:-1\" \/>\n<link rel=\"canonical\" href=\"https:\/\/www.noticiasradioreflejos.com.ar\/2021\/comenzaron-a-llegar-las-maquinas-para-la-cooperativa-textil\/\" \/>\n<meta property=\"og:locale\" content=\"es_ES\" \/>\n<meta property=\"og:type\" content=\"article\" \/>\n<meta property=\"og:title\" content=\"Comenzaron a llegar las m\u00e1quinas para la Cooperativa Textil - Noticias Radio Reflejos\" \/>\n<meta property=\"og:description\" content=\"El intendente municipal Sergio Bordoni visit\u00f3 las instalaciones de la nueva Cooperativa Textil, que se encuentra pr\u00f3xima a inaugurarse. Con motivo de la llegada de gran parte de la maquinar\u00eda que ser\u00e1n utilizadas para la confecci\u00f3n de ropa de blanco, el jefe comunal recorri\u00f3 y convers\u00f3 con las emprendedoras que se encontraban en el lugar, [&hellip;]\" \/>\n<meta property=\"og:url\" content=\"https:\/\/www.noticiasradioreflejos.com.ar\/2021\/comenzaron-a-llegar-las-maquinas-para-la-cooperativa-textil\/\" \/>\n<meta property=\"og:site_name\" content=\"Noticias Radio Reflejos\" \/>\n<meta property=\"article:published_time\" content=\"2019-10-24T19:58:43+00:00\" \/>\n<meta property=\"og:image\" content=\"http:\/\/live.staticflickr.com\/65535\/48953769738_7ba34013cb_w.jpg\" \/>\n<meta name=\"author\" content=\"Arnaldo Botto\" \/>\n<meta name=\"twitter:card\" content=\"summary_large_image\" \/>\n<script type=\"application\/ld+json\" class=\"yoast-schema-graph\">{\"@context\":\"https:\/\/schema.org\",\"@graph\":[{\"@type\":\"WebPage\",\"@id\":\"https:\/\/www.noticiasradioreflejos.com.ar\/2021\/comenzaron-a-llegar-las-maquinas-para-la-cooperativa-textil\/\",\"url\":\"https:\/\/www.noticiasradioreflejos.com.ar\/2021\/comenzaron-a-llegar-las-maquinas-para-la-cooperativa-textil\/\",\"name\":\"Comenzaron a llegar las m\u00e1quinas para la Cooperativa Textil - Noticias Radio Reflejos\",\"isPartOf\":{\"@id\":\"https:\/\/www.noticiasradioreflejos.com.ar\/2021\/#website\"},\"primaryImageOfPage\":{\"@id\":\"https:\/\/www.noticiasradioreflejos.com.ar\/2021\/comenzaron-a-llegar-las-maquinas-para-la-cooperativa-textil\/#primaryimage\"},\"image\":{\"@id\":\"https:\/\/www.noticiasradioreflejos.com.ar\/2021\/comenzaron-a-llegar-las-maquinas-para-la-cooperativa-textil\/#primaryimage\"},\"thumbnailUrl\":\"http:\/\/live.staticflickr.com\/65535\/48953769738_7ba34013cb_w.jpg\",\"datePublished\":\"2019-10-24T19:58:43+00:00\",\"author\":{\"@id\":\"https:\/\/www.noticiasradioreflejos.com.ar\/2021\/#\/schema\/person\/ad82545263dcc5ec0996818884fd5fb1\"},\"breadcrumb\":{\"@id\":\"https:\/\/www.noticiasradioreflejos.com.ar\/2021\/comenzaron-a-llegar-las-maquinas-para-la-cooperativa-textil\/#breadcrumb\"},\"inLanguage\":\"es\",\"potentialAction\":[{\"@type\":\"ReadAction\",\"target\":[\"https:\/\/www.noticiasradioreflejos.com.ar\/2021\/comenzaron-a-llegar-las-maquinas-para-la-cooperativa-textil\/\"]}]},{\"@type\":\"ImageObject\",\"inLanguage\":\"es\",\"@id\":\"https:\/\/www.noticiasradioreflejos.com.ar\/2021\/comenzaron-a-llegar-las-maquinas-para-la-cooperativa-textil\/#primaryimage\",\"url\":\"http:\/\/live.staticflickr.com\/65535\/48953769738_7ba34013cb_w.jpg\",\"contentUrl\":\"http:\/\/live.staticflickr.com\/65535\/48953769738_7ba34013cb_w.jpg\"},{\"@type\":\"BreadcrumbList\",\"@id\":\"https:\/\/www.noticiasradioreflejos.com.ar\/2021\/comenzaron-a-llegar-las-maquinas-para-la-cooperativa-textil\/#breadcrumb\",\"itemListElement\":[{\"@type\":\"ListItem\",\"position\":1,\"name\":\"Portada\",\"item\":\"https:\/\/www.noticiasradioreflejos.com.ar\/2021\/\"},{\"@type\":\"ListItem\",\"position\":2,\"name\":\"Comenzaron a llegar las m\u00e1quinas para la Cooperativa Textil\"}]},{\"@type\":\"WebSite\",\"@id\":\"https:\/\/www.noticiasradioreflejos.com.ar\/2021\/#website\",\"url\":\"https:\/\/www.noticiasradioreflejos.com.ar\/2021\/\",\"name\":\"Noticias Radio Reflejos\",\"description\":\"Las noticias de mi comarca\",\"potentialAction\":[{\"@type\":\"SearchAction\",\"target\":{\"@type\":\"EntryPoint\",\"urlTemplate\":\"https:\/\/www.noticiasradioreflejos.com.ar\/2021\/?s={search_term_string}\"},\"query-input\":{\"@type\":\"PropertyValueSpecification\",\"valueRequired\":true,\"valueName\":\"search_term_string\"}}],\"inLanguage\":\"es\"},{\"@type\":\"Person\",\"@id\":\"https:\/\/www.noticiasradioreflejos.com.ar\/2021\/#\/schema\/person\/ad82545263dcc5ec0996818884fd5fb1\",\"name\":\"Arnaldo Botto\",\"image\":{\"@type\":\"ImageObject\",\"inLanguage\":\"es\",\"@id\":\"https:\/\/www.noticiasradioreflejos.com.ar\/2021\/#\/schema\/person\/image\/\",\"url\":\"https:\/\/secure.gravatar.com\/avatar\/55cb5e37c1efa326397366e6974cb338056df65cb50e7d64d1cf314e87504837?s=96&d=mm&r=g\",\"contentUrl\":\"https:\/\/secure.gravatar.com\/avatar\/55cb5e37c1efa326397366e6974cb338056df65cb50e7d64d1cf314e87504837?s=96&d=mm&r=g\",\"caption\":\"Arnaldo Botto\"},\"url\":\"https:\/\/www.noticiasradioreflejos.com.ar\/2021\/author\/arnaldo\/\"}]}<\/script>\n<!-- \/ Yoast SEO plugin. -->","yoast_head_json":{"title":"Comenzaron a llegar las m\u00e1quinas para la Cooperativa Textil - Noticias Radio Reflejos","robots":{"index":"index","follow":"follow","max-snippet":"max-snippet:-1","max-image-preview":"max-image-preview:large","max-video-preview":"max-video-preview:-1"},"canonical":"https:\/\/www.noticiasradioreflejos.com.ar\/2021\/comenzaron-a-llegar-las-maquinas-para-la-cooperativa-textil\/","og_locale":"es_ES","og_type":"article","og_title":"Comenzaron a llegar las m\u00e1quinas para la Cooperativa Textil - Noticias Radio Reflejos","og_description":"El intendente municipal Sergio Bordoni visit\u00f3 las instalaciones de la nueva Cooperativa Textil, que se encuentra pr\u00f3xima a inaugurarse. Con motivo de la llegada de gran parte de la maquinar\u00eda que ser\u00e1n utilizadas para la confecci\u00f3n de ropa de blanco, el jefe comunal recorri\u00f3 y convers\u00f3 con las emprendedoras que se encontraban en el lugar, [&hellip;]","og_url":"https:\/\/www.noticiasradioreflejos.com.ar\/2021\/comenzaron-a-llegar-las-maquinas-para-la-cooperativa-textil\/","og_site_name":"Noticias Radio Reflejos","article_published_time":"2019-10-24T19:58:43+00:00","og_image":[{"url":"http:\/\/live.staticflickr.com\/65535\/48953769738_7ba34013cb_w.jpg","type":"","width":"","height":""}],"author":"Arnaldo Botto","twitter_card":"summary_large_image","schema":{"@context":"https:\/\/schema.org","@graph":[{"@type":"WebPage","@id":"https:\/\/www.noticiasradioreflejos.com.ar\/2021\/comenzaron-a-llegar-las-maquinas-para-la-cooperativa-textil\/","url":"https:\/\/www.noticiasradioreflejos.com.ar\/2021\/comenzaron-a-llegar-las-maquinas-para-la-cooperativa-textil\/","name":"Comenzaron a llegar las m\u00e1quinas para la Cooperativa Textil - Noticias Radio Reflejos","isPartOf":{"@id":"https:\/\/www.noticiasradioreflejos.com.ar\/2021\/#website"},"primaryImageOfPage":{"@id":"https:\/\/www.noticiasradioreflejos.com.ar\/2021\/comenzaron-a-llegar-las-maquinas-para-la-cooperativa-textil\/#primaryimage"},"image":{"@id":"https:\/\/www.noticiasradioreflejos.com.ar\/2021\/comenzaron-a-llegar-las-maquinas-para-la-cooperativa-textil\/#primaryimage"},"thumbnailUrl":"http:\/\/live.staticflickr.com\/65535\/48953769738_7ba34013cb_w.jpg","datePublished":"2019-10-24T19:58:43+00:00","author":{"@id":"https:\/\/www.noticiasradioreflejos.com.ar\/2021\/#\/schema\/person\/ad82545263dcc5ec0996818884fd5fb1"},"breadcrumb":{"@id":"https:\/\/www.noticiasradioreflejos.com.ar\/2021\/comenzaron-a-llegar-las-maquinas-para-la-cooperativa-textil\/#breadcrumb"},"inLanguage":"es","potentialAction":[{"@type":"ReadAction","target":["https:\/\/www.noticiasradioreflejos.com.ar\/2021\/comenzaron-a-llegar-las-maquinas-para-la-cooperativa-textil\/"]}]},{"@type":"ImageObject","inLanguage":"es","@id":"https:\/\/www.noticiasradioreflejos.com.ar\/2021\/comenzaron-a-llegar-las-maquinas-para-la-cooperativa-textil\/#primaryimage","url":"http:\/\/live.staticflickr.com\/65535\/48953769738_7ba34013cb_w.jpg","contentUrl":"http:\/\/live.staticflickr.com\/65535\/48953769738_7ba34013cb_w.jpg"},{"@type":"BreadcrumbList","@id":"https:\/\/www.noticiasradioreflejos.com.ar\/2021\/comenzaron-a-llegar-las-maquinas-para-la-cooperativa-textil\/#breadcrumb","itemListElement":[{"@type":"ListItem","position":1,"name":"Portada","item":"https:\/\/www.noticiasradioreflejos.com.ar\/2021\/"},{"@type":"ListItem","position":2,"name":"Comenzaron a llegar las m\u00e1quinas para la Cooperativa Textil"}]},{"@type":"WebSite","@id":"https:\/\/www.noticiasradioreflejos.com.ar\/2021\/#website","url":"https:\/\/www.noticiasradioreflejos.com.ar\/2021\/","name":"Noticias Radio Reflejos","description":"Las noticias de mi comarca","potentialAction":[{"@type":"SearchAction","target":{"@type":"EntryPoint","urlTemplate":"https:\/\/www.noticiasradioreflejos.com.ar\/2021\/?s={search_term_string}"},"query-input":{"@type":"PropertyValueSpecification","valueRequired":true,"valueName":"search_term_string"}}],"inLanguage":"es"},{"@type":"Person","@id":"https:\/\/www.noticiasradioreflejos.com.ar\/2021\/#\/schema\/person\/ad82545263dcc5ec0996818884fd5fb1","name":"Arnaldo Botto","image":{"@type":"ImageObject","inLanguage":"es","@id":"https:\/\/www.noticiasradioreflejos.com.ar\/2021\/#\/schema\/person\/image\/","url":"https:\/\/secure.gravatar.com\/avatar\/55cb5e37c1efa326397366e6974cb338056df65cb50e7d64d1cf314e87504837?s=96&d=mm&r=g","contentUrl":"https:\/\/secure.gravatar.com\/avatar\/55cb5e37c1efa326397366e6974cb338056df65cb50e7d64d1cf314e87504837?s=96&d=mm&r=g","caption":"Arnaldo Botto"},"url":"https:\/\/www.noticiasradioreflejos.com.ar\/2021\/author\/arnaldo\/"}]}},"_links":{"self":[{"href":"https:\/\/www.noticiasradioreflejos.com.ar\/2021\/wp-json\/wp\/v2\/posts\/35861","targetHints":{"allow":["GET"]}}],"collection":[{"href":"https:\/\/www.noticiasradioreflejos.com.ar\/2021\/wp-json\/wp\/v2\/posts"}],"about":[{"href":"https:\/\/www.noticiasradioreflejos.com.ar\/2021\/wp-json\/wp\/v2\/types\/post"}],"author":[{"embeddable":true,"href":"https:\/\/www.noticiasradioreflejos.com.ar\/2021\/wp-json\/wp\/v2\/users\/3"}],"replies":[{"embeddable":true,"href":"https:\/\/www.noticiasradioreflejos.com.ar\/2021\/wp-json\/wp\/v2\/comments?post=35861"}],"version-history":[{"count":0,"href":"https:\/\/www.noticiasradioreflejos.com.ar\/2021\/wp-json\/wp\/v2\/posts\/35861\/revisions"}],"wp:attachment":[{"href":"https:\/\/www.noticiasradioreflejos.com.ar\/2021\/wp-json\/wp\/v2\/media?parent=35861"}],"wp:term":[{"taxonomy":"category","embeddable":true,"href":"https:\/\/www.noticiasradioreflejos.com.ar\/2021\/wp-json\/wp\/v2\/categories?post=35861"},{"taxonomy":"post_tag","embeddable":true,"href":"https:\/\/www.noticiasradioreflejos.com.ar\/2021\/wp-json\/wp\/v2\/tags?post=35861"}],"curies":[{"name":"wp","href":"https:\/\/api.w.org\/{rel}","templated":true}]}}