{"id":35757,"date":"2019-10-21T12:16:25","date_gmt":"2019-10-21T15:16:25","guid":{"rendered":"http:\/\/www.noticiasradioreflejos.com.ar\/noticias\/?p=35757"},"modified":"2019-10-21T12:16:25","modified_gmt":"2019-10-21T15:16:25","slug":"35757","status":"publish","type":"post","link":"https:\/\/www.noticiasradioreflejos.com.ar\/2021\/35757\/","title":{"rendered":"Almaceneros dio vuelta el partido y se subi\u00f3 a la punta del torneo."},"content":{"rendered":"<p><a title=\"75593882_2824602264218838_6344089750470656000_n\" href=\"http:\/\/live.staticflickr.com\/65535\/48936514072_225466a2f5_s.jpg\" rel=\"\"><img loading=\"lazy\" decoding=\"async\" class=\"alignleft\" style=\"float: left;\" title=\"75593882_2824602264218838_6344089750470656000_n\" src=\"http:\/\/live.staticflickr.com\/65535\/48936514072_225466a2f5_w.jpg\" alt=\"75593882_2824602264218838_6344089750470656000_n\" width=\"400\" height=\"230\" \/><\/a>Con el empate en cancha del \u00abCeleste\u00bb y luego de una remontada fant\u00e1stica de Almaceneros, el \u00abAzucarero\u00bb volvi\u00f3 a la cima del torneo de Primera Divisi\u00f3n de la Liga de Cnel Pringles. Atl\u00e9tico Ventana en reserva empat\u00f3 3 a 3 y la primera cay\u00f3 por 5 a 4. En ambas divisiones el Tricolor se impon\u00eda por 3 a 1.<!--more--><br \/>\nPor la fecha 9 del torneo Clausura de la Liga Pringles de F\u00fatbol, el cl\u00e1sico m\u00e1s antiguo de la ciudad termin\u00f3 igualado en 1 tanto por bando. Los goles llegaron en el complemento, Iribertegui puso el 1 a 0 para el due\u00f1o de casa y a poco del final, Ciccocioppo (hab\u00eda tenido el primero en un remate a quemarropa que dio en el travesa\u00f1o), igual\u00f3 el pleito.<br \/>\nJusto empate, ya que Alem tambi\u00e9n tuvo las suyas como para quedarse con el partido, y hasta marc\u00f3 un gol que fue anulado por posici\u00f3n de adelanto.<br \/>\n<strong>Partidazo en Ventana<\/strong><br \/>\nAlmaceneros viaj\u00f3 hasta la localidad \u00abSerrana\u00bb donde el local esperaba recuperarse y tuvo en jaque al \u00abAzucarero\u00bb ya que le ganaba 3 a 1 en el complemento. Los \u00faltimos 20 minutos fueron para el infarto, Almaceneros pas\u00f3 a ganar en menos de 15 minutos 5 a 3 y sobre el final descont\u00f3 Gonz\u00e1lez con un golazo de media chilena que puso el 4-5 como para que los minutos de adici\u00f3n sean para alquilar balcones.<br \/>\nGan\u00f3 Almaceneros y es nuevamente puntero del F\u00fatbol local.<br \/>\nRemando de atr\u00e1s<br \/>\nAlumni que viene de ser el campe\u00f3n del Apertura, no cerr\u00f3 bien la primera rueda del torneo Clausura. En la tarde del domingo se recuper\u00f3 a base de goles y venci\u00f3 a Club de Pelota 4 a 0 por los tantos de Sosa en dos ocasiones, Ortelli de penal y Heim para decorar el resultado. En el camino, Pelota malogr\u00f3 un penal que fue contenido por Vel\u00e1zquez y que puso significar el empate del \u00abTricolor\u00bb.<br \/>\n<strong>S\u00edntesis de la fecha<\/strong><br \/>\nClub de Pelota 0 Vs. Alumni 4<br \/>\nGoles: Rosendo Sosa -2, Aquiles Heim, Mat\u00edas Ortelli (A).<br \/>\nAmarillas: Agust\u00edn Barbieri (P); Guillermo Pacual (A)<br \/>\nAtl\u00e9tico Ventana 4 Vs. Almaceneros 5<br \/>\nGoles: Ariel Esp\u00ednola -3, Dar\u00edo Gonz\u00e1lez (AV); Jos\u00e9 Mosqueira -3, Guillermo Franco, Brian Montenegro (A).<br \/>\nAmarillas: Mart\u00edn Welsh, Nicol\u00e1s Rinaldi, Lucas Arias (AV); Pablo Bastard, Guillermo Franco (A).<br \/>\nCICCOCIOPPO empat\u00f3 a poco del final para Independiente<br \/>\nLN Alem 1 Vs. Independiente 1<br \/>\nGoles: Francisco Iribertegui (LNA); Juli\u00e1n Ciccocioppo (I).<br \/>\nAmarillas: Federico Trejo, Marcos V\u00e1zquez, Bruno Basualdo (LNA); Mariano Barrios, Valentino Rossi, Marcelo Aguirre (I).<br \/>\n<a title=\"tablas primera\" href=\"http:\/\/live.staticflickr.com\/65535\/48936477192_1e33d100f6_s.jpg\" rel=\"\"><img loading=\"lazy\" decoding=\"async\" class=\"aligncenter\" title=\"tablas primera\" src=\"http:\/\/live.staticflickr.com\/65535\/48936477192_1e33d100f6_z.jpg\" alt=\"tablas primera\" width=\"600\" height=\"286\" \/><\/a><br \/>\n&nbsp;<br \/>\n<strong>En Reserva Independiente sac\u00f3 6 de diferencia<\/strong><br \/>\nEl \u00abLomo Negro\u00bb se impuso ag\u00f3nicamente a Alem y sac\u00f3 6 de diferencia a sus dos escoltas, en el torneo de categor\u00eda Reserva.<br \/>\n&nbsp;<br \/>\n<strong><a title=\"72617084_2824604897551908_336926792663171072_n\" href=\"http:\/\/live.staticflickr.com\/65535\/48936325841_366d9f528f_s.jpg\" rel=\"\"><img loading=\"lazy\" decoding=\"async\" class=\"alignleft\" style=\"float: left;\" title=\"72617084_2824604897551908_336926792663171072_n\" src=\"http:\/\/live.staticflickr.com\/65535\/48936325841_366d9f528f.jpg\" alt=\"72617084_2824604897551908_336926792663171072_n\" width=\"500\" height=\"315\" \/><\/a>TOMA DISTANCIA<\/strong><br \/>\nEn cancha de Club de Pelota, el \u00abTricolor\u00bb buscaba ganar para recuperarse y mantenerse en la lucha por el t\u00edtulo de la categor\u00eda Reserva de F\u00fatbol. El due\u00f1o de casa comenz\u00f3 bien y tras ir ganando 1 a 0, termin\u00f3 perdiendo 3 a 1 y jugando con 2 hombres de m\u00e1s.<br \/>\nEs que Alumni perdi\u00f3 un jugador por expulsi\u00f3n y otro por lesi\u00f3n, que debi\u00f3 ser trasladado en ambulancia por un golpe en la cabeza, producto de una acci\u00f3n del juego. La fecha se complet\u00f3 con el triunfo de Independiente como visitante de Alem por 1a 0, gol que lleg\u00f3 a poco del final y Atl\u00e9tico Ventana no pudo sostener un 3 a 1 y termin\u00f3 igualando 3 a 3 con Almaceneros.<br \/>\n<strong>S\u00edntesis de la fecha 9 del torneo de Reserva.<\/strong><br \/>\nClub de Pelota 1 Vs. Alumni 3<br \/>\nGoles: Mart\u00edn Aguirrezabala (P); Marcel Sawer -2, Diego Ferrarini (A).<br \/>\nAmarillas: Axel Orellano, Hern\u00e1n Morales (P); Santiago Quiroga (A).<br \/>\nExpulsado: Tom\u00e1s Fern\u00e1ndez (A).<br \/>\nAtl\u00e9tico Ventana 3 Vs. Almaceneros 3<br \/>\nGoles: Mat\u00edas Moreira -2, Francisco Chiuca (AV); Franco Barrag\u00e1n, Diego Bidegaray, Brian Montenegro (A).<br \/>\nAmarillas: Gonzalo Godfridt (AV); V\u00edctor Singer (A);<br \/>\nLN Alem 0 Vs. Independiente 1<br \/>\nGol: Nahuel Fern\u00e1ndez (I).<br \/>\nAmarillas: Miguel M\u00e9ndez, Mat\u00edas Varela, Oscar Villarreal, Diego Ferreyra (LNA); Ramiro Bulacio, Alexis Cepeda, Facundo Moreno, Rodrigo Flores, Nahuel Fern\u00e1ndez (I)<\/p>\n","protected":false},"excerpt":{"rendered":"<p>Con el empate en cancha del \u00abCeleste\u00bb y luego de una remontada fant\u00e1stica de Almaceneros, el \u00abAzucarero\u00bb volvi\u00f3 a la cima del torneo de Primera Divisi\u00f3n de la Liga de Cnel Pringles. Atl\u00e9tico Ventana en reserva empat\u00f3 3 a 3 y la primera cay\u00f3 por 5 a 4. En ambas divisiones el Tricolor se impon\u00eda [&hellip;]<\/p>\n","protected":false},"author":3,"featured_media":0,"comment_status":"closed","ping_status":"open","sticky":false,"template":"","format":"standard","meta":{"footnotes":""},"categories":[27],"tags":[],"class_list":["post-35757","post","type-post","status-publish","format-standard","hentry","category-deportes"],"yoast_head":"<!-- This site is optimized with the Yoast SEO plugin v25.9 - https:\/\/yoast.com\/wordpress\/plugins\/seo\/ -->\n<title>Almaceneros dio vuelta el partido y se subi\u00f3 a la punta del torneo. - Noticias Radio Reflejos<\/title>\n<meta name=\"robots\" content=\"index, follow, max-snippet:-1, max-image-preview:large, max-video-preview:-1\" \/>\n<link rel=\"canonical\" href=\"https:\/\/www.noticiasradioreflejos.com.ar\/2021\/35757\/\" \/>\n<meta property=\"og:locale\" content=\"es_ES\" \/>\n<meta property=\"og:type\" content=\"article\" \/>\n<meta property=\"og:title\" content=\"Almaceneros dio vuelta el partido y se subi\u00f3 a la punta del torneo. - Noticias Radio Reflejos\" \/>\n<meta property=\"og:description\" content=\"Con el empate en cancha del \u00abCeleste\u00bb y luego de una remontada fant\u00e1stica de Almaceneros, el \u00abAzucarero\u00bb volvi\u00f3 a la cima del torneo de Primera Divisi\u00f3n de la Liga de Cnel Pringles. Atl\u00e9tico Ventana en reserva empat\u00f3 3 a 3 y la primera cay\u00f3 por 5 a 4. En ambas divisiones el Tricolor se impon\u00eda [&hellip;]\" \/>\n<meta property=\"og:url\" content=\"https:\/\/www.noticiasradioreflejos.com.ar\/2021\/35757\/\" \/>\n<meta property=\"og:site_name\" content=\"Noticias Radio Reflejos\" \/>\n<meta property=\"article:published_time\" content=\"2019-10-21T15:16:25+00:00\" \/>\n<meta property=\"og:image\" content=\"http:\/\/live.staticflickr.com\/65535\/48936514072_225466a2f5_w.jpg\" \/>\n<meta name=\"author\" content=\"Arnaldo Botto\" \/>\n<meta name=\"twitter:card\" content=\"summary_large_image\" \/>\n<script type=\"application\/ld+json\" class=\"yoast-schema-graph\">{\"@context\":\"https:\/\/schema.org\",\"@graph\":[{\"@type\":\"WebPage\",\"@id\":\"https:\/\/www.noticiasradioreflejos.com.ar\/2021\/35757\/\",\"url\":\"https:\/\/www.noticiasradioreflejos.com.ar\/2021\/35757\/\",\"name\":\"Almaceneros dio vuelta el partido y se subi\u00f3 a la punta del torneo. - Noticias Radio Reflejos\",\"isPartOf\":{\"@id\":\"https:\/\/www.noticiasradioreflejos.com.ar\/2021\/#website\"},\"primaryImageOfPage\":{\"@id\":\"https:\/\/www.noticiasradioreflejos.com.ar\/2021\/35757\/#primaryimage\"},\"image\":{\"@id\":\"https:\/\/www.noticiasradioreflejos.com.ar\/2021\/35757\/#primaryimage\"},\"thumbnailUrl\":\"http:\/\/live.staticflickr.com\/65535\/48936514072_225466a2f5_w.jpg\",\"datePublished\":\"2019-10-21T15:16:25+00:00\",\"author\":{\"@id\":\"https:\/\/www.noticiasradioreflejos.com.ar\/2021\/#\/schema\/person\/ad82545263dcc5ec0996818884fd5fb1\"},\"breadcrumb\":{\"@id\":\"https:\/\/www.noticiasradioreflejos.com.ar\/2021\/35757\/#breadcrumb\"},\"inLanguage\":\"es\",\"potentialAction\":[{\"@type\":\"ReadAction\",\"target\":[\"https:\/\/www.noticiasradioreflejos.com.ar\/2021\/35757\/\"]}]},{\"@type\":\"ImageObject\",\"inLanguage\":\"es\",\"@id\":\"https:\/\/www.noticiasradioreflejos.com.ar\/2021\/35757\/#primaryimage\",\"url\":\"http:\/\/live.staticflickr.com\/65535\/48936514072_225466a2f5_w.jpg\",\"contentUrl\":\"http:\/\/live.staticflickr.com\/65535\/48936514072_225466a2f5_w.jpg\"},{\"@type\":\"BreadcrumbList\",\"@id\":\"https:\/\/www.noticiasradioreflejos.com.ar\/2021\/35757\/#breadcrumb\",\"itemListElement\":[{\"@type\":\"ListItem\",\"position\":1,\"name\":\"Portada\",\"item\":\"https:\/\/www.noticiasradioreflejos.com.ar\/2021\/\"},{\"@type\":\"ListItem\",\"position\":2,\"name\":\"Almaceneros dio vuelta el partido y se subi\u00f3 a la punta del torneo.\"}]},{\"@type\":\"WebSite\",\"@id\":\"https:\/\/www.noticiasradioreflejos.com.ar\/2021\/#website\",\"url\":\"https:\/\/www.noticiasradioreflejos.com.ar\/2021\/\",\"name\":\"Noticias Radio Reflejos\",\"description\":\"Las noticias de mi comarca\",\"potentialAction\":[{\"@type\":\"SearchAction\",\"target\":{\"@type\":\"EntryPoint\",\"urlTemplate\":\"https:\/\/www.noticiasradioreflejos.com.ar\/2021\/?s={search_term_string}\"},\"query-input\":{\"@type\":\"PropertyValueSpecification\",\"valueRequired\":true,\"valueName\":\"search_term_string\"}}],\"inLanguage\":\"es\"},{\"@type\":\"Person\",\"@id\":\"https:\/\/www.noticiasradioreflejos.com.ar\/2021\/#\/schema\/person\/ad82545263dcc5ec0996818884fd5fb1\",\"name\":\"Arnaldo Botto\",\"image\":{\"@type\":\"ImageObject\",\"inLanguage\":\"es\",\"@id\":\"https:\/\/www.noticiasradioreflejos.com.ar\/2021\/#\/schema\/person\/image\/\",\"url\":\"https:\/\/secure.gravatar.com\/avatar\/55cb5e37c1efa326397366e6974cb338056df65cb50e7d64d1cf314e87504837?s=96&d=mm&r=g\",\"contentUrl\":\"https:\/\/secure.gravatar.com\/avatar\/55cb5e37c1efa326397366e6974cb338056df65cb50e7d64d1cf314e87504837?s=96&d=mm&r=g\",\"caption\":\"Arnaldo Botto\"},\"url\":\"https:\/\/www.noticiasradioreflejos.com.ar\/2021\/author\/arnaldo\/\"}]}<\/script>\n<!-- \/ Yoast SEO plugin. -->","yoast_head_json":{"title":"Almaceneros dio vuelta el partido y se subi\u00f3 a la punta del torneo. - Noticias Radio Reflejos","robots":{"index":"index","follow":"follow","max-snippet":"max-snippet:-1","max-image-preview":"max-image-preview:large","max-video-preview":"max-video-preview:-1"},"canonical":"https:\/\/www.noticiasradioreflejos.com.ar\/2021\/35757\/","og_locale":"es_ES","og_type":"article","og_title":"Almaceneros dio vuelta el partido y se subi\u00f3 a la punta del torneo. - Noticias Radio Reflejos","og_description":"Con el empate en cancha del \u00abCeleste\u00bb y luego de una remontada fant\u00e1stica de Almaceneros, el \u00abAzucarero\u00bb volvi\u00f3 a la cima del torneo de Primera Divisi\u00f3n de la Liga de Cnel Pringles. Atl\u00e9tico Ventana en reserva empat\u00f3 3 a 3 y la primera cay\u00f3 por 5 a 4. En ambas divisiones el Tricolor se impon\u00eda [&hellip;]","og_url":"https:\/\/www.noticiasradioreflejos.com.ar\/2021\/35757\/","og_site_name":"Noticias Radio Reflejos","article_published_time":"2019-10-21T15:16:25+00:00","og_image":[{"url":"http:\/\/live.staticflickr.com\/65535\/48936514072_225466a2f5_w.jpg","type":"","width":"","height":""}],"author":"Arnaldo Botto","twitter_card":"summary_large_image","schema":{"@context":"https:\/\/schema.org","@graph":[{"@type":"WebPage","@id":"https:\/\/www.noticiasradioreflejos.com.ar\/2021\/35757\/","url":"https:\/\/www.noticiasradioreflejos.com.ar\/2021\/35757\/","name":"Almaceneros dio vuelta el partido y se subi\u00f3 a la punta del torneo. - Noticias Radio Reflejos","isPartOf":{"@id":"https:\/\/www.noticiasradioreflejos.com.ar\/2021\/#website"},"primaryImageOfPage":{"@id":"https:\/\/www.noticiasradioreflejos.com.ar\/2021\/35757\/#primaryimage"},"image":{"@id":"https:\/\/www.noticiasradioreflejos.com.ar\/2021\/35757\/#primaryimage"},"thumbnailUrl":"http:\/\/live.staticflickr.com\/65535\/48936514072_225466a2f5_w.jpg","datePublished":"2019-10-21T15:16:25+00:00","author":{"@id":"https:\/\/www.noticiasradioreflejos.com.ar\/2021\/#\/schema\/person\/ad82545263dcc5ec0996818884fd5fb1"},"breadcrumb":{"@id":"https:\/\/www.noticiasradioreflejos.com.ar\/2021\/35757\/#breadcrumb"},"inLanguage":"es","potentialAction":[{"@type":"ReadAction","target":["https:\/\/www.noticiasradioreflejos.com.ar\/2021\/35757\/"]}]},{"@type":"ImageObject","inLanguage":"es","@id":"https:\/\/www.noticiasradioreflejos.com.ar\/2021\/35757\/#primaryimage","url":"http:\/\/live.staticflickr.com\/65535\/48936514072_225466a2f5_w.jpg","contentUrl":"http:\/\/live.staticflickr.com\/65535\/48936514072_225466a2f5_w.jpg"},{"@type":"BreadcrumbList","@id":"https:\/\/www.noticiasradioreflejos.com.ar\/2021\/35757\/#breadcrumb","itemListElement":[{"@type":"ListItem","position":1,"name":"Portada","item":"https:\/\/www.noticiasradioreflejos.com.ar\/2021\/"},{"@type":"ListItem","position":2,"name":"Almaceneros dio vuelta el partido y se subi\u00f3 a la punta del torneo."}]},{"@type":"WebSite","@id":"https:\/\/www.noticiasradioreflejos.com.ar\/2021\/#website","url":"https:\/\/www.noticiasradioreflejos.com.ar\/2021\/","name":"Noticias Radio Reflejos","description":"Las noticias de mi comarca","potentialAction":[{"@type":"SearchAction","target":{"@type":"EntryPoint","urlTemplate":"https:\/\/www.noticiasradioreflejos.com.ar\/2021\/?s={search_term_string}"},"query-input":{"@type":"PropertyValueSpecification","valueRequired":true,"valueName":"search_term_string"}}],"inLanguage":"es"},{"@type":"Person","@id":"https:\/\/www.noticiasradioreflejos.com.ar\/2021\/#\/schema\/person\/ad82545263dcc5ec0996818884fd5fb1","name":"Arnaldo Botto","image":{"@type":"ImageObject","inLanguage":"es","@id":"https:\/\/www.noticiasradioreflejos.com.ar\/2021\/#\/schema\/person\/image\/","url":"https:\/\/secure.gravatar.com\/avatar\/55cb5e37c1efa326397366e6974cb338056df65cb50e7d64d1cf314e87504837?s=96&d=mm&r=g","contentUrl":"https:\/\/secure.gravatar.com\/avatar\/55cb5e37c1efa326397366e6974cb338056df65cb50e7d64d1cf314e87504837?s=96&d=mm&r=g","caption":"Arnaldo Botto"},"url":"https:\/\/www.noticiasradioreflejos.com.ar\/2021\/author\/arnaldo\/"}]}},"_links":{"self":[{"href":"https:\/\/www.noticiasradioreflejos.com.ar\/2021\/wp-json\/wp\/v2\/posts\/35757","targetHints":{"allow":["GET"]}}],"collection":[{"href":"https:\/\/www.noticiasradioreflejos.com.ar\/2021\/wp-json\/wp\/v2\/posts"}],"about":[{"href":"https:\/\/www.noticiasradioreflejos.com.ar\/2021\/wp-json\/wp\/v2\/types\/post"}],"author":[{"embeddable":true,"href":"https:\/\/www.noticiasradioreflejos.com.ar\/2021\/wp-json\/wp\/v2\/users\/3"}],"replies":[{"embeddable":true,"href":"https:\/\/www.noticiasradioreflejos.com.ar\/2021\/wp-json\/wp\/v2\/comments?post=35757"}],"version-history":[{"count":0,"href":"https:\/\/www.noticiasradioreflejos.com.ar\/2021\/wp-json\/wp\/v2\/posts\/35757\/revisions"}],"wp:attachment":[{"href":"https:\/\/www.noticiasradioreflejos.com.ar\/2021\/wp-json\/wp\/v2\/media?parent=35757"}],"wp:term":[{"taxonomy":"category","embeddable":true,"href":"https:\/\/www.noticiasradioreflejos.com.ar\/2021\/wp-json\/wp\/v2\/categories?post=35757"},{"taxonomy":"post_tag","embeddable":true,"href":"https:\/\/www.noticiasradioreflejos.com.ar\/2021\/wp-json\/wp\/v2\/tags?post=35757"}],"curies":[{"name":"wp","href":"https:\/\/api.w.org\/{rel}","templated":true}]}}