{"id":35678,"date":"2019-10-17T12:03:54","date_gmt":"2019-10-17T15:03:54","guid":{"rendered":"http:\/\/www.noticiasradioreflejos.com.ar\/noticias\/?p=35678"},"modified":"2019-10-17T12:03:54","modified_gmt":"2019-10-17T15:03:54","slug":"bordoni-solicito-la-emergencia-yo-desastre-agropecuario-para-todo-el-distrito-de-tornquist","status":"publish","type":"post","link":"https:\/\/www.noticiasradioreflejos.com.ar\/2021\/bordoni-solicito-la-emergencia-yo-desastre-agropecuario-para-todo-el-distrito-de-tornquist\/","title":{"rendered":"Bordoni solicit\u00f3 la emergencia y\/o desastre agropecuario para todo el distrito de Tornquist"},"content":{"rendered":"<p>Ayer, mi\u00e9rcoles 16, el Intendente Sergio Bordoni, solicit\u00f3 al Departamento de Emergencia Agropecuaria del Ministerio de Agroindustria de la Provincia de Buenos Aires, que se declare la emergencia y\/o desastre agropecuario para todo el distrito de Tornquist dada la sequ\u00eda ocurrida por la falta de lluvias en el transcurso del corriente a\u00f1o.<!--more--><br \/>\nLa medida fue resuelta dando respuesta al pedido sugerido por la Comisi\u00f3n Local de Emergencia despu\u00e9s de analizar los registros pluviom\u00e9tricos que superan ligeramente los 300 mm, el estado regular de la hacienda por escasa oferta de forrajes y la situaci\u00f3n comprometida de los cultivos de cereales de invierno.<br \/>\nContexto que se respald\u00f3 con informes del INTA y MAA.<\/p>\n","protected":false},"excerpt":{"rendered":"<p>Ayer, mi\u00e9rcoles 16, el Intendente Sergio Bordoni, solicit\u00f3 al Departamento de Emergencia Agropecuaria del Ministerio de Agroindustria de la Provincia de Buenos Aires, que se declare la emergencia y\/o desastre agropecuario para todo el distrito de Tornquist dada la sequ\u00eda ocurrida por la falta de lluvias en el transcurso del corriente a\u00f1o.<\/p>\n","protected":false},"author":3,"featured_media":0,"comment_status":"closed","ping_status":"open","sticky":false,"template":"","format":"standard","meta":{"footnotes":""},"categories":[28],"tags":[],"class_list":["post-35678","post","type-post","status-publish","format-standard","hentry","category-municipales"],"yoast_head":"<!-- This site is optimized with the Yoast SEO plugin v25.9 - https:\/\/yoast.com\/wordpress\/plugins\/seo\/ -->\n<title>Bordoni solicit\u00f3 la emergencia y\/o desastre agropecuario para todo el distrito de Tornquist - Noticias Radio Reflejos<\/title>\n<meta name=\"robots\" content=\"index, follow, max-snippet:-1, max-image-preview:large, max-video-preview:-1\" \/>\n<link rel=\"canonical\" href=\"https:\/\/www.noticiasradioreflejos.com.ar\/2021\/bordoni-solicito-la-emergencia-yo-desastre-agropecuario-para-todo-el-distrito-de-tornquist\/\" \/>\n<meta property=\"og:locale\" content=\"es_ES\" \/>\n<meta property=\"og:type\" content=\"article\" \/>\n<meta property=\"og:title\" content=\"Bordoni solicit\u00f3 la emergencia y\/o desastre agropecuario para todo el distrito de Tornquist - Noticias Radio Reflejos\" \/>\n<meta property=\"og:description\" content=\"Ayer, mi\u00e9rcoles 16, el Intendente Sergio Bordoni, solicit\u00f3 al Departamento de Emergencia Agropecuaria del Ministerio de Agroindustria de la Provincia de Buenos Aires, que se declare la emergencia y\/o desastre agropecuario para todo el distrito de Tornquist dada la sequ\u00eda ocurrida por la falta de lluvias en el transcurso del corriente a\u00f1o.\" \/>\n<meta property=\"og:url\" content=\"https:\/\/www.noticiasradioreflejos.com.ar\/2021\/bordoni-solicito-la-emergencia-yo-desastre-agropecuario-para-todo-el-distrito-de-tornquist\/\" \/>\n<meta property=\"og:site_name\" content=\"Noticias Radio Reflejos\" \/>\n<meta property=\"article:published_time\" content=\"2019-10-17T15:03:54+00:00\" \/>\n<meta property=\"og:image\" content=\"https:\/\/www.noticiasradioreflejos.com.ar\/2021\/wp-content\/uploads\/2021\/07\/logosol300x200.png\" \/>\n\t<meta property=\"og:image:width\" content=\"300\" \/>\n\t<meta property=\"og:image:height\" content=\"200\" \/>\n\t<meta property=\"og:image:type\" content=\"image\/png\" \/>\n<meta name=\"author\" content=\"Arnaldo Botto\" \/>\n<meta name=\"twitter:card\" content=\"summary_large_image\" \/>\n<script type=\"application\/ld+json\" class=\"yoast-schema-graph\">{\"@context\":\"https:\/\/schema.org\",\"@graph\":[{\"@type\":\"WebPage\",\"@id\":\"https:\/\/www.noticiasradioreflejos.com.ar\/2021\/bordoni-solicito-la-emergencia-yo-desastre-agropecuario-para-todo-el-distrito-de-tornquist\/\",\"url\":\"https:\/\/www.noticiasradioreflejos.com.ar\/2021\/bordoni-solicito-la-emergencia-yo-desastre-agropecuario-para-todo-el-distrito-de-tornquist\/\",\"name\":\"Bordoni solicit\u00f3 la emergencia y\/o desastre agropecuario para todo el distrito de Tornquist - Noticias Radio Reflejos\",\"isPartOf\":{\"@id\":\"https:\/\/www.noticiasradioreflejos.com.ar\/2021\/#website\"},\"datePublished\":\"2019-10-17T15:03:54+00:00\",\"author\":{\"@id\":\"https:\/\/www.noticiasradioreflejos.com.ar\/2021\/#\/schema\/person\/ad82545263dcc5ec0996818884fd5fb1\"},\"breadcrumb\":{\"@id\":\"https:\/\/www.noticiasradioreflejos.com.ar\/2021\/bordoni-solicito-la-emergencia-yo-desastre-agropecuario-para-todo-el-distrito-de-tornquist\/#breadcrumb\"},\"inLanguage\":\"es\",\"potentialAction\":[{\"@type\":\"ReadAction\",\"target\":[\"https:\/\/www.noticiasradioreflejos.com.ar\/2021\/bordoni-solicito-la-emergencia-yo-desastre-agropecuario-para-todo-el-distrito-de-tornquist\/\"]}]},{\"@type\":\"BreadcrumbList\",\"@id\":\"https:\/\/www.noticiasradioreflejos.com.ar\/2021\/bordoni-solicito-la-emergencia-yo-desastre-agropecuario-para-todo-el-distrito-de-tornquist\/#breadcrumb\",\"itemListElement\":[{\"@type\":\"ListItem\",\"position\":1,\"name\":\"Portada\",\"item\":\"https:\/\/www.noticiasradioreflejos.com.ar\/2021\/\"},{\"@type\":\"ListItem\",\"position\":2,\"name\":\"Bordoni solicit\u00f3 la emergencia y\/o desastre agropecuario para todo el distrito de Tornquist\"}]},{\"@type\":\"WebSite\",\"@id\":\"https:\/\/www.noticiasradioreflejos.com.ar\/2021\/#website\",\"url\":\"https:\/\/www.noticiasradioreflejos.com.ar\/2021\/\",\"name\":\"Noticias Radio Reflejos\",\"description\":\"Las noticias de mi comarca\",\"potentialAction\":[{\"@type\":\"SearchAction\",\"target\":{\"@type\":\"EntryPoint\",\"urlTemplate\":\"https:\/\/www.noticiasradioreflejos.com.ar\/2021\/?s={search_term_string}\"},\"query-input\":{\"@type\":\"PropertyValueSpecification\",\"valueRequired\":true,\"valueName\":\"search_term_string\"}}],\"inLanguage\":\"es\"},{\"@type\":\"Person\",\"@id\":\"https:\/\/www.noticiasradioreflejos.com.ar\/2021\/#\/schema\/person\/ad82545263dcc5ec0996818884fd5fb1\",\"name\":\"Arnaldo Botto\",\"image\":{\"@type\":\"ImageObject\",\"inLanguage\":\"es\",\"@id\":\"https:\/\/www.noticiasradioreflejos.com.ar\/2021\/#\/schema\/person\/image\/\",\"url\":\"https:\/\/secure.gravatar.com\/avatar\/55cb5e37c1efa326397366e6974cb338056df65cb50e7d64d1cf314e87504837?s=96&d=mm&r=g\",\"contentUrl\":\"https:\/\/secure.gravatar.com\/avatar\/55cb5e37c1efa326397366e6974cb338056df65cb50e7d64d1cf314e87504837?s=96&d=mm&r=g\",\"caption\":\"Arnaldo Botto\"},\"url\":\"https:\/\/www.noticiasradioreflejos.com.ar\/2021\/author\/arnaldo\/\"}]}<\/script>\n<!-- \/ Yoast SEO plugin. -->","yoast_head_json":{"title":"Bordoni solicit\u00f3 la emergencia y\/o desastre agropecuario para todo el distrito de Tornquist - Noticias Radio Reflejos","robots":{"index":"index","follow":"follow","max-snippet":"max-snippet:-1","max-image-preview":"max-image-preview:large","max-video-preview":"max-video-preview:-1"},"canonical":"https:\/\/www.noticiasradioreflejos.com.ar\/2021\/bordoni-solicito-la-emergencia-yo-desastre-agropecuario-para-todo-el-distrito-de-tornquist\/","og_locale":"es_ES","og_type":"article","og_title":"Bordoni solicit\u00f3 la emergencia y\/o desastre agropecuario para todo el distrito de Tornquist - Noticias Radio Reflejos","og_description":"Ayer, mi\u00e9rcoles 16, el Intendente Sergio Bordoni, solicit\u00f3 al Departamento de Emergencia Agropecuaria del Ministerio de Agroindustria de la Provincia de Buenos Aires, que se declare la emergencia y\/o desastre agropecuario para todo el distrito de Tornquist dada la sequ\u00eda ocurrida por la falta de lluvias en el transcurso del corriente a\u00f1o.","og_url":"https:\/\/www.noticiasradioreflejos.com.ar\/2021\/bordoni-solicito-la-emergencia-yo-desastre-agropecuario-para-todo-el-distrito-de-tornquist\/","og_site_name":"Noticias Radio Reflejos","article_published_time":"2019-10-17T15:03:54+00:00","og_image":[{"width":300,"height":200,"url":"https:\/\/www.noticiasradioreflejos.com.ar\/2021\/wp-content\/uploads\/2021\/07\/logosol300x200.png","type":"image\/png"}],"author":"Arnaldo Botto","twitter_card":"summary_large_image","schema":{"@context":"https:\/\/schema.org","@graph":[{"@type":"WebPage","@id":"https:\/\/www.noticiasradioreflejos.com.ar\/2021\/bordoni-solicito-la-emergencia-yo-desastre-agropecuario-para-todo-el-distrito-de-tornquist\/","url":"https:\/\/www.noticiasradioreflejos.com.ar\/2021\/bordoni-solicito-la-emergencia-yo-desastre-agropecuario-para-todo-el-distrito-de-tornquist\/","name":"Bordoni solicit\u00f3 la emergencia y\/o desastre agropecuario para todo el distrito de Tornquist - Noticias Radio Reflejos","isPartOf":{"@id":"https:\/\/www.noticiasradioreflejos.com.ar\/2021\/#website"},"datePublished":"2019-10-17T15:03:54+00:00","author":{"@id":"https:\/\/www.noticiasradioreflejos.com.ar\/2021\/#\/schema\/person\/ad82545263dcc5ec0996818884fd5fb1"},"breadcrumb":{"@id":"https:\/\/www.noticiasradioreflejos.com.ar\/2021\/bordoni-solicito-la-emergencia-yo-desastre-agropecuario-para-todo-el-distrito-de-tornquist\/#breadcrumb"},"inLanguage":"es","potentialAction":[{"@type":"ReadAction","target":["https:\/\/www.noticiasradioreflejos.com.ar\/2021\/bordoni-solicito-la-emergencia-yo-desastre-agropecuario-para-todo-el-distrito-de-tornquist\/"]}]},{"@type":"BreadcrumbList","@id":"https:\/\/www.noticiasradioreflejos.com.ar\/2021\/bordoni-solicito-la-emergencia-yo-desastre-agropecuario-para-todo-el-distrito-de-tornquist\/#breadcrumb","itemListElement":[{"@type":"ListItem","position":1,"name":"Portada","item":"https:\/\/www.noticiasradioreflejos.com.ar\/2021\/"},{"@type":"ListItem","position":2,"name":"Bordoni solicit\u00f3 la emergencia y\/o desastre agropecuario para todo el distrito de Tornquist"}]},{"@type":"WebSite","@id":"https:\/\/www.noticiasradioreflejos.com.ar\/2021\/#website","url":"https:\/\/www.noticiasradioreflejos.com.ar\/2021\/","name":"Noticias Radio Reflejos","description":"Las noticias de mi comarca","potentialAction":[{"@type":"SearchAction","target":{"@type":"EntryPoint","urlTemplate":"https:\/\/www.noticiasradioreflejos.com.ar\/2021\/?s={search_term_string}"},"query-input":{"@type":"PropertyValueSpecification","valueRequired":true,"valueName":"search_term_string"}}],"inLanguage":"es"},{"@type":"Person","@id":"https:\/\/www.noticiasradioreflejos.com.ar\/2021\/#\/schema\/person\/ad82545263dcc5ec0996818884fd5fb1","name":"Arnaldo Botto","image":{"@type":"ImageObject","inLanguage":"es","@id":"https:\/\/www.noticiasradioreflejos.com.ar\/2021\/#\/schema\/person\/image\/","url":"https:\/\/secure.gravatar.com\/avatar\/55cb5e37c1efa326397366e6974cb338056df65cb50e7d64d1cf314e87504837?s=96&d=mm&r=g","contentUrl":"https:\/\/secure.gravatar.com\/avatar\/55cb5e37c1efa326397366e6974cb338056df65cb50e7d64d1cf314e87504837?s=96&d=mm&r=g","caption":"Arnaldo Botto"},"url":"https:\/\/www.noticiasradioreflejos.com.ar\/2021\/author\/arnaldo\/"}]}},"_links":{"self":[{"href":"https:\/\/www.noticiasradioreflejos.com.ar\/2021\/wp-json\/wp\/v2\/posts\/35678","targetHints":{"allow":["GET"]}}],"collection":[{"href":"https:\/\/www.noticiasradioreflejos.com.ar\/2021\/wp-json\/wp\/v2\/posts"}],"about":[{"href":"https:\/\/www.noticiasradioreflejos.com.ar\/2021\/wp-json\/wp\/v2\/types\/post"}],"author":[{"embeddable":true,"href":"https:\/\/www.noticiasradioreflejos.com.ar\/2021\/wp-json\/wp\/v2\/users\/3"}],"replies":[{"embeddable":true,"href":"https:\/\/www.noticiasradioreflejos.com.ar\/2021\/wp-json\/wp\/v2\/comments?post=35678"}],"version-history":[{"count":0,"href":"https:\/\/www.noticiasradioreflejos.com.ar\/2021\/wp-json\/wp\/v2\/posts\/35678\/revisions"}],"wp:attachment":[{"href":"https:\/\/www.noticiasradioreflejos.com.ar\/2021\/wp-json\/wp\/v2\/media?parent=35678"}],"wp:term":[{"taxonomy":"category","embeddable":true,"href":"https:\/\/www.noticiasradioreflejos.com.ar\/2021\/wp-json\/wp\/v2\/categories?post=35678"},{"taxonomy":"post_tag","embeddable":true,"href":"https:\/\/www.noticiasradioreflejos.com.ar\/2021\/wp-json\/wp\/v2\/tags?post=35678"}],"curies":[{"name":"wp","href":"https:\/\/api.w.org\/{rel}","templated":true}]}}