{"id":35672,"date":"2019-10-17T09:35:13","date_gmt":"2019-10-17T12:35:13","guid":{"rendered":"http:\/\/www.noticiasradioreflejos.com.ar\/noticias\/?p=35672"},"modified":"2019-10-17T09:35:13","modified_gmt":"2019-10-17T12:35:13","slug":"apagon-que-afecto-a-todo-el-distrito-de-tornquist-y-una-amplia-zona","status":"publish","type":"post","link":"https:\/\/www.noticiasradioreflejos.com.ar\/2021\/apagon-que-afecto-a-todo-el-distrito-de-tornquist-y-una-amplia-zona\/","title":{"rendered":"Un apag\u00f3n afect\u00f3 a todo el Distrito de Tornquist y una amplia zona."},"content":{"rendered":"<p>Un corte de energ\u00eda de unos 95 minutos afect\u00f3 a todo el sector serrano, Tornquist, Dufaur, Laguna las Encadenadas y zona.<strong>Informe de Coopersive Ltda:<\/strong><!--more--><br \/>\nComunicamos a la poblaci\u00f3n que el corte de energ\u00eda que se produjo en la ma\u00f1ana de hoy fue causado por la salida de servicio de la l\u00ednea de 132kv de Transba, dejando sin electricidad a todas las localidades y zona rural del partido de Tornquist, as\u00ed como tambi\u00e9n algunas localidades de partidos aleda\u00f1os.<br \/>\nSepan disculpar las molestias que este corte, cuya responsabilidad excede a Coopersive Ltda., ha ocasionado a todos nuestros asociados.<br \/>\nConsejo de Administraci\u00f3n<br \/>\n17-oct-19<\/p>\n","protected":false},"excerpt":{"rendered":"<p>Un corte de energ\u00eda de unos 95 minutos afect\u00f3 a todo el sector serrano, Tornquist, Dufaur, Laguna las Encadenadas y zona.Informe de Coopersive Ltda:<\/p>\n","protected":false},"author":3,"featured_media":0,"comment_status":"closed","ping_status":"open","sticky":false,"template":"","format":"standard","meta":{"footnotes":""},"categories":[26],"tags":[],"class_list":["post-35672","post","type-post","status-publish","format-standard","hentry","category-sociedad"],"yoast_head":"<!-- This site is optimized with the Yoast SEO plugin v25.9 - https:\/\/yoast.com\/wordpress\/plugins\/seo\/ -->\n<title>Un apag\u00f3n afect\u00f3 a todo el Distrito de Tornquist y una amplia zona. - Noticias Radio Reflejos<\/title>\n<meta name=\"robots\" content=\"index, follow, max-snippet:-1, max-image-preview:large, max-video-preview:-1\" \/>\n<link rel=\"canonical\" href=\"https:\/\/www.noticiasradioreflejos.com.ar\/2021\/apagon-que-afecto-a-todo-el-distrito-de-tornquist-y-una-amplia-zona\/\" \/>\n<meta property=\"og:locale\" content=\"es_ES\" \/>\n<meta property=\"og:type\" content=\"article\" \/>\n<meta property=\"og:title\" content=\"Un apag\u00f3n afect\u00f3 a todo el Distrito de Tornquist y una amplia zona. - Noticias Radio Reflejos\" \/>\n<meta property=\"og:description\" content=\"Un corte de energ\u00eda de unos 95 minutos afect\u00f3 a todo el sector serrano, Tornquist, Dufaur, Laguna las Encadenadas y zona.Informe de Coopersive Ltda:\" \/>\n<meta property=\"og:url\" content=\"https:\/\/www.noticiasradioreflejos.com.ar\/2021\/apagon-que-afecto-a-todo-el-distrito-de-tornquist-y-una-amplia-zona\/\" \/>\n<meta property=\"og:site_name\" content=\"Noticias Radio Reflejos\" \/>\n<meta property=\"article:published_time\" content=\"2019-10-17T12:35:13+00:00\" \/>\n<meta property=\"og:image\" content=\"https:\/\/www.noticiasradioreflejos.com.ar\/2021\/wp-content\/uploads\/2021\/07\/logosol300x200.png\" \/>\n\t<meta property=\"og:image:width\" content=\"300\" \/>\n\t<meta property=\"og:image:height\" content=\"200\" \/>\n\t<meta property=\"og:image:type\" content=\"image\/png\" \/>\n<meta name=\"author\" content=\"Arnaldo Botto\" \/>\n<meta name=\"twitter:card\" content=\"summary_large_image\" \/>\n<script type=\"application\/ld+json\" class=\"yoast-schema-graph\">{\"@context\":\"https:\/\/schema.org\",\"@graph\":[{\"@type\":\"WebPage\",\"@id\":\"https:\/\/www.noticiasradioreflejos.com.ar\/2021\/apagon-que-afecto-a-todo-el-distrito-de-tornquist-y-una-amplia-zona\/\",\"url\":\"https:\/\/www.noticiasradioreflejos.com.ar\/2021\/apagon-que-afecto-a-todo-el-distrito-de-tornquist-y-una-amplia-zona\/\",\"name\":\"Un apag\u00f3n afect\u00f3 a todo el Distrito de Tornquist y una amplia zona. - Noticias Radio Reflejos\",\"isPartOf\":{\"@id\":\"https:\/\/www.noticiasradioreflejos.com.ar\/2021\/#website\"},\"datePublished\":\"2019-10-17T12:35:13+00:00\",\"author\":{\"@id\":\"https:\/\/www.noticiasradioreflejos.com.ar\/2021\/#\/schema\/person\/ad82545263dcc5ec0996818884fd5fb1\"},\"breadcrumb\":{\"@id\":\"https:\/\/www.noticiasradioreflejos.com.ar\/2021\/apagon-que-afecto-a-todo-el-distrito-de-tornquist-y-una-amplia-zona\/#breadcrumb\"},\"inLanguage\":\"es\",\"potentialAction\":[{\"@type\":\"ReadAction\",\"target\":[\"https:\/\/www.noticiasradioreflejos.com.ar\/2021\/apagon-que-afecto-a-todo-el-distrito-de-tornquist-y-una-amplia-zona\/\"]}]},{\"@type\":\"BreadcrumbList\",\"@id\":\"https:\/\/www.noticiasradioreflejos.com.ar\/2021\/apagon-que-afecto-a-todo-el-distrito-de-tornquist-y-una-amplia-zona\/#breadcrumb\",\"itemListElement\":[{\"@type\":\"ListItem\",\"position\":1,\"name\":\"Portada\",\"item\":\"https:\/\/www.noticiasradioreflejos.com.ar\/2021\/\"},{\"@type\":\"ListItem\",\"position\":2,\"name\":\"Un apag\u00f3n afect\u00f3 a todo el Distrito de Tornquist y una amplia zona.\"}]},{\"@type\":\"WebSite\",\"@id\":\"https:\/\/www.noticiasradioreflejos.com.ar\/2021\/#website\",\"url\":\"https:\/\/www.noticiasradioreflejos.com.ar\/2021\/\",\"name\":\"Noticias Radio Reflejos\",\"description\":\"Las noticias de mi comarca\",\"potentialAction\":[{\"@type\":\"SearchAction\",\"target\":{\"@type\":\"EntryPoint\",\"urlTemplate\":\"https:\/\/www.noticiasradioreflejos.com.ar\/2021\/?s={search_term_string}\"},\"query-input\":{\"@type\":\"PropertyValueSpecification\",\"valueRequired\":true,\"valueName\":\"search_term_string\"}}],\"inLanguage\":\"es\"},{\"@type\":\"Person\",\"@id\":\"https:\/\/www.noticiasradioreflejos.com.ar\/2021\/#\/schema\/person\/ad82545263dcc5ec0996818884fd5fb1\",\"name\":\"Arnaldo Botto\",\"image\":{\"@type\":\"ImageObject\",\"inLanguage\":\"es\",\"@id\":\"https:\/\/www.noticiasradioreflejos.com.ar\/2021\/#\/schema\/person\/image\/\",\"url\":\"https:\/\/secure.gravatar.com\/avatar\/55cb5e37c1efa326397366e6974cb338056df65cb50e7d64d1cf314e87504837?s=96&d=mm&r=g\",\"contentUrl\":\"https:\/\/secure.gravatar.com\/avatar\/55cb5e37c1efa326397366e6974cb338056df65cb50e7d64d1cf314e87504837?s=96&d=mm&r=g\",\"caption\":\"Arnaldo Botto\"},\"url\":\"https:\/\/www.noticiasradioreflejos.com.ar\/2021\/author\/arnaldo\/\"}]}<\/script>\n<!-- \/ Yoast SEO plugin. -->","yoast_head_json":{"title":"Un apag\u00f3n afect\u00f3 a todo el Distrito de Tornquist y una amplia zona. - Noticias Radio Reflejos","robots":{"index":"index","follow":"follow","max-snippet":"max-snippet:-1","max-image-preview":"max-image-preview:large","max-video-preview":"max-video-preview:-1"},"canonical":"https:\/\/www.noticiasradioreflejos.com.ar\/2021\/apagon-que-afecto-a-todo-el-distrito-de-tornquist-y-una-amplia-zona\/","og_locale":"es_ES","og_type":"article","og_title":"Un apag\u00f3n afect\u00f3 a todo el Distrito de Tornquist y una amplia zona. - Noticias Radio Reflejos","og_description":"Un corte de energ\u00eda de unos 95 minutos afect\u00f3 a todo el sector serrano, Tornquist, Dufaur, Laguna las Encadenadas y zona.Informe de Coopersive Ltda:","og_url":"https:\/\/www.noticiasradioreflejos.com.ar\/2021\/apagon-que-afecto-a-todo-el-distrito-de-tornquist-y-una-amplia-zona\/","og_site_name":"Noticias Radio Reflejos","article_published_time":"2019-10-17T12:35:13+00:00","og_image":[{"width":300,"height":200,"url":"https:\/\/www.noticiasradioreflejos.com.ar\/2021\/wp-content\/uploads\/2021\/07\/logosol300x200.png","type":"image\/png"}],"author":"Arnaldo Botto","twitter_card":"summary_large_image","schema":{"@context":"https:\/\/schema.org","@graph":[{"@type":"WebPage","@id":"https:\/\/www.noticiasradioreflejos.com.ar\/2021\/apagon-que-afecto-a-todo-el-distrito-de-tornquist-y-una-amplia-zona\/","url":"https:\/\/www.noticiasradioreflejos.com.ar\/2021\/apagon-que-afecto-a-todo-el-distrito-de-tornquist-y-una-amplia-zona\/","name":"Un apag\u00f3n afect\u00f3 a todo el Distrito de Tornquist y una amplia zona. - Noticias Radio Reflejos","isPartOf":{"@id":"https:\/\/www.noticiasradioreflejos.com.ar\/2021\/#website"},"datePublished":"2019-10-17T12:35:13+00:00","author":{"@id":"https:\/\/www.noticiasradioreflejos.com.ar\/2021\/#\/schema\/person\/ad82545263dcc5ec0996818884fd5fb1"},"breadcrumb":{"@id":"https:\/\/www.noticiasradioreflejos.com.ar\/2021\/apagon-que-afecto-a-todo-el-distrito-de-tornquist-y-una-amplia-zona\/#breadcrumb"},"inLanguage":"es","potentialAction":[{"@type":"ReadAction","target":["https:\/\/www.noticiasradioreflejos.com.ar\/2021\/apagon-que-afecto-a-todo-el-distrito-de-tornquist-y-una-amplia-zona\/"]}]},{"@type":"BreadcrumbList","@id":"https:\/\/www.noticiasradioreflejos.com.ar\/2021\/apagon-que-afecto-a-todo-el-distrito-de-tornquist-y-una-amplia-zona\/#breadcrumb","itemListElement":[{"@type":"ListItem","position":1,"name":"Portada","item":"https:\/\/www.noticiasradioreflejos.com.ar\/2021\/"},{"@type":"ListItem","position":2,"name":"Un apag\u00f3n afect\u00f3 a todo el Distrito de Tornquist y una amplia zona."}]},{"@type":"WebSite","@id":"https:\/\/www.noticiasradioreflejos.com.ar\/2021\/#website","url":"https:\/\/www.noticiasradioreflejos.com.ar\/2021\/","name":"Noticias Radio Reflejos","description":"Las noticias de mi comarca","potentialAction":[{"@type":"SearchAction","target":{"@type":"EntryPoint","urlTemplate":"https:\/\/www.noticiasradioreflejos.com.ar\/2021\/?s={search_term_string}"},"query-input":{"@type":"PropertyValueSpecification","valueRequired":true,"valueName":"search_term_string"}}],"inLanguage":"es"},{"@type":"Person","@id":"https:\/\/www.noticiasradioreflejos.com.ar\/2021\/#\/schema\/person\/ad82545263dcc5ec0996818884fd5fb1","name":"Arnaldo Botto","image":{"@type":"ImageObject","inLanguage":"es","@id":"https:\/\/www.noticiasradioreflejos.com.ar\/2021\/#\/schema\/person\/image\/","url":"https:\/\/secure.gravatar.com\/avatar\/55cb5e37c1efa326397366e6974cb338056df65cb50e7d64d1cf314e87504837?s=96&d=mm&r=g","contentUrl":"https:\/\/secure.gravatar.com\/avatar\/55cb5e37c1efa326397366e6974cb338056df65cb50e7d64d1cf314e87504837?s=96&d=mm&r=g","caption":"Arnaldo Botto"},"url":"https:\/\/www.noticiasradioreflejos.com.ar\/2021\/author\/arnaldo\/"}]}},"_links":{"self":[{"href":"https:\/\/www.noticiasradioreflejos.com.ar\/2021\/wp-json\/wp\/v2\/posts\/35672","targetHints":{"allow":["GET"]}}],"collection":[{"href":"https:\/\/www.noticiasradioreflejos.com.ar\/2021\/wp-json\/wp\/v2\/posts"}],"about":[{"href":"https:\/\/www.noticiasradioreflejos.com.ar\/2021\/wp-json\/wp\/v2\/types\/post"}],"author":[{"embeddable":true,"href":"https:\/\/www.noticiasradioreflejos.com.ar\/2021\/wp-json\/wp\/v2\/users\/3"}],"replies":[{"embeddable":true,"href":"https:\/\/www.noticiasradioreflejos.com.ar\/2021\/wp-json\/wp\/v2\/comments?post=35672"}],"version-history":[{"count":0,"href":"https:\/\/www.noticiasradioreflejos.com.ar\/2021\/wp-json\/wp\/v2\/posts\/35672\/revisions"}],"wp:attachment":[{"href":"https:\/\/www.noticiasradioreflejos.com.ar\/2021\/wp-json\/wp\/v2\/media?parent=35672"}],"wp:term":[{"taxonomy":"category","embeddable":true,"href":"https:\/\/www.noticiasradioreflejos.com.ar\/2021\/wp-json\/wp\/v2\/categories?post=35672"},{"taxonomy":"post_tag","embeddable":true,"href":"https:\/\/www.noticiasradioreflejos.com.ar\/2021\/wp-json\/wp\/v2\/tags?post=35672"}],"curies":[{"name":"wp","href":"https:\/\/api.w.org\/{rel}","templated":true}]}}