{"id":35654,"date":"2019-10-16T17:18:46","date_gmt":"2019-10-16T20:18:46","guid":{"rendered":"http:\/\/www.noticiasradioreflejos.com.ar\/noticias\/?p=35654"},"modified":"2019-10-16T17:18:46","modified_gmt":"2019-10-16T20:18:46","slug":"cronograma-de-capacitacion-autoridades-de-mesa-para-los-proximos-comicios","status":"publish","type":"post","link":"https:\/\/www.noticiasradioreflejos.com.ar\/2021\/cronograma-de-capacitacion-autoridades-de-mesa-para-los-proximos-comicios\/","title":{"rendered":"Cronograma de Capacitaci\u00f3n Autoridades de Mesa para los pr\u00f3ximos comicios."},"content":{"rendered":"<p>Jefatura Distrital de Tornquist informa el cronograma de Capacitaci\u00f3n Autoridades de Mesa para los pr\u00f3ximos comicios.<!--more--><\/p>\n<table width=\"1163\">\n<tbody>\n<tr>\n<td colspan=\"6\" width=\"1163\">CURSOS DE CAPACITACI\u00d3N PARA AUTORIDADES DE MESA<\/td>\n<\/tr>\n<tr>\n<td colspan=\"6\">ELECCIONES GENERALES\u00a0 2019<\/td>\n<\/tr>\n<tr>\n<td><\/td>\n<td><\/td>\n<td><\/td>\n<td><\/td>\n<td><\/td>\n<td><\/td>\n<\/tr>\n<tr>\n<td>DISTRITO<\/td>\n<td>LUGAR DE REALIZACI\u00d3N<\/td>\n<td>DOMICILIO<\/td>\n<td>FECHA<\/td>\n<td>\u00a0\u00a0 HORA<\/td>\n<td>CONTACTO: INDICAR TEL\u00c9FONO FIJO DE JEFATURA CON PREFIJO<\/td>\n<\/tr>\n<tr>\n<td>TORNQUIST<\/td>\n<td>ISFDyT N\u00b0 162<\/td>\n<td>Av. Ernesto Tornquist 319<\/td>\n<td>21\/10\/2019<\/td>\n<td>19.00<\/td>\n<td>291 4719997\u00a0 &#8211; 291 4940631<\/td>\n<\/tr>\n<tr>\n<td>TORNQUIST<\/td>\n<td>EP N\u00b0 2<\/td>\n<td>Pav\u00f3n N\u00b0 485 &#8211; Saldungaray<\/td>\n<td>23\/10\/2019<\/td>\n<td>17.30<\/td>\n<td><\/td>\n<\/tr>\n<tr>\n<td>TORNQUIST<\/td>\n<td>EP N\u00b0 6<\/td>\n<td>Alberdi, esq. Roca &#8211; Sierra de la Ventana<\/td>\n<td>23\/10\/2019<\/td>\n<td>19.00<\/td>\n<td><\/td>\n<\/tr>\n<tr>\n<td>TORNQUIST<\/td>\n<td>EP N\u00b0 24<\/td>\n<td>Cacique Catriel s\/n &#8211; Chasic\u00f3<\/td>\n<td>24\/10\/2019<\/td>\n<td>17.30<\/td>\n<td><\/td>\n<\/tr>\n<tr>\n<td>TORNQUIST<\/td>\n<td>EES N\u00b0 1<\/td>\n<td><b>Sala de Situaciones del Municipio,\u00a0 ubicada en Avda Sarmiento N\u00b0 53<\/b><\/td>\n<td>26\/10\/2019<\/td>\n<td>10.30<\/td>\n<td><\/td>\n<\/tr>\n<\/tbody>\n<\/table>\n","protected":false},"excerpt":{"rendered":"<p>Jefatura Distrital de Tornquist informa el cronograma de Capacitaci\u00f3n Autoridades de Mesa para los pr\u00f3ximos comicios.<\/p>\n","protected":false},"author":3,"featured_media":0,"comment_status":"closed","ping_status":"open","sticky":false,"template":"","format":"standard","meta":{"footnotes":""},"categories":[34],"tags":[],"class_list":["post-35654","post","type-post","status-publish","format-standard","hentry","category-educacion"],"yoast_head":"<!-- This site is optimized with the Yoast SEO plugin v25.9 - https:\/\/yoast.com\/wordpress\/plugins\/seo\/ -->\n<title>Cronograma de Capacitaci\u00f3n Autoridades de Mesa para los pr\u00f3ximos comicios. - Noticias Radio Reflejos<\/title>\n<meta name=\"robots\" content=\"index, follow, max-snippet:-1, max-image-preview:large, max-video-preview:-1\" \/>\n<link rel=\"canonical\" href=\"https:\/\/www.noticiasradioreflejos.com.ar\/2021\/cronograma-de-capacitacion-autoridades-de-mesa-para-los-proximos-comicios\/\" \/>\n<meta property=\"og:locale\" content=\"es_ES\" \/>\n<meta property=\"og:type\" content=\"article\" \/>\n<meta property=\"og:title\" content=\"Cronograma de Capacitaci\u00f3n Autoridades de Mesa para los pr\u00f3ximos comicios. - Noticias Radio Reflejos\" \/>\n<meta property=\"og:description\" content=\"Jefatura Distrital de Tornquist informa el cronograma de Capacitaci\u00f3n Autoridades de Mesa para los pr\u00f3ximos comicios.\" \/>\n<meta property=\"og:url\" content=\"https:\/\/www.noticiasradioreflejos.com.ar\/2021\/cronograma-de-capacitacion-autoridades-de-mesa-para-los-proximos-comicios\/\" \/>\n<meta property=\"og:site_name\" content=\"Noticias Radio Reflejos\" \/>\n<meta property=\"article:published_time\" content=\"2019-10-16T20:18:46+00:00\" \/>\n<meta property=\"og:image\" content=\"https:\/\/www.noticiasradioreflejos.com.ar\/2021\/wp-content\/uploads\/2021\/07\/logosol300x200.png\" \/>\n\t<meta property=\"og:image:width\" content=\"300\" \/>\n\t<meta property=\"og:image:height\" content=\"200\" \/>\n\t<meta property=\"og:image:type\" content=\"image\/png\" \/>\n<meta name=\"author\" content=\"Arnaldo Botto\" \/>\n<meta name=\"twitter:card\" content=\"summary_large_image\" \/>\n<script type=\"application\/ld+json\" class=\"yoast-schema-graph\">{\"@context\":\"https:\/\/schema.org\",\"@graph\":[{\"@type\":\"WebPage\",\"@id\":\"https:\/\/www.noticiasradioreflejos.com.ar\/2021\/cronograma-de-capacitacion-autoridades-de-mesa-para-los-proximos-comicios\/\",\"url\":\"https:\/\/www.noticiasradioreflejos.com.ar\/2021\/cronograma-de-capacitacion-autoridades-de-mesa-para-los-proximos-comicios\/\",\"name\":\"Cronograma de Capacitaci\u00f3n Autoridades de Mesa para los pr\u00f3ximos comicios. - Noticias Radio Reflejos\",\"isPartOf\":{\"@id\":\"https:\/\/www.noticiasradioreflejos.com.ar\/2021\/#website\"},\"datePublished\":\"2019-10-16T20:18:46+00:00\",\"author\":{\"@id\":\"https:\/\/www.noticiasradioreflejos.com.ar\/2021\/#\/schema\/person\/ad82545263dcc5ec0996818884fd5fb1\"},\"breadcrumb\":{\"@id\":\"https:\/\/www.noticiasradioreflejos.com.ar\/2021\/cronograma-de-capacitacion-autoridades-de-mesa-para-los-proximos-comicios\/#breadcrumb\"},\"inLanguage\":\"es\",\"potentialAction\":[{\"@type\":\"ReadAction\",\"target\":[\"https:\/\/www.noticiasradioreflejos.com.ar\/2021\/cronograma-de-capacitacion-autoridades-de-mesa-para-los-proximos-comicios\/\"]}]},{\"@type\":\"BreadcrumbList\",\"@id\":\"https:\/\/www.noticiasradioreflejos.com.ar\/2021\/cronograma-de-capacitacion-autoridades-de-mesa-para-los-proximos-comicios\/#breadcrumb\",\"itemListElement\":[{\"@type\":\"ListItem\",\"position\":1,\"name\":\"Portada\",\"item\":\"https:\/\/www.noticiasradioreflejos.com.ar\/2021\/\"},{\"@type\":\"ListItem\",\"position\":2,\"name\":\"Cronograma de Capacitaci\u00f3n Autoridades de Mesa para los pr\u00f3ximos comicios.\"}]},{\"@type\":\"WebSite\",\"@id\":\"https:\/\/www.noticiasradioreflejos.com.ar\/2021\/#website\",\"url\":\"https:\/\/www.noticiasradioreflejos.com.ar\/2021\/\",\"name\":\"Noticias Radio Reflejos\",\"description\":\"Las noticias de mi comarca\",\"potentialAction\":[{\"@type\":\"SearchAction\",\"target\":{\"@type\":\"EntryPoint\",\"urlTemplate\":\"https:\/\/www.noticiasradioreflejos.com.ar\/2021\/?s={search_term_string}\"},\"query-input\":{\"@type\":\"PropertyValueSpecification\",\"valueRequired\":true,\"valueName\":\"search_term_string\"}}],\"inLanguage\":\"es\"},{\"@type\":\"Person\",\"@id\":\"https:\/\/www.noticiasradioreflejos.com.ar\/2021\/#\/schema\/person\/ad82545263dcc5ec0996818884fd5fb1\",\"name\":\"Arnaldo Botto\",\"image\":{\"@type\":\"ImageObject\",\"inLanguage\":\"es\",\"@id\":\"https:\/\/www.noticiasradioreflejos.com.ar\/2021\/#\/schema\/person\/image\/\",\"url\":\"https:\/\/secure.gravatar.com\/avatar\/55cb5e37c1efa326397366e6974cb338056df65cb50e7d64d1cf314e87504837?s=96&d=mm&r=g\",\"contentUrl\":\"https:\/\/secure.gravatar.com\/avatar\/55cb5e37c1efa326397366e6974cb338056df65cb50e7d64d1cf314e87504837?s=96&d=mm&r=g\",\"caption\":\"Arnaldo Botto\"},\"url\":\"https:\/\/www.noticiasradioreflejos.com.ar\/2021\/author\/arnaldo\/\"}]}<\/script>\n<!-- \/ Yoast SEO plugin. -->","yoast_head_json":{"title":"Cronograma de Capacitaci\u00f3n Autoridades de Mesa para los pr\u00f3ximos comicios. - Noticias Radio Reflejos","robots":{"index":"index","follow":"follow","max-snippet":"max-snippet:-1","max-image-preview":"max-image-preview:large","max-video-preview":"max-video-preview:-1"},"canonical":"https:\/\/www.noticiasradioreflejos.com.ar\/2021\/cronograma-de-capacitacion-autoridades-de-mesa-para-los-proximos-comicios\/","og_locale":"es_ES","og_type":"article","og_title":"Cronograma de Capacitaci\u00f3n Autoridades de Mesa para los pr\u00f3ximos comicios. - Noticias Radio Reflejos","og_description":"Jefatura Distrital de Tornquist informa el cronograma de Capacitaci\u00f3n Autoridades de Mesa para los pr\u00f3ximos comicios.","og_url":"https:\/\/www.noticiasradioreflejos.com.ar\/2021\/cronograma-de-capacitacion-autoridades-de-mesa-para-los-proximos-comicios\/","og_site_name":"Noticias Radio Reflejos","article_published_time":"2019-10-16T20:18:46+00:00","og_image":[{"width":300,"height":200,"url":"https:\/\/www.noticiasradioreflejos.com.ar\/2021\/wp-content\/uploads\/2021\/07\/logosol300x200.png","type":"image\/png"}],"author":"Arnaldo Botto","twitter_card":"summary_large_image","schema":{"@context":"https:\/\/schema.org","@graph":[{"@type":"WebPage","@id":"https:\/\/www.noticiasradioreflejos.com.ar\/2021\/cronograma-de-capacitacion-autoridades-de-mesa-para-los-proximos-comicios\/","url":"https:\/\/www.noticiasradioreflejos.com.ar\/2021\/cronograma-de-capacitacion-autoridades-de-mesa-para-los-proximos-comicios\/","name":"Cronograma de Capacitaci\u00f3n Autoridades de Mesa para los pr\u00f3ximos comicios. - Noticias Radio Reflejos","isPartOf":{"@id":"https:\/\/www.noticiasradioreflejos.com.ar\/2021\/#website"},"datePublished":"2019-10-16T20:18:46+00:00","author":{"@id":"https:\/\/www.noticiasradioreflejos.com.ar\/2021\/#\/schema\/person\/ad82545263dcc5ec0996818884fd5fb1"},"breadcrumb":{"@id":"https:\/\/www.noticiasradioreflejos.com.ar\/2021\/cronograma-de-capacitacion-autoridades-de-mesa-para-los-proximos-comicios\/#breadcrumb"},"inLanguage":"es","potentialAction":[{"@type":"ReadAction","target":["https:\/\/www.noticiasradioreflejos.com.ar\/2021\/cronograma-de-capacitacion-autoridades-de-mesa-para-los-proximos-comicios\/"]}]},{"@type":"BreadcrumbList","@id":"https:\/\/www.noticiasradioreflejos.com.ar\/2021\/cronograma-de-capacitacion-autoridades-de-mesa-para-los-proximos-comicios\/#breadcrumb","itemListElement":[{"@type":"ListItem","position":1,"name":"Portada","item":"https:\/\/www.noticiasradioreflejos.com.ar\/2021\/"},{"@type":"ListItem","position":2,"name":"Cronograma de Capacitaci\u00f3n Autoridades de Mesa para los pr\u00f3ximos comicios."}]},{"@type":"WebSite","@id":"https:\/\/www.noticiasradioreflejos.com.ar\/2021\/#website","url":"https:\/\/www.noticiasradioreflejos.com.ar\/2021\/","name":"Noticias Radio Reflejos","description":"Las noticias de mi comarca","potentialAction":[{"@type":"SearchAction","target":{"@type":"EntryPoint","urlTemplate":"https:\/\/www.noticiasradioreflejos.com.ar\/2021\/?s={search_term_string}"},"query-input":{"@type":"PropertyValueSpecification","valueRequired":true,"valueName":"search_term_string"}}],"inLanguage":"es"},{"@type":"Person","@id":"https:\/\/www.noticiasradioreflejos.com.ar\/2021\/#\/schema\/person\/ad82545263dcc5ec0996818884fd5fb1","name":"Arnaldo Botto","image":{"@type":"ImageObject","inLanguage":"es","@id":"https:\/\/www.noticiasradioreflejos.com.ar\/2021\/#\/schema\/person\/image\/","url":"https:\/\/secure.gravatar.com\/avatar\/55cb5e37c1efa326397366e6974cb338056df65cb50e7d64d1cf314e87504837?s=96&d=mm&r=g","contentUrl":"https:\/\/secure.gravatar.com\/avatar\/55cb5e37c1efa326397366e6974cb338056df65cb50e7d64d1cf314e87504837?s=96&d=mm&r=g","caption":"Arnaldo Botto"},"url":"https:\/\/www.noticiasradioreflejos.com.ar\/2021\/author\/arnaldo\/"}]}},"_links":{"self":[{"href":"https:\/\/www.noticiasradioreflejos.com.ar\/2021\/wp-json\/wp\/v2\/posts\/35654","targetHints":{"allow":["GET"]}}],"collection":[{"href":"https:\/\/www.noticiasradioreflejos.com.ar\/2021\/wp-json\/wp\/v2\/posts"}],"about":[{"href":"https:\/\/www.noticiasradioreflejos.com.ar\/2021\/wp-json\/wp\/v2\/types\/post"}],"author":[{"embeddable":true,"href":"https:\/\/www.noticiasradioreflejos.com.ar\/2021\/wp-json\/wp\/v2\/users\/3"}],"replies":[{"embeddable":true,"href":"https:\/\/www.noticiasradioreflejos.com.ar\/2021\/wp-json\/wp\/v2\/comments?post=35654"}],"version-history":[{"count":0,"href":"https:\/\/www.noticiasradioreflejos.com.ar\/2021\/wp-json\/wp\/v2\/posts\/35654\/revisions"}],"wp:attachment":[{"href":"https:\/\/www.noticiasradioreflejos.com.ar\/2021\/wp-json\/wp\/v2\/media?parent=35654"}],"wp:term":[{"taxonomy":"category","embeddable":true,"href":"https:\/\/www.noticiasradioreflejos.com.ar\/2021\/wp-json\/wp\/v2\/categories?post=35654"},{"taxonomy":"post_tag","embeddable":true,"href":"https:\/\/www.noticiasradioreflejos.com.ar\/2021\/wp-json\/wp\/v2\/tags?post=35654"}],"curies":[{"name":"wp","href":"https:\/\/api.w.org\/{rel}","templated":true}]}}