{"id":35645,"date":"2019-10-16T12:36:34","date_gmt":"2019-10-16T15:36:34","guid":{"rendered":"http:\/\/www.noticiasradioreflejos.com.ar\/noticias\/?p=35645"},"modified":"2019-10-16T12:36:34","modified_gmt":"2019-10-16T15:36:34","slug":"recreando-las-obras-de-salamone-3er-concurso-de-artes-visuales","status":"publish","type":"post","link":"https:\/\/www.noticiasradioreflejos.com.ar\/2021\/recreando-las-obras-de-salamone-3er-concurso-de-artes-visuales\/","title":{"rendered":"Recreando las Obras de Salamone &#8211; 3er Concurso de Artes Visuales."},"content":{"rendered":"<p><a title=\"72303081_10220744765555082_3033506530394636288_n\" href=\"http:\/\/live.staticflickr.com\/65535\/48909183156_559783d1dc_s.jpg\" rel=\"\"><img loading=\"lazy\" decoding=\"async\" class=\"alignleft\" style=\"float: left;\" title=\"72303081_10220744765555082_3033506530394636288_n\" src=\"http:\/\/live.staticflickr.com\/65535\/48909183156_559783d1dc.jpg\" alt=\"72303081_10220744765555082_3033506530394636288_n\" width=\"500\" height=\"315\" \/><\/a>La Asociaci\u00f3n de Turismo Comunitario de Saldungaray, convoca ni\u00f1os, j\u00f3venes y adultos al 3\u00ba concurso de Artes Visuales, este a\u00f1o con la siguiente tem\u00e1tica: FOTOGRAFIA<br \/>\nLas fotos ser\u00e1n de las obras del Arquitecto Francisco Salamone.<!--more--><br \/>\nObjetivos:<br \/>\nRevitalizar las obras arquitect\u00f3nicas, destacadas en el Partido de Tornquist.<br \/>\nResignificar los espacios hist\u00f3ricos, culturales y tur\u00edsticos.<br \/>\nFomentar desde ATUCOS la actividad art\u00edstica de la poblaci\u00f3n y vecinos de Saldungaray de todas las edades. Contribuir a inmortalizar las obras tan bien sentadas del arquitecto Salamone.<br \/>\nPueden participar alumnos de fotograf\u00eda \u2013 ni\u00f1os, j\u00f3venes y adultos- amateurs, quedando excluidos fot\u00f3grafos profesionales.<br \/>\nTema:<br \/>\nObras realizadas por el arquitecto Salamone en Saldungaray. Solo se aceptan retoques digitales, color, brillo o contraste.<br \/>\nCategor\u00edas:<br \/>\n-Ni\u00f1os: menores de 12 a\u00f1os<br \/>\n-Adolescentes: de 12 a 18 a\u00f1os<br \/>\n-Adultos: a partir de los 18 a\u00f1os sin l\u00edmite de edad.<br \/>\nPresentaci\u00f3n<br \/>\nCada autor podr\u00e1 presentar hasta tres fotos de 20 x 30 cm. sobre cart\u00f3n de 30 por 40cm. de color blanco, en un sobre de papel madera cerrado. Al reverso de la obra, deben completarse los siguientes datos:<br \/>\n-nombres del autor.<br \/>\n-edad.<br \/>\n-direcci\u00f3n y tel\u00e9fono.<br \/>\n-adem\u00e1s, los menores de edad, deben tener autorizaci\u00f3n de padre, madre, tutor o encargado, acompa\u00f1ado de fotocopia de sus documentos.<br \/>\nLas obras que no se ajusten a estos requisitos no ser\u00e1n tenidas en cuenta. El jurado se reserva el derecho de solicitar archivo digital a las obras ganadoras.<br \/>\nRecepci\u00f3n de obras:<br \/>\nLos trabajos se recibir\u00e1n en la Oficina de Informes Tur\u00edsticos, ubicada en la calle Pav\u00f3n entre Av. Corrales y Sauce de Saldungaray, los d\u00edas lunes, martes, jueves, viernes, s\u00e1bados y domingos de 10 a 18hs. Hasta el d\u00eda 14 de noviembre de 2019. Se entregar\u00e1 constancia de la recepci\u00f3n, para, despu\u00e9s, poder retirarlos.<br \/>\nConstituci\u00f3n del jurado:<br \/>\n-el jurado estar\u00e1 integrado por cinco fot\u00f3grafos de la zona, que se reunir\u00e1n el viernes 15. Las decisiones del mismo, ser\u00e1n inapelables-<br \/>\nPremios:<br \/>\n-los premios se adjudicar\u00e1n por simple mayor\u00eda del jurado.<br \/>\n-cada categor\u00eda tendr\u00e1 un primero y segundo premio y tres menciones especiales.<br \/>\nLos premios se estregar\u00e1n el d\u00eda de la inauguraci\u00f3n, que ser\u00e1 el s\u00e1bado 16 de noviembre a las 18hs.<br \/>\nLa entidad organizadora, ATUCOS, no se responsabiliza por p\u00e9rdidas o deterioro de las mismas. El hecho de participar en este concurso implica la aceptaci\u00f3n de las condiciones precedentes.<br \/>\n-Devoluci\u00f3n de las obras:<br \/>\nLas mismas podr\u00e1n retirarse del Buffet de ATUCOS, en Av. Corrales y Pav\u00f3n, a partir del mes de febrero de 2020, s\u00e1bados y domingos de 14 a 18HS.<br \/>\nLa entidad organizadora, ATUCOS, no se hace responsable de cualquier perdida fortuita que pueda producirse.<br \/>\nEl hecho de participar en este concurso, implica la aceptaci\u00f3n de las condiciones precedentes.<br \/>\nSaldungaray, octubre de 2019.- \u2014 con Lucia Alcantara, Lorena Rueda, Pablo Parotti y 47 personas m\u00e1s.<\/p>\n","protected":false},"excerpt":{"rendered":"<p>La Asociaci\u00f3n de Turismo Comunitario de Saldungaray, convoca ni\u00f1os, j\u00f3venes y adultos al 3\u00ba concurso de Artes Visuales, este a\u00f1o con la siguiente tem\u00e1tica: FOTOGRAFIA Las fotos ser\u00e1n de las obras del Arquitecto Francisco Salamone.<\/p>\n","protected":false},"author":3,"featured_media":4019,"comment_status":"closed","ping_status":"open","sticky":false,"template":"","format":"standard","meta":{"footnotes":""},"categories":[35],"tags":[],"class_list":["post-35645","post","type-post","status-publish","format-standard","has-post-thumbnail","hentry","category-cultura"],"yoast_head":"<!-- This site is optimized with the Yoast SEO plugin v25.9 - https:\/\/yoast.com\/wordpress\/plugins\/seo\/ -->\n<title>Recreando las Obras de Salamone - 3er Concurso de Artes Visuales. - Noticias Radio Reflejos<\/title>\n<meta name=\"robots\" content=\"index, follow, max-snippet:-1, max-image-preview:large, max-video-preview:-1\" \/>\n<link rel=\"canonical\" href=\"https:\/\/www.noticiasradioreflejos.com.ar\/2021\/recreando-las-obras-de-salamone-3er-concurso-de-artes-visuales\/\" \/>\n<meta property=\"og:locale\" content=\"es_ES\" \/>\n<meta property=\"og:type\" content=\"article\" \/>\n<meta property=\"og:title\" content=\"Recreando las Obras de Salamone - 3er Concurso de Artes Visuales. - Noticias Radio Reflejos\" \/>\n<meta property=\"og:description\" content=\"La Asociaci\u00f3n de Turismo Comunitario de Saldungaray, convoca ni\u00f1os, j\u00f3venes y adultos al 3\u00ba concurso de Artes Visuales, este a\u00f1o con la siguiente tem\u00e1tica: FOTOGRAFIA Las fotos ser\u00e1n de las obras del Arquitecto Francisco Salamone.\" \/>\n<meta property=\"og:url\" content=\"https:\/\/www.noticiasradioreflejos.com.ar\/2021\/recreando-las-obras-de-salamone-3er-concurso-de-artes-visuales\/\" \/>\n<meta property=\"og:site_name\" content=\"Noticias Radio Reflejos\" \/>\n<meta property=\"article:published_time\" content=\"2019-10-16T15:36:34+00:00\" \/>\n<meta property=\"og:image\" content=\"https:\/\/www.noticiasradioreflejos.com.ar\/2021\/wp-content\/uploads\/2016\/11\/cementerio-Saldungaray-scaled.jpg\" \/>\n\t<meta property=\"og:image:width\" content=\"2560\" \/>\n\t<meta property=\"og:image:height\" content=\"1920\" \/>\n\t<meta property=\"og:image:type\" content=\"image\/jpeg\" \/>\n<meta name=\"author\" content=\"Arnaldo Botto\" \/>\n<meta name=\"twitter:card\" content=\"summary_large_image\" \/>\n<script type=\"application\/ld+json\" class=\"yoast-schema-graph\">{\"@context\":\"https:\/\/schema.org\",\"@graph\":[{\"@type\":\"WebPage\",\"@id\":\"https:\/\/www.noticiasradioreflejos.com.ar\/2021\/recreando-las-obras-de-salamone-3er-concurso-de-artes-visuales\/\",\"url\":\"https:\/\/www.noticiasradioreflejos.com.ar\/2021\/recreando-las-obras-de-salamone-3er-concurso-de-artes-visuales\/\",\"name\":\"Recreando las Obras de Salamone - 3er Concurso de Artes Visuales. - Noticias Radio Reflejos\",\"isPartOf\":{\"@id\":\"https:\/\/www.noticiasradioreflejos.com.ar\/2021\/#website\"},\"primaryImageOfPage\":{\"@id\":\"https:\/\/www.noticiasradioreflejos.com.ar\/2021\/recreando-las-obras-de-salamone-3er-concurso-de-artes-visuales\/#primaryimage\"},\"image\":{\"@id\":\"https:\/\/www.noticiasradioreflejos.com.ar\/2021\/recreando-las-obras-de-salamone-3er-concurso-de-artes-visuales\/#primaryimage\"},\"thumbnailUrl\":\"https:\/\/www.noticiasradioreflejos.com.ar\/2021\/wp-content\/uploads\/2016\/11\/cementerio-Saldungaray-scaled.jpg\",\"datePublished\":\"2019-10-16T15:36:34+00:00\",\"author\":{\"@id\":\"https:\/\/www.noticiasradioreflejos.com.ar\/2021\/#\/schema\/person\/ad82545263dcc5ec0996818884fd5fb1\"},\"breadcrumb\":{\"@id\":\"https:\/\/www.noticiasradioreflejos.com.ar\/2021\/recreando-las-obras-de-salamone-3er-concurso-de-artes-visuales\/#breadcrumb\"},\"inLanguage\":\"es\",\"potentialAction\":[{\"@type\":\"ReadAction\",\"target\":[\"https:\/\/www.noticiasradioreflejos.com.ar\/2021\/recreando-las-obras-de-salamone-3er-concurso-de-artes-visuales\/\"]}]},{\"@type\":\"ImageObject\",\"inLanguage\":\"es\",\"@id\":\"https:\/\/www.noticiasradioreflejos.com.ar\/2021\/recreando-las-obras-de-salamone-3er-concurso-de-artes-visuales\/#primaryimage\",\"url\":\"https:\/\/www.noticiasradioreflejos.com.ar\/2021\/wp-content\/uploads\/2016\/11\/cementerio-Saldungaray-scaled.jpg\",\"contentUrl\":\"https:\/\/www.noticiasradioreflejos.com.ar\/2021\/wp-content\/uploads\/2016\/11\/cementerio-Saldungaray-scaled.jpg\",\"width\":2560,\"height\":1920},{\"@type\":\"BreadcrumbList\",\"@id\":\"https:\/\/www.noticiasradioreflejos.com.ar\/2021\/recreando-las-obras-de-salamone-3er-concurso-de-artes-visuales\/#breadcrumb\",\"itemListElement\":[{\"@type\":\"ListItem\",\"position\":1,\"name\":\"Portada\",\"item\":\"https:\/\/www.noticiasradioreflejos.com.ar\/2021\/\"},{\"@type\":\"ListItem\",\"position\":2,\"name\":\"Recreando las Obras de Salamone &#8211; 3er Concurso de Artes Visuales.\"}]},{\"@type\":\"WebSite\",\"@id\":\"https:\/\/www.noticiasradioreflejos.com.ar\/2021\/#website\",\"url\":\"https:\/\/www.noticiasradioreflejos.com.ar\/2021\/\",\"name\":\"Noticias Radio Reflejos\",\"description\":\"Las noticias de mi comarca\",\"potentialAction\":[{\"@type\":\"SearchAction\",\"target\":{\"@type\":\"EntryPoint\",\"urlTemplate\":\"https:\/\/www.noticiasradioreflejos.com.ar\/2021\/?s={search_term_string}\"},\"query-input\":{\"@type\":\"PropertyValueSpecification\",\"valueRequired\":true,\"valueName\":\"search_term_string\"}}],\"inLanguage\":\"es\"},{\"@type\":\"Person\",\"@id\":\"https:\/\/www.noticiasradioreflejos.com.ar\/2021\/#\/schema\/person\/ad82545263dcc5ec0996818884fd5fb1\",\"name\":\"Arnaldo Botto\",\"image\":{\"@type\":\"ImageObject\",\"inLanguage\":\"es\",\"@id\":\"https:\/\/www.noticiasradioreflejos.com.ar\/2021\/#\/schema\/person\/image\/\",\"url\":\"https:\/\/secure.gravatar.com\/avatar\/55cb5e37c1efa326397366e6974cb338056df65cb50e7d64d1cf314e87504837?s=96&d=mm&r=g\",\"contentUrl\":\"https:\/\/secure.gravatar.com\/avatar\/55cb5e37c1efa326397366e6974cb338056df65cb50e7d64d1cf314e87504837?s=96&d=mm&r=g\",\"caption\":\"Arnaldo Botto\"},\"url\":\"https:\/\/www.noticiasradioreflejos.com.ar\/2021\/author\/arnaldo\/\"}]}<\/script>\n<!-- \/ Yoast SEO plugin. -->","yoast_head_json":{"title":"Recreando las Obras de Salamone - 3er Concurso de Artes Visuales. - Noticias Radio Reflejos","robots":{"index":"index","follow":"follow","max-snippet":"max-snippet:-1","max-image-preview":"max-image-preview:large","max-video-preview":"max-video-preview:-1"},"canonical":"https:\/\/www.noticiasradioreflejos.com.ar\/2021\/recreando-las-obras-de-salamone-3er-concurso-de-artes-visuales\/","og_locale":"es_ES","og_type":"article","og_title":"Recreando las Obras de Salamone - 3er Concurso de Artes Visuales. - Noticias Radio Reflejos","og_description":"La Asociaci\u00f3n de Turismo Comunitario de Saldungaray, convoca ni\u00f1os, j\u00f3venes y adultos al 3\u00ba concurso de Artes Visuales, este a\u00f1o con la siguiente tem\u00e1tica: FOTOGRAFIA Las fotos ser\u00e1n de las obras del Arquitecto Francisco Salamone.","og_url":"https:\/\/www.noticiasradioreflejos.com.ar\/2021\/recreando-las-obras-de-salamone-3er-concurso-de-artes-visuales\/","og_site_name":"Noticias Radio Reflejos","article_published_time":"2019-10-16T15:36:34+00:00","og_image":[{"width":2560,"height":1920,"url":"https:\/\/www.noticiasradioreflejos.com.ar\/2021\/wp-content\/uploads\/2016\/11\/cementerio-Saldungaray-scaled.jpg","type":"image\/jpeg"}],"author":"Arnaldo Botto","twitter_card":"summary_large_image","schema":{"@context":"https:\/\/schema.org","@graph":[{"@type":"WebPage","@id":"https:\/\/www.noticiasradioreflejos.com.ar\/2021\/recreando-las-obras-de-salamone-3er-concurso-de-artes-visuales\/","url":"https:\/\/www.noticiasradioreflejos.com.ar\/2021\/recreando-las-obras-de-salamone-3er-concurso-de-artes-visuales\/","name":"Recreando las Obras de Salamone - 3er Concurso de Artes Visuales. - Noticias Radio Reflejos","isPartOf":{"@id":"https:\/\/www.noticiasradioreflejos.com.ar\/2021\/#website"},"primaryImageOfPage":{"@id":"https:\/\/www.noticiasradioreflejos.com.ar\/2021\/recreando-las-obras-de-salamone-3er-concurso-de-artes-visuales\/#primaryimage"},"image":{"@id":"https:\/\/www.noticiasradioreflejos.com.ar\/2021\/recreando-las-obras-de-salamone-3er-concurso-de-artes-visuales\/#primaryimage"},"thumbnailUrl":"https:\/\/www.noticiasradioreflejos.com.ar\/2021\/wp-content\/uploads\/2016\/11\/cementerio-Saldungaray-scaled.jpg","datePublished":"2019-10-16T15:36:34+00:00","author":{"@id":"https:\/\/www.noticiasradioreflejos.com.ar\/2021\/#\/schema\/person\/ad82545263dcc5ec0996818884fd5fb1"},"breadcrumb":{"@id":"https:\/\/www.noticiasradioreflejos.com.ar\/2021\/recreando-las-obras-de-salamone-3er-concurso-de-artes-visuales\/#breadcrumb"},"inLanguage":"es","potentialAction":[{"@type":"ReadAction","target":["https:\/\/www.noticiasradioreflejos.com.ar\/2021\/recreando-las-obras-de-salamone-3er-concurso-de-artes-visuales\/"]}]},{"@type":"ImageObject","inLanguage":"es","@id":"https:\/\/www.noticiasradioreflejos.com.ar\/2021\/recreando-las-obras-de-salamone-3er-concurso-de-artes-visuales\/#primaryimage","url":"https:\/\/www.noticiasradioreflejos.com.ar\/2021\/wp-content\/uploads\/2016\/11\/cementerio-Saldungaray-scaled.jpg","contentUrl":"https:\/\/www.noticiasradioreflejos.com.ar\/2021\/wp-content\/uploads\/2016\/11\/cementerio-Saldungaray-scaled.jpg","width":2560,"height":1920},{"@type":"BreadcrumbList","@id":"https:\/\/www.noticiasradioreflejos.com.ar\/2021\/recreando-las-obras-de-salamone-3er-concurso-de-artes-visuales\/#breadcrumb","itemListElement":[{"@type":"ListItem","position":1,"name":"Portada","item":"https:\/\/www.noticiasradioreflejos.com.ar\/2021\/"},{"@type":"ListItem","position":2,"name":"Recreando las Obras de Salamone &#8211; 3er Concurso de Artes Visuales."}]},{"@type":"WebSite","@id":"https:\/\/www.noticiasradioreflejos.com.ar\/2021\/#website","url":"https:\/\/www.noticiasradioreflejos.com.ar\/2021\/","name":"Noticias Radio Reflejos","description":"Las noticias de mi comarca","potentialAction":[{"@type":"SearchAction","target":{"@type":"EntryPoint","urlTemplate":"https:\/\/www.noticiasradioreflejos.com.ar\/2021\/?s={search_term_string}"},"query-input":{"@type":"PropertyValueSpecification","valueRequired":true,"valueName":"search_term_string"}}],"inLanguage":"es"},{"@type":"Person","@id":"https:\/\/www.noticiasradioreflejos.com.ar\/2021\/#\/schema\/person\/ad82545263dcc5ec0996818884fd5fb1","name":"Arnaldo Botto","image":{"@type":"ImageObject","inLanguage":"es","@id":"https:\/\/www.noticiasradioreflejos.com.ar\/2021\/#\/schema\/person\/image\/","url":"https:\/\/secure.gravatar.com\/avatar\/55cb5e37c1efa326397366e6974cb338056df65cb50e7d64d1cf314e87504837?s=96&d=mm&r=g","contentUrl":"https:\/\/secure.gravatar.com\/avatar\/55cb5e37c1efa326397366e6974cb338056df65cb50e7d64d1cf314e87504837?s=96&d=mm&r=g","caption":"Arnaldo Botto"},"url":"https:\/\/www.noticiasradioreflejos.com.ar\/2021\/author\/arnaldo\/"}]}},"_links":{"self":[{"href":"https:\/\/www.noticiasradioreflejos.com.ar\/2021\/wp-json\/wp\/v2\/posts\/35645","targetHints":{"allow":["GET"]}}],"collection":[{"href":"https:\/\/www.noticiasradioreflejos.com.ar\/2021\/wp-json\/wp\/v2\/posts"}],"about":[{"href":"https:\/\/www.noticiasradioreflejos.com.ar\/2021\/wp-json\/wp\/v2\/types\/post"}],"author":[{"embeddable":true,"href":"https:\/\/www.noticiasradioreflejos.com.ar\/2021\/wp-json\/wp\/v2\/users\/3"}],"replies":[{"embeddable":true,"href":"https:\/\/www.noticiasradioreflejos.com.ar\/2021\/wp-json\/wp\/v2\/comments?post=35645"}],"version-history":[{"count":0,"href":"https:\/\/www.noticiasradioreflejos.com.ar\/2021\/wp-json\/wp\/v2\/posts\/35645\/revisions"}],"wp:featuredmedia":[{"embeddable":true,"href":"https:\/\/www.noticiasradioreflejos.com.ar\/2021\/wp-json\/wp\/v2\/media\/4019"}],"wp:attachment":[{"href":"https:\/\/www.noticiasradioreflejos.com.ar\/2021\/wp-json\/wp\/v2\/media?parent=35645"}],"wp:term":[{"taxonomy":"category","embeddable":true,"href":"https:\/\/www.noticiasradioreflejos.com.ar\/2021\/wp-json\/wp\/v2\/categories?post=35645"},{"taxonomy":"post_tag","embeddable":true,"href":"https:\/\/www.noticiasradioreflejos.com.ar\/2021\/wp-json\/wp\/v2\/tags?post=35645"}],"curies":[{"name":"wp","href":"https:\/\/api.w.org\/{rel}","templated":true}]}}