{"id":35632,"date":"2019-10-16T07:55:07","date_gmt":"2019-10-16T10:55:07","guid":{"rendered":"http:\/\/www.noticiasradioreflejos.com.ar\/noticias\/?p=35632"},"modified":"2019-10-16T07:55:07","modified_gmt":"2019-10-16T10:55:07","slug":"comunicado-de-coopersive-ltda-obras-sobre-avda-san-martin","status":"publish","type":"post","link":"https:\/\/www.noticiasradioreflejos.com.ar\/2021\/comunicado-de-coopersive-ltda-obras-sobre-avda-san-martin\/","title":{"rendered":"Comunicado  de Coopersive Ltda. &#8211; Obras sobre Avda. San Mart\u00edn &#8211;"},"content":{"rendered":"<p>Dentro de las obras en curso, actualizamos el avance de las mismas al d\u00eda de la fecha:<br \/>\n\u2022\tCruce subterr\u00e1neo Ferrocarril Roca: nos encontramos en los tramos finales de la obra, quedando la construcci\u00f3n de una de las c\u00e1maras y el pasaje de cables por los ca\u00f1eros que se han instalado.<!--more--><br \/>\n\u2022\tCruce subterr\u00e1neo Avda. San Mart\u00edn (desde Avda. San Mart\u00edn y Avda. Roca hasta la acera de la Cooperativa): a partir de las 08:00 h del d\u00eda de hoy, continuaremos la obra con el corte de pavimento y zanjeo sobre la vereda par de Avda. San Mart\u00edn. Esta tarea implicar\u00e1 que, por aproximadamente un lapso de 10 d\u00edas, el tr\u00e1nsito vehicular se ver\u00e1 restringido en ese sector. Durante este per\u00edodo, el tramo de Avda. San Mart\u00edn vereda impar hasta su intersecci\u00f3n con Diego Meyer ser\u00e1 de doble circulaci\u00f3n para permitir el paso de los veh\u00edculos que se desplacen desde Villa La Arcadia o Barrio Golf hacia el norte. Si bien el lugar estar\u00e1 debidamente vallado, se\u00f1alizado y controlado por personal de la Secretar\u00eda de Seguridad del Municipio, se solicita a los vecinos circular por el mismo con suma precauci\u00f3n.<br \/>\nRecordamos que estas obras permitir\u00e1n la eliminaci\u00f3n de todos los cruces a\u00e9reos de cables en la zona donde se est\u00e1 trabajando.<br \/>\nSepan disculpar las molestias que estos trabajos ocasionan a la comunidad.<br \/>\nSeguimos trabajando d\u00eda a d\u00eda para ofrecerles a nuestros asociados un servicio de mejor calidad.<br \/>\nConsejo de Administraci\u00f3n<br \/>\n16-oct-19<\/p>\n","protected":false},"excerpt":{"rendered":"<p>Dentro de las obras en curso, actualizamos el avance de las mismas al d\u00eda de la fecha: \u2022 Cruce subterr\u00e1neo Ferrocarril Roca: nos encontramos en los tramos finales de la obra, quedando la construcci\u00f3n de una de las c\u00e1maras y el pasaje de cables por los ca\u00f1eros que se han instalado.<\/p>\n","protected":false},"author":3,"featured_media":0,"comment_status":"closed","ping_status":"open","sticky":false,"template":"","format":"standard","meta":{"footnotes":""},"categories":[26],"tags":[],"class_list":["post-35632","post","type-post","status-publish","format-standard","hentry","category-sociedad"],"yoast_head":"<!-- This site is optimized with the Yoast SEO plugin v25.9 - https:\/\/yoast.com\/wordpress\/plugins\/seo\/ -->\n<title>Comunicado de Coopersive Ltda. - Obras sobre Avda. San Mart\u00edn - Noticias Radio Reflejos<\/title>\n<meta name=\"robots\" content=\"index, follow, max-snippet:-1, max-image-preview:large, max-video-preview:-1\" \/>\n<link rel=\"canonical\" href=\"https:\/\/www.noticiasradioreflejos.com.ar\/2021\/comunicado-de-coopersive-ltda-obras-sobre-avda-san-martin\/\" \/>\n<meta property=\"og:locale\" content=\"es_ES\" \/>\n<meta property=\"og:type\" content=\"article\" \/>\n<meta property=\"og:title\" content=\"Comunicado de Coopersive Ltda. - Obras sobre Avda. San Mart\u00edn - Noticias Radio Reflejos\" \/>\n<meta property=\"og:description\" content=\"Dentro de las obras en curso, actualizamos el avance de las mismas al d\u00eda de la fecha: \u2022 Cruce subterr\u00e1neo Ferrocarril Roca: nos encontramos en los tramos finales de la obra, quedando la construcci\u00f3n de una de las c\u00e1maras y el pasaje de cables por los ca\u00f1eros que se han instalado.\" \/>\n<meta property=\"og:url\" content=\"https:\/\/www.noticiasradioreflejos.com.ar\/2021\/comunicado-de-coopersive-ltda-obras-sobre-avda-san-martin\/\" \/>\n<meta property=\"og:site_name\" content=\"Noticias Radio Reflejos\" \/>\n<meta property=\"article:published_time\" content=\"2019-10-16T10:55:07+00:00\" \/>\n<meta property=\"og:image\" content=\"https:\/\/www.noticiasradioreflejos.com.ar\/2021\/wp-content\/uploads\/2021\/07\/logosol300x200.png\" \/>\n\t<meta property=\"og:image:width\" content=\"300\" \/>\n\t<meta property=\"og:image:height\" content=\"200\" \/>\n\t<meta property=\"og:image:type\" content=\"image\/png\" \/>\n<meta name=\"author\" content=\"Arnaldo Botto\" \/>\n<meta name=\"twitter:card\" content=\"summary_large_image\" \/>\n<script type=\"application\/ld+json\" class=\"yoast-schema-graph\">{\"@context\":\"https:\/\/schema.org\",\"@graph\":[{\"@type\":\"WebPage\",\"@id\":\"https:\/\/www.noticiasradioreflejos.com.ar\/2021\/comunicado-de-coopersive-ltda-obras-sobre-avda-san-martin\/\",\"url\":\"https:\/\/www.noticiasradioreflejos.com.ar\/2021\/comunicado-de-coopersive-ltda-obras-sobre-avda-san-martin\/\",\"name\":\"Comunicado de Coopersive Ltda. - Obras sobre Avda. San Mart\u00edn - Noticias Radio Reflejos\",\"isPartOf\":{\"@id\":\"https:\/\/www.noticiasradioreflejos.com.ar\/2021\/#website\"},\"datePublished\":\"2019-10-16T10:55:07+00:00\",\"author\":{\"@id\":\"https:\/\/www.noticiasradioreflejos.com.ar\/2021\/#\/schema\/person\/ad82545263dcc5ec0996818884fd5fb1\"},\"breadcrumb\":{\"@id\":\"https:\/\/www.noticiasradioreflejos.com.ar\/2021\/comunicado-de-coopersive-ltda-obras-sobre-avda-san-martin\/#breadcrumb\"},\"inLanguage\":\"es\",\"potentialAction\":[{\"@type\":\"ReadAction\",\"target\":[\"https:\/\/www.noticiasradioreflejos.com.ar\/2021\/comunicado-de-coopersive-ltda-obras-sobre-avda-san-martin\/\"]}]},{\"@type\":\"BreadcrumbList\",\"@id\":\"https:\/\/www.noticiasradioreflejos.com.ar\/2021\/comunicado-de-coopersive-ltda-obras-sobre-avda-san-martin\/#breadcrumb\",\"itemListElement\":[{\"@type\":\"ListItem\",\"position\":1,\"name\":\"Portada\",\"item\":\"https:\/\/www.noticiasradioreflejos.com.ar\/2021\/\"},{\"@type\":\"ListItem\",\"position\":2,\"name\":\"Comunicado de Coopersive Ltda. &#8211; Obras sobre Avda. San Mart\u00edn &#8211;\"}]},{\"@type\":\"WebSite\",\"@id\":\"https:\/\/www.noticiasradioreflejos.com.ar\/2021\/#website\",\"url\":\"https:\/\/www.noticiasradioreflejos.com.ar\/2021\/\",\"name\":\"Noticias Radio Reflejos\",\"description\":\"Las noticias de mi comarca\",\"potentialAction\":[{\"@type\":\"SearchAction\",\"target\":{\"@type\":\"EntryPoint\",\"urlTemplate\":\"https:\/\/www.noticiasradioreflejos.com.ar\/2021\/?s={search_term_string}\"},\"query-input\":{\"@type\":\"PropertyValueSpecification\",\"valueRequired\":true,\"valueName\":\"search_term_string\"}}],\"inLanguage\":\"es\"},{\"@type\":\"Person\",\"@id\":\"https:\/\/www.noticiasradioreflejos.com.ar\/2021\/#\/schema\/person\/ad82545263dcc5ec0996818884fd5fb1\",\"name\":\"Arnaldo Botto\",\"image\":{\"@type\":\"ImageObject\",\"inLanguage\":\"es\",\"@id\":\"https:\/\/www.noticiasradioreflejos.com.ar\/2021\/#\/schema\/person\/image\/\",\"url\":\"https:\/\/secure.gravatar.com\/avatar\/55cb5e37c1efa326397366e6974cb338056df65cb50e7d64d1cf314e87504837?s=96&d=mm&r=g\",\"contentUrl\":\"https:\/\/secure.gravatar.com\/avatar\/55cb5e37c1efa326397366e6974cb338056df65cb50e7d64d1cf314e87504837?s=96&d=mm&r=g\",\"caption\":\"Arnaldo Botto\"},\"url\":\"https:\/\/www.noticiasradioreflejos.com.ar\/2021\/author\/arnaldo\/\"}]}<\/script>\n<!-- \/ Yoast SEO plugin. -->","yoast_head_json":{"title":"Comunicado de Coopersive Ltda. - Obras sobre Avda. San Mart\u00edn - Noticias Radio Reflejos","robots":{"index":"index","follow":"follow","max-snippet":"max-snippet:-1","max-image-preview":"max-image-preview:large","max-video-preview":"max-video-preview:-1"},"canonical":"https:\/\/www.noticiasradioreflejos.com.ar\/2021\/comunicado-de-coopersive-ltda-obras-sobre-avda-san-martin\/","og_locale":"es_ES","og_type":"article","og_title":"Comunicado de Coopersive Ltda. - Obras sobre Avda. San Mart\u00edn - Noticias Radio Reflejos","og_description":"Dentro de las obras en curso, actualizamos el avance de las mismas al d\u00eda de la fecha: \u2022 Cruce subterr\u00e1neo Ferrocarril Roca: nos encontramos en los tramos finales de la obra, quedando la construcci\u00f3n de una de las c\u00e1maras y el pasaje de cables por los ca\u00f1eros que se han instalado.","og_url":"https:\/\/www.noticiasradioreflejos.com.ar\/2021\/comunicado-de-coopersive-ltda-obras-sobre-avda-san-martin\/","og_site_name":"Noticias Radio Reflejos","article_published_time":"2019-10-16T10:55:07+00:00","og_image":[{"width":300,"height":200,"url":"https:\/\/www.noticiasradioreflejos.com.ar\/2021\/wp-content\/uploads\/2021\/07\/logosol300x200.png","type":"image\/png"}],"author":"Arnaldo Botto","twitter_card":"summary_large_image","schema":{"@context":"https:\/\/schema.org","@graph":[{"@type":"WebPage","@id":"https:\/\/www.noticiasradioreflejos.com.ar\/2021\/comunicado-de-coopersive-ltda-obras-sobre-avda-san-martin\/","url":"https:\/\/www.noticiasradioreflejos.com.ar\/2021\/comunicado-de-coopersive-ltda-obras-sobre-avda-san-martin\/","name":"Comunicado de Coopersive Ltda. - Obras sobre Avda. San Mart\u00edn - Noticias Radio Reflejos","isPartOf":{"@id":"https:\/\/www.noticiasradioreflejos.com.ar\/2021\/#website"},"datePublished":"2019-10-16T10:55:07+00:00","author":{"@id":"https:\/\/www.noticiasradioreflejos.com.ar\/2021\/#\/schema\/person\/ad82545263dcc5ec0996818884fd5fb1"},"breadcrumb":{"@id":"https:\/\/www.noticiasradioreflejos.com.ar\/2021\/comunicado-de-coopersive-ltda-obras-sobre-avda-san-martin\/#breadcrumb"},"inLanguage":"es","potentialAction":[{"@type":"ReadAction","target":["https:\/\/www.noticiasradioreflejos.com.ar\/2021\/comunicado-de-coopersive-ltda-obras-sobre-avda-san-martin\/"]}]},{"@type":"BreadcrumbList","@id":"https:\/\/www.noticiasradioreflejos.com.ar\/2021\/comunicado-de-coopersive-ltda-obras-sobre-avda-san-martin\/#breadcrumb","itemListElement":[{"@type":"ListItem","position":1,"name":"Portada","item":"https:\/\/www.noticiasradioreflejos.com.ar\/2021\/"},{"@type":"ListItem","position":2,"name":"Comunicado de Coopersive Ltda. &#8211; Obras sobre Avda. San Mart\u00edn &#8211;"}]},{"@type":"WebSite","@id":"https:\/\/www.noticiasradioreflejos.com.ar\/2021\/#website","url":"https:\/\/www.noticiasradioreflejos.com.ar\/2021\/","name":"Noticias Radio Reflejos","description":"Las noticias de mi comarca","potentialAction":[{"@type":"SearchAction","target":{"@type":"EntryPoint","urlTemplate":"https:\/\/www.noticiasradioreflejos.com.ar\/2021\/?s={search_term_string}"},"query-input":{"@type":"PropertyValueSpecification","valueRequired":true,"valueName":"search_term_string"}}],"inLanguage":"es"},{"@type":"Person","@id":"https:\/\/www.noticiasradioreflejos.com.ar\/2021\/#\/schema\/person\/ad82545263dcc5ec0996818884fd5fb1","name":"Arnaldo Botto","image":{"@type":"ImageObject","inLanguage":"es","@id":"https:\/\/www.noticiasradioreflejos.com.ar\/2021\/#\/schema\/person\/image\/","url":"https:\/\/secure.gravatar.com\/avatar\/55cb5e37c1efa326397366e6974cb338056df65cb50e7d64d1cf314e87504837?s=96&d=mm&r=g","contentUrl":"https:\/\/secure.gravatar.com\/avatar\/55cb5e37c1efa326397366e6974cb338056df65cb50e7d64d1cf314e87504837?s=96&d=mm&r=g","caption":"Arnaldo Botto"},"url":"https:\/\/www.noticiasradioreflejos.com.ar\/2021\/author\/arnaldo\/"}]}},"_links":{"self":[{"href":"https:\/\/www.noticiasradioreflejos.com.ar\/2021\/wp-json\/wp\/v2\/posts\/35632","targetHints":{"allow":["GET"]}}],"collection":[{"href":"https:\/\/www.noticiasradioreflejos.com.ar\/2021\/wp-json\/wp\/v2\/posts"}],"about":[{"href":"https:\/\/www.noticiasradioreflejos.com.ar\/2021\/wp-json\/wp\/v2\/types\/post"}],"author":[{"embeddable":true,"href":"https:\/\/www.noticiasradioreflejos.com.ar\/2021\/wp-json\/wp\/v2\/users\/3"}],"replies":[{"embeddable":true,"href":"https:\/\/www.noticiasradioreflejos.com.ar\/2021\/wp-json\/wp\/v2\/comments?post=35632"}],"version-history":[{"count":0,"href":"https:\/\/www.noticiasradioreflejos.com.ar\/2021\/wp-json\/wp\/v2\/posts\/35632\/revisions"}],"wp:attachment":[{"href":"https:\/\/www.noticiasradioreflejos.com.ar\/2021\/wp-json\/wp\/v2\/media?parent=35632"}],"wp:term":[{"taxonomy":"category","embeddable":true,"href":"https:\/\/www.noticiasradioreflejos.com.ar\/2021\/wp-json\/wp\/v2\/categories?post=35632"},{"taxonomy":"post_tag","embeddable":true,"href":"https:\/\/www.noticiasradioreflejos.com.ar\/2021\/wp-json\/wp\/v2\/tags?post=35632"}],"curies":[{"name":"wp","href":"https:\/\/api.w.org\/{rel}","templated":true}]}}