{"id":35628,"date":"2019-10-15T20:17:44","date_gmt":"2019-10-15T23:17:44","guid":{"rendered":"http:\/\/www.noticiasradioreflejos.com.ar\/noticias\/?p=35628"},"modified":"2019-10-15T20:17:44","modified_gmt":"2019-10-15T23:17:44","slug":"seminario-taller-en-la-biblioteca-de-villa-ventana","status":"publish","type":"post","link":"https:\/\/www.noticiasradioreflejos.com.ar\/2021\/seminario-taller-en-la-biblioteca-de-villa-ventana\/","title":{"rendered":"Seminario-taller en la biblioteca de Tornquist."},"content":{"rendered":"<p><a title=\"71494931_2699138846771121_7726255448034115584_n\" href=\"http:\/\/live.staticflickr.com\/65535\/48874356853_705449295e_s.jpg\" rel=\"\"><img loading=\"lazy\" decoding=\"async\" class=\"alignleft\" style=\"float: left;\" title=\"71494931_2699138846771121_7726255448034115584_n\" src=\"http:\/\/live.staticflickr.com\/65535\/48874356853_705449295e.jpg\" alt=\"71494931_2699138846771121_7726255448034115584_n\" width=\"473\" height=\"500\" \/><\/a>18 de octubre: \u201cSentipensar am\u00e9rica. Filosof\u00edas nuestroamericanas\u201d<!--more--><br \/>\nOBJETIVO<br \/>\nUna aproximaci\u00f3n a las problem\u00e1ticas epist\u00e9micas, est\u00e9ticas, espirituales, pol\u00edticas y sociales en torno a las culturas originarias y afroamericanas, desde una mirada de aprendizaje, de respeto, de admiraci\u00f3n, de valoraci\u00f3n, de escucha.<br \/>\nAcercarnos a estos saberes nuestros pero poco reconocidos, excediendo su consideraci\u00f3n intelectualista o academicista, vivenciando los conceptos-gu\u00eda, las pr\u00e1cticas de resistencia y re-existencia, los valores, las est\u00e9ticas y las formas de organizaci\u00f3n de estos mundos.<br \/>\n\u00abSentipensar Am\u00e9rica\u00bb es una propuesta para todo p\u00fablico interesado en explorar los otros conocimientos y descubrir, quiz\u00e1s, que son propios en parte, e iniciar as\u00ed un camino de descolonizaci\u00f3n epist\u00e9mica.<br \/>\nMediante una metodolog\u00eda participativa y de construcci\u00f3n colectiva del conocimiento, se busca generar el espacio propicio para que se den debates, conversaciones, producciones, intervenciones en relaci\u00f3n a las problem\u00e1ticas explicitadas en cada eje tem\u00e1tico.<br \/>\nTem\u00e1ticas<br \/>\n* Lo emocional como centro de la subjetividad. Las simb\u00f3licas ind\u00edgenas del coraz\u00f3n. Movimiento interior del entender ind\u00edgena y su inscripci\u00f3n material: Piedras, kipus, tejidos, c\u00f3dices\u2026<br \/>\n* Elementos fundamentales de las cosmovisiones originarias andinas, guaran\u00edticas y patag\u00f3nicas: El concepto-s\u00edmbolo de Pacha (Tradiciones andinas), Tierra Sin Mal (Tradiciones guaran\u00edticas) y Mapu (Tradici\u00f3n mapuche). Implicaciones metaf\u00edsico-pol\u00edticas.<br \/>\n* Elementos fundamentales de las tradiciones afroamericanas en el territorio argentino: Candombl\u00e9, capoeira, orix\u00e1s y pensamiento Ubuntu.<br \/>\n* Problem\u00e1ticas de la tierra, la semilla y la comunidad: Lazos de lo afroind\u00edgena y lo campesino. Pensamiento seminal y fagocitaci\u00f3n.<br \/>\n&#8230;<\/p>\n","protected":false},"excerpt":{"rendered":"<p>18 de octubre: \u201cSentipensar am\u00e9rica. Filosof\u00edas nuestroamericanas\u201d<\/p>\n","protected":false},"author":3,"featured_media":0,"comment_status":"closed","ping_status":"open","sticky":false,"template":"","format":"standard","meta":{"footnotes":""},"categories":[35],"tags":[],"class_list":["post-35628","post","type-post","status-publish","format-standard","hentry","category-cultura"],"yoast_head":"<!-- This site is optimized with the Yoast SEO plugin v25.9 - https:\/\/yoast.com\/wordpress\/plugins\/seo\/ -->\n<title>Seminario-taller en la biblioteca de Tornquist. - Noticias Radio Reflejos<\/title>\n<meta name=\"robots\" content=\"index, follow, max-snippet:-1, max-image-preview:large, max-video-preview:-1\" \/>\n<link rel=\"canonical\" href=\"https:\/\/www.noticiasradioreflejos.com.ar\/2021\/seminario-taller-en-la-biblioteca-de-villa-ventana\/\" \/>\n<meta property=\"og:locale\" content=\"es_ES\" \/>\n<meta property=\"og:type\" content=\"article\" \/>\n<meta property=\"og:title\" content=\"Seminario-taller en la biblioteca de Tornquist. - Noticias Radio Reflejos\" \/>\n<meta property=\"og:description\" content=\"18 de octubre: \u201cSentipensar am\u00e9rica. Filosof\u00edas nuestroamericanas\u201d\" \/>\n<meta property=\"og:url\" content=\"https:\/\/www.noticiasradioreflejos.com.ar\/2021\/seminario-taller-en-la-biblioteca-de-villa-ventana\/\" \/>\n<meta property=\"og:site_name\" content=\"Noticias Radio Reflejos\" \/>\n<meta property=\"article:published_time\" content=\"2019-10-15T23:17:44+00:00\" \/>\n<meta property=\"og:image\" content=\"http:\/\/live.staticflickr.com\/65535\/48874356853_705449295e.jpg\" \/>\n<meta name=\"author\" content=\"Arnaldo Botto\" \/>\n<meta name=\"twitter:card\" content=\"summary_large_image\" \/>\n<script type=\"application\/ld+json\" class=\"yoast-schema-graph\">{\"@context\":\"https:\/\/schema.org\",\"@graph\":[{\"@type\":\"WebPage\",\"@id\":\"https:\/\/www.noticiasradioreflejos.com.ar\/2021\/seminario-taller-en-la-biblioteca-de-villa-ventana\/\",\"url\":\"https:\/\/www.noticiasradioreflejos.com.ar\/2021\/seminario-taller-en-la-biblioteca-de-villa-ventana\/\",\"name\":\"Seminario-taller en la biblioteca de Tornquist. - Noticias Radio Reflejos\",\"isPartOf\":{\"@id\":\"https:\/\/www.noticiasradioreflejos.com.ar\/2021\/#website\"},\"primaryImageOfPage\":{\"@id\":\"https:\/\/www.noticiasradioreflejos.com.ar\/2021\/seminario-taller-en-la-biblioteca-de-villa-ventana\/#primaryimage\"},\"image\":{\"@id\":\"https:\/\/www.noticiasradioreflejos.com.ar\/2021\/seminario-taller-en-la-biblioteca-de-villa-ventana\/#primaryimage\"},\"thumbnailUrl\":\"http:\/\/live.staticflickr.com\/65535\/48874356853_705449295e.jpg\",\"datePublished\":\"2019-10-15T23:17:44+00:00\",\"author\":{\"@id\":\"https:\/\/www.noticiasradioreflejos.com.ar\/2021\/#\/schema\/person\/ad82545263dcc5ec0996818884fd5fb1\"},\"breadcrumb\":{\"@id\":\"https:\/\/www.noticiasradioreflejos.com.ar\/2021\/seminario-taller-en-la-biblioteca-de-villa-ventana\/#breadcrumb\"},\"inLanguage\":\"es\",\"potentialAction\":[{\"@type\":\"ReadAction\",\"target\":[\"https:\/\/www.noticiasradioreflejos.com.ar\/2021\/seminario-taller-en-la-biblioteca-de-villa-ventana\/\"]}]},{\"@type\":\"ImageObject\",\"inLanguage\":\"es\",\"@id\":\"https:\/\/www.noticiasradioreflejos.com.ar\/2021\/seminario-taller-en-la-biblioteca-de-villa-ventana\/#primaryimage\",\"url\":\"http:\/\/live.staticflickr.com\/65535\/48874356853_705449295e.jpg\",\"contentUrl\":\"http:\/\/live.staticflickr.com\/65535\/48874356853_705449295e.jpg\"},{\"@type\":\"BreadcrumbList\",\"@id\":\"https:\/\/www.noticiasradioreflejos.com.ar\/2021\/seminario-taller-en-la-biblioteca-de-villa-ventana\/#breadcrumb\",\"itemListElement\":[{\"@type\":\"ListItem\",\"position\":1,\"name\":\"Portada\",\"item\":\"https:\/\/www.noticiasradioreflejos.com.ar\/2021\/\"},{\"@type\":\"ListItem\",\"position\":2,\"name\":\"Seminario-taller en la biblioteca de Tornquist.\"}]},{\"@type\":\"WebSite\",\"@id\":\"https:\/\/www.noticiasradioreflejos.com.ar\/2021\/#website\",\"url\":\"https:\/\/www.noticiasradioreflejos.com.ar\/2021\/\",\"name\":\"Noticias Radio Reflejos\",\"description\":\"Las noticias de mi comarca\",\"potentialAction\":[{\"@type\":\"SearchAction\",\"target\":{\"@type\":\"EntryPoint\",\"urlTemplate\":\"https:\/\/www.noticiasradioreflejos.com.ar\/2021\/?s={search_term_string}\"},\"query-input\":{\"@type\":\"PropertyValueSpecification\",\"valueRequired\":true,\"valueName\":\"search_term_string\"}}],\"inLanguage\":\"es\"},{\"@type\":\"Person\",\"@id\":\"https:\/\/www.noticiasradioreflejos.com.ar\/2021\/#\/schema\/person\/ad82545263dcc5ec0996818884fd5fb1\",\"name\":\"Arnaldo Botto\",\"image\":{\"@type\":\"ImageObject\",\"inLanguage\":\"es\",\"@id\":\"https:\/\/www.noticiasradioreflejos.com.ar\/2021\/#\/schema\/person\/image\/\",\"url\":\"https:\/\/secure.gravatar.com\/avatar\/55cb5e37c1efa326397366e6974cb338056df65cb50e7d64d1cf314e87504837?s=96&d=mm&r=g\",\"contentUrl\":\"https:\/\/secure.gravatar.com\/avatar\/55cb5e37c1efa326397366e6974cb338056df65cb50e7d64d1cf314e87504837?s=96&d=mm&r=g\",\"caption\":\"Arnaldo Botto\"},\"url\":\"https:\/\/www.noticiasradioreflejos.com.ar\/2021\/author\/arnaldo\/\"}]}<\/script>\n<!-- \/ Yoast SEO plugin. -->","yoast_head_json":{"title":"Seminario-taller en la biblioteca de Tornquist. - Noticias Radio Reflejos","robots":{"index":"index","follow":"follow","max-snippet":"max-snippet:-1","max-image-preview":"max-image-preview:large","max-video-preview":"max-video-preview:-1"},"canonical":"https:\/\/www.noticiasradioreflejos.com.ar\/2021\/seminario-taller-en-la-biblioteca-de-villa-ventana\/","og_locale":"es_ES","og_type":"article","og_title":"Seminario-taller en la biblioteca de Tornquist. - Noticias Radio Reflejos","og_description":"18 de octubre: \u201cSentipensar am\u00e9rica. Filosof\u00edas nuestroamericanas\u201d","og_url":"https:\/\/www.noticiasradioreflejos.com.ar\/2021\/seminario-taller-en-la-biblioteca-de-villa-ventana\/","og_site_name":"Noticias Radio Reflejos","article_published_time":"2019-10-15T23:17:44+00:00","og_image":[{"url":"http:\/\/live.staticflickr.com\/65535\/48874356853_705449295e.jpg","type":"","width":"","height":""}],"author":"Arnaldo Botto","twitter_card":"summary_large_image","schema":{"@context":"https:\/\/schema.org","@graph":[{"@type":"WebPage","@id":"https:\/\/www.noticiasradioreflejos.com.ar\/2021\/seminario-taller-en-la-biblioteca-de-villa-ventana\/","url":"https:\/\/www.noticiasradioreflejos.com.ar\/2021\/seminario-taller-en-la-biblioteca-de-villa-ventana\/","name":"Seminario-taller en la biblioteca de Tornquist. - Noticias Radio Reflejos","isPartOf":{"@id":"https:\/\/www.noticiasradioreflejos.com.ar\/2021\/#website"},"primaryImageOfPage":{"@id":"https:\/\/www.noticiasradioreflejos.com.ar\/2021\/seminario-taller-en-la-biblioteca-de-villa-ventana\/#primaryimage"},"image":{"@id":"https:\/\/www.noticiasradioreflejos.com.ar\/2021\/seminario-taller-en-la-biblioteca-de-villa-ventana\/#primaryimage"},"thumbnailUrl":"http:\/\/live.staticflickr.com\/65535\/48874356853_705449295e.jpg","datePublished":"2019-10-15T23:17:44+00:00","author":{"@id":"https:\/\/www.noticiasradioreflejos.com.ar\/2021\/#\/schema\/person\/ad82545263dcc5ec0996818884fd5fb1"},"breadcrumb":{"@id":"https:\/\/www.noticiasradioreflejos.com.ar\/2021\/seminario-taller-en-la-biblioteca-de-villa-ventana\/#breadcrumb"},"inLanguage":"es","potentialAction":[{"@type":"ReadAction","target":["https:\/\/www.noticiasradioreflejos.com.ar\/2021\/seminario-taller-en-la-biblioteca-de-villa-ventana\/"]}]},{"@type":"ImageObject","inLanguage":"es","@id":"https:\/\/www.noticiasradioreflejos.com.ar\/2021\/seminario-taller-en-la-biblioteca-de-villa-ventana\/#primaryimage","url":"http:\/\/live.staticflickr.com\/65535\/48874356853_705449295e.jpg","contentUrl":"http:\/\/live.staticflickr.com\/65535\/48874356853_705449295e.jpg"},{"@type":"BreadcrumbList","@id":"https:\/\/www.noticiasradioreflejos.com.ar\/2021\/seminario-taller-en-la-biblioteca-de-villa-ventana\/#breadcrumb","itemListElement":[{"@type":"ListItem","position":1,"name":"Portada","item":"https:\/\/www.noticiasradioreflejos.com.ar\/2021\/"},{"@type":"ListItem","position":2,"name":"Seminario-taller en la biblioteca de Tornquist."}]},{"@type":"WebSite","@id":"https:\/\/www.noticiasradioreflejos.com.ar\/2021\/#website","url":"https:\/\/www.noticiasradioreflejos.com.ar\/2021\/","name":"Noticias Radio Reflejos","description":"Las noticias de mi comarca","potentialAction":[{"@type":"SearchAction","target":{"@type":"EntryPoint","urlTemplate":"https:\/\/www.noticiasradioreflejos.com.ar\/2021\/?s={search_term_string}"},"query-input":{"@type":"PropertyValueSpecification","valueRequired":true,"valueName":"search_term_string"}}],"inLanguage":"es"},{"@type":"Person","@id":"https:\/\/www.noticiasradioreflejos.com.ar\/2021\/#\/schema\/person\/ad82545263dcc5ec0996818884fd5fb1","name":"Arnaldo Botto","image":{"@type":"ImageObject","inLanguage":"es","@id":"https:\/\/www.noticiasradioreflejos.com.ar\/2021\/#\/schema\/person\/image\/","url":"https:\/\/secure.gravatar.com\/avatar\/55cb5e37c1efa326397366e6974cb338056df65cb50e7d64d1cf314e87504837?s=96&d=mm&r=g","contentUrl":"https:\/\/secure.gravatar.com\/avatar\/55cb5e37c1efa326397366e6974cb338056df65cb50e7d64d1cf314e87504837?s=96&d=mm&r=g","caption":"Arnaldo Botto"},"url":"https:\/\/www.noticiasradioreflejos.com.ar\/2021\/author\/arnaldo\/"}]}},"_links":{"self":[{"href":"https:\/\/www.noticiasradioreflejos.com.ar\/2021\/wp-json\/wp\/v2\/posts\/35628","targetHints":{"allow":["GET"]}}],"collection":[{"href":"https:\/\/www.noticiasradioreflejos.com.ar\/2021\/wp-json\/wp\/v2\/posts"}],"about":[{"href":"https:\/\/www.noticiasradioreflejos.com.ar\/2021\/wp-json\/wp\/v2\/types\/post"}],"author":[{"embeddable":true,"href":"https:\/\/www.noticiasradioreflejos.com.ar\/2021\/wp-json\/wp\/v2\/users\/3"}],"replies":[{"embeddable":true,"href":"https:\/\/www.noticiasradioreflejos.com.ar\/2021\/wp-json\/wp\/v2\/comments?post=35628"}],"version-history":[{"count":0,"href":"https:\/\/www.noticiasradioreflejos.com.ar\/2021\/wp-json\/wp\/v2\/posts\/35628\/revisions"}],"wp:attachment":[{"href":"https:\/\/www.noticiasradioreflejos.com.ar\/2021\/wp-json\/wp\/v2\/media?parent=35628"}],"wp:term":[{"taxonomy":"category","embeddable":true,"href":"https:\/\/www.noticiasradioreflejos.com.ar\/2021\/wp-json\/wp\/v2\/categories?post=35628"},{"taxonomy":"post_tag","embeddable":true,"href":"https:\/\/www.noticiasradioreflejos.com.ar\/2021\/wp-json\/wp\/v2\/tags?post=35628"}],"curies":[{"name":"wp","href":"https:\/\/api.w.org\/{rel}","templated":true}]}}