{"id":35621,"date":"2019-10-15T16:31:14","date_gmt":"2019-10-15T19:31:14","guid":{"rendered":"http:\/\/www.noticiasradioreflejos.com.ar\/noticias\/?p=35621"},"modified":"2019-10-15T16:31:14","modified_gmt":"2019-10-15T19:31:14","slug":"actividades-por-el-dia-mundial-del-prematuro","status":"publish","type":"post","link":"https:\/\/www.noticiasradioreflejos.com.ar\/2021\/actividades-por-el-dia-mundial-del-prematuro\/","title":{"rendered":"Actividades por el D\u00eda Mundial del Prematuro"},"content":{"rendered":"<p><a href=\"http:\/\/live.staticflickr.com\/65535\/48904632723_4214ceba13_s.jpg\" title=\"Prematuro\" rel=\"\"><img loading=\"lazy\" decoding=\"async\" src=\"http:\/\/live.staticflickr.com\/65535\/48904632723_4214ceba13.jpg\" width=\"354\" height=\"500\" alt=\"Prematuro\" title=\"Prematuro\" class=\"alignleft\" style=\"float: left;\"><\/a>Tornquist municipio, a trav\u00e9s de la Secretar\u00eda de Salud conmemora el D\u00eda Mundial del Prematuro con el objetivo de concientizar sobre sobre el problema de la prematuridad y la necesidad de sumar esfuerzos para la prevenci\u00f3n de los nacimientos prematuros. <!--more--><br \/>\nEn esta oportunidad la propuesta consiste, siguiendo la l\u00ednea de trabajo iniciada en el mes de agosto en la Semana Mundial de la Lactancia Materna, en realizar una segunda edici\u00f3n de la jornada de \u201cmanos solidarias\u201d, creando pulpitos de apego para los ni\u00f1os de neonatolog\u00eda de la zona, especialmente los prematuros, quienes se ven beneficiados al tener este mu\u00f1eco de apego.<br \/>\nDicha jornada tendr\u00e1 lugar el martes 29 de octubre a las 13:30 hs. en la Unidad Sanitaria de Sierra de la Ventana, y estar\u00e1 coordinada por las licenciadas Florencia Brazauskas (Obstetra) y Karen Callava (Nutricionista). Desde el \u00e1rea convocan a aquellas personas interesadas en realizar esta actividad solidaria.<br \/>\nRecordamos que los tent\u00e1culos del pulpo, similar al cord\u00f3n umbilical, le recuerda al beb\u00e9 una de las tantas experiencias intrauterinas que todav\u00eda necesita, generando un impacto directo en sus signos vitales como son la frecuencia card\u00edaca y respiratoria, la temperatura corporal y la saturaci\u00f3n del ox\u00edgeno, todos indispensables para su desarrollo neurol\u00f3gico.<br \/>\nEl problema<br \/>\nCada a\u00f1o nacen en el mundo unos 15 millones de beb\u00e9s antes de llegar a t\u00e9rmino, es decir, m\u00e1s de uno en 10 nacimientos. Aproximadamente un mill\u00f3n de ni\u00f1os prematuros mueren cada a\u00f1o debido a complicaciones en el parto. Muchos de los beb\u00e9s prematuros que sobreviven sufren alg\u00fan tipo de discapacidad de por vida, en particular, discapacidades relacionadas con el aprendizaje y problemas visuales y auditivos.<br \/>\nA nivel mundial, la prematuridad es la primera causa de mortalidad en los ni\u00f1os menores de cinco a\u00f1os. En casi todos los pa\u00edses que disponen de datos fiables al respecto, las tasas de nacimientos prematuros est\u00e1n aumentando.<br \/>\nLa prevenci\u00f3n de las complicaciones y las muertes debidas al parto prematuro comienza con un embarazo saludable. La atenci\u00f3n de calidad antes del embarazo, durante el embarazo y entre embarazos garantiza que la gestaci\u00f3n sea una experiencia positiva para todas las mujeres.<br \/>\nLas directrices de la OMS sobre la atenci\u00f3n prenatal incluyen intervenciones esenciales que ayudan a prevenir el parto prematuro, como el asesoramiento sobre la dieta saludable y la nutrici\u00f3n \u00f3ptima, o el consumo de tabaco y otras sustancias; las mediciones ecogr\u00e1ficas del feto, que ayudan a determinar la edad gestacional y a detectar los embarazos m\u00faltiples, y un m\u00ednimo de 8 contactos con profesionales sanitarios a lo largo del embarazo, a fin de identificar y tratar otros factores de riesgo, como las infecciones. Facilitar el acceso a los anticonceptivos y promover su empoderamiento tambi\u00e9n puede contribuir a que disminuya el n\u00famero de nacimientos prematuros.<br \/>\nPor qu\u00e9 se produce el parto prematuro<br \/>\nLa mayor\u00eda de los partos prematuros ocurren de forma espont\u00e1nea, si bien algunos se desencadenan a resultas de la inducci\u00f3n precoz de las contracciones uterinas o del parto por ces\u00e1rea, ya sea por razones m\u00e9dicas o no m\u00e9dicas.<br \/>\nEntre las causas m\u00e1s frecuentes del parto prematuro figuran los embarazos m\u00faltiples, las infecciones y las enfermedades cr\u00f3nicas, como la diabetes y la hipertensi\u00f3n; ahora bien, a menudo no se identifica la causa. Tambi\u00e9n hay una influencia gen\u00e9tica. Una mejor comprensi\u00f3n de las causas y los mecanismos del parto prematuro permitir\u00e1 avanzar en la elaboraci\u00f3n de soluciones de prevenci\u00f3n.<\/p>\n","protected":false},"excerpt":{"rendered":"<p>Tornquist municipio, a trav\u00e9s de la Secretar\u00eda de Salud conmemora el D\u00eda Mundial del Prematuro con el objetivo de concientizar sobre sobre el problema de la prematuridad y la necesidad de sumar esfuerzos para la prevenci\u00f3n de los nacimientos prematuros.<\/p>\n","protected":false},"author":3,"featured_media":0,"comment_status":"closed","ping_status":"open","sticky":false,"template":"","format":"standard","meta":{"footnotes":""},"categories":[28],"tags":[],"class_list":["post-35621","post","type-post","status-publish","format-standard","hentry","category-municipales"],"yoast_head":"<!-- This site is optimized with the Yoast SEO plugin v25.9 - https:\/\/yoast.com\/wordpress\/plugins\/seo\/ -->\n<title>Actividades por el D\u00eda Mundial del Prematuro - Noticias Radio Reflejos<\/title>\n<meta name=\"robots\" content=\"index, follow, max-snippet:-1, max-image-preview:large, max-video-preview:-1\" \/>\n<link rel=\"canonical\" href=\"https:\/\/www.noticiasradioreflejos.com.ar\/2021\/actividades-por-el-dia-mundial-del-prematuro\/\" \/>\n<meta property=\"og:locale\" content=\"es_ES\" \/>\n<meta property=\"og:type\" content=\"article\" \/>\n<meta property=\"og:title\" content=\"Actividades por el D\u00eda Mundial del Prematuro - Noticias Radio Reflejos\" \/>\n<meta property=\"og:description\" content=\"Tornquist municipio, a trav\u00e9s de la Secretar\u00eda de Salud conmemora el D\u00eda Mundial del Prematuro con el objetivo de concientizar sobre sobre el problema de la prematuridad y la necesidad de sumar esfuerzos para la prevenci\u00f3n de los nacimientos prematuros.\" \/>\n<meta property=\"og:url\" content=\"https:\/\/www.noticiasradioreflejos.com.ar\/2021\/actividades-por-el-dia-mundial-del-prematuro\/\" \/>\n<meta property=\"og:site_name\" content=\"Noticias Radio Reflejos\" \/>\n<meta property=\"article:published_time\" content=\"2019-10-15T19:31:14+00:00\" \/>\n<meta property=\"og:image\" content=\"http:\/\/live.staticflickr.com\/65535\/48904632723_4214ceba13.jpg\" \/>\n<meta name=\"author\" content=\"Arnaldo Botto\" \/>\n<meta name=\"twitter:card\" content=\"summary_large_image\" \/>\n<script type=\"application\/ld+json\" class=\"yoast-schema-graph\">{\"@context\":\"https:\/\/schema.org\",\"@graph\":[{\"@type\":\"WebPage\",\"@id\":\"https:\/\/www.noticiasradioreflejos.com.ar\/2021\/actividades-por-el-dia-mundial-del-prematuro\/\",\"url\":\"https:\/\/www.noticiasradioreflejos.com.ar\/2021\/actividades-por-el-dia-mundial-del-prematuro\/\",\"name\":\"Actividades por el D\u00eda Mundial del Prematuro - Noticias Radio Reflejos\",\"isPartOf\":{\"@id\":\"https:\/\/www.noticiasradioreflejos.com.ar\/2021\/#website\"},\"primaryImageOfPage\":{\"@id\":\"https:\/\/www.noticiasradioreflejos.com.ar\/2021\/actividades-por-el-dia-mundial-del-prematuro\/#primaryimage\"},\"image\":{\"@id\":\"https:\/\/www.noticiasradioreflejos.com.ar\/2021\/actividades-por-el-dia-mundial-del-prematuro\/#primaryimage\"},\"thumbnailUrl\":\"http:\/\/live.staticflickr.com\/65535\/48904632723_4214ceba13.jpg\",\"datePublished\":\"2019-10-15T19:31:14+00:00\",\"author\":{\"@id\":\"https:\/\/www.noticiasradioreflejos.com.ar\/2021\/#\/schema\/person\/ad82545263dcc5ec0996818884fd5fb1\"},\"breadcrumb\":{\"@id\":\"https:\/\/www.noticiasradioreflejos.com.ar\/2021\/actividades-por-el-dia-mundial-del-prematuro\/#breadcrumb\"},\"inLanguage\":\"es\",\"potentialAction\":[{\"@type\":\"ReadAction\",\"target\":[\"https:\/\/www.noticiasradioreflejos.com.ar\/2021\/actividades-por-el-dia-mundial-del-prematuro\/\"]}]},{\"@type\":\"ImageObject\",\"inLanguage\":\"es\",\"@id\":\"https:\/\/www.noticiasradioreflejos.com.ar\/2021\/actividades-por-el-dia-mundial-del-prematuro\/#primaryimage\",\"url\":\"http:\/\/live.staticflickr.com\/65535\/48904632723_4214ceba13.jpg\",\"contentUrl\":\"http:\/\/live.staticflickr.com\/65535\/48904632723_4214ceba13.jpg\"},{\"@type\":\"BreadcrumbList\",\"@id\":\"https:\/\/www.noticiasradioreflejos.com.ar\/2021\/actividades-por-el-dia-mundial-del-prematuro\/#breadcrumb\",\"itemListElement\":[{\"@type\":\"ListItem\",\"position\":1,\"name\":\"Portada\",\"item\":\"https:\/\/www.noticiasradioreflejos.com.ar\/2021\/\"},{\"@type\":\"ListItem\",\"position\":2,\"name\":\"Actividades por el D\u00eda Mundial del Prematuro\"}]},{\"@type\":\"WebSite\",\"@id\":\"https:\/\/www.noticiasradioreflejos.com.ar\/2021\/#website\",\"url\":\"https:\/\/www.noticiasradioreflejos.com.ar\/2021\/\",\"name\":\"Noticias Radio Reflejos\",\"description\":\"Las noticias de mi comarca\",\"potentialAction\":[{\"@type\":\"SearchAction\",\"target\":{\"@type\":\"EntryPoint\",\"urlTemplate\":\"https:\/\/www.noticiasradioreflejos.com.ar\/2021\/?s={search_term_string}\"},\"query-input\":{\"@type\":\"PropertyValueSpecification\",\"valueRequired\":true,\"valueName\":\"search_term_string\"}}],\"inLanguage\":\"es\"},{\"@type\":\"Person\",\"@id\":\"https:\/\/www.noticiasradioreflejos.com.ar\/2021\/#\/schema\/person\/ad82545263dcc5ec0996818884fd5fb1\",\"name\":\"Arnaldo Botto\",\"image\":{\"@type\":\"ImageObject\",\"inLanguage\":\"es\",\"@id\":\"https:\/\/www.noticiasradioreflejos.com.ar\/2021\/#\/schema\/person\/image\/\",\"url\":\"https:\/\/secure.gravatar.com\/avatar\/55cb5e37c1efa326397366e6974cb338056df65cb50e7d64d1cf314e87504837?s=96&d=mm&r=g\",\"contentUrl\":\"https:\/\/secure.gravatar.com\/avatar\/55cb5e37c1efa326397366e6974cb338056df65cb50e7d64d1cf314e87504837?s=96&d=mm&r=g\",\"caption\":\"Arnaldo Botto\"},\"url\":\"https:\/\/www.noticiasradioreflejos.com.ar\/2021\/author\/arnaldo\/\"}]}<\/script>\n<!-- \/ Yoast SEO plugin. -->","yoast_head_json":{"title":"Actividades por el D\u00eda Mundial del Prematuro - Noticias Radio Reflejos","robots":{"index":"index","follow":"follow","max-snippet":"max-snippet:-1","max-image-preview":"max-image-preview:large","max-video-preview":"max-video-preview:-1"},"canonical":"https:\/\/www.noticiasradioreflejos.com.ar\/2021\/actividades-por-el-dia-mundial-del-prematuro\/","og_locale":"es_ES","og_type":"article","og_title":"Actividades por el D\u00eda Mundial del Prematuro - Noticias Radio Reflejos","og_description":"Tornquist municipio, a trav\u00e9s de la Secretar\u00eda de Salud conmemora el D\u00eda Mundial del Prematuro con el objetivo de concientizar sobre sobre el problema de la prematuridad y la necesidad de sumar esfuerzos para la prevenci\u00f3n de los nacimientos prematuros.","og_url":"https:\/\/www.noticiasradioreflejos.com.ar\/2021\/actividades-por-el-dia-mundial-del-prematuro\/","og_site_name":"Noticias Radio Reflejos","article_published_time":"2019-10-15T19:31:14+00:00","og_image":[{"url":"http:\/\/live.staticflickr.com\/65535\/48904632723_4214ceba13.jpg","type":"","width":"","height":""}],"author":"Arnaldo Botto","twitter_card":"summary_large_image","schema":{"@context":"https:\/\/schema.org","@graph":[{"@type":"WebPage","@id":"https:\/\/www.noticiasradioreflejos.com.ar\/2021\/actividades-por-el-dia-mundial-del-prematuro\/","url":"https:\/\/www.noticiasradioreflejos.com.ar\/2021\/actividades-por-el-dia-mundial-del-prematuro\/","name":"Actividades por el D\u00eda Mundial del Prematuro - Noticias Radio Reflejos","isPartOf":{"@id":"https:\/\/www.noticiasradioreflejos.com.ar\/2021\/#website"},"primaryImageOfPage":{"@id":"https:\/\/www.noticiasradioreflejos.com.ar\/2021\/actividades-por-el-dia-mundial-del-prematuro\/#primaryimage"},"image":{"@id":"https:\/\/www.noticiasradioreflejos.com.ar\/2021\/actividades-por-el-dia-mundial-del-prematuro\/#primaryimage"},"thumbnailUrl":"http:\/\/live.staticflickr.com\/65535\/48904632723_4214ceba13.jpg","datePublished":"2019-10-15T19:31:14+00:00","author":{"@id":"https:\/\/www.noticiasradioreflejos.com.ar\/2021\/#\/schema\/person\/ad82545263dcc5ec0996818884fd5fb1"},"breadcrumb":{"@id":"https:\/\/www.noticiasradioreflejos.com.ar\/2021\/actividades-por-el-dia-mundial-del-prematuro\/#breadcrumb"},"inLanguage":"es","potentialAction":[{"@type":"ReadAction","target":["https:\/\/www.noticiasradioreflejos.com.ar\/2021\/actividades-por-el-dia-mundial-del-prematuro\/"]}]},{"@type":"ImageObject","inLanguage":"es","@id":"https:\/\/www.noticiasradioreflejos.com.ar\/2021\/actividades-por-el-dia-mundial-del-prematuro\/#primaryimage","url":"http:\/\/live.staticflickr.com\/65535\/48904632723_4214ceba13.jpg","contentUrl":"http:\/\/live.staticflickr.com\/65535\/48904632723_4214ceba13.jpg"},{"@type":"BreadcrumbList","@id":"https:\/\/www.noticiasradioreflejos.com.ar\/2021\/actividades-por-el-dia-mundial-del-prematuro\/#breadcrumb","itemListElement":[{"@type":"ListItem","position":1,"name":"Portada","item":"https:\/\/www.noticiasradioreflejos.com.ar\/2021\/"},{"@type":"ListItem","position":2,"name":"Actividades por el D\u00eda Mundial del Prematuro"}]},{"@type":"WebSite","@id":"https:\/\/www.noticiasradioreflejos.com.ar\/2021\/#website","url":"https:\/\/www.noticiasradioreflejos.com.ar\/2021\/","name":"Noticias Radio Reflejos","description":"Las noticias de mi comarca","potentialAction":[{"@type":"SearchAction","target":{"@type":"EntryPoint","urlTemplate":"https:\/\/www.noticiasradioreflejos.com.ar\/2021\/?s={search_term_string}"},"query-input":{"@type":"PropertyValueSpecification","valueRequired":true,"valueName":"search_term_string"}}],"inLanguage":"es"},{"@type":"Person","@id":"https:\/\/www.noticiasradioreflejos.com.ar\/2021\/#\/schema\/person\/ad82545263dcc5ec0996818884fd5fb1","name":"Arnaldo Botto","image":{"@type":"ImageObject","inLanguage":"es","@id":"https:\/\/www.noticiasradioreflejos.com.ar\/2021\/#\/schema\/person\/image\/","url":"https:\/\/secure.gravatar.com\/avatar\/55cb5e37c1efa326397366e6974cb338056df65cb50e7d64d1cf314e87504837?s=96&d=mm&r=g","contentUrl":"https:\/\/secure.gravatar.com\/avatar\/55cb5e37c1efa326397366e6974cb338056df65cb50e7d64d1cf314e87504837?s=96&d=mm&r=g","caption":"Arnaldo Botto"},"url":"https:\/\/www.noticiasradioreflejos.com.ar\/2021\/author\/arnaldo\/"}]}},"_links":{"self":[{"href":"https:\/\/www.noticiasradioreflejos.com.ar\/2021\/wp-json\/wp\/v2\/posts\/35621","targetHints":{"allow":["GET"]}}],"collection":[{"href":"https:\/\/www.noticiasradioreflejos.com.ar\/2021\/wp-json\/wp\/v2\/posts"}],"about":[{"href":"https:\/\/www.noticiasradioreflejos.com.ar\/2021\/wp-json\/wp\/v2\/types\/post"}],"author":[{"embeddable":true,"href":"https:\/\/www.noticiasradioreflejos.com.ar\/2021\/wp-json\/wp\/v2\/users\/3"}],"replies":[{"embeddable":true,"href":"https:\/\/www.noticiasradioreflejos.com.ar\/2021\/wp-json\/wp\/v2\/comments?post=35621"}],"version-history":[{"count":0,"href":"https:\/\/www.noticiasradioreflejos.com.ar\/2021\/wp-json\/wp\/v2\/posts\/35621\/revisions"}],"wp:attachment":[{"href":"https:\/\/www.noticiasradioreflejos.com.ar\/2021\/wp-json\/wp\/v2\/media?parent=35621"}],"wp:term":[{"taxonomy":"category","embeddable":true,"href":"https:\/\/www.noticiasradioreflejos.com.ar\/2021\/wp-json\/wp\/v2\/categories?post=35621"},{"taxonomy":"post_tag","embeddable":true,"href":"https:\/\/www.noticiasradioreflejos.com.ar\/2021\/wp-json\/wp\/v2\/tags?post=35621"}],"curies":[{"name":"wp","href":"https:\/\/api.w.org\/{rel}","templated":true}]}}