{"id":35615,"date":"2019-10-15T16:26:30","date_gmt":"2019-10-15T19:26:30","guid":{"rendered":"http:\/\/www.noticiasradioreflejos.com.ar\/noticias\/?p=35615"},"modified":"2019-10-15T16:26:30","modified_gmt":"2019-10-15T19:26:30","slug":"tornquist-municipio-se-suma-a-la-campana-octubre-rosa","status":"publish","type":"post","link":"https:\/\/www.noticiasradioreflejos.com.ar\/2021\/tornquist-municipio-se-suma-a-la-campana-octubre-rosa\/","title":{"rendered":"Tornquist Municipio se suma a la campa\u00f1a Octubre Rosa"},"content":{"rendered":"<p><a href=\"http:\/\/live.staticflickr.com\/65535\/48904606678_66aeb91132_s.jpg\" title=\"WhatsApp Image 2019-10-15 at 14.19.21 (1)\" rel=\"\"><img loading=\"lazy\" decoding=\"async\" src=\"http:\/\/live.staticflickr.com\/65535\/48904606678_66aeb91132_n.jpg\" width=\"320\" height=\"320\" alt=\"WhatsApp Image 2019-10-15 at 14.19.21 (1)\" title=\"WhatsApp Image 2019-10-15 at 14.19.21 (1)\" class=\"alignleft\" style=\"float: left;\"><\/a>La Secretaria de Salud municipal se suma a la campa\u00f1a de concientizaci\u00f3n emprendida a nivel mundial acerca del C\u00e1ncer de Mama. <!--more--><br \/>\nLa misma tiene como objetivo sensibilizar y concientizar sobre la importancia de la prevenci\u00f3n y  detecci\u00f3n temprana de la enfermedad.<br \/>\nLa campa\u00f1a se lleva a cabo en esta fecha, con motivo de conmemorarse el 19 de octubre, el \u201cD\u00eda Mundial de la Lucha contra el C\u00e1ncer de Mama\u201d; buscando sensibilizar a trav\u00e9s de un mensaje clave: detenci\u00f3n precoz, a fin de mejorar el pron\u00f3stico y la supervivencia de las mujeres diagnosticadas.<br \/>\nEs importante recordar, que el c\u00e1ncer de mama es una enfermedad causada por la multiplicaci\u00f3n anormal de c\u00e9lulas de la gl\u00e1ndula mamaria, que forma un tumor maligno; y puede tener cura, si es detectado en sus inicios. Por tal motivo, se recomienda, realizar una mamograf\u00eda a partir de los 35 a\u00f1os, y en caso, de contar con antecedentes familiares.<br \/>\nPara detectar esta enfermedad, es importante que la mujer conozca lo que es normal en sus mamas y estar atenta ante eventuales alteraciones. Ello, trav\u00e9s de una simple inspecci\u00f3n manual, con el auto examen de seno peri\u00f3dico.  Si se nota un bulto o tumor, acompa\u00f1ado o no de dolor, la piel de la mama enrojecida o parecida a una c\u00e1scara de naranja, debe buscar atenci\u00f3n m\u00e9dica inmediata.<br \/>\n<a href=\"http:\/\/live.staticflickr.com\/65535\/48904606678_66aeb91132_s.jpg\" title=\"WhatsApp Image 2019-10-15 at 14.19.21 (1)\" rel=\"\"><img loading=\"lazy\" decoding=\"async\" src=\"http:\/\/live.staticflickr.com\/65535\/48904606678_66aeb91132.jpg\" width=\"500\" height=\"500\" alt=\"WhatsApp Image 2019-10-15 at 14.19.21 (1)\" title=\"WhatsApp Image 2019-10-15 at 14.19.21 (1)\" class=\"aligncenter\"><\/a><\/p>\n","protected":false},"excerpt":{"rendered":"<p>La Secretaria de Salud municipal se suma a la campa\u00f1a de concientizaci\u00f3n emprendida a nivel mundial acerca del C\u00e1ncer de Mama.<\/p>\n","protected":false},"author":3,"featured_media":0,"comment_status":"closed","ping_status":"open","sticky":false,"template":"","format":"standard","meta":{"footnotes":""},"categories":[30],"tags":[],"class_list":["post-35615","post","type-post","status-publish","format-standard","hentry","category-salud"],"yoast_head":"<!-- This site is optimized with the Yoast SEO plugin v25.9 - https:\/\/yoast.com\/wordpress\/plugins\/seo\/ -->\n<title>Tornquist Municipio se suma a la campa\u00f1a Octubre Rosa - Noticias Radio Reflejos<\/title>\n<meta name=\"robots\" content=\"index, follow, max-snippet:-1, max-image-preview:large, max-video-preview:-1\" \/>\n<link rel=\"canonical\" href=\"https:\/\/www.noticiasradioreflejos.com.ar\/2021\/tornquist-municipio-se-suma-a-la-campana-octubre-rosa\/\" \/>\n<meta property=\"og:locale\" content=\"es_ES\" \/>\n<meta property=\"og:type\" content=\"article\" \/>\n<meta property=\"og:title\" content=\"Tornquist Municipio se suma a la campa\u00f1a Octubre Rosa - Noticias Radio Reflejos\" \/>\n<meta property=\"og:description\" content=\"La Secretaria de Salud municipal se suma a la campa\u00f1a de concientizaci\u00f3n emprendida a nivel mundial acerca del C\u00e1ncer de Mama.\" \/>\n<meta property=\"og:url\" content=\"https:\/\/www.noticiasradioreflejos.com.ar\/2021\/tornquist-municipio-se-suma-a-la-campana-octubre-rosa\/\" \/>\n<meta property=\"og:site_name\" content=\"Noticias Radio Reflejos\" \/>\n<meta property=\"article:published_time\" content=\"2019-10-15T19:26:30+00:00\" \/>\n<meta property=\"og:image\" content=\"http:\/\/live.staticflickr.com\/65535\/48904606678_66aeb91132_n.jpg\" \/>\n<meta name=\"author\" content=\"Arnaldo Botto\" \/>\n<meta name=\"twitter:card\" content=\"summary_large_image\" \/>\n<script type=\"application\/ld+json\" class=\"yoast-schema-graph\">{\"@context\":\"https:\/\/schema.org\",\"@graph\":[{\"@type\":\"WebPage\",\"@id\":\"https:\/\/www.noticiasradioreflejos.com.ar\/2021\/tornquist-municipio-se-suma-a-la-campana-octubre-rosa\/\",\"url\":\"https:\/\/www.noticiasradioreflejos.com.ar\/2021\/tornquist-municipio-se-suma-a-la-campana-octubre-rosa\/\",\"name\":\"Tornquist Municipio se suma a la campa\u00f1a Octubre Rosa - Noticias Radio Reflejos\",\"isPartOf\":{\"@id\":\"https:\/\/www.noticiasradioreflejos.com.ar\/2021\/#website\"},\"primaryImageOfPage\":{\"@id\":\"https:\/\/www.noticiasradioreflejos.com.ar\/2021\/tornquist-municipio-se-suma-a-la-campana-octubre-rosa\/#primaryimage\"},\"image\":{\"@id\":\"https:\/\/www.noticiasradioreflejos.com.ar\/2021\/tornquist-municipio-se-suma-a-la-campana-octubre-rosa\/#primaryimage\"},\"thumbnailUrl\":\"http:\/\/live.staticflickr.com\/65535\/48904606678_66aeb91132_n.jpg\",\"datePublished\":\"2019-10-15T19:26:30+00:00\",\"author\":{\"@id\":\"https:\/\/www.noticiasradioreflejos.com.ar\/2021\/#\/schema\/person\/ad82545263dcc5ec0996818884fd5fb1\"},\"breadcrumb\":{\"@id\":\"https:\/\/www.noticiasradioreflejos.com.ar\/2021\/tornquist-municipio-se-suma-a-la-campana-octubre-rosa\/#breadcrumb\"},\"inLanguage\":\"es\",\"potentialAction\":[{\"@type\":\"ReadAction\",\"target\":[\"https:\/\/www.noticiasradioreflejos.com.ar\/2021\/tornquist-municipio-se-suma-a-la-campana-octubre-rosa\/\"]}]},{\"@type\":\"ImageObject\",\"inLanguage\":\"es\",\"@id\":\"https:\/\/www.noticiasradioreflejos.com.ar\/2021\/tornquist-municipio-se-suma-a-la-campana-octubre-rosa\/#primaryimage\",\"url\":\"http:\/\/live.staticflickr.com\/65535\/48904606678_66aeb91132_n.jpg\",\"contentUrl\":\"http:\/\/live.staticflickr.com\/65535\/48904606678_66aeb91132_n.jpg\"},{\"@type\":\"BreadcrumbList\",\"@id\":\"https:\/\/www.noticiasradioreflejos.com.ar\/2021\/tornquist-municipio-se-suma-a-la-campana-octubre-rosa\/#breadcrumb\",\"itemListElement\":[{\"@type\":\"ListItem\",\"position\":1,\"name\":\"Portada\",\"item\":\"https:\/\/www.noticiasradioreflejos.com.ar\/2021\/\"},{\"@type\":\"ListItem\",\"position\":2,\"name\":\"Tornquist Municipio se suma a la campa\u00f1a Octubre Rosa\"}]},{\"@type\":\"WebSite\",\"@id\":\"https:\/\/www.noticiasradioreflejos.com.ar\/2021\/#website\",\"url\":\"https:\/\/www.noticiasradioreflejos.com.ar\/2021\/\",\"name\":\"Noticias Radio Reflejos\",\"description\":\"Las noticias de mi comarca\",\"potentialAction\":[{\"@type\":\"SearchAction\",\"target\":{\"@type\":\"EntryPoint\",\"urlTemplate\":\"https:\/\/www.noticiasradioreflejos.com.ar\/2021\/?s={search_term_string}\"},\"query-input\":{\"@type\":\"PropertyValueSpecification\",\"valueRequired\":true,\"valueName\":\"search_term_string\"}}],\"inLanguage\":\"es\"},{\"@type\":\"Person\",\"@id\":\"https:\/\/www.noticiasradioreflejos.com.ar\/2021\/#\/schema\/person\/ad82545263dcc5ec0996818884fd5fb1\",\"name\":\"Arnaldo Botto\",\"image\":{\"@type\":\"ImageObject\",\"inLanguage\":\"es\",\"@id\":\"https:\/\/www.noticiasradioreflejos.com.ar\/2021\/#\/schema\/person\/image\/\",\"url\":\"https:\/\/secure.gravatar.com\/avatar\/55cb5e37c1efa326397366e6974cb338056df65cb50e7d64d1cf314e87504837?s=96&d=mm&r=g\",\"contentUrl\":\"https:\/\/secure.gravatar.com\/avatar\/55cb5e37c1efa326397366e6974cb338056df65cb50e7d64d1cf314e87504837?s=96&d=mm&r=g\",\"caption\":\"Arnaldo Botto\"},\"url\":\"https:\/\/www.noticiasradioreflejos.com.ar\/2021\/author\/arnaldo\/\"}]}<\/script>\n<!-- \/ Yoast SEO plugin. -->","yoast_head_json":{"title":"Tornquist Municipio se suma a la campa\u00f1a Octubre Rosa - Noticias Radio Reflejos","robots":{"index":"index","follow":"follow","max-snippet":"max-snippet:-1","max-image-preview":"max-image-preview:large","max-video-preview":"max-video-preview:-1"},"canonical":"https:\/\/www.noticiasradioreflejos.com.ar\/2021\/tornquist-municipio-se-suma-a-la-campana-octubre-rosa\/","og_locale":"es_ES","og_type":"article","og_title":"Tornquist Municipio se suma a la campa\u00f1a Octubre Rosa - Noticias Radio Reflejos","og_description":"La Secretaria de Salud municipal se suma a la campa\u00f1a de concientizaci\u00f3n emprendida a nivel mundial acerca del C\u00e1ncer de Mama.","og_url":"https:\/\/www.noticiasradioreflejos.com.ar\/2021\/tornquist-municipio-se-suma-a-la-campana-octubre-rosa\/","og_site_name":"Noticias Radio Reflejos","article_published_time":"2019-10-15T19:26:30+00:00","og_image":[{"url":"http:\/\/live.staticflickr.com\/65535\/48904606678_66aeb91132_n.jpg","type":"","width":"","height":""}],"author":"Arnaldo Botto","twitter_card":"summary_large_image","schema":{"@context":"https:\/\/schema.org","@graph":[{"@type":"WebPage","@id":"https:\/\/www.noticiasradioreflejos.com.ar\/2021\/tornquist-municipio-se-suma-a-la-campana-octubre-rosa\/","url":"https:\/\/www.noticiasradioreflejos.com.ar\/2021\/tornquist-municipio-se-suma-a-la-campana-octubre-rosa\/","name":"Tornquist Municipio se suma a la campa\u00f1a Octubre Rosa - Noticias Radio Reflejos","isPartOf":{"@id":"https:\/\/www.noticiasradioreflejos.com.ar\/2021\/#website"},"primaryImageOfPage":{"@id":"https:\/\/www.noticiasradioreflejos.com.ar\/2021\/tornquist-municipio-se-suma-a-la-campana-octubre-rosa\/#primaryimage"},"image":{"@id":"https:\/\/www.noticiasradioreflejos.com.ar\/2021\/tornquist-municipio-se-suma-a-la-campana-octubre-rosa\/#primaryimage"},"thumbnailUrl":"http:\/\/live.staticflickr.com\/65535\/48904606678_66aeb91132_n.jpg","datePublished":"2019-10-15T19:26:30+00:00","author":{"@id":"https:\/\/www.noticiasradioreflejos.com.ar\/2021\/#\/schema\/person\/ad82545263dcc5ec0996818884fd5fb1"},"breadcrumb":{"@id":"https:\/\/www.noticiasradioreflejos.com.ar\/2021\/tornquist-municipio-se-suma-a-la-campana-octubre-rosa\/#breadcrumb"},"inLanguage":"es","potentialAction":[{"@type":"ReadAction","target":["https:\/\/www.noticiasradioreflejos.com.ar\/2021\/tornquist-municipio-se-suma-a-la-campana-octubre-rosa\/"]}]},{"@type":"ImageObject","inLanguage":"es","@id":"https:\/\/www.noticiasradioreflejos.com.ar\/2021\/tornquist-municipio-se-suma-a-la-campana-octubre-rosa\/#primaryimage","url":"http:\/\/live.staticflickr.com\/65535\/48904606678_66aeb91132_n.jpg","contentUrl":"http:\/\/live.staticflickr.com\/65535\/48904606678_66aeb91132_n.jpg"},{"@type":"BreadcrumbList","@id":"https:\/\/www.noticiasradioreflejos.com.ar\/2021\/tornquist-municipio-se-suma-a-la-campana-octubre-rosa\/#breadcrumb","itemListElement":[{"@type":"ListItem","position":1,"name":"Portada","item":"https:\/\/www.noticiasradioreflejos.com.ar\/2021\/"},{"@type":"ListItem","position":2,"name":"Tornquist Municipio se suma a la campa\u00f1a Octubre Rosa"}]},{"@type":"WebSite","@id":"https:\/\/www.noticiasradioreflejos.com.ar\/2021\/#website","url":"https:\/\/www.noticiasradioreflejos.com.ar\/2021\/","name":"Noticias Radio Reflejos","description":"Las noticias de mi comarca","potentialAction":[{"@type":"SearchAction","target":{"@type":"EntryPoint","urlTemplate":"https:\/\/www.noticiasradioreflejos.com.ar\/2021\/?s={search_term_string}"},"query-input":{"@type":"PropertyValueSpecification","valueRequired":true,"valueName":"search_term_string"}}],"inLanguage":"es"},{"@type":"Person","@id":"https:\/\/www.noticiasradioreflejos.com.ar\/2021\/#\/schema\/person\/ad82545263dcc5ec0996818884fd5fb1","name":"Arnaldo Botto","image":{"@type":"ImageObject","inLanguage":"es","@id":"https:\/\/www.noticiasradioreflejos.com.ar\/2021\/#\/schema\/person\/image\/","url":"https:\/\/secure.gravatar.com\/avatar\/55cb5e37c1efa326397366e6974cb338056df65cb50e7d64d1cf314e87504837?s=96&d=mm&r=g","contentUrl":"https:\/\/secure.gravatar.com\/avatar\/55cb5e37c1efa326397366e6974cb338056df65cb50e7d64d1cf314e87504837?s=96&d=mm&r=g","caption":"Arnaldo Botto"},"url":"https:\/\/www.noticiasradioreflejos.com.ar\/2021\/author\/arnaldo\/"}]}},"_links":{"self":[{"href":"https:\/\/www.noticiasradioreflejos.com.ar\/2021\/wp-json\/wp\/v2\/posts\/35615","targetHints":{"allow":["GET"]}}],"collection":[{"href":"https:\/\/www.noticiasradioreflejos.com.ar\/2021\/wp-json\/wp\/v2\/posts"}],"about":[{"href":"https:\/\/www.noticiasradioreflejos.com.ar\/2021\/wp-json\/wp\/v2\/types\/post"}],"author":[{"embeddable":true,"href":"https:\/\/www.noticiasradioreflejos.com.ar\/2021\/wp-json\/wp\/v2\/users\/3"}],"replies":[{"embeddable":true,"href":"https:\/\/www.noticiasradioreflejos.com.ar\/2021\/wp-json\/wp\/v2\/comments?post=35615"}],"version-history":[{"count":0,"href":"https:\/\/www.noticiasradioreflejos.com.ar\/2021\/wp-json\/wp\/v2\/posts\/35615\/revisions"}],"wp:attachment":[{"href":"https:\/\/www.noticiasradioreflejos.com.ar\/2021\/wp-json\/wp\/v2\/media?parent=35615"}],"wp:term":[{"taxonomy":"category","embeddable":true,"href":"https:\/\/www.noticiasradioreflejos.com.ar\/2021\/wp-json\/wp\/v2\/categories?post=35615"},{"taxonomy":"post_tag","embeddable":true,"href":"https:\/\/www.noticiasradioreflejos.com.ar\/2021\/wp-json\/wp\/v2\/tags?post=35615"}],"curies":[{"name":"wp","href":"https:\/\/api.w.org\/{rel}","templated":true}]}}