{"id":35612,"date":"2019-10-15T16:23:13","date_gmt":"2019-10-15T19:23:13","guid":{"rendered":"http:\/\/www.noticiasradioreflejos.com.ar\/noticias\/?p=35612"},"modified":"2019-10-15T16:23:13","modified_gmt":"2019-10-15T19:23:13","slug":"las-inferiores-de-automoto-suman-y-se-ilusionan","status":"publish","type":"post","link":"https:\/\/www.noticiasradioreflejos.com.ar\/2021\/las-inferiores-de-automoto-suman-y-se-ilusionan\/","title":{"rendered":"Las Inferiores de Automoto suman y se ilusionan"},"content":{"rendered":"<p>Automoto redonde\u00f3 un muy buen fin de semana en Inferiores. Frente a Uni\u00f3n Pig\u00fc\u00e9, los chicos del Rojo no s\u00f3lo ganaron los tres encuentros que disputaron, sino que sumaron important\u00edsimas unidades y quedaron muy bien perfilados para poder capitalizar la chance de avanzar a la instancia decisiva del certamen.<!--more--><br \/>\nEn el marco de la antepen\u00faltima jornada de la fase regular del torneo que organiza la Liga Regional de F\u00fatbol de Coronel Su\u00e1rez, la Quinta y la Octava resolvieron sus partidos para alimentar sus esperanzas.<br \/>\nEl equipo conformado por los chicos m\u00e1s grandes pudo suplir varias ausencias y termin\u00f3 goleando a su rival por 3 a 0, con dos tantos marcados por Valentino Bucchi y uno por Jos\u00edas Figueroa.<br \/>\nDe esta manera, a falta de dos jornadas para el ep\u00edlogo (Tiro Federal de Puan y Uni\u00f3n de Tornquist), el Rojo mantiene las posibilidades de acceder mediante la tabla acumulada de las tres rondas de la temporada.<br \/>\n<a title=\"DSC_4358\" href=\"http:\/\/live.staticflickr.com\/65535\/48904588683_28406c168f_s.jpg\" rel=\"\"><img loading=\"lazy\" decoding=\"async\" class=\"alignleft\" style=\"float: left;\" title=\"DSC_4358\" src=\"http:\/\/live.staticflickr.com\/65535\/48904588683_28406c168f.jpg\" alt=\"DSC_4358\" width=\"500\" height=\"272\" \/><\/a>Una situaci\u00f3n similar atraviesa la Octava, que con un gol de Juan Mart\u00edn Flores venci\u00f3 a Uni\u00f3n por 1 a 0 y qued\u00f3 a un paso de meterse entre los ocho equipos que definir\u00e1n el t\u00edtulo del a\u00f1o. Si el pr\u00f3ximo s\u00e1bado supera a Tiro Federal y se dan otros resultados, clasificar\u00e1 a los cuartos de final.<br \/>\nPor su parte, la Sexta \u2013que ya accedi\u00f3 a la fase definitoria\u2014 gole\u00f3 al conjunto local por 6 a 1. Las anotaciones fueron marcadas por Nicol\u00e1s Abreg\u00fa (3), Ger\u00f3nimo Kugler (2) y Luca Marzialetti.<br \/>\nEl pr\u00f3ximo s\u00e1bado, Automoto ser\u00e1 local ante Tiro de Puan en Octava, S\u00e9ptima y Quinta.<br \/>\nLas tablas de posiciones de la Zona \u201cA\u201d son las siguientes:<br \/>\n<strong>Quinta<\/strong><\/p>\n<table>\n<tbody>\n<tr>\n<td><strong>Equipo<\/strong><\/td>\n<td><strong>Pts<\/strong><\/td>\n<td><strong>PJ<\/strong><\/td>\n<td><strong>G<\/strong><\/td>\n<td><strong>E<\/strong><\/td>\n<td><strong>P<\/strong><\/td>\n<td><strong>Gf<\/strong><\/td>\n<td><strong>Gc<\/strong><\/td>\n<\/tr>\n<tr>\n<td>Puan F. Club<\/td>\n<td>16<\/td>\n<td>6<\/td>\n<td>5<\/td>\n<td>1<\/td>\n<td>0<\/td>\n<td>17<\/td>\n<td>4<\/td>\n<\/tr>\n<tr>\n<td>Club Sarmiento<\/td>\n<td>13<\/td>\n<td>6<\/td>\n<td>4<\/td>\n<td>1<\/td>\n<td>1<\/td>\n<td>14<\/td>\n<td>6<\/td>\n<\/tr>\n<tr>\n<td>Uni\u00f3n (T)<\/td>\n<td>12<\/td>\n<td>6<\/td>\n<td>4<\/td>\n<td>0<\/td>\n<td>2<\/td>\n<td>11<\/td>\n<td>5<\/td>\n<\/tr>\n<tr>\n<td><strong>Automoto<\/strong><\/td>\n<td><strong>10<\/strong><\/td>\n<td><strong>6<\/strong><\/td>\n<td><strong>3<\/strong><\/td>\n<td><strong>1<\/strong><\/td>\n<td><strong>2<\/strong><\/td>\n<td><strong>8<\/strong><\/td>\n<td><strong>5<\/strong><\/td>\n<\/tr>\n<tr>\n<td>Pe\u00f1arol (Pig\u00fc\u00e9)<\/td>\n<td>9<\/td>\n<td>6<\/td>\n<td>2<\/td>\n<td>3<\/td>\n<td>1<\/td>\n<td>8<\/td>\n<td>6<\/td>\n<\/tr>\n<tr>\n<td>D. Argentino<\/td>\n<td>9<\/td>\n<td>7<\/td>\n<td>3<\/td>\n<td>0<\/td>\n<td>4<\/td>\n<td>9<\/td>\n<td>12<\/td>\n<\/tr>\n<tr>\n<td>Tiro Federal (P)<\/td>\n<td>5<\/td>\n<td>6<\/td>\n<td>1<\/td>\n<td>2<\/td>\n<td>3<\/td>\n<td>7<\/td>\n<td>8<\/td>\n<\/tr>\n<tr>\n<td>E. de Comercio<\/td>\n<td>5<\/td>\n<td>7<\/td>\n<td>1<\/td>\n<td>2<\/td>\n<td>4<\/td>\n<td>6<\/td>\n<td>12<\/td>\n<\/tr>\n<tr>\n<td>Uni\u00f3n Pig\u00fc\u00e9<\/td>\n<td>0<\/td>\n<td>6<\/td>\n<td>0<\/td>\n<td>0<\/td>\n<td>6<\/td>\n<td>2<\/td>\n<td>24<\/td>\n<\/tr>\n<\/tbody>\n<\/table>\n<p>&nbsp;<br \/>\n<strong>Sexta<\/strong><\/p>\n<table>\n<tbody>\n<tr>\n<td><strong>Equipo<\/strong><\/td>\n<td><strong>Pts<\/strong><\/td>\n<td><strong>PJ<\/strong><\/td>\n<td><strong>G<\/strong><\/td>\n<td><strong>E<\/strong><\/td>\n<td><strong>P<\/strong><\/td>\n<td><strong>Gf<\/strong><\/td>\n<td><strong>Gc<\/strong><\/td>\n<\/tr>\n<tr>\n<td><strong>Automoto<\/strong><\/td>\n<td><strong>16<\/strong><\/td>\n<td><strong>6<\/strong><\/td>\n<td><strong>5<\/strong><\/td>\n<td><strong>1<\/strong><\/td>\n<td><strong>0<\/strong><\/td>\n<td><strong>20<\/strong><\/td>\n<td><strong>2<\/strong><\/td>\n<\/tr>\n<tr>\n<td>Pe\u00f1arol (P)<\/td>\n<td>12<\/td>\n<td>5<\/td>\n<td>4<\/td>\n<td>0<\/td>\n<td>1<\/td>\n<td>20<\/td>\n<td>3<\/td>\n<\/tr>\n<tr>\n<td>E. de Comercio<\/td>\n<td>10<\/td>\n<td>6<\/td>\n<td>3<\/td>\n<td>1<\/td>\n<td>2<\/td>\n<td>12<\/td>\n<td>5<\/td>\n<\/tr>\n<tr>\n<td>D. Argentino<\/td>\n<td>10<\/td>\n<td>6<\/td>\n<td>3<\/td>\n<td>1<\/td>\n<td>2<\/td>\n<td>8<\/td>\n<td>8<\/td>\n<\/tr>\n<tr>\n<td>Club Sarmiento<\/td>\n<td>9<\/td>\n<td>6<\/td>\n<td>2<\/td>\n<td>3<\/td>\n<td>1<\/td>\n<td>9<\/td>\n<td>7<\/td>\n<\/tr>\n<tr>\n<td>Uni\u00f3n (Tornquist)<\/td>\n<td>3<\/td>\n<td>5<\/td>\n<td>1<\/td>\n<td>0<\/td>\n<td>4<\/td>\n<td>16<\/td>\n<td>11<\/td>\n<\/tr>\n<tr>\n<td>Puan F. Club<\/td>\n<td>3<\/td>\n<td>5<\/td>\n<td>1<\/td>\n<td>0<\/td>\n<td>4<\/td>\n<td>4<\/td>\n<td>20<\/td>\n<\/tr>\n<tr>\n<td>Uni\u00f3n Pig\u00fc\u00e9<\/td>\n<td>0<\/td>\n<td>5<\/td>\n<td>0<\/td>\n<td>0<\/td>\n<td>5<\/td>\n<td>2<\/td>\n<td>35<\/td>\n<\/tr>\n<\/tbody>\n<\/table>\n<p>&nbsp;<br \/>\n<strong>S\u00e9ptima<\/strong><\/p>\n<table>\n<tbody>\n<tr>\n<td><strong>Equipo<\/strong><\/td>\n<td><strong>Pts<\/strong><\/td>\n<td><strong>PJ<\/strong><\/td>\n<td><strong>G<\/strong><\/td>\n<td><strong>E<\/strong><\/td>\n<td><strong>P<\/strong><\/td>\n<td><strong>Gf<\/strong><\/td>\n<td><strong>Gc<\/strong><\/td>\n<\/tr>\n<tr>\n<td>D. Argentino<\/td>\n<td>12<\/td>\n<td>4<\/td>\n<td>4<\/td>\n<td>0<\/td>\n<td>0<\/td>\n<td>21<\/td>\n<td>2<\/td>\n<\/tr>\n<tr>\n<td><strong>Automoto<\/strong><\/td>\n<td><strong>9<\/strong><\/td>\n<td><strong>4<\/strong><\/td>\n<td><strong>3<\/strong><\/td>\n<td><strong>0<\/strong><\/td>\n<td><strong>1<\/strong><\/td>\n<td><strong>11<\/strong><\/td>\n<td><strong>5<\/strong><\/td>\n<\/tr>\n<tr>\n<td>Club Sarmiento A<\/td>\n<td>9<\/td>\n<td>5<\/td>\n<td>3<\/td>\n<td>0<\/td>\n<td>2<\/td>\n<td>19<\/td>\n<td>6<\/td>\n<\/tr>\n<tr>\n<td>Tiro Federal (P)<\/td>\n<td>4<\/td>\n<td>3<\/td>\n<td>1<\/td>\n<td>1<\/td>\n<td>1<\/td>\n<td>6<\/td>\n<td>10<\/td>\n<\/tr>\n<tr>\n<td>San Mart\u00edn (S)<\/td>\n<td>4<\/td>\n<td>4<\/td>\n<td>1<\/td>\n<td>1<\/td>\n<td>2<\/td>\n<td>9<\/td>\n<td>14<\/td>\n<\/tr>\n<tr>\n<td>Pe\u00f1arol (Pig\u00fc\u00e9)<\/td>\n<td>3<\/td>\n<td>5<\/td>\n<td>1<\/td>\n<td>0<\/td>\n<td>4<\/td>\n<td>10<\/td>\n<td>19<\/td>\n<\/tr>\n<tr>\n<td>Uni\u00f3n (Tornquist)<\/td>\n<td>2<\/td>\n<td>5<\/td>\n<td>0<\/td>\n<td>2<\/td>\n<td>3<\/td>\n<td>3<\/td>\n<td>23<\/td>\n<\/tr>\n<\/tbody>\n<\/table>\n<p>&nbsp;<br \/>\n&nbsp;<br \/>\n<strong>Octava<\/strong><\/p>\n<table>\n<tbody>\n<tr>\n<td><strong>Equipo<\/strong><\/td>\n<td><strong>Pts<\/strong><\/td>\n<td><strong>PJ<\/strong><\/td>\n<td><strong>G<\/strong><\/td>\n<td><strong>E<\/strong><\/td>\n<td><strong>P<\/strong><\/td>\n<td><strong>Gf<\/strong><\/td>\n<td><strong>Gc<\/strong><\/td>\n<\/tr>\n<tr>\n<td>Club Sarmiento A<\/td>\n<td>16<\/td>\n<td>7<\/td>\n<td>5<\/td>\n<td>1<\/td>\n<td>1<\/td>\n<td>16<\/td>\n<td>5<\/td>\n<\/tr>\n<tr>\n<td>D. Argentino<\/td>\n<td>16<\/td>\n<td>7<\/td>\n<td>5<\/td>\n<td>1<\/td>\n<td>1<\/td>\n<td>12<\/td>\n<td>2<\/td>\n<\/tr>\n<tr>\n<td>Pe\u00f1arol (Pig\u00fc\u00e9)<\/td>\n<td>16<\/td>\n<td>7<\/td>\n<td>5<\/td>\n<td>1<\/td>\n<td>1<\/td>\n<td>10<\/td>\n<td>1<\/td>\n<\/tr>\n<tr>\n<td>Tiro Federal (P)<\/td>\n<td>14<\/td>\n<td>6<\/td>\n<td>4<\/td>\n<td>2<\/td>\n<td>0<\/td>\n<td><strong>12<\/strong><\/td>\n<td><strong>1<\/strong><\/td>\n<\/tr>\n<tr>\n<td><strong>Automoto<\/strong><\/td>\n<td>12<\/td>\n<td>7<\/td>\n<td>4<\/td>\n<td>0<\/td>\n<td>3<\/td>\n<td>15<\/td>\n<td>7<\/td>\n<\/tr>\n<tr>\n<td>San Mart\u00edn (S)<\/td>\n<td>7<\/td>\n<td>6<\/td>\n<td>2<\/td>\n<td>1<\/td>\n<td>3<\/td>\n<td>7<\/td>\n<td>7<\/td>\n<\/tr>\n<tr>\n<td>Puan F. Club<\/td>\n<td>7<\/td>\n<td>7<\/td>\n<td>2<\/td>\n<td>1<\/td>\n<td>4<\/td>\n<td>3<\/td>\n<td>14<\/td>\n<\/tr>\n<tr>\n<td>E. de Comercio<\/td>\n<td>6<\/td>\n<td>7<\/td>\n<td>1<\/td>\n<td>3<\/td>\n<td>3<\/td>\n<td>4<\/td>\n<td>9<\/td>\n<\/tr>\n<tr>\n<td>Uni\u00f3n Pig\u00fc\u00e9<\/td>\n<td>1<\/td>\n<td>7<\/td>\n<td>0<\/td>\n<td>1<\/td>\n<td>6<\/td>\n<td>1<\/td>\n<td>12<\/td>\n<\/tr>\n<tr>\n<td>Uni\u00f3n (Tornquist)<\/td>\n<td>1<\/td>\n<td>7<\/td>\n<td>0<\/td>\n<td>1<\/td>\n<td>6<\/td>\n<td>1<\/td>\n<td>23<\/td>\n<\/tr>\n<\/tbody>\n<\/table>\n<p>&nbsp;<br \/>\nAlbum de fotos: <a href=\"https:\/\/www.facebook.com\/pg\/automototornquist\/photos\/?tab=album&amp;album_id=2694428647243791\">https:\/\/www.facebook.com\/pg\/automototornquist\/photos\/?tab=album&amp;album_id=2694428647243791<\/a><br \/>\n&nbsp;<br \/>\n&nbsp;<br \/>\nDepartamento de Prensa \u2013 Automoto Club Deportivo<br \/>\nwww.clubautomotopasion.com.ar<br \/>\nFacebook: \/automototornquist<br \/>\nTwitter: @ClubAutomoto<br \/>\n&nbsp;<\/p>\n","protected":false},"excerpt":{"rendered":"<p>Automoto redonde\u00f3 un muy buen fin de semana en Inferiores. Frente a Uni\u00f3n Pig\u00fc\u00e9, los chicos del Rojo no s\u00f3lo ganaron los tres encuentros que disputaron, sino que sumaron important\u00edsimas unidades y quedaron muy bien perfilados para poder capitalizar la chance de avanzar a la instancia decisiva del certamen.<\/p>\n","protected":false},"author":3,"featured_media":0,"comment_status":"closed","ping_status":"open","sticky":false,"template":"","format":"standard","meta":{"footnotes":""},"categories":[27],"tags":[],"class_list":["post-35612","post","type-post","status-publish","format-standard","hentry","category-deportes"],"yoast_head":"<!-- This site is optimized with the Yoast SEO plugin v25.9 - https:\/\/yoast.com\/wordpress\/plugins\/seo\/ -->\n<title>Las Inferiores de Automoto suman y se ilusionan - Noticias Radio Reflejos<\/title>\n<meta name=\"robots\" content=\"index, follow, max-snippet:-1, max-image-preview:large, max-video-preview:-1\" \/>\n<link rel=\"canonical\" href=\"https:\/\/www.noticiasradioreflejos.com.ar\/2021\/las-inferiores-de-automoto-suman-y-se-ilusionan\/\" \/>\n<meta property=\"og:locale\" content=\"es_ES\" \/>\n<meta property=\"og:type\" content=\"article\" \/>\n<meta property=\"og:title\" content=\"Las Inferiores de Automoto suman y se ilusionan - Noticias Radio Reflejos\" \/>\n<meta property=\"og:description\" content=\"Automoto redonde\u00f3 un muy buen fin de semana en Inferiores. Frente a Uni\u00f3n Pig\u00fc\u00e9, los chicos del Rojo no s\u00f3lo ganaron los tres encuentros que disputaron, sino que sumaron important\u00edsimas unidades y quedaron muy bien perfilados para poder capitalizar la chance de avanzar a la instancia decisiva del certamen.\" \/>\n<meta property=\"og:url\" content=\"https:\/\/www.noticiasradioreflejos.com.ar\/2021\/las-inferiores-de-automoto-suman-y-se-ilusionan\/\" \/>\n<meta property=\"og:site_name\" content=\"Noticias Radio Reflejos\" \/>\n<meta property=\"article:published_time\" content=\"2019-10-15T19:23:13+00:00\" \/>\n<meta property=\"og:image\" content=\"http:\/\/live.staticflickr.com\/65535\/48904588683_28406c168f.jpg\" \/>\n<meta name=\"author\" content=\"Arnaldo Botto\" \/>\n<meta name=\"twitter:card\" content=\"summary_large_image\" \/>\n<script type=\"application\/ld+json\" class=\"yoast-schema-graph\">{\"@context\":\"https:\/\/schema.org\",\"@graph\":[{\"@type\":\"WebPage\",\"@id\":\"https:\/\/www.noticiasradioreflejos.com.ar\/2021\/las-inferiores-de-automoto-suman-y-se-ilusionan\/\",\"url\":\"https:\/\/www.noticiasradioreflejos.com.ar\/2021\/las-inferiores-de-automoto-suman-y-se-ilusionan\/\",\"name\":\"Las Inferiores de Automoto suman y se ilusionan - Noticias Radio Reflejos\",\"isPartOf\":{\"@id\":\"https:\/\/www.noticiasradioreflejos.com.ar\/2021\/#website\"},\"primaryImageOfPage\":{\"@id\":\"https:\/\/www.noticiasradioreflejos.com.ar\/2021\/las-inferiores-de-automoto-suman-y-se-ilusionan\/#primaryimage\"},\"image\":{\"@id\":\"https:\/\/www.noticiasradioreflejos.com.ar\/2021\/las-inferiores-de-automoto-suman-y-se-ilusionan\/#primaryimage\"},\"thumbnailUrl\":\"http:\/\/live.staticflickr.com\/65535\/48904588683_28406c168f.jpg\",\"datePublished\":\"2019-10-15T19:23:13+00:00\",\"author\":{\"@id\":\"https:\/\/www.noticiasradioreflejos.com.ar\/2021\/#\/schema\/person\/ad82545263dcc5ec0996818884fd5fb1\"},\"breadcrumb\":{\"@id\":\"https:\/\/www.noticiasradioreflejos.com.ar\/2021\/las-inferiores-de-automoto-suman-y-se-ilusionan\/#breadcrumb\"},\"inLanguage\":\"es\",\"potentialAction\":[{\"@type\":\"ReadAction\",\"target\":[\"https:\/\/www.noticiasradioreflejos.com.ar\/2021\/las-inferiores-de-automoto-suman-y-se-ilusionan\/\"]}]},{\"@type\":\"ImageObject\",\"inLanguage\":\"es\",\"@id\":\"https:\/\/www.noticiasradioreflejos.com.ar\/2021\/las-inferiores-de-automoto-suman-y-se-ilusionan\/#primaryimage\",\"url\":\"http:\/\/live.staticflickr.com\/65535\/48904588683_28406c168f.jpg\",\"contentUrl\":\"http:\/\/live.staticflickr.com\/65535\/48904588683_28406c168f.jpg\"},{\"@type\":\"BreadcrumbList\",\"@id\":\"https:\/\/www.noticiasradioreflejos.com.ar\/2021\/las-inferiores-de-automoto-suman-y-se-ilusionan\/#breadcrumb\",\"itemListElement\":[{\"@type\":\"ListItem\",\"position\":1,\"name\":\"Portada\",\"item\":\"https:\/\/www.noticiasradioreflejos.com.ar\/2021\/\"},{\"@type\":\"ListItem\",\"position\":2,\"name\":\"Las Inferiores de Automoto suman y se ilusionan\"}]},{\"@type\":\"WebSite\",\"@id\":\"https:\/\/www.noticiasradioreflejos.com.ar\/2021\/#website\",\"url\":\"https:\/\/www.noticiasradioreflejos.com.ar\/2021\/\",\"name\":\"Noticias Radio Reflejos\",\"description\":\"Las noticias de mi comarca\",\"potentialAction\":[{\"@type\":\"SearchAction\",\"target\":{\"@type\":\"EntryPoint\",\"urlTemplate\":\"https:\/\/www.noticiasradioreflejos.com.ar\/2021\/?s={search_term_string}\"},\"query-input\":{\"@type\":\"PropertyValueSpecification\",\"valueRequired\":true,\"valueName\":\"search_term_string\"}}],\"inLanguage\":\"es\"},{\"@type\":\"Person\",\"@id\":\"https:\/\/www.noticiasradioreflejos.com.ar\/2021\/#\/schema\/person\/ad82545263dcc5ec0996818884fd5fb1\",\"name\":\"Arnaldo Botto\",\"image\":{\"@type\":\"ImageObject\",\"inLanguage\":\"es\",\"@id\":\"https:\/\/www.noticiasradioreflejos.com.ar\/2021\/#\/schema\/person\/image\/\",\"url\":\"https:\/\/secure.gravatar.com\/avatar\/55cb5e37c1efa326397366e6974cb338056df65cb50e7d64d1cf314e87504837?s=96&d=mm&r=g\",\"contentUrl\":\"https:\/\/secure.gravatar.com\/avatar\/55cb5e37c1efa326397366e6974cb338056df65cb50e7d64d1cf314e87504837?s=96&d=mm&r=g\",\"caption\":\"Arnaldo Botto\"},\"url\":\"https:\/\/www.noticiasradioreflejos.com.ar\/2021\/author\/arnaldo\/\"}]}<\/script>\n<!-- \/ Yoast SEO plugin. -->","yoast_head_json":{"title":"Las Inferiores de Automoto suman y se ilusionan - Noticias Radio Reflejos","robots":{"index":"index","follow":"follow","max-snippet":"max-snippet:-1","max-image-preview":"max-image-preview:large","max-video-preview":"max-video-preview:-1"},"canonical":"https:\/\/www.noticiasradioreflejos.com.ar\/2021\/las-inferiores-de-automoto-suman-y-se-ilusionan\/","og_locale":"es_ES","og_type":"article","og_title":"Las Inferiores de Automoto suman y se ilusionan - Noticias Radio Reflejos","og_description":"Automoto redonde\u00f3 un muy buen fin de semana en Inferiores. Frente a Uni\u00f3n Pig\u00fc\u00e9, los chicos del Rojo no s\u00f3lo ganaron los tres encuentros que disputaron, sino que sumaron important\u00edsimas unidades y quedaron muy bien perfilados para poder capitalizar la chance de avanzar a la instancia decisiva del certamen.","og_url":"https:\/\/www.noticiasradioreflejos.com.ar\/2021\/las-inferiores-de-automoto-suman-y-se-ilusionan\/","og_site_name":"Noticias Radio Reflejos","article_published_time":"2019-10-15T19:23:13+00:00","og_image":[{"url":"http:\/\/live.staticflickr.com\/65535\/48904588683_28406c168f.jpg","type":"","width":"","height":""}],"author":"Arnaldo Botto","twitter_card":"summary_large_image","schema":{"@context":"https:\/\/schema.org","@graph":[{"@type":"WebPage","@id":"https:\/\/www.noticiasradioreflejos.com.ar\/2021\/las-inferiores-de-automoto-suman-y-se-ilusionan\/","url":"https:\/\/www.noticiasradioreflejos.com.ar\/2021\/las-inferiores-de-automoto-suman-y-se-ilusionan\/","name":"Las Inferiores de Automoto suman y se ilusionan - Noticias Radio Reflejos","isPartOf":{"@id":"https:\/\/www.noticiasradioreflejos.com.ar\/2021\/#website"},"primaryImageOfPage":{"@id":"https:\/\/www.noticiasradioreflejos.com.ar\/2021\/las-inferiores-de-automoto-suman-y-se-ilusionan\/#primaryimage"},"image":{"@id":"https:\/\/www.noticiasradioreflejos.com.ar\/2021\/las-inferiores-de-automoto-suman-y-se-ilusionan\/#primaryimage"},"thumbnailUrl":"http:\/\/live.staticflickr.com\/65535\/48904588683_28406c168f.jpg","datePublished":"2019-10-15T19:23:13+00:00","author":{"@id":"https:\/\/www.noticiasradioreflejos.com.ar\/2021\/#\/schema\/person\/ad82545263dcc5ec0996818884fd5fb1"},"breadcrumb":{"@id":"https:\/\/www.noticiasradioreflejos.com.ar\/2021\/las-inferiores-de-automoto-suman-y-se-ilusionan\/#breadcrumb"},"inLanguage":"es","potentialAction":[{"@type":"ReadAction","target":["https:\/\/www.noticiasradioreflejos.com.ar\/2021\/las-inferiores-de-automoto-suman-y-se-ilusionan\/"]}]},{"@type":"ImageObject","inLanguage":"es","@id":"https:\/\/www.noticiasradioreflejos.com.ar\/2021\/las-inferiores-de-automoto-suman-y-se-ilusionan\/#primaryimage","url":"http:\/\/live.staticflickr.com\/65535\/48904588683_28406c168f.jpg","contentUrl":"http:\/\/live.staticflickr.com\/65535\/48904588683_28406c168f.jpg"},{"@type":"BreadcrumbList","@id":"https:\/\/www.noticiasradioreflejos.com.ar\/2021\/las-inferiores-de-automoto-suman-y-se-ilusionan\/#breadcrumb","itemListElement":[{"@type":"ListItem","position":1,"name":"Portada","item":"https:\/\/www.noticiasradioreflejos.com.ar\/2021\/"},{"@type":"ListItem","position":2,"name":"Las Inferiores de Automoto suman y se ilusionan"}]},{"@type":"WebSite","@id":"https:\/\/www.noticiasradioreflejos.com.ar\/2021\/#website","url":"https:\/\/www.noticiasradioreflejos.com.ar\/2021\/","name":"Noticias Radio Reflejos","description":"Las noticias de mi comarca","potentialAction":[{"@type":"SearchAction","target":{"@type":"EntryPoint","urlTemplate":"https:\/\/www.noticiasradioreflejos.com.ar\/2021\/?s={search_term_string}"},"query-input":{"@type":"PropertyValueSpecification","valueRequired":true,"valueName":"search_term_string"}}],"inLanguage":"es"},{"@type":"Person","@id":"https:\/\/www.noticiasradioreflejos.com.ar\/2021\/#\/schema\/person\/ad82545263dcc5ec0996818884fd5fb1","name":"Arnaldo Botto","image":{"@type":"ImageObject","inLanguage":"es","@id":"https:\/\/www.noticiasradioreflejos.com.ar\/2021\/#\/schema\/person\/image\/","url":"https:\/\/secure.gravatar.com\/avatar\/55cb5e37c1efa326397366e6974cb338056df65cb50e7d64d1cf314e87504837?s=96&d=mm&r=g","contentUrl":"https:\/\/secure.gravatar.com\/avatar\/55cb5e37c1efa326397366e6974cb338056df65cb50e7d64d1cf314e87504837?s=96&d=mm&r=g","caption":"Arnaldo Botto"},"url":"https:\/\/www.noticiasradioreflejos.com.ar\/2021\/author\/arnaldo\/"}]}},"_links":{"self":[{"href":"https:\/\/www.noticiasradioreflejos.com.ar\/2021\/wp-json\/wp\/v2\/posts\/35612","targetHints":{"allow":["GET"]}}],"collection":[{"href":"https:\/\/www.noticiasradioreflejos.com.ar\/2021\/wp-json\/wp\/v2\/posts"}],"about":[{"href":"https:\/\/www.noticiasradioreflejos.com.ar\/2021\/wp-json\/wp\/v2\/types\/post"}],"author":[{"embeddable":true,"href":"https:\/\/www.noticiasradioreflejos.com.ar\/2021\/wp-json\/wp\/v2\/users\/3"}],"replies":[{"embeddable":true,"href":"https:\/\/www.noticiasradioreflejos.com.ar\/2021\/wp-json\/wp\/v2\/comments?post=35612"}],"version-history":[{"count":0,"href":"https:\/\/www.noticiasradioreflejos.com.ar\/2021\/wp-json\/wp\/v2\/posts\/35612\/revisions"}],"wp:attachment":[{"href":"https:\/\/www.noticiasradioreflejos.com.ar\/2021\/wp-json\/wp\/v2\/media?parent=35612"}],"wp:term":[{"taxonomy":"category","embeddable":true,"href":"https:\/\/www.noticiasradioreflejos.com.ar\/2021\/wp-json\/wp\/v2\/categories?post=35612"},{"taxonomy":"post_tag","embeddable":true,"href":"https:\/\/www.noticiasradioreflejos.com.ar\/2021\/wp-json\/wp\/v2\/tags?post=35612"}],"curies":[{"name":"wp","href":"https:\/\/api.w.org\/{rel}","templated":true}]}}