{"id":35582,"date":"2019-10-15T08:16:28","date_gmt":"2019-10-15T11:16:28","guid":{"rendered":"http:\/\/www.noticiasradioreflejos.com.ar\/noticias\/?p=35582"},"modified":"2019-10-15T08:16:28","modified_gmt":"2019-10-15T11:16:28","slug":"automoto-disfruto-de-su-24-encuentro-regional-de-escuelitas","status":"publish","type":"post","link":"https:\/\/www.noticiasradioreflejos.com.ar\/2021\/automoto-disfruto-de-su-24-encuentro-regional-de-escuelitas\/","title":{"rendered":"Automoto disfrut\u00f3 de su 24\u00b0 Encuentro Regional de Escuelitas"},"content":{"rendered":"<p><a title=\"DSC_0235\" href=\"http:\/\/live.staticflickr.com\/65535\/48902332073_f700754fd5_s.jpg\" rel=\"\"><img loading=\"lazy\" decoding=\"async\" class=\"alignleft\" style=\"float: left;\" title=\"DSC_0235\" src=\"http:\/\/live.staticflickr.com\/65535\/48902332073_f700754fd5.jpg\" alt=\"DSC_0235\" width=\"500\" height=\"333\" \/><\/a>Unos 600 chicos de 12 entidades deportivas de diferentes puntos del distrito y la regi\u00f3n le dieron vida al 24\u00b0 Encuentro Regional de Escuelitas de F\u00fatbol, que el Automoto Club Deportivo organiza anualmente en su predio deportivo. Pese a las malas condiciones clim\u00e1ticas, no hubo impedimentos para vivir una verdadera fiesta. As\u00ed se evidenci\u00f3 en los miles de visitantes que coparon el \u201cAgust\u00edn Ruppel\u201d azulgrana para alentar, divertirse y festejar con los principales protagonistas de la jornada.<!--more--><br \/>\nEn 11 canchas distribuidas entre el campo de juego principal y el sector auxiliar, ni\u00f1os de entre 6 y 11 a\u00f1os disfrutaron de una jornada a puro f\u00fatbol, entretenimiento, diversi\u00f3n y compa\u00f1erismo.<br \/>\nLa iniciativa cont\u00f3 con la presencia de la entidad anfitriona, Rosario Puerto Belgrano, Sporting y Club Puerto Belgrano, todos de Punta Alta; Tiro Federal y Estrella Verde, de Bah\u00eda Blanca; Juventud Agraria de Algarrobo; Club Atl\u00e9tico Ventana; Sarmiento y Uni\u00f3n, de Pig\u00fc\u00e9; y Uni\u00f3n de nuestra ciudad<br \/>\nM\u00e1s all\u00e1 de los chicos mencionados, tambi\u00e9n fue una fiesta la presencia de los ni\u00f1os 2014 y 2015 de Automoto y Uni\u00f3n, que deleitaron con el partido que animaron en el campo de juego principal del predio.Una vez finalizados los partidos, cada entidad recibi\u00f3 como obsequio un cuadro con la foto de la delegaci\u00f3n, a modo de recuerdo de la presente edici\u00f3n del tradicional encuentro.<br \/>\nDesde el Automoto Club Deportivo agradecemos a los clubes que participaron de esta importante apuesta, a los profesores que se encargaron de organizar el aspecto deportivo, a la Municipalidad de Tornquist, a los padres de todos los clubes que acompa\u00f1aron, al grupo de trabajo de la instituci\u00f3n y a todos aquellos que de una u otra manera colaboraron para que esta edici\u00f3n fuera posible.<br \/>\n<a href=\"https:\/\/www.facebook.com\/media\/set\/?set=a.2692885624064760&amp;type=3&amp;uploaded=130\"><em><strong>Link del \u00e1lbum de fotos<\/strong><\/em><\/a><br \/>\nDepartamento de Prensa. Automoto Club Deportivo<\/p>\n","protected":false},"excerpt":{"rendered":"<p>Unos 600 chicos de 12 entidades deportivas de diferentes puntos del distrito y la regi\u00f3n le dieron vida al 24\u00b0 Encuentro Regional de Escuelitas de F\u00fatbol, que el Automoto Club Deportivo organiza anualmente en su predio deportivo. Pese a las malas condiciones clim\u00e1ticas, no hubo impedimentos para vivir una verdadera fiesta. As\u00ed se evidenci\u00f3 en [&hellip;]<\/p>\n","protected":false},"author":3,"featured_media":0,"comment_status":"closed","ping_status":"open","sticky":false,"template":"","format":"standard","meta":{"footnotes":""},"categories":[27],"tags":[],"class_list":["post-35582","post","type-post","status-publish","format-standard","hentry","category-deportes"],"yoast_head":"<!-- This site is optimized with the Yoast SEO plugin v25.9 - https:\/\/yoast.com\/wordpress\/plugins\/seo\/ -->\n<title>Automoto disfrut\u00f3 de su 24\u00b0 Encuentro Regional de Escuelitas - Noticias Radio Reflejos<\/title>\n<meta name=\"robots\" content=\"index, follow, max-snippet:-1, max-image-preview:large, max-video-preview:-1\" \/>\n<link rel=\"canonical\" href=\"https:\/\/www.noticiasradioreflejos.com.ar\/2021\/automoto-disfruto-de-su-24-encuentro-regional-de-escuelitas\/\" \/>\n<meta property=\"og:locale\" content=\"es_ES\" \/>\n<meta property=\"og:type\" content=\"article\" \/>\n<meta property=\"og:title\" content=\"Automoto disfrut\u00f3 de su 24\u00b0 Encuentro Regional de Escuelitas - Noticias Radio Reflejos\" \/>\n<meta property=\"og:description\" content=\"Unos 600 chicos de 12 entidades deportivas de diferentes puntos del distrito y la regi\u00f3n le dieron vida al 24\u00b0 Encuentro Regional de Escuelitas de F\u00fatbol, que el Automoto Club Deportivo organiza anualmente en su predio deportivo. Pese a las malas condiciones clim\u00e1ticas, no hubo impedimentos para vivir una verdadera fiesta. As\u00ed se evidenci\u00f3 en [&hellip;]\" \/>\n<meta property=\"og:url\" content=\"https:\/\/www.noticiasradioreflejos.com.ar\/2021\/automoto-disfruto-de-su-24-encuentro-regional-de-escuelitas\/\" \/>\n<meta property=\"og:site_name\" content=\"Noticias Radio Reflejos\" \/>\n<meta property=\"article:published_time\" content=\"2019-10-15T11:16:28+00:00\" \/>\n<meta property=\"og:image\" content=\"http:\/\/live.staticflickr.com\/65535\/48902332073_f700754fd5.jpg\" \/>\n<meta name=\"author\" content=\"Arnaldo Botto\" \/>\n<meta name=\"twitter:card\" content=\"summary_large_image\" \/>\n<script type=\"application\/ld+json\" class=\"yoast-schema-graph\">{\"@context\":\"https:\/\/schema.org\",\"@graph\":[{\"@type\":\"WebPage\",\"@id\":\"https:\/\/www.noticiasradioreflejos.com.ar\/2021\/automoto-disfruto-de-su-24-encuentro-regional-de-escuelitas\/\",\"url\":\"https:\/\/www.noticiasradioreflejos.com.ar\/2021\/automoto-disfruto-de-su-24-encuentro-regional-de-escuelitas\/\",\"name\":\"Automoto disfrut\u00f3 de su 24\u00b0 Encuentro Regional de Escuelitas - Noticias Radio Reflejos\",\"isPartOf\":{\"@id\":\"https:\/\/www.noticiasradioreflejos.com.ar\/2021\/#website\"},\"primaryImageOfPage\":{\"@id\":\"https:\/\/www.noticiasradioreflejos.com.ar\/2021\/automoto-disfruto-de-su-24-encuentro-regional-de-escuelitas\/#primaryimage\"},\"image\":{\"@id\":\"https:\/\/www.noticiasradioreflejos.com.ar\/2021\/automoto-disfruto-de-su-24-encuentro-regional-de-escuelitas\/#primaryimage\"},\"thumbnailUrl\":\"http:\/\/live.staticflickr.com\/65535\/48902332073_f700754fd5.jpg\",\"datePublished\":\"2019-10-15T11:16:28+00:00\",\"author\":{\"@id\":\"https:\/\/www.noticiasradioreflejos.com.ar\/2021\/#\/schema\/person\/ad82545263dcc5ec0996818884fd5fb1\"},\"breadcrumb\":{\"@id\":\"https:\/\/www.noticiasradioreflejos.com.ar\/2021\/automoto-disfruto-de-su-24-encuentro-regional-de-escuelitas\/#breadcrumb\"},\"inLanguage\":\"es\",\"potentialAction\":[{\"@type\":\"ReadAction\",\"target\":[\"https:\/\/www.noticiasradioreflejos.com.ar\/2021\/automoto-disfruto-de-su-24-encuentro-regional-de-escuelitas\/\"]}]},{\"@type\":\"ImageObject\",\"inLanguage\":\"es\",\"@id\":\"https:\/\/www.noticiasradioreflejos.com.ar\/2021\/automoto-disfruto-de-su-24-encuentro-regional-de-escuelitas\/#primaryimage\",\"url\":\"http:\/\/live.staticflickr.com\/65535\/48902332073_f700754fd5.jpg\",\"contentUrl\":\"http:\/\/live.staticflickr.com\/65535\/48902332073_f700754fd5.jpg\"},{\"@type\":\"BreadcrumbList\",\"@id\":\"https:\/\/www.noticiasradioreflejos.com.ar\/2021\/automoto-disfruto-de-su-24-encuentro-regional-de-escuelitas\/#breadcrumb\",\"itemListElement\":[{\"@type\":\"ListItem\",\"position\":1,\"name\":\"Portada\",\"item\":\"https:\/\/www.noticiasradioreflejos.com.ar\/2021\/\"},{\"@type\":\"ListItem\",\"position\":2,\"name\":\"Automoto disfrut\u00f3 de su 24\u00b0 Encuentro Regional de Escuelitas\"}]},{\"@type\":\"WebSite\",\"@id\":\"https:\/\/www.noticiasradioreflejos.com.ar\/2021\/#website\",\"url\":\"https:\/\/www.noticiasradioreflejos.com.ar\/2021\/\",\"name\":\"Noticias Radio Reflejos\",\"description\":\"Las noticias de mi comarca\",\"potentialAction\":[{\"@type\":\"SearchAction\",\"target\":{\"@type\":\"EntryPoint\",\"urlTemplate\":\"https:\/\/www.noticiasradioreflejos.com.ar\/2021\/?s={search_term_string}\"},\"query-input\":{\"@type\":\"PropertyValueSpecification\",\"valueRequired\":true,\"valueName\":\"search_term_string\"}}],\"inLanguage\":\"es\"},{\"@type\":\"Person\",\"@id\":\"https:\/\/www.noticiasradioreflejos.com.ar\/2021\/#\/schema\/person\/ad82545263dcc5ec0996818884fd5fb1\",\"name\":\"Arnaldo Botto\",\"image\":{\"@type\":\"ImageObject\",\"inLanguage\":\"es\",\"@id\":\"https:\/\/www.noticiasradioreflejos.com.ar\/2021\/#\/schema\/person\/image\/\",\"url\":\"https:\/\/secure.gravatar.com\/avatar\/55cb5e37c1efa326397366e6974cb338056df65cb50e7d64d1cf314e87504837?s=96&d=mm&r=g\",\"contentUrl\":\"https:\/\/secure.gravatar.com\/avatar\/55cb5e37c1efa326397366e6974cb338056df65cb50e7d64d1cf314e87504837?s=96&d=mm&r=g\",\"caption\":\"Arnaldo Botto\"},\"url\":\"https:\/\/www.noticiasradioreflejos.com.ar\/2021\/author\/arnaldo\/\"}]}<\/script>\n<!-- \/ Yoast SEO plugin. -->","yoast_head_json":{"title":"Automoto disfrut\u00f3 de su 24\u00b0 Encuentro Regional de Escuelitas - Noticias Radio Reflejos","robots":{"index":"index","follow":"follow","max-snippet":"max-snippet:-1","max-image-preview":"max-image-preview:large","max-video-preview":"max-video-preview:-1"},"canonical":"https:\/\/www.noticiasradioreflejos.com.ar\/2021\/automoto-disfruto-de-su-24-encuentro-regional-de-escuelitas\/","og_locale":"es_ES","og_type":"article","og_title":"Automoto disfrut\u00f3 de su 24\u00b0 Encuentro Regional de Escuelitas - Noticias Radio Reflejos","og_description":"Unos 600 chicos de 12 entidades deportivas de diferentes puntos del distrito y la regi\u00f3n le dieron vida al 24\u00b0 Encuentro Regional de Escuelitas de F\u00fatbol, que el Automoto Club Deportivo organiza anualmente en su predio deportivo. Pese a las malas condiciones clim\u00e1ticas, no hubo impedimentos para vivir una verdadera fiesta. As\u00ed se evidenci\u00f3 en [&hellip;]","og_url":"https:\/\/www.noticiasradioreflejos.com.ar\/2021\/automoto-disfruto-de-su-24-encuentro-regional-de-escuelitas\/","og_site_name":"Noticias Radio Reflejos","article_published_time":"2019-10-15T11:16:28+00:00","og_image":[{"url":"http:\/\/live.staticflickr.com\/65535\/48902332073_f700754fd5.jpg","type":"","width":"","height":""}],"author":"Arnaldo Botto","twitter_card":"summary_large_image","schema":{"@context":"https:\/\/schema.org","@graph":[{"@type":"WebPage","@id":"https:\/\/www.noticiasradioreflejos.com.ar\/2021\/automoto-disfruto-de-su-24-encuentro-regional-de-escuelitas\/","url":"https:\/\/www.noticiasradioreflejos.com.ar\/2021\/automoto-disfruto-de-su-24-encuentro-regional-de-escuelitas\/","name":"Automoto disfrut\u00f3 de su 24\u00b0 Encuentro Regional de Escuelitas - Noticias Radio Reflejos","isPartOf":{"@id":"https:\/\/www.noticiasradioreflejos.com.ar\/2021\/#website"},"primaryImageOfPage":{"@id":"https:\/\/www.noticiasradioreflejos.com.ar\/2021\/automoto-disfruto-de-su-24-encuentro-regional-de-escuelitas\/#primaryimage"},"image":{"@id":"https:\/\/www.noticiasradioreflejos.com.ar\/2021\/automoto-disfruto-de-su-24-encuentro-regional-de-escuelitas\/#primaryimage"},"thumbnailUrl":"http:\/\/live.staticflickr.com\/65535\/48902332073_f700754fd5.jpg","datePublished":"2019-10-15T11:16:28+00:00","author":{"@id":"https:\/\/www.noticiasradioreflejos.com.ar\/2021\/#\/schema\/person\/ad82545263dcc5ec0996818884fd5fb1"},"breadcrumb":{"@id":"https:\/\/www.noticiasradioreflejos.com.ar\/2021\/automoto-disfruto-de-su-24-encuentro-regional-de-escuelitas\/#breadcrumb"},"inLanguage":"es","potentialAction":[{"@type":"ReadAction","target":["https:\/\/www.noticiasradioreflejos.com.ar\/2021\/automoto-disfruto-de-su-24-encuentro-regional-de-escuelitas\/"]}]},{"@type":"ImageObject","inLanguage":"es","@id":"https:\/\/www.noticiasradioreflejos.com.ar\/2021\/automoto-disfruto-de-su-24-encuentro-regional-de-escuelitas\/#primaryimage","url":"http:\/\/live.staticflickr.com\/65535\/48902332073_f700754fd5.jpg","contentUrl":"http:\/\/live.staticflickr.com\/65535\/48902332073_f700754fd5.jpg"},{"@type":"BreadcrumbList","@id":"https:\/\/www.noticiasradioreflejos.com.ar\/2021\/automoto-disfruto-de-su-24-encuentro-regional-de-escuelitas\/#breadcrumb","itemListElement":[{"@type":"ListItem","position":1,"name":"Portada","item":"https:\/\/www.noticiasradioreflejos.com.ar\/2021\/"},{"@type":"ListItem","position":2,"name":"Automoto disfrut\u00f3 de su 24\u00b0 Encuentro Regional de Escuelitas"}]},{"@type":"WebSite","@id":"https:\/\/www.noticiasradioreflejos.com.ar\/2021\/#website","url":"https:\/\/www.noticiasradioreflejos.com.ar\/2021\/","name":"Noticias Radio Reflejos","description":"Las noticias de mi comarca","potentialAction":[{"@type":"SearchAction","target":{"@type":"EntryPoint","urlTemplate":"https:\/\/www.noticiasradioreflejos.com.ar\/2021\/?s={search_term_string}"},"query-input":{"@type":"PropertyValueSpecification","valueRequired":true,"valueName":"search_term_string"}}],"inLanguage":"es"},{"@type":"Person","@id":"https:\/\/www.noticiasradioreflejos.com.ar\/2021\/#\/schema\/person\/ad82545263dcc5ec0996818884fd5fb1","name":"Arnaldo Botto","image":{"@type":"ImageObject","inLanguage":"es","@id":"https:\/\/www.noticiasradioreflejos.com.ar\/2021\/#\/schema\/person\/image\/","url":"https:\/\/secure.gravatar.com\/avatar\/55cb5e37c1efa326397366e6974cb338056df65cb50e7d64d1cf314e87504837?s=96&d=mm&r=g","contentUrl":"https:\/\/secure.gravatar.com\/avatar\/55cb5e37c1efa326397366e6974cb338056df65cb50e7d64d1cf314e87504837?s=96&d=mm&r=g","caption":"Arnaldo Botto"},"url":"https:\/\/www.noticiasradioreflejos.com.ar\/2021\/author\/arnaldo\/"}]}},"_links":{"self":[{"href":"https:\/\/www.noticiasradioreflejos.com.ar\/2021\/wp-json\/wp\/v2\/posts\/35582","targetHints":{"allow":["GET"]}}],"collection":[{"href":"https:\/\/www.noticiasradioreflejos.com.ar\/2021\/wp-json\/wp\/v2\/posts"}],"about":[{"href":"https:\/\/www.noticiasradioreflejos.com.ar\/2021\/wp-json\/wp\/v2\/types\/post"}],"author":[{"embeddable":true,"href":"https:\/\/www.noticiasradioreflejos.com.ar\/2021\/wp-json\/wp\/v2\/users\/3"}],"replies":[{"embeddable":true,"href":"https:\/\/www.noticiasradioreflejos.com.ar\/2021\/wp-json\/wp\/v2\/comments?post=35582"}],"version-history":[{"count":0,"href":"https:\/\/www.noticiasradioreflejos.com.ar\/2021\/wp-json\/wp\/v2\/posts\/35582\/revisions"}],"wp:attachment":[{"href":"https:\/\/www.noticiasradioreflejos.com.ar\/2021\/wp-json\/wp\/v2\/media?parent=35582"}],"wp:term":[{"taxonomy":"category","embeddable":true,"href":"https:\/\/www.noticiasradioreflejos.com.ar\/2021\/wp-json\/wp\/v2\/categories?post=35582"},{"taxonomy":"post_tag","embeddable":true,"href":"https:\/\/www.noticiasradioreflejos.com.ar\/2021\/wp-json\/wp\/v2\/tags?post=35582"}],"curies":[{"name":"wp","href":"https:\/\/api.w.org\/{rel}","templated":true}]}}