{"id":35571,"date":"2019-10-11T20:26:58","date_gmt":"2019-10-11T23:26:58","guid":{"rendered":"http:\/\/www.noticiasradioreflejos.com.ar\/noticias\/?p=35571"},"modified":"2019-10-11T20:26:58","modified_gmt":"2019-10-11T23:26:58","slug":"comenzo-el-aerocamping-sierra-de-la-ventana-en-saldungaray","status":"publish","type":"post","link":"https:\/\/www.noticiasradioreflejos.com.ar\/2021\/comenzo-el-aerocamping-sierra-de-la-ventana-en-saldungaray\/","title":{"rendered":"Comenz\u00f3 el &quot;Aerocamping Sierra de la Ventana&quot; en Saldungaray."},"content":{"rendered":"<p><a title=\"WhatsApp Image 2019-10-11 at 19.26.55\" href=\"http:\/\/live.staticflickr.com\/65535\/48882949382_6919ed4319_s.jpg\" rel=\"\"><img loading=\"lazy\" decoding=\"async\" class=\"alignleft\" style=\"float: left;\" title=\"WhatsApp Image 2019-10-11 at 19.26.55\" src=\"http:\/\/live.staticflickr.com\/65535\/48882949382_6919ed4319.jpg\" alt=\"WhatsApp Image 2019-10-11 at 19.26.55\" width=\"500\" height=\"281\" \/><\/a>Por primera vez en la comarca serrana, el <strong>Aeroclub de Saldungaray<\/strong> ser\u00e1 sede del evento llamado \u00abAerocamping Sierra de la Ventana\u00bb con jornadas de vuelo de monta\u00f1a. Desde la tarde de este viernes 11 de octubre, aviones provenientes de diversas partes del pa\u00eds llegar\u00e1n a Saldungaray para el desarrollo de este importante acontecimiento aeron\u00e1utico y tur\u00edstico en la regi\u00f3n. Miguel Perez, integrante de la comisi\u00f3n directiva del club, nos anticipa detalles de las actividades que se realizar\u00e1n durante todo el fin de semana largo.<!--more--><br \/>\n\u00abContento, muy feliz, recibiendo las maquinas que ya empezaron a arribar, y vamos a tratar de compartir un buen fin de semana aeron\u00e1utico. Esto surge de gente aeron\u00e1utica de la zona de Rio Negro, del valle, gente de Allen que organizaron el 7mo encuentro que estamos haciendo, y consiste en aerocamping porque es un poquito armar la carpa bajo el ala como se hace en otros pa\u00edses, y disfrutar una zona diferente en cada una de las reuniones. Esto se hizo en El Bols\u00f3n, se hizo en Mendoza, C\u00f3rdoba, en varias provincias, se habl\u00f3 de hacerlo ac\u00e1 en Sierra de la Ventana, nos coordinamos todos y ac\u00e1 estamos, a disfrutar un poco la aviaci\u00f3n que es la pasi\u00f3n que uno tiene\u00bb.<br \/>\n\u00abNo solo que el publico puede venir, sino que para nosotros seria de mucho placer que ma\u00f1ana s\u00e1bado y domingo, la gente se acerque a ver los aviones, el domingo va a haber una movida muy linda que es cuando despegamos todos y nos vamos a comer un asado a Pig\u00fc\u00e9, y estar\u00edamos volviendo a las 16 horas, nos dar\u00eda much\u00edsimo gusto de que se vea que estamos tratando que el club Saldungaray cobre vida. Por otro lado, venimos de hacer hace 15 d\u00edas atr\u00e1s un encuentro de aeroclubes, que fuimos sede de 25 aviones, y se hizo el asado ac\u00e1 en Saldungaray y vino gente de todos los partidos, esto es algo mas interprovincial, ya bajo gente de Santa Fe, de Entre R\u00edos, Cordoba, del sur vinieron de Allen, ma\u00f1ana est\u00e1n llegando de Comodoro Rivadavia, Piedra Buena, es un encuentro muy lindo\u00bb.<br \/>\n\u00abNosotros tenemos un lugar en el mundo que es donde se agrupa la aviaci\u00f3n civil, que es en el estado de Wisconsin, y ah\u00ed vas a ver gente que va con aviones lejos arriba de un mill\u00f3n de dolares, y baja con su carpita, la arma debajo del avi\u00f3n, y ah\u00ed pasan los 7 d\u00edas que dura el evento, es algo medio tradicional, y ac\u00e1 en Argentina se logra un poquito cerca de Buenos Aires, y de ah\u00ed sale el aerocamping, esto en una forma mucho mas humilde, tratamos de hacer lo mismo y hay quienes vienen con el avi\u00f3n y bueno por razones de comodidad se van a un hotel\u00bb.<br \/>\n<strong>Nota Con Miguel Perez<\/strong><br \/>\n<iframe loading=\"lazy\" src=\"https:\/\/w.soundcloud.com\/player\/?url=https%3A\/\/api.soundcloud.com\/tracks\/694470592%3Fsecret_token%3Ds-cIMAK&amp;color=%23ff5500&amp;auto_play=false&amp;hide_related=false&amp;show_comments=true&amp;show_user=true&amp;show_reposts=false&amp;show_teaser=true\" width=\"100%\" height=\"166\" frameborder=\"no\" scrolling=\"no\"><\/iframe><br \/>\n<a href=\"http:\/\/live.staticflickr.com\/65535\/48882232028_bc4ef9d148_s.jpg\" title=\"WhatsApp Image 2019-10-11 at 19.26.54 (1)\" rel=\"\"><img loading=\"lazy\" decoding=\"async\" src=\"http:\/\/live.staticflickr.com\/65535\/48882232028_bc4ef9d148_z.jpg\" width=\"640\" height=\"311\" alt=\"WhatsApp Image 2019-10-11 at 19.26.54 (1)\" title=\"WhatsApp Image 2019-10-11 at 19.26.54 (1)\" class=\"aligncenter\"><\/a><a href=\"http:\/\/live.staticflickr.com\/65535\/48882232543_be9757ddf7_s.jpg\" title=\"WhatsApp Image 2019-10-11 at 19.26.56\" rel=\"\"><img loading=\"lazy\" decoding=\"async\" src=\"http:\/\/live.staticflickr.com\/65535\/48882232543_be9757ddf7_z.jpg\" width=\"640\" height=\"360\" alt=\"WhatsApp Image 2019-10-11 at 19.26.56\" title=\"WhatsApp Image 2019-10-11 at 19.26.56\" class=\"aligncenter\"><\/a><\/p>\n","protected":false},"excerpt":{"rendered":"<p>Por primera vez en la comarca serrana, el Aeroclub de Saldungaray ser\u00e1 sede del evento llamado \u00abAerocamping Sierra de la Ventana\u00bb con jornadas de vuelo de monta\u00f1a. Desde la tarde de este viernes 11 de octubre, aviones provenientes de diversas partes del pa\u00eds llegar\u00e1n a Saldungaray para el desarrollo de este importante acontecimiento aeron\u00e1utico y [&hellip;]<\/p>\n","protected":false},"author":3,"featured_media":0,"comment_status":"closed","ping_status":"open","sticky":false,"template":"","format":"standard","meta":{"footnotes":""},"categories":[33],"tags":[],"class_list":["post-35571","post","type-post","status-publish","format-standard","hentry","category-turismo"],"yoast_head":"<!-- This site is optimized with the Yoast SEO plugin v25.9 - https:\/\/yoast.com\/wordpress\/plugins\/seo\/ -->\n<title>Comenz\u00f3 el &quot;Aerocamping Sierra de la Ventana&quot; en Saldungaray. - Noticias Radio Reflejos<\/title>\n<meta name=\"robots\" content=\"index, follow, max-snippet:-1, max-image-preview:large, max-video-preview:-1\" \/>\n<link rel=\"canonical\" href=\"https:\/\/www.noticiasradioreflejos.com.ar\/2021\/comenzo-el-aerocamping-sierra-de-la-ventana-en-saldungaray\/\" \/>\n<meta property=\"og:locale\" content=\"es_ES\" \/>\n<meta property=\"og:type\" content=\"article\" \/>\n<meta property=\"og:title\" content=\"Comenz\u00f3 el &quot;Aerocamping Sierra de la Ventana&quot; en Saldungaray. - Noticias Radio Reflejos\" \/>\n<meta property=\"og:description\" content=\"Por primera vez en la comarca serrana, el Aeroclub de Saldungaray ser\u00e1 sede del evento llamado \u00abAerocamping Sierra de la Ventana\u00bb con jornadas de vuelo de monta\u00f1a. Desde la tarde de este viernes 11 de octubre, aviones provenientes de diversas partes del pa\u00eds llegar\u00e1n a Saldungaray para el desarrollo de este importante acontecimiento aeron\u00e1utico y [&hellip;]\" \/>\n<meta property=\"og:url\" content=\"https:\/\/www.noticiasradioreflejos.com.ar\/2021\/comenzo-el-aerocamping-sierra-de-la-ventana-en-saldungaray\/\" \/>\n<meta property=\"og:site_name\" content=\"Noticias Radio Reflejos\" \/>\n<meta property=\"article:published_time\" content=\"2019-10-11T23:26:58+00:00\" \/>\n<meta property=\"og:image\" content=\"http:\/\/live.staticflickr.com\/65535\/48882949382_6919ed4319.jpg\" \/>\n<meta name=\"author\" content=\"Arnaldo Botto\" \/>\n<meta name=\"twitter:card\" content=\"summary_large_image\" \/>\n<script type=\"application\/ld+json\" class=\"yoast-schema-graph\">{\"@context\":\"https:\/\/schema.org\",\"@graph\":[{\"@type\":\"WebPage\",\"@id\":\"https:\/\/www.noticiasradioreflejos.com.ar\/2021\/comenzo-el-aerocamping-sierra-de-la-ventana-en-saldungaray\/\",\"url\":\"https:\/\/www.noticiasradioreflejos.com.ar\/2021\/comenzo-el-aerocamping-sierra-de-la-ventana-en-saldungaray\/\",\"name\":\"Comenz\u00f3 el &quot;Aerocamping Sierra de la Ventana&quot; en Saldungaray. - Noticias Radio Reflejos\",\"isPartOf\":{\"@id\":\"https:\/\/www.noticiasradioreflejos.com.ar\/2021\/#website\"},\"primaryImageOfPage\":{\"@id\":\"https:\/\/www.noticiasradioreflejos.com.ar\/2021\/comenzo-el-aerocamping-sierra-de-la-ventana-en-saldungaray\/#primaryimage\"},\"image\":{\"@id\":\"https:\/\/www.noticiasradioreflejos.com.ar\/2021\/comenzo-el-aerocamping-sierra-de-la-ventana-en-saldungaray\/#primaryimage\"},\"thumbnailUrl\":\"http:\/\/live.staticflickr.com\/65535\/48882949382_6919ed4319.jpg\",\"datePublished\":\"2019-10-11T23:26:58+00:00\",\"author\":{\"@id\":\"https:\/\/www.noticiasradioreflejos.com.ar\/2021\/#\/schema\/person\/ad82545263dcc5ec0996818884fd5fb1\"},\"breadcrumb\":{\"@id\":\"https:\/\/www.noticiasradioreflejos.com.ar\/2021\/comenzo-el-aerocamping-sierra-de-la-ventana-en-saldungaray\/#breadcrumb\"},\"inLanguage\":\"es\",\"potentialAction\":[{\"@type\":\"ReadAction\",\"target\":[\"https:\/\/www.noticiasradioreflejos.com.ar\/2021\/comenzo-el-aerocamping-sierra-de-la-ventana-en-saldungaray\/\"]}]},{\"@type\":\"ImageObject\",\"inLanguage\":\"es\",\"@id\":\"https:\/\/www.noticiasradioreflejos.com.ar\/2021\/comenzo-el-aerocamping-sierra-de-la-ventana-en-saldungaray\/#primaryimage\",\"url\":\"http:\/\/live.staticflickr.com\/65535\/48882949382_6919ed4319.jpg\",\"contentUrl\":\"http:\/\/live.staticflickr.com\/65535\/48882949382_6919ed4319.jpg\"},{\"@type\":\"BreadcrumbList\",\"@id\":\"https:\/\/www.noticiasradioreflejos.com.ar\/2021\/comenzo-el-aerocamping-sierra-de-la-ventana-en-saldungaray\/#breadcrumb\",\"itemListElement\":[{\"@type\":\"ListItem\",\"position\":1,\"name\":\"Portada\",\"item\":\"https:\/\/www.noticiasradioreflejos.com.ar\/2021\/\"},{\"@type\":\"ListItem\",\"position\":2,\"name\":\"Comenz\u00f3 el &quot;Aerocamping Sierra de la Ventana&quot; en Saldungaray.\"}]},{\"@type\":\"WebSite\",\"@id\":\"https:\/\/www.noticiasradioreflejos.com.ar\/2021\/#website\",\"url\":\"https:\/\/www.noticiasradioreflejos.com.ar\/2021\/\",\"name\":\"Noticias Radio Reflejos\",\"description\":\"Las noticias de mi comarca\",\"potentialAction\":[{\"@type\":\"SearchAction\",\"target\":{\"@type\":\"EntryPoint\",\"urlTemplate\":\"https:\/\/www.noticiasradioreflejos.com.ar\/2021\/?s={search_term_string}\"},\"query-input\":{\"@type\":\"PropertyValueSpecification\",\"valueRequired\":true,\"valueName\":\"search_term_string\"}}],\"inLanguage\":\"es\"},{\"@type\":\"Person\",\"@id\":\"https:\/\/www.noticiasradioreflejos.com.ar\/2021\/#\/schema\/person\/ad82545263dcc5ec0996818884fd5fb1\",\"name\":\"Arnaldo Botto\",\"image\":{\"@type\":\"ImageObject\",\"inLanguage\":\"es\",\"@id\":\"https:\/\/www.noticiasradioreflejos.com.ar\/2021\/#\/schema\/person\/image\/\",\"url\":\"https:\/\/secure.gravatar.com\/avatar\/55cb5e37c1efa326397366e6974cb338056df65cb50e7d64d1cf314e87504837?s=96&d=mm&r=g\",\"contentUrl\":\"https:\/\/secure.gravatar.com\/avatar\/55cb5e37c1efa326397366e6974cb338056df65cb50e7d64d1cf314e87504837?s=96&d=mm&r=g\",\"caption\":\"Arnaldo Botto\"},\"url\":\"https:\/\/www.noticiasradioreflejos.com.ar\/2021\/author\/arnaldo\/\"}]}<\/script>\n<!-- \/ Yoast SEO plugin. -->","yoast_head_json":{"title":"Comenz\u00f3 el &quot;Aerocamping Sierra de la Ventana&quot; en Saldungaray. - Noticias Radio Reflejos","robots":{"index":"index","follow":"follow","max-snippet":"max-snippet:-1","max-image-preview":"max-image-preview:large","max-video-preview":"max-video-preview:-1"},"canonical":"https:\/\/www.noticiasradioreflejos.com.ar\/2021\/comenzo-el-aerocamping-sierra-de-la-ventana-en-saldungaray\/","og_locale":"es_ES","og_type":"article","og_title":"Comenz\u00f3 el &quot;Aerocamping Sierra de la Ventana&quot; en Saldungaray. - Noticias Radio Reflejos","og_description":"Por primera vez en la comarca serrana, el Aeroclub de Saldungaray ser\u00e1 sede del evento llamado \u00abAerocamping Sierra de la Ventana\u00bb con jornadas de vuelo de monta\u00f1a. Desde la tarde de este viernes 11 de octubre, aviones provenientes de diversas partes del pa\u00eds llegar\u00e1n a Saldungaray para el desarrollo de este importante acontecimiento aeron\u00e1utico y [&hellip;]","og_url":"https:\/\/www.noticiasradioreflejos.com.ar\/2021\/comenzo-el-aerocamping-sierra-de-la-ventana-en-saldungaray\/","og_site_name":"Noticias Radio Reflejos","article_published_time":"2019-10-11T23:26:58+00:00","og_image":[{"url":"http:\/\/live.staticflickr.com\/65535\/48882949382_6919ed4319.jpg","type":"","width":"","height":""}],"author":"Arnaldo Botto","twitter_card":"summary_large_image","schema":{"@context":"https:\/\/schema.org","@graph":[{"@type":"WebPage","@id":"https:\/\/www.noticiasradioreflejos.com.ar\/2021\/comenzo-el-aerocamping-sierra-de-la-ventana-en-saldungaray\/","url":"https:\/\/www.noticiasradioreflejos.com.ar\/2021\/comenzo-el-aerocamping-sierra-de-la-ventana-en-saldungaray\/","name":"Comenz\u00f3 el &quot;Aerocamping Sierra de la Ventana&quot; en Saldungaray. - Noticias Radio Reflejos","isPartOf":{"@id":"https:\/\/www.noticiasradioreflejos.com.ar\/2021\/#website"},"primaryImageOfPage":{"@id":"https:\/\/www.noticiasradioreflejos.com.ar\/2021\/comenzo-el-aerocamping-sierra-de-la-ventana-en-saldungaray\/#primaryimage"},"image":{"@id":"https:\/\/www.noticiasradioreflejos.com.ar\/2021\/comenzo-el-aerocamping-sierra-de-la-ventana-en-saldungaray\/#primaryimage"},"thumbnailUrl":"http:\/\/live.staticflickr.com\/65535\/48882949382_6919ed4319.jpg","datePublished":"2019-10-11T23:26:58+00:00","author":{"@id":"https:\/\/www.noticiasradioreflejos.com.ar\/2021\/#\/schema\/person\/ad82545263dcc5ec0996818884fd5fb1"},"breadcrumb":{"@id":"https:\/\/www.noticiasradioreflejos.com.ar\/2021\/comenzo-el-aerocamping-sierra-de-la-ventana-en-saldungaray\/#breadcrumb"},"inLanguage":"es","potentialAction":[{"@type":"ReadAction","target":["https:\/\/www.noticiasradioreflejos.com.ar\/2021\/comenzo-el-aerocamping-sierra-de-la-ventana-en-saldungaray\/"]}]},{"@type":"ImageObject","inLanguage":"es","@id":"https:\/\/www.noticiasradioreflejos.com.ar\/2021\/comenzo-el-aerocamping-sierra-de-la-ventana-en-saldungaray\/#primaryimage","url":"http:\/\/live.staticflickr.com\/65535\/48882949382_6919ed4319.jpg","contentUrl":"http:\/\/live.staticflickr.com\/65535\/48882949382_6919ed4319.jpg"},{"@type":"BreadcrumbList","@id":"https:\/\/www.noticiasradioreflejos.com.ar\/2021\/comenzo-el-aerocamping-sierra-de-la-ventana-en-saldungaray\/#breadcrumb","itemListElement":[{"@type":"ListItem","position":1,"name":"Portada","item":"https:\/\/www.noticiasradioreflejos.com.ar\/2021\/"},{"@type":"ListItem","position":2,"name":"Comenz\u00f3 el &quot;Aerocamping Sierra de la Ventana&quot; en Saldungaray."}]},{"@type":"WebSite","@id":"https:\/\/www.noticiasradioreflejos.com.ar\/2021\/#website","url":"https:\/\/www.noticiasradioreflejos.com.ar\/2021\/","name":"Noticias Radio Reflejos","description":"Las noticias de mi comarca","potentialAction":[{"@type":"SearchAction","target":{"@type":"EntryPoint","urlTemplate":"https:\/\/www.noticiasradioreflejos.com.ar\/2021\/?s={search_term_string}"},"query-input":{"@type":"PropertyValueSpecification","valueRequired":true,"valueName":"search_term_string"}}],"inLanguage":"es"},{"@type":"Person","@id":"https:\/\/www.noticiasradioreflejos.com.ar\/2021\/#\/schema\/person\/ad82545263dcc5ec0996818884fd5fb1","name":"Arnaldo Botto","image":{"@type":"ImageObject","inLanguage":"es","@id":"https:\/\/www.noticiasradioreflejos.com.ar\/2021\/#\/schema\/person\/image\/","url":"https:\/\/secure.gravatar.com\/avatar\/55cb5e37c1efa326397366e6974cb338056df65cb50e7d64d1cf314e87504837?s=96&d=mm&r=g","contentUrl":"https:\/\/secure.gravatar.com\/avatar\/55cb5e37c1efa326397366e6974cb338056df65cb50e7d64d1cf314e87504837?s=96&d=mm&r=g","caption":"Arnaldo Botto"},"url":"https:\/\/www.noticiasradioreflejos.com.ar\/2021\/author\/arnaldo\/"}]}},"_links":{"self":[{"href":"https:\/\/www.noticiasradioreflejos.com.ar\/2021\/wp-json\/wp\/v2\/posts\/35571","targetHints":{"allow":["GET"]}}],"collection":[{"href":"https:\/\/www.noticiasradioreflejos.com.ar\/2021\/wp-json\/wp\/v2\/posts"}],"about":[{"href":"https:\/\/www.noticiasradioreflejos.com.ar\/2021\/wp-json\/wp\/v2\/types\/post"}],"author":[{"embeddable":true,"href":"https:\/\/www.noticiasradioreflejos.com.ar\/2021\/wp-json\/wp\/v2\/users\/3"}],"replies":[{"embeddable":true,"href":"https:\/\/www.noticiasradioreflejos.com.ar\/2021\/wp-json\/wp\/v2\/comments?post=35571"}],"version-history":[{"count":0,"href":"https:\/\/www.noticiasradioreflejos.com.ar\/2021\/wp-json\/wp\/v2\/posts\/35571\/revisions"}],"wp:attachment":[{"href":"https:\/\/www.noticiasradioreflejos.com.ar\/2021\/wp-json\/wp\/v2\/media?parent=35571"}],"wp:term":[{"taxonomy":"category","embeddable":true,"href":"https:\/\/www.noticiasradioreflejos.com.ar\/2021\/wp-json\/wp\/v2\/categories?post=35571"},{"taxonomy":"post_tag","embeddable":true,"href":"https:\/\/www.noticiasradioreflejos.com.ar\/2021\/wp-json\/wp\/v2\/tags?post=35571"}],"curies":[{"name":"wp","href":"https:\/\/api.w.org\/{rel}","templated":true}]}}