{"id":35568,"date":"2019-10-11T20:12:32","date_gmt":"2019-10-11T23:12:32","guid":{"rendered":"http:\/\/www.noticiasradioreflejos.com.ar\/noticias\/?p=35568"},"modified":"2019-10-11T20:12:32","modified_gmt":"2019-10-11T23:12:32","slug":"hockey-union-jugara-el-torneo-provincial-de-clubes-sub-16","status":"publish","type":"post","link":"https:\/\/www.noticiasradioreflejos.com.ar\/2021\/hockey-union-jugara-el-torneo-provincial-de-clubes-sub-16\/","title":{"rendered":"Hockey: Uni\u00f3n jugar\u00e1 el Torneo Provincial de Clubes Sub-16"},"content":{"rendered":"<p>Por tercer a\u00f1o consecutivo, Uni\u00f3n disputar\u00e1 el Torneo Provincial de Clubes Sub-16, que se desarrollar\u00e1 del 17 al 20 de octubre en Tandil, con la organizaci\u00f3n de la Federaci\u00f3n Bonaerense de Hockey.<br \/>\nDel certamen participar\u00e1n un total de 16 equipos de seis diferentes ligas de la Provincia de Buenos Aires, con las canchas de los clubes Los Cardos, Los 50 y Uncas como escenarios.<!--more--><br \/>\nLas Lobas integrar\u00e1n la Zona D y debutar\u00e1n el jueves 17 a las 11.30 hs enfrentando a Saladillo Hockey Club. Luego, el viernes jugar\u00e1n a las 8.30 ante Los Cardos de Tandil, y cerrar\u00e1n la fase de grupo ese mismo d\u00eda, a partir de las 17, midi\u00e9ndose con Trinity de Mar del Plata.<br \/>\nEl s\u00e1bado se disputar\u00e1n los cuartos de final y las semifinales, mientras que el domingo tendr\u00e1n lugar las finales por todos los puestos del certamen.<br \/>\nSer\u00e1 la quinta experiencia del verde en un campeonato de nivel provincial, ya que adem\u00e1s de haber participado en los cert\u00e1menes Sub-16 2017 y 2018, tambi\u00e9n lo jug\u00f3 en 2014 y en 2015 disput\u00f3 el de la categor\u00eda Sub-14.<br \/>\nPrensa Club Uni\u00f3n<br \/>\nwww.uniondetornquist.com -clubuniondetornquist@gmail.com &#8211; \/ClubUnionDeTornquist-@UnionTornquist<\/p>\n","protected":false},"excerpt":{"rendered":"<p>Por tercer a\u00f1o consecutivo, Uni\u00f3n disputar\u00e1 el Torneo Provincial de Clubes Sub-16, que se desarrollar\u00e1 del 17 al 20 de octubre en Tandil, con la organizaci\u00f3n de la Federaci\u00f3n Bonaerense de Hockey. Del certamen participar\u00e1n un total de 16 equipos de seis diferentes ligas de la Provincia de Buenos Aires, con las canchas de los [&hellip;]<\/p>\n","protected":false},"author":3,"featured_media":0,"comment_status":"closed","ping_status":"open","sticky":false,"template":"","format":"standard","meta":{"footnotes":""},"categories":[27],"tags":[],"class_list":["post-35568","post","type-post","status-publish","format-standard","hentry","category-deportes"],"yoast_head":"<!-- This site is optimized with the Yoast SEO plugin v25.9 - https:\/\/yoast.com\/wordpress\/plugins\/seo\/ -->\n<title>Hockey: Uni\u00f3n jugar\u00e1 el Torneo Provincial de Clubes Sub-16 - Noticias Radio Reflejos<\/title>\n<meta name=\"robots\" content=\"index, follow, max-snippet:-1, max-image-preview:large, max-video-preview:-1\" \/>\n<link rel=\"canonical\" href=\"https:\/\/www.noticiasradioreflejos.com.ar\/2021\/hockey-union-jugara-el-torneo-provincial-de-clubes-sub-16\/\" \/>\n<meta property=\"og:locale\" content=\"es_ES\" \/>\n<meta property=\"og:type\" content=\"article\" \/>\n<meta property=\"og:title\" content=\"Hockey: Uni\u00f3n jugar\u00e1 el Torneo Provincial de Clubes Sub-16 - Noticias Radio Reflejos\" \/>\n<meta property=\"og:description\" content=\"Por tercer a\u00f1o consecutivo, Uni\u00f3n disputar\u00e1 el Torneo Provincial de Clubes Sub-16, que se desarrollar\u00e1 del 17 al 20 de octubre en Tandil, con la organizaci\u00f3n de la Federaci\u00f3n Bonaerense de Hockey. Del certamen participar\u00e1n un total de 16 equipos de seis diferentes ligas de la Provincia de Buenos Aires, con las canchas de los [&hellip;]\" \/>\n<meta property=\"og:url\" content=\"https:\/\/www.noticiasradioreflejos.com.ar\/2021\/hockey-union-jugara-el-torneo-provincial-de-clubes-sub-16\/\" \/>\n<meta property=\"og:site_name\" content=\"Noticias Radio Reflejos\" \/>\n<meta property=\"article:published_time\" content=\"2019-10-11T23:12:32+00:00\" \/>\n<meta property=\"og:image\" content=\"https:\/\/www.noticiasradioreflejos.com.ar\/2021\/wp-content\/uploads\/2021\/07\/logosol300x200.png\" \/>\n\t<meta property=\"og:image:width\" content=\"300\" \/>\n\t<meta property=\"og:image:height\" content=\"200\" \/>\n\t<meta property=\"og:image:type\" content=\"image\/png\" \/>\n<meta name=\"author\" content=\"Arnaldo Botto\" \/>\n<meta name=\"twitter:card\" content=\"summary_large_image\" \/>\n<script type=\"application\/ld+json\" class=\"yoast-schema-graph\">{\"@context\":\"https:\/\/schema.org\",\"@graph\":[{\"@type\":\"WebPage\",\"@id\":\"https:\/\/www.noticiasradioreflejos.com.ar\/2021\/hockey-union-jugara-el-torneo-provincial-de-clubes-sub-16\/\",\"url\":\"https:\/\/www.noticiasradioreflejos.com.ar\/2021\/hockey-union-jugara-el-torneo-provincial-de-clubes-sub-16\/\",\"name\":\"Hockey: Uni\u00f3n jugar\u00e1 el Torneo Provincial de Clubes Sub-16 - Noticias Radio Reflejos\",\"isPartOf\":{\"@id\":\"https:\/\/www.noticiasradioreflejos.com.ar\/2021\/#website\"},\"datePublished\":\"2019-10-11T23:12:32+00:00\",\"author\":{\"@id\":\"https:\/\/www.noticiasradioreflejos.com.ar\/2021\/#\/schema\/person\/ad82545263dcc5ec0996818884fd5fb1\"},\"breadcrumb\":{\"@id\":\"https:\/\/www.noticiasradioreflejos.com.ar\/2021\/hockey-union-jugara-el-torneo-provincial-de-clubes-sub-16\/#breadcrumb\"},\"inLanguage\":\"es\",\"potentialAction\":[{\"@type\":\"ReadAction\",\"target\":[\"https:\/\/www.noticiasradioreflejos.com.ar\/2021\/hockey-union-jugara-el-torneo-provincial-de-clubes-sub-16\/\"]}]},{\"@type\":\"BreadcrumbList\",\"@id\":\"https:\/\/www.noticiasradioreflejos.com.ar\/2021\/hockey-union-jugara-el-torneo-provincial-de-clubes-sub-16\/#breadcrumb\",\"itemListElement\":[{\"@type\":\"ListItem\",\"position\":1,\"name\":\"Portada\",\"item\":\"https:\/\/www.noticiasradioreflejos.com.ar\/2021\/\"},{\"@type\":\"ListItem\",\"position\":2,\"name\":\"Hockey: Uni\u00f3n jugar\u00e1 el Torneo Provincial de Clubes Sub-16\"}]},{\"@type\":\"WebSite\",\"@id\":\"https:\/\/www.noticiasradioreflejos.com.ar\/2021\/#website\",\"url\":\"https:\/\/www.noticiasradioreflejos.com.ar\/2021\/\",\"name\":\"Noticias Radio Reflejos\",\"description\":\"Las noticias de mi comarca\",\"potentialAction\":[{\"@type\":\"SearchAction\",\"target\":{\"@type\":\"EntryPoint\",\"urlTemplate\":\"https:\/\/www.noticiasradioreflejos.com.ar\/2021\/?s={search_term_string}\"},\"query-input\":{\"@type\":\"PropertyValueSpecification\",\"valueRequired\":true,\"valueName\":\"search_term_string\"}}],\"inLanguage\":\"es\"},{\"@type\":\"Person\",\"@id\":\"https:\/\/www.noticiasradioreflejos.com.ar\/2021\/#\/schema\/person\/ad82545263dcc5ec0996818884fd5fb1\",\"name\":\"Arnaldo Botto\",\"image\":{\"@type\":\"ImageObject\",\"inLanguage\":\"es\",\"@id\":\"https:\/\/www.noticiasradioreflejos.com.ar\/2021\/#\/schema\/person\/image\/\",\"url\":\"https:\/\/secure.gravatar.com\/avatar\/55cb5e37c1efa326397366e6974cb338056df65cb50e7d64d1cf314e87504837?s=96&d=mm&r=g\",\"contentUrl\":\"https:\/\/secure.gravatar.com\/avatar\/55cb5e37c1efa326397366e6974cb338056df65cb50e7d64d1cf314e87504837?s=96&d=mm&r=g\",\"caption\":\"Arnaldo Botto\"},\"url\":\"https:\/\/www.noticiasradioreflejos.com.ar\/2021\/author\/arnaldo\/\"}]}<\/script>\n<!-- \/ Yoast SEO plugin. -->","yoast_head_json":{"title":"Hockey: Uni\u00f3n jugar\u00e1 el Torneo Provincial de Clubes Sub-16 - Noticias Radio Reflejos","robots":{"index":"index","follow":"follow","max-snippet":"max-snippet:-1","max-image-preview":"max-image-preview:large","max-video-preview":"max-video-preview:-1"},"canonical":"https:\/\/www.noticiasradioreflejos.com.ar\/2021\/hockey-union-jugara-el-torneo-provincial-de-clubes-sub-16\/","og_locale":"es_ES","og_type":"article","og_title":"Hockey: Uni\u00f3n jugar\u00e1 el Torneo Provincial de Clubes Sub-16 - Noticias Radio Reflejos","og_description":"Por tercer a\u00f1o consecutivo, Uni\u00f3n disputar\u00e1 el Torneo Provincial de Clubes Sub-16, que se desarrollar\u00e1 del 17 al 20 de octubre en Tandil, con la organizaci\u00f3n de la Federaci\u00f3n Bonaerense de Hockey. Del certamen participar\u00e1n un total de 16 equipos de seis diferentes ligas de la Provincia de Buenos Aires, con las canchas de los [&hellip;]","og_url":"https:\/\/www.noticiasradioreflejos.com.ar\/2021\/hockey-union-jugara-el-torneo-provincial-de-clubes-sub-16\/","og_site_name":"Noticias Radio Reflejos","article_published_time":"2019-10-11T23:12:32+00:00","og_image":[{"width":300,"height":200,"url":"https:\/\/www.noticiasradioreflejos.com.ar\/2021\/wp-content\/uploads\/2021\/07\/logosol300x200.png","type":"image\/png"}],"author":"Arnaldo Botto","twitter_card":"summary_large_image","schema":{"@context":"https:\/\/schema.org","@graph":[{"@type":"WebPage","@id":"https:\/\/www.noticiasradioreflejos.com.ar\/2021\/hockey-union-jugara-el-torneo-provincial-de-clubes-sub-16\/","url":"https:\/\/www.noticiasradioreflejos.com.ar\/2021\/hockey-union-jugara-el-torneo-provincial-de-clubes-sub-16\/","name":"Hockey: Uni\u00f3n jugar\u00e1 el Torneo Provincial de Clubes Sub-16 - Noticias Radio Reflejos","isPartOf":{"@id":"https:\/\/www.noticiasradioreflejos.com.ar\/2021\/#website"},"datePublished":"2019-10-11T23:12:32+00:00","author":{"@id":"https:\/\/www.noticiasradioreflejos.com.ar\/2021\/#\/schema\/person\/ad82545263dcc5ec0996818884fd5fb1"},"breadcrumb":{"@id":"https:\/\/www.noticiasradioreflejos.com.ar\/2021\/hockey-union-jugara-el-torneo-provincial-de-clubes-sub-16\/#breadcrumb"},"inLanguage":"es","potentialAction":[{"@type":"ReadAction","target":["https:\/\/www.noticiasradioreflejos.com.ar\/2021\/hockey-union-jugara-el-torneo-provincial-de-clubes-sub-16\/"]}]},{"@type":"BreadcrumbList","@id":"https:\/\/www.noticiasradioreflejos.com.ar\/2021\/hockey-union-jugara-el-torneo-provincial-de-clubes-sub-16\/#breadcrumb","itemListElement":[{"@type":"ListItem","position":1,"name":"Portada","item":"https:\/\/www.noticiasradioreflejos.com.ar\/2021\/"},{"@type":"ListItem","position":2,"name":"Hockey: Uni\u00f3n jugar\u00e1 el Torneo Provincial de Clubes Sub-16"}]},{"@type":"WebSite","@id":"https:\/\/www.noticiasradioreflejos.com.ar\/2021\/#website","url":"https:\/\/www.noticiasradioreflejos.com.ar\/2021\/","name":"Noticias Radio Reflejos","description":"Las noticias de mi comarca","potentialAction":[{"@type":"SearchAction","target":{"@type":"EntryPoint","urlTemplate":"https:\/\/www.noticiasradioreflejos.com.ar\/2021\/?s={search_term_string}"},"query-input":{"@type":"PropertyValueSpecification","valueRequired":true,"valueName":"search_term_string"}}],"inLanguage":"es"},{"@type":"Person","@id":"https:\/\/www.noticiasradioreflejos.com.ar\/2021\/#\/schema\/person\/ad82545263dcc5ec0996818884fd5fb1","name":"Arnaldo Botto","image":{"@type":"ImageObject","inLanguage":"es","@id":"https:\/\/www.noticiasradioreflejos.com.ar\/2021\/#\/schema\/person\/image\/","url":"https:\/\/secure.gravatar.com\/avatar\/55cb5e37c1efa326397366e6974cb338056df65cb50e7d64d1cf314e87504837?s=96&d=mm&r=g","contentUrl":"https:\/\/secure.gravatar.com\/avatar\/55cb5e37c1efa326397366e6974cb338056df65cb50e7d64d1cf314e87504837?s=96&d=mm&r=g","caption":"Arnaldo Botto"},"url":"https:\/\/www.noticiasradioreflejos.com.ar\/2021\/author\/arnaldo\/"}]}},"_links":{"self":[{"href":"https:\/\/www.noticiasradioreflejos.com.ar\/2021\/wp-json\/wp\/v2\/posts\/35568","targetHints":{"allow":["GET"]}}],"collection":[{"href":"https:\/\/www.noticiasradioreflejos.com.ar\/2021\/wp-json\/wp\/v2\/posts"}],"about":[{"href":"https:\/\/www.noticiasradioreflejos.com.ar\/2021\/wp-json\/wp\/v2\/types\/post"}],"author":[{"embeddable":true,"href":"https:\/\/www.noticiasradioreflejos.com.ar\/2021\/wp-json\/wp\/v2\/users\/3"}],"replies":[{"embeddable":true,"href":"https:\/\/www.noticiasradioreflejos.com.ar\/2021\/wp-json\/wp\/v2\/comments?post=35568"}],"version-history":[{"count":0,"href":"https:\/\/www.noticiasradioreflejos.com.ar\/2021\/wp-json\/wp\/v2\/posts\/35568\/revisions"}],"wp:attachment":[{"href":"https:\/\/www.noticiasradioreflejos.com.ar\/2021\/wp-json\/wp\/v2\/media?parent=35568"}],"wp:term":[{"taxonomy":"category","embeddable":true,"href":"https:\/\/www.noticiasradioreflejos.com.ar\/2021\/wp-json\/wp\/v2\/categories?post=35568"},{"taxonomy":"post_tag","embeddable":true,"href":"https:\/\/www.noticiasradioreflejos.com.ar\/2021\/wp-json\/wp\/v2\/tags?post=35568"}],"curies":[{"name":"wp","href":"https:\/\/api.w.org\/{rel}","templated":true}]}}