{"id":35563,"date":"2019-10-11T20:08:30","date_gmt":"2019-10-11T23:08:30","guid":{"rendered":"http:\/\/www.noticiasradioreflejos.com.ar\/noticias\/?p=35563"},"modified":"2019-10-11T20:08:30","modified_gmt":"2019-10-11T23:08:30","slug":"quedo-inaugurada-la-obra-de-gas-en-valle-hermoso","status":"publish","type":"post","link":"https:\/\/www.noticiasradioreflejos.com.ar\/2021\/quedo-inaugurada-la-obra-de-gas-en-valle-hermoso\/","title":{"rendered":"Qued\u00f3 inaugurada la obra de Gas en Valle Hermoso."},"content":{"rendered":"<p><a title=\"Inauguraci\u00f3n Red de Gas Valle Hermoso (5)\" href=\"http:\/\/live.staticflickr.com\/65535\/48882152808_4134dd38d9_s.jpg\" rel=\"\"><img loading=\"lazy\" decoding=\"async\" class=\"alignleft\" style=\"float: left;\" title=\"Inauguraci\u00f3n Red de Gas Valle Hermoso (5)\" src=\"http:\/\/live.staticflickr.com\/65535\/48882152808_4134dd38d9.jpg\" alt=\"Inauguraci\u00f3n Red de Gas Valle Hermoso (5)\" width=\"500\" height=\"281\" \/><\/a>Junto a los vecinos del barrio de Valle Hermoso en Sierra de la Ventana, el intendente Sergio Bordoni dej\u00f3 inaugurada la segunda etapa de la obra de tendido de red de gas natural. Son 11 mil metros lineales que permitir\u00e1n tener el servicio a mas de 800 usuarios. Esta, es la obra de mayor envergadura de la provincia de Buenos Aires para la empresa distribuidora. En el encendido de la llama inaugural participaron la Secretaria de Obras P\u00fablicas ing. Gisela Lencinas, El Delegado municipal Hugo Polvara, el intendente Sergio Bordoni, el Gerente zonal de la empresa Camuzzi Gas Pampeana y la antorcha la port\u00f3 la vecina josefina Poblett.<!--more--><br \/>\nQued\u00f3 inaugurada hoy, viernes 11, la 2da y \u00faltima etapa de la obra de ampliaci\u00f3n de la red de gas para Sierra de la Ventana. La obra demand\u00f3 la construcci\u00f3n de 5.800 metros lineales de red, y permitir\u00e1 que 159 familias puedan acceder al gas natural por red, incorporando en esta etapa al barrio Valle Hermoso de Sierra de la Ventana.<br \/>\nDurante el acto el intendente Sergio Bordoni expres\u00f3 su alegr\u00eda por acercarle este servicio fundamental a muchas familias de la localidad, que durante a\u00f1os, lucharon para conseguir. Adem\u00e1s remarc\u00f3 que se sent\u00eda orgulloso de por poder concretar este tipo de obras, que mejoran la calidad de vida de los vecinos.<br \/>\nCon esta nueva obra, y la ya realizada en el Barrio La Cumbre, avanzamos considerablemente en la gasificaci\u00f3n de Sierra de la Ventana, permitiendo que sus vecinos puedan acceder al gas natural por redes, con su consecuente mejora en la calidad de vida, adem\u00e1s de su impacto en la industria del turismo.<br \/>\nRecordamos que todas las obras de ampliaci\u00f3n de la red de gas ejecutadas en Sierra de la Ventana se llevaron a cabo con fondos provenientes del gobierno provincial y municipal y el aporte de los materiales por parte de la empresa Camuzzi Gas Pampeana.<br \/>\nParticiparon del mismo acompa\u00f1ando al jefe comunal, el Delegado local Hugo Polvara, la Secretaria de Obras P\u00fablicas, Gisela Lencinas, la Secretaria de Turismo Susana Dos Santos, el Subsecretario de Gobierno Walter M\u00e9ndez, el Subsecretario de Servicios Urbanos H\u00e9ctor Martinez, la Directora de Comunicaci\u00f3n, Nadia P\u00e9rez, los Concejales Sebastian Bassi y Viviana Montibeller y la Presidente del Consejo Escolar Mariela Lencinas y por la empresa Camuzzi, Miguel Rudy.<br \/>\n<a href=\"https:\/\/www.facebook.com\/pg\/NoticiasRadioReflejos\/photos\/?tab=album&amp;album_id=928243247543584\"><strong>Ver Fotos aqu\u00ed:<\/strong><\/a><br \/>\n<strong>Nota con Gisela Lencinas<\/strong><br \/>\n<iframe loading=\"lazy\" src=\"https:\/\/w.soundcloud.com\/player\/?url=https%3A\/\/api.soundcloud.com\/tracks\/694465132&amp;color=%23ff5500&amp;auto_play=false&amp;hide_related=false&amp;show_comments=true&amp;show_user=true&amp;show_reposts=false&amp;show_teaser=true\" width=\"100%\" height=\"166\" frameborder=\"no\" scrolling=\"no\"><\/iframe><br \/>\n<strong>Nota con Sergio Bordoni<\/strong><br \/>\n<iframe loading=\"lazy\" src=\"https:\/\/w.soundcloud.com\/player\/?url=https%3A\/\/api.soundcloud.com\/tracks\/694465843&amp;color=%23ff5500&amp;auto_play=false&amp;hide_related=false&amp;show_comments=true&amp;show_user=true&amp;show_reposts=false&amp;show_teaser=true\" width=\"100%\" height=\"166\" frameborder=\"no\" scrolling=\"no\"><\/iframe><br \/>\n<strong>Nota Con \u00abCoca\u00bb Vecina de Valle Hermoso<\/strong><br \/>\n<iframe loading=\"lazy\" src=\"https:\/\/w.soundcloud.com\/player\/?url=https%3A\/\/api.soundcloud.com\/tracks\/694464607&amp;color=%23ff5500&amp;auto_play=false&amp;hide_related=false&amp;show_comments=true&amp;show_user=true&amp;show_reposts=false&amp;show_teaser=true\" width=\"100%\" height=\"166\" frameborder=\"no\" scrolling=\"no\"><\/iframe><br \/>\n<a title=\"Inauguraci\u00f3n Red de Gas Valle Hermoso (12)\" href=\"http:\/\/live.staticflickr.com\/65535\/48882870027_2a0ab32b3d_s.jpg\" rel=\"\"><img loading=\"lazy\" decoding=\"async\" class=\"aligncenter\" title=\"Inauguraci\u00f3n Red de Gas Valle Hermoso (12)\" src=\"http:\/\/live.staticflickr.com\/65535\/48882870027_2a0ab32b3d_z.jpg\" alt=\"Inauguraci\u00f3n Red de Gas Valle Hermoso (12)\" width=\"640\" height=\"360\" \/><\/a><\/p>\n","protected":false},"excerpt":{"rendered":"<p>Junto a los vecinos del barrio de Valle Hermoso en Sierra de la Ventana, el intendente Sergio Bordoni dej\u00f3 inaugurada la segunda etapa de la obra de tendido de red de gas natural. Son 11 mil metros lineales que permitir\u00e1n tener el servicio a mas de 800 usuarios. Esta, es la obra de mayor envergadura [&hellip;]<\/p>\n","protected":false},"author":3,"featured_media":0,"comment_status":"closed","ping_status":"open","sticky":false,"template":"","format":"standard","meta":{"footnotes":""},"categories":[28],"tags":[],"class_list":["post-35563","post","type-post","status-publish","format-standard","hentry","category-municipales"],"yoast_head":"<!-- This site is optimized with the Yoast SEO plugin v25.9 - https:\/\/yoast.com\/wordpress\/plugins\/seo\/ -->\n<title>Qued\u00f3 inaugurada la obra de Gas en Valle Hermoso. - Noticias Radio Reflejos<\/title>\n<meta name=\"robots\" content=\"index, follow, max-snippet:-1, max-image-preview:large, max-video-preview:-1\" \/>\n<link rel=\"canonical\" href=\"https:\/\/www.noticiasradioreflejos.com.ar\/2021\/quedo-inaugurada-la-obra-de-gas-en-valle-hermoso\/\" \/>\n<meta property=\"og:locale\" content=\"es_ES\" \/>\n<meta property=\"og:type\" content=\"article\" \/>\n<meta property=\"og:title\" content=\"Qued\u00f3 inaugurada la obra de Gas en Valle Hermoso. - Noticias Radio Reflejos\" \/>\n<meta property=\"og:description\" content=\"Junto a los vecinos del barrio de Valle Hermoso en Sierra de la Ventana, el intendente Sergio Bordoni dej\u00f3 inaugurada la segunda etapa de la obra de tendido de red de gas natural. Son 11 mil metros lineales que permitir\u00e1n tener el servicio a mas de 800 usuarios. Esta, es la obra de mayor envergadura [&hellip;]\" \/>\n<meta property=\"og:url\" content=\"https:\/\/www.noticiasradioreflejos.com.ar\/2021\/quedo-inaugurada-la-obra-de-gas-en-valle-hermoso\/\" \/>\n<meta property=\"og:site_name\" content=\"Noticias Radio Reflejos\" \/>\n<meta property=\"article:published_time\" content=\"2019-10-11T23:08:30+00:00\" \/>\n<meta property=\"og:image\" content=\"http:\/\/live.staticflickr.com\/65535\/48882152808_4134dd38d9.jpg\" \/>\n<meta name=\"author\" content=\"Arnaldo Botto\" \/>\n<meta name=\"twitter:card\" content=\"summary_large_image\" \/>\n<script type=\"application\/ld+json\" class=\"yoast-schema-graph\">{\"@context\":\"https:\/\/schema.org\",\"@graph\":[{\"@type\":\"WebPage\",\"@id\":\"https:\/\/www.noticiasradioreflejos.com.ar\/2021\/quedo-inaugurada-la-obra-de-gas-en-valle-hermoso\/\",\"url\":\"https:\/\/www.noticiasradioreflejos.com.ar\/2021\/quedo-inaugurada-la-obra-de-gas-en-valle-hermoso\/\",\"name\":\"Qued\u00f3 inaugurada la obra de Gas en Valle Hermoso. - Noticias Radio Reflejos\",\"isPartOf\":{\"@id\":\"https:\/\/www.noticiasradioreflejos.com.ar\/2021\/#website\"},\"primaryImageOfPage\":{\"@id\":\"https:\/\/www.noticiasradioreflejos.com.ar\/2021\/quedo-inaugurada-la-obra-de-gas-en-valle-hermoso\/#primaryimage\"},\"image\":{\"@id\":\"https:\/\/www.noticiasradioreflejos.com.ar\/2021\/quedo-inaugurada-la-obra-de-gas-en-valle-hermoso\/#primaryimage\"},\"thumbnailUrl\":\"http:\/\/live.staticflickr.com\/65535\/48882152808_4134dd38d9.jpg\",\"datePublished\":\"2019-10-11T23:08:30+00:00\",\"author\":{\"@id\":\"https:\/\/www.noticiasradioreflejos.com.ar\/2021\/#\/schema\/person\/ad82545263dcc5ec0996818884fd5fb1\"},\"breadcrumb\":{\"@id\":\"https:\/\/www.noticiasradioreflejos.com.ar\/2021\/quedo-inaugurada-la-obra-de-gas-en-valle-hermoso\/#breadcrumb\"},\"inLanguage\":\"es\",\"potentialAction\":[{\"@type\":\"ReadAction\",\"target\":[\"https:\/\/www.noticiasradioreflejos.com.ar\/2021\/quedo-inaugurada-la-obra-de-gas-en-valle-hermoso\/\"]}]},{\"@type\":\"ImageObject\",\"inLanguage\":\"es\",\"@id\":\"https:\/\/www.noticiasradioreflejos.com.ar\/2021\/quedo-inaugurada-la-obra-de-gas-en-valle-hermoso\/#primaryimage\",\"url\":\"http:\/\/live.staticflickr.com\/65535\/48882152808_4134dd38d9.jpg\",\"contentUrl\":\"http:\/\/live.staticflickr.com\/65535\/48882152808_4134dd38d9.jpg\"},{\"@type\":\"BreadcrumbList\",\"@id\":\"https:\/\/www.noticiasradioreflejos.com.ar\/2021\/quedo-inaugurada-la-obra-de-gas-en-valle-hermoso\/#breadcrumb\",\"itemListElement\":[{\"@type\":\"ListItem\",\"position\":1,\"name\":\"Portada\",\"item\":\"https:\/\/www.noticiasradioreflejos.com.ar\/2021\/\"},{\"@type\":\"ListItem\",\"position\":2,\"name\":\"Qued\u00f3 inaugurada la obra de Gas en Valle Hermoso.\"}]},{\"@type\":\"WebSite\",\"@id\":\"https:\/\/www.noticiasradioreflejos.com.ar\/2021\/#website\",\"url\":\"https:\/\/www.noticiasradioreflejos.com.ar\/2021\/\",\"name\":\"Noticias Radio Reflejos\",\"description\":\"Las noticias de mi comarca\",\"potentialAction\":[{\"@type\":\"SearchAction\",\"target\":{\"@type\":\"EntryPoint\",\"urlTemplate\":\"https:\/\/www.noticiasradioreflejos.com.ar\/2021\/?s={search_term_string}\"},\"query-input\":{\"@type\":\"PropertyValueSpecification\",\"valueRequired\":true,\"valueName\":\"search_term_string\"}}],\"inLanguage\":\"es\"},{\"@type\":\"Person\",\"@id\":\"https:\/\/www.noticiasradioreflejos.com.ar\/2021\/#\/schema\/person\/ad82545263dcc5ec0996818884fd5fb1\",\"name\":\"Arnaldo Botto\",\"image\":{\"@type\":\"ImageObject\",\"inLanguage\":\"es\",\"@id\":\"https:\/\/www.noticiasradioreflejos.com.ar\/2021\/#\/schema\/person\/image\/\",\"url\":\"https:\/\/secure.gravatar.com\/avatar\/55cb5e37c1efa326397366e6974cb338056df65cb50e7d64d1cf314e87504837?s=96&d=mm&r=g\",\"contentUrl\":\"https:\/\/secure.gravatar.com\/avatar\/55cb5e37c1efa326397366e6974cb338056df65cb50e7d64d1cf314e87504837?s=96&d=mm&r=g\",\"caption\":\"Arnaldo Botto\"},\"url\":\"https:\/\/www.noticiasradioreflejos.com.ar\/2021\/author\/arnaldo\/\"}]}<\/script>\n<!-- \/ Yoast SEO plugin. -->","yoast_head_json":{"title":"Qued\u00f3 inaugurada la obra de Gas en Valle Hermoso. - Noticias Radio Reflejos","robots":{"index":"index","follow":"follow","max-snippet":"max-snippet:-1","max-image-preview":"max-image-preview:large","max-video-preview":"max-video-preview:-1"},"canonical":"https:\/\/www.noticiasradioreflejos.com.ar\/2021\/quedo-inaugurada-la-obra-de-gas-en-valle-hermoso\/","og_locale":"es_ES","og_type":"article","og_title":"Qued\u00f3 inaugurada la obra de Gas en Valle Hermoso. - Noticias Radio Reflejos","og_description":"Junto a los vecinos del barrio de Valle Hermoso en Sierra de la Ventana, el intendente Sergio Bordoni dej\u00f3 inaugurada la segunda etapa de la obra de tendido de red de gas natural. Son 11 mil metros lineales que permitir\u00e1n tener el servicio a mas de 800 usuarios. Esta, es la obra de mayor envergadura [&hellip;]","og_url":"https:\/\/www.noticiasradioreflejos.com.ar\/2021\/quedo-inaugurada-la-obra-de-gas-en-valle-hermoso\/","og_site_name":"Noticias Radio Reflejos","article_published_time":"2019-10-11T23:08:30+00:00","og_image":[{"url":"http:\/\/live.staticflickr.com\/65535\/48882152808_4134dd38d9.jpg","type":"","width":"","height":""}],"author":"Arnaldo Botto","twitter_card":"summary_large_image","schema":{"@context":"https:\/\/schema.org","@graph":[{"@type":"WebPage","@id":"https:\/\/www.noticiasradioreflejos.com.ar\/2021\/quedo-inaugurada-la-obra-de-gas-en-valle-hermoso\/","url":"https:\/\/www.noticiasradioreflejos.com.ar\/2021\/quedo-inaugurada-la-obra-de-gas-en-valle-hermoso\/","name":"Qued\u00f3 inaugurada la obra de Gas en Valle Hermoso. - Noticias Radio Reflejos","isPartOf":{"@id":"https:\/\/www.noticiasradioreflejos.com.ar\/2021\/#website"},"primaryImageOfPage":{"@id":"https:\/\/www.noticiasradioreflejos.com.ar\/2021\/quedo-inaugurada-la-obra-de-gas-en-valle-hermoso\/#primaryimage"},"image":{"@id":"https:\/\/www.noticiasradioreflejos.com.ar\/2021\/quedo-inaugurada-la-obra-de-gas-en-valle-hermoso\/#primaryimage"},"thumbnailUrl":"http:\/\/live.staticflickr.com\/65535\/48882152808_4134dd38d9.jpg","datePublished":"2019-10-11T23:08:30+00:00","author":{"@id":"https:\/\/www.noticiasradioreflejos.com.ar\/2021\/#\/schema\/person\/ad82545263dcc5ec0996818884fd5fb1"},"breadcrumb":{"@id":"https:\/\/www.noticiasradioreflejos.com.ar\/2021\/quedo-inaugurada-la-obra-de-gas-en-valle-hermoso\/#breadcrumb"},"inLanguage":"es","potentialAction":[{"@type":"ReadAction","target":["https:\/\/www.noticiasradioreflejos.com.ar\/2021\/quedo-inaugurada-la-obra-de-gas-en-valle-hermoso\/"]}]},{"@type":"ImageObject","inLanguage":"es","@id":"https:\/\/www.noticiasradioreflejos.com.ar\/2021\/quedo-inaugurada-la-obra-de-gas-en-valle-hermoso\/#primaryimage","url":"http:\/\/live.staticflickr.com\/65535\/48882152808_4134dd38d9.jpg","contentUrl":"http:\/\/live.staticflickr.com\/65535\/48882152808_4134dd38d9.jpg"},{"@type":"BreadcrumbList","@id":"https:\/\/www.noticiasradioreflejos.com.ar\/2021\/quedo-inaugurada-la-obra-de-gas-en-valle-hermoso\/#breadcrumb","itemListElement":[{"@type":"ListItem","position":1,"name":"Portada","item":"https:\/\/www.noticiasradioreflejos.com.ar\/2021\/"},{"@type":"ListItem","position":2,"name":"Qued\u00f3 inaugurada la obra de Gas en Valle Hermoso."}]},{"@type":"WebSite","@id":"https:\/\/www.noticiasradioreflejos.com.ar\/2021\/#website","url":"https:\/\/www.noticiasradioreflejos.com.ar\/2021\/","name":"Noticias Radio Reflejos","description":"Las noticias de mi comarca","potentialAction":[{"@type":"SearchAction","target":{"@type":"EntryPoint","urlTemplate":"https:\/\/www.noticiasradioreflejos.com.ar\/2021\/?s={search_term_string}"},"query-input":{"@type":"PropertyValueSpecification","valueRequired":true,"valueName":"search_term_string"}}],"inLanguage":"es"},{"@type":"Person","@id":"https:\/\/www.noticiasradioreflejos.com.ar\/2021\/#\/schema\/person\/ad82545263dcc5ec0996818884fd5fb1","name":"Arnaldo Botto","image":{"@type":"ImageObject","inLanguage":"es","@id":"https:\/\/www.noticiasradioreflejos.com.ar\/2021\/#\/schema\/person\/image\/","url":"https:\/\/secure.gravatar.com\/avatar\/55cb5e37c1efa326397366e6974cb338056df65cb50e7d64d1cf314e87504837?s=96&d=mm&r=g","contentUrl":"https:\/\/secure.gravatar.com\/avatar\/55cb5e37c1efa326397366e6974cb338056df65cb50e7d64d1cf314e87504837?s=96&d=mm&r=g","caption":"Arnaldo Botto"},"url":"https:\/\/www.noticiasradioreflejos.com.ar\/2021\/author\/arnaldo\/"}]}},"_links":{"self":[{"href":"https:\/\/www.noticiasradioreflejos.com.ar\/2021\/wp-json\/wp\/v2\/posts\/35563","targetHints":{"allow":["GET"]}}],"collection":[{"href":"https:\/\/www.noticiasradioreflejos.com.ar\/2021\/wp-json\/wp\/v2\/posts"}],"about":[{"href":"https:\/\/www.noticiasradioreflejos.com.ar\/2021\/wp-json\/wp\/v2\/types\/post"}],"author":[{"embeddable":true,"href":"https:\/\/www.noticiasradioreflejos.com.ar\/2021\/wp-json\/wp\/v2\/users\/3"}],"replies":[{"embeddable":true,"href":"https:\/\/www.noticiasradioreflejos.com.ar\/2021\/wp-json\/wp\/v2\/comments?post=35563"}],"version-history":[{"count":0,"href":"https:\/\/www.noticiasradioreflejos.com.ar\/2021\/wp-json\/wp\/v2\/posts\/35563\/revisions"}],"wp:attachment":[{"href":"https:\/\/www.noticiasradioreflejos.com.ar\/2021\/wp-json\/wp\/v2\/media?parent=35563"}],"wp:term":[{"taxonomy":"category","embeddable":true,"href":"https:\/\/www.noticiasradioreflejos.com.ar\/2021\/wp-json\/wp\/v2\/categories?post=35563"},{"taxonomy":"post_tag","embeddable":true,"href":"https:\/\/www.noticiasradioreflejos.com.ar\/2021\/wp-json\/wp\/v2\/tags?post=35563"}],"curies":[{"name":"wp","href":"https:\/\/api.w.org\/{rel}","templated":true}]}}