{"id":35556,"date":"2019-10-11T18:40:32","date_gmt":"2019-10-11T21:40:32","guid":{"rendered":"http:\/\/www.noticiasradioreflejos.com.ar\/noticias\/?p=35556"},"modified":"2019-10-11T18:40:32","modified_gmt":"2019-10-11T21:40:32","slug":"pensar-esta-region-como-un-sistema-que-justamente-tiene-un-monton-de-elementos-se-combinan-y-la-potencian-no-podemos-pensar-las-sierras-solas-gabriel-terny","status":"publish","type":"post","link":"https:\/\/www.noticiasradioreflejos.com.ar\/2021\/pensar-esta-region-como-un-sistema-que-justamente-tiene-un-monton-de-elementos-se-combinan-y-la-potencian-no-podemos-pensar-las-sierras-solas-gabriel-terny\/","title":{"rendered":"Pensar esta regi\u00f3n como un sistema, que justamente tiene un mont\u00f3n de elementos, se combinan y la potencian, no podemos pensar las sierras solas&quot;. Gabriel Terny"},"content":{"rendered":"<p><a title=\"Encuentro Reg de Turismo (20)\" href=\"http:\/\/live.staticflickr.com\/65535\/48881938318_63defea7d8_s.jpg\" rel=\"\"><img loading=\"lazy\" decoding=\"async\" class=\"alignleft\" style=\"float: left;\" title=\"Encuentro Reg de Turismo (20)\" src=\"http:\/\/live.staticflickr.com\/65535\/48881938318_63defea7d8.jpg\" alt=\"Encuentro Reg de Turismo (20)\" width=\"500\" height=\"281\" \/><\/a>Este jueves, Gabriel Terny present\u00f3 una charla durante el Encuentro Regional de Turismo, donde marc\u00f3 pautas en el turismo, informando y alertando para que el desarrollo y crecimiento del no impactar\u00e1n en los ambientes naturales y fundamentalmente en las \u00e1reas protegidas de la regi\u00f3n.<!--more--><br \/>\nGabriel Terny fue Director Nacional de Fauna Silvestre y trabaj\u00f3 para la Secretar\u00eda de Ambiente de la Naci\u00f3n. Es Docente y trabaj\u00f3 como gu\u00eda Universitario de turismo de la UNS. Luego trabaj\u00f3 como gu\u00eda en el Parque Prov. Ernesto Tornquist.<br \/>\nTerny logr\u00f3 que el auditorio del Encuentro Regional de Turismo del d\u00eda de ayer, se sintonice muy profundamente con su mensaje, acudimos a entrevistar en forma telef\u00f3nica a Gabriel Terny para que pueda transmitir esa \u00f3ptica y postura a toda nuestra audiencia, y as\u00ed nos dec\u00eda: \u00abLa verdad que la idea era desarrollar un poco esos temas, instalar un poco lo que siempre decimos los que trabajamos en esto, que es instalar la dimensi\u00f3n ambiental, en las discusiones de los modelos de desarrollo. Me parece que todo el auditorio que estaba presente ten\u00eda cierta sinton\u00eda con eso y eso tambi\u00e9n es muy interesante, que habla de una maduraci\u00f3n de estos temas.<br \/>\nCuando hablamos de turismo y de los recursos naturales que son el principal atractivo de nuestra regi\u00f3n, no podemos dejar de pensar en cierto riesgo, que uno causa sobre el otro, a partir de all\u00ed es que buscamos que Terny pueda desmenuzar en forma m\u00e1s pr\u00e1ctica su mensaje y expres\u00f3: \u00abB\u00e1sicamente hablamos de conceptos que se usan mucho, como que est\u00e1n instalados, pero nos parece interesante reflexionar m\u00e1s profundamente, sobre qu\u00e9 decimos cuando decimos eso. Est\u00e1bamos hablando de una pr\u00e1ctica del turismo sustentable pero, \u00bfque hay detr\u00e1s de eso?, \u00bfque b\u00fasqueda hay?, un modelo de desarrollo sustentable, un modelo de desarrollo que tenga que ver con buscar cierto ingreso genuino, a trav\u00e9s de la actividad tur\u00edstica, pero que eso signifique tambi\u00e9n, generaci\u00f3n de empleo, preservaci\u00f3n del patrimonio, tanto natural como cultural, reflexionamos un poco con esta singularidad que tiene no solo la tierra, sino todo el sudoeste, porque la actividad ten\u00eda en cuenta una mirada regional, y en ese sentido es interesante reflexionar sobre el valor que tiene nuestra regi\u00f3n como sudoeste, c\u00f3mo se combina las sierras, la distancia que tenemos con el mar, con las lagunas, con los r\u00edos, con las termas. La presentaci\u00f3n m\u00eda en particular, arranco pensando a la regi\u00f3n como un sistema, entonces habl\u00e1bamos del sistema de ventania, que al fin y al cabo es la b\u00fasqueda que tenemos que tener, pensar esta regi\u00f3n como un sistema, que justamente tiene un mont\u00f3n de elementos, se combinan y la potencian, no podemos pensar las sierras solas, o las sierras solas con su naturaleza, sin pensar la relaci\u00f3n hist\u00f3rica que ha tenido el hombre y la mujer con este territorio, desde hace 10 mil a\u00f1os, entonces ah\u00ed aparece el patrimonio arqueol\u00f3gico, el patrimonio hist\u00f3rico, o cultural, entonces c\u00f3mo pensar ese sistema y la relaci\u00f3n hist\u00f3rica que ha tenido las diferentes sociedades que est\u00e1n instaladas en estos territorios y como lo han intervenido, como lo han modificado y como han dejado de alguna manera esos rastros que cuentan ese pasado y que nosotros hoy es un tesoro mas que tenemos para proteger\u00bb.<br \/>\n<strong>Nota radial con Gabriel Terny<\/strong><br \/>\n<iframe loading=\"lazy\" src=\"https:\/\/w.soundcloud.com\/player\/?url=https%3A\/\/api.soundcloud.com\/tracks\/694255669&amp;color=%23ff5500&amp;auto_play=false&amp;hide_related=false&amp;show_comments=true&amp;show_user=true&amp;show_reposts=false&amp;show_teaser=true\" width=\"100%\" height=\"166\" frameborder=\"no\" scrolling=\"no\"><\/iframe><br \/>\n<a title=\"Encuentro Reg de Turismo (21)\" href=\"http:\/\/live.staticflickr.com\/65535\/48882652362_57684426fc_s.jpg\" rel=\"\"><img loading=\"lazy\" decoding=\"async\" class=\"aligncenter\" title=\"Encuentro Reg de Turismo (21)\" src=\"http:\/\/live.staticflickr.com\/65535\/48882652362_57684426fc_z.jpg\" alt=\"Encuentro Reg de Turismo (21)\" width=\"640\" height=\"360\" \/><\/a><\/p>\n","protected":false},"excerpt":{"rendered":"<p>Este jueves, Gabriel Terny present\u00f3 una charla durante el Encuentro Regional de Turismo, donde marc\u00f3 pautas en el turismo, informando y alertando para que el desarrollo y crecimiento del no impactar\u00e1n en los ambientes naturales y fundamentalmente en las \u00e1reas protegidas de la regi\u00f3n.<\/p>\n","protected":false},"author":3,"featured_media":35560,"comment_status":"closed","ping_status":"open","sticky":false,"template":"","format":"standard","meta":{"footnotes":""},"categories":[33],"tags":[],"class_list":["post-35556","post","type-post","status-publish","format-standard","has-post-thumbnail","hentry","category-turismo"],"yoast_head":"<!-- This site is optimized with the Yoast SEO plugin v25.9 - https:\/\/yoast.com\/wordpress\/plugins\/seo\/ -->\n<title>Pensar esta regi\u00f3n como un sistema, que justamente tiene un mont\u00f3n de elementos, se combinan y la potencian, no podemos pensar las sierras solas&quot;. Gabriel Terny - Noticias Radio Reflejos<\/title>\n<meta name=\"robots\" content=\"index, follow, max-snippet:-1, max-image-preview:large, max-video-preview:-1\" \/>\n<link rel=\"canonical\" href=\"https:\/\/www.noticiasradioreflejos.com.ar\/2021\/pensar-esta-region-como-un-sistema-que-justamente-tiene-un-monton-de-elementos-se-combinan-y-la-potencian-no-podemos-pensar-las-sierras-solas-gabriel-terny\/\" \/>\n<meta property=\"og:locale\" content=\"es_ES\" \/>\n<meta property=\"og:type\" content=\"article\" \/>\n<meta property=\"og:title\" content=\"Pensar esta regi\u00f3n como un sistema, que justamente tiene un mont\u00f3n de elementos, se combinan y la potencian, no podemos pensar las sierras solas&quot;. Gabriel Terny - Noticias Radio Reflejos\" \/>\n<meta property=\"og:description\" content=\"Este jueves, Gabriel Terny present\u00f3 una charla durante el Encuentro Regional de Turismo, donde marc\u00f3 pautas en el turismo, informando y alertando para que el desarrollo y crecimiento del no impactar\u00e1n en los ambientes naturales y fundamentalmente en las \u00e1reas protegidas de la regi\u00f3n.\" \/>\n<meta property=\"og:url\" content=\"https:\/\/www.noticiasradioreflejos.com.ar\/2021\/pensar-esta-region-como-un-sistema-que-justamente-tiene-un-monton-de-elementos-se-combinan-y-la-potencian-no-podemos-pensar-las-sierras-solas-gabriel-terny\/\" \/>\n<meta property=\"og:site_name\" content=\"Noticias Radio Reflejos\" \/>\n<meta property=\"article:published_time\" content=\"2019-10-11T21:40:32+00:00\" \/>\n<meta property=\"og:image\" content=\"https:\/\/www.noticiasradioreflejos.com.ar\/2021\/wp-content\/uploads\/2019\/10\/Terny.jpg\" \/>\n\t<meta property=\"og:image:width\" content=\"640\" \/>\n\t<meta property=\"og:image:height\" content=\"640\" \/>\n\t<meta property=\"og:image:type\" content=\"image\/jpeg\" \/>\n<meta name=\"author\" content=\"Arnaldo Botto\" \/>\n<meta name=\"twitter:card\" content=\"summary_large_image\" \/>\n<script type=\"application\/ld+json\" class=\"yoast-schema-graph\">{\"@context\":\"https:\/\/schema.org\",\"@graph\":[{\"@type\":\"WebPage\",\"@id\":\"https:\/\/www.noticiasradioreflejos.com.ar\/2021\/pensar-esta-region-como-un-sistema-que-justamente-tiene-un-monton-de-elementos-se-combinan-y-la-potencian-no-podemos-pensar-las-sierras-solas-gabriel-terny\/\",\"url\":\"https:\/\/www.noticiasradioreflejos.com.ar\/2021\/pensar-esta-region-como-un-sistema-que-justamente-tiene-un-monton-de-elementos-se-combinan-y-la-potencian-no-podemos-pensar-las-sierras-solas-gabriel-terny\/\",\"name\":\"Pensar esta regi\u00f3n como un sistema, que justamente tiene un mont\u00f3n de elementos, se combinan y la potencian, no podemos pensar las sierras solas&quot;. Gabriel Terny - Noticias Radio Reflejos\",\"isPartOf\":{\"@id\":\"https:\/\/www.noticiasradioreflejos.com.ar\/2021\/#website\"},\"primaryImageOfPage\":{\"@id\":\"https:\/\/www.noticiasradioreflejos.com.ar\/2021\/pensar-esta-region-como-un-sistema-que-justamente-tiene-un-monton-de-elementos-se-combinan-y-la-potencian-no-podemos-pensar-las-sierras-solas-gabriel-terny\/#primaryimage\"},\"image\":{\"@id\":\"https:\/\/www.noticiasradioreflejos.com.ar\/2021\/pensar-esta-region-como-un-sistema-que-justamente-tiene-un-monton-de-elementos-se-combinan-y-la-potencian-no-podemos-pensar-las-sierras-solas-gabriel-terny\/#primaryimage\"},\"thumbnailUrl\":\"https:\/\/www.noticiasradioreflejos.com.ar\/2021\/wp-content\/uploads\/2019\/10\/Terny.jpg\",\"datePublished\":\"2019-10-11T21:40:32+00:00\",\"author\":{\"@id\":\"https:\/\/www.noticiasradioreflejos.com.ar\/2021\/#\/schema\/person\/ad82545263dcc5ec0996818884fd5fb1\"},\"breadcrumb\":{\"@id\":\"https:\/\/www.noticiasradioreflejos.com.ar\/2021\/pensar-esta-region-como-un-sistema-que-justamente-tiene-un-monton-de-elementos-se-combinan-y-la-potencian-no-podemos-pensar-las-sierras-solas-gabriel-terny\/#breadcrumb\"},\"inLanguage\":\"es\",\"potentialAction\":[{\"@type\":\"ReadAction\",\"target\":[\"https:\/\/www.noticiasradioreflejos.com.ar\/2021\/pensar-esta-region-como-un-sistema-que-justamente-tiene-un-monton-de-elementos-se-combinan-y-la-potencian-no-podemos-pensar-las-sierras-solas-gabriel-terny\/\"]}]},{\"@type\":\"ImageObject\",\"inLanguage\":\"es\",\"@id\":\"https:\/\/www.noticiasradioreflejos.com.ar\/2021\/pensar-esta-region-como-un-sistema-que-justamente-tiene-un-monton-de-elementos-se-combinan-y-la-potencian-no-podemos-pensar-las-sierras-solas-gabriel-terny\/#primaryimage\",\"url\":\"https:\/\/www.noticiasradioreflejos.com.ar\/2021\/wp-content\/uploads\/2019\/10\/Terny.jpg\",\"contentUrl\":\"https:\/\/www.noticiasradioreflejos.com.ar\/2021\/wp-content\/uploads\/2019\/10\/Terny.jpg\",\"width\":640,\"height\":640},{\"@type\":\"BreadcrumbList\",\"@id\":\"https:\/\/www.noticiasradioreflejos.com.ar\/2021\/pensar-esta-region-como-un-sistema-que-justamente-tiene-un-monton-de-elementos-se-combinan-y-la-potencian-no-podemos-pensar-las-sierras-solas-gabriel-terny\/#breadcrumb\",\"itemListElement\":[{\"@type\":\"ListItem\",\"position\":1,\"name\":\"Portada\",\"item\":\"https:\/\/www.noticiasradioreflejos.com.ar\/2021\/\"},{\"@type\":\"ListItem\",\"position\":2,\"name\":\"Pensar esta regi\u00f3n como un sistema, que justamente tiene un mont\u00f3n de elementos, se combinan y la potencian, no podemos pensar las sierras solas&quot;. Gabriel Terny\"}]},{\"@type\":\"WebSite\",\"@id\":\"https:\/\/www.noticiasradioreflejos.com.ar\/2021\/#website\",\"url\":\"https:\/\/www.noticiasradioreflejos.com.ar\/2021\/\",\"name\":\"Noticias Radio Reflejos\",\"description\":\"Las noticias de mi comarca\",\"potentialAction\":[{\"@type\":\"SearchAction\",\"target\":{\"@type\":\"EntryPoint\",\"urlTemplate\":\"https:\/\/www.noticiasradioreflejos.com.ar\/2021\/?s={search_term_string}\"},\"query-input\":{\"@type\":\"PropertyValueSpecification\",\"valueRequired\":true,\"valueName\":\"search_term_string\"}}],\"inLanguage\":\"es\"},{\"@type\":\"Person\",\"@id\":\"https:\/\/www.noticiasradioreflejos.com.ar\/2021\/#\/schema\/person\/ad82545263dcc5ec0996818884fd5fb1\",\"name\":\"Arnaldo Botto\",\"image\":{\"@type\":\"ImageObject\",\"inLanguage\":\"es\",\"@id\":\"https:\/\/www.noticiasradioreflejos.com.ar\/2021\/#\/schema\/person\/image\/\",\"url\":\"https:\/\/secure.gravatar.com\/avatar\/55cb5e37c1efa326397366e6974cb338056df65cb50e7d64d1cf314e87504837?s=96&d=mm&r=g\",\"contentUrl\":\"https:\/\/secure.gravatar.com\/avatar\/55cb5e37c1efa326397366e6974cb338056df65cb50e7d64d1cf314e87504837?s=96&d=mm&r=g\",\"caption\":\"Arnaldo Botto\"},\"url\":\"https:\/\/www.noticiasradioreflejos.com.ar\/2021\/author\/arnaldo\/\"}]}<\/script>\n<!-- \/ Yoast SEO plugin. -->","yoast_head_json":{"title":"Pensar esta regi\u00f3n como un sistema, que justamente tiene un mont\u00f3n de elementos, se combinan y la potencian, no podemos pensar las sierras solas&quot;. Gabriel Terny - Noticias Radio Reflejos","robots":{"index":"index","follow":"follow","max-snippet":"max-snippet:-1","max-image-preview":"max-image-preview:large","max-video-preview":"max-video-preview:-1"},"canonical":"https:\/\/www.noticiasradioreflejos.com.ar\/2021\/pensar-esta-region-como-un-sistema-que-justamente-tiene-un-monton-de-elementos-se-combinan-y-la-potencian-no-podemos-pensar-las-sierras-solas-gabriel-terny\/","og_locale":"es_ES","og_type":"article","og_title":"Pensar esta regi\u00f3n como un sistema, que justamente tiene un mont\u00f3n de elementos, se combinan y la potencian, no podemos pensar las sierras solas&quot;. Gabriel Terny - Noticias Radio Reflejos","og_description":"Este jueves, Gabriel Terny present\u00f3 una charla durante el Encuentro Regional de Turismo, donde marc\u00f3 pautas en el turismo, informando y alertando para que el desarrollo y crecimiento del no impactar\u00e1n en los ambientes naturales y fundamentalmente en las \u00e1reas protegidas de la regi\u00f3n.","og_url":"https:\/\/www.noticiasradioreflejos.com.ar\/2021\/pensar-esta-region-como-un-sistema-que-justamente-tiene-un-monton-de-elementos-se-combinan-y-la-potencian-no-podemos-pensar-las-sierras-solas-gabriel-terny\/","og_site_name":"Noticias Radio Reflejos","article_published_time":"2019-10-11T21:40:32+00:00","og_image":[{"width":640,"height":640,"url":"https:\/\/www.noticiasradioreflejos.com.ar\/2021\/wp-content\/uploads\/2019\/10\/Terny.jpg","type":"image\/jpeg"}],"author":"Arnaldo Botto","twitter_card":"summary_large_image","schema":{"@context":"https:\/\/schema.org","@graph":[{"@type":"WebPage","@id":"https:\/\/www.noticiasradioreflejos.com.ar\/2021\/pensar-esta-region-como-un-sistema-que-justamente-tiene-un-monton-de-elementos-se-combinan-y-la-potencian-no-podemos-pensar-las-sierras-solas-gabriel-terny\/","url":"https:\/\/www.noticiasradioreflejos.com.ar\/2021\/pensar-esta-region-como-un-sistema-que-justamente-tiene-un-monton-de-elementos-se-combinan-y-la-potencian-no-podemos-pensar-las-sierras-solas-gabriel-terny\/","name":"Pensar esta regi\u00f3n como un sistema, que justamente tiene un mont\u00f3n de elementos, se combinan y la potencian, no podemos pensar las sierras solas&quot;. Gabriel Terny - Noticias Radio Reflejos","isPartOf":{"@id":"https:\/\/www.noticiasradioreflejos.com.ar\/2021\/#website"},"primaryImageOfPage":{"@id":"https:\/\/www.noticiasradioreflejos.com.ar\/2021\/pensar-esta-region-como-un-sistema-que-justamente-tiene-un-monton-de-elementos-se-combinan-y-la-potencian-no-podemos-pensar-las-sierras-solas-gabriel-terny\/#primaryimage"},"image":{"@id":"https:\/\/www.noticiasradioreflejos.com.ar\/2021\/pensar-esta-region-como-un-sistema-que-justamente-tiene-un-monton-de-elementos-se-combinan-y-la-potencian-no-podemos-pensar-las-sierras-solas-gabriel-terny\/#primaryimage"},"thumbnailUrl":"https:\/\/www.noticiasradioreflejos.com.ar\/2021\/wp-content\/uploads\/2019\/10\/Terny.jpg","datePublished":"2019-10-11T21:40:32+00:00","author":{"@id":"https:\/\/www.noticiasradioreflejos.com.ar\/2021\/#\/schema\/person\/ad82545263dcc5ec0996818884fd5fb1"},"breadcrumb":{"@id":"https:\/\/www.noticiasradioreflejos.com.ar\/2021\/pensar-esta-region-como-un-sistema-que-justamente-tiene-un-monton-de-elementos-se-combinan-y-la-potencian-no-podemos-pensar-las-sierras-solas-gabriel-terny\/#breadcrumb"},"inLanguage":"es","potentialAction":[{"@type":"ReadAction","target":["https:\/\/www.noticiasradioreflejos.com.ar\/2021\/pensar-esta-region-como-un-sistema-que-justamente-tiene-un-monton-de-elementos-se-combinan-y-la-potencian-no-podemos-pensar-las-sierras-solas-gabriel-terny\/"]}]},{"@type":"ImageObject","inLanguage":"es","@id":"https:\/\/www.noticiasradioreflejos.com.ar\/2021\/pensar-esta-region-como-un-sistema-que-justamente-tiene-un-monton-de-elementos-se-combinan-y-la-potencian-no-podemos-pensar-las-sierras-solas-gabriel-terny\/#primaryimage","url":"https:\/\/www.noticiasradioreflejos.com.ar\/2021\/wp-content\/uploads\/2019\/10\/Terny.jpg","contentUrl":"https:\/\/www.noticiasradioreflejos.com.ar\/2021\/wp-content\/uploads\/2019\/10\/Terny.jpg","width":640,"height":640},{"@type":"BreadcrumbList","@id":"https:\/\/www.noticiasradioreflejos.com.ar\/2021\/pensar-esta-region-como-un-sistema-que-justamente-tiene-un-monton-de-elementos-se-combinan-y-la-potencian-no-podemos-pensar-las-sierras-solas-gabriel-terny\/#breadcrumb","itemListElement":[{"@type":"ListItem","position":1,"name":"Portada","item":"https:\/\/www.noticiasradioreflejos.com.ar\/2021\/"},{"@type":"ListItem","position":2,"name":"Pensar esta regi\u00f3n como un sistema, que justamente tiene un mont\u00f3n de elementos, se combinan y la potencian, no podemos pensar las sierras solas&quot;. Gabriel Terny"}]},{"@type":"WebSite","@id":"https:\/\/www.noticiasradioreflejos.com.ar\/2021\/#website","url":"https:\/\/www.noticiasradioreflejos.com.ar\/2021\/","name":"Noticias Radio Reflejos","description":"Las noticias de mi comarca","potentialAction":[{"@type":"SearchAction","target":{"@type":"EntryPoint","urlTemplate":"https:\/\/www.noticiasradioreflejos.com.ar\/2021\/?s={search_term_string}"},"query-input":{"@type":"PropertyValueSpecification","valueRequired":true,"valueName":"search_term_string"}}],"inLanguage":"es"},{"@type":"Person","@id":"https:\/\/www.noticiasradioreflejos.com.ar\/2021\/#\/schema\/person\/ad82545263dcc5ec0996818884fd5fb1","name":"Arnaldo Botto","image":{"@type":"ImageObject","inLanguage":"es","@id":"https:\/\/www.noticiasradioreflejos.com.ar\/2021\/#\/schema\/person\/image\/","url":"https:\/\/secure.gravatar.com\/avatar\/55cb5e37c1efa326397366e6974cb338056df65cb50e7d64d1cf314e87504837?s=96&d=mm&r=g","contentUrl":"https:\/\/secure.gravatar.com\/avatar\/55cb5e37c1efa326397366e6974cb338056df65cb50e7d64d1cf314e87504837?s=96&d=mm&r=g","caption":"Arnaldo Botto"},"url":"https:\/\/www.noticiasradioreflejos.com.ar\/2021\/author\/arnaldo\/"}]}},"_links":{"self":[{"href":"https:\/\/www.noticiasradioreflejos.com.ar\/2021\/wp-json\/wp\/v2\/posts\/35556","targetHints":{"allow":["GET"]}}],"collection":[{"href":"https:\/\/www.noticiasradioreflejos.com.ar\/2021\/wp-json\/wp\/v2\/posts"}],"about":[{"href":"https:\/\/www.noticiasradioreflejos.com.ar\/2021\/wp-json\/wp\/v2\/types\/post"}],"author":[{"embeddable":true,"href":"https:\/\/www.noticiasradioreflejos.com.ar\/2021\/wp-json\/wp\/v2\/users\/3"}],"replies":[{"embeddable":true,"href":"https:\/\/www.noticiasradioreflejos.com.ar\/2021\/wp-json\/wp\/v2\/comments?post=35556"}],"version-history":[{"count":0,"href":"https:\/\/www.noticiasradioreflejos.com.ar\/2021\/wp-json\/wp\/v2\/posts\/35556\/revisions"}],"wp:featuredmedia":[{"embeddable":true,"href":"https:\/\/www.noticiasradioreflejos.com.ar\/2021\/wp-json\/wp\/v2\/media\/35560"}],"wp:attachment":[{"href":"https:\/\/www.noticiasradioreflejos.com.ar\/2021\/wp-json\/wp\/v2\/media?parent=35556"}],"wp:term":[{"taxonomy":"category","embeddable":true,"href":"https:\/\/www.noticiasradioreflejos.com.ar\/2021\/wp-json\/wp\/v2\/categories?post=35556"},{"taxonomy":"post_tag","embeddable":true,"href":"https:\/\/www.noticiasradioreflejos.com.ar\/2021\/wp-json\/wp\/v2\/tags?post=35556"}],"curies":[{"name":"wp","href":"https:\/\/api.w.org\/{rel}","templated":true}]}}