{"id":35544,"date":"2019-10-11T16:34:35","date_gmt":"2019-10-11T19:34:35","guid":{"rendered":"http:\/\/www.noticiasradioreflejos.com.ar\/noticias\/?p=35544"},"modified":"2019-10-11T16:34:35","modified_gmt":"2019-10-11T19:34:35","slug":"emotivo-acto-de-inauguracion-de-la-remodelacion-del-edificio-de-las-escuelas-n-21-y-media-5-de-villa-ventana","status":"publish","type":"post","link":"https:\/\/www.noticiasradioreflejos.com.ar\/2021\/emotivo-acto-de-inauguracion-de-la-remodelacion-del-edificio-de-las-escuelas-n-21-y-media-5-de-villa-ventana\/","title":{"rendered":"Emotivo acto de inauguraci\u00f3n de la remodelaci\u00f3n del edificio de las escuelas N\u00b0 21 y Media 5 de Villa Ventana"},"content":{"rendered":"<p><a title=\"Inaug Escuela de Villa Ventana (32)\" href=\"http:\/\/live.staticflickr.com\/65535\/48881385902_f2b048de8d_s.jpg\" rel=\"\"><img loading=\"lazy\" decoding=\"async\" class=\"alignleft\" style=\"float: left;\" title=\"Inaug Escuela de Villa Ventana (32)\" src=\"http:\/\/live.staticflickr.com\/65535\/48881385902_f2b048de8d.jpg\" alt=\"Inaug Escuela de Villa Ventana (32)\" width=\"500\" height=\"281\" \/><\/a>Participaron el Intendente Sergio Bordoni, el Ministro de Educaci\u00f3n de Buenos Aires, Gabriel Sanchez Zinny, autoridades provinciales legislativas y de educaci\u00f3n, integrantes del gabinete municipal, concejales y comunidad de Villa Ventana.<!--more--><br \/>\nDurante la ma\u00f1ana del viernes 11, la comunidad educativa de la EP N\u00ba 21 y la ES N\u00b0 5 vieron inauguradas las obras de ampliaci\u00f3n y refacci\u00f3n realizadas en el establecimiento que comparten ambas instituciones, y que era un anhelo hist\u00f3rico de toda la comunidad de Villa Ventana .<br \/>\nLa jornada estuvo encabezada por el intendente Sergio Bordoni y el Director General de Cultura y Educaci\u00f3n, Gabriel S\u00e1nchez Zinny, acompa\u00f1ados por el diputado provincial Emiliano Balb\u00edn, funcionarios municipales, autoridades educativas locales, consejeros escolares, concejales, equipo directivo de las escuelas, docentes, alumnos y las familias.<br \/>\nEl acto se inici\u00f3 con el tradicional corte de cinta, descubrimiento de placas y bendici\u00f3n del edificio, posteriormente, ya en las nuevas instalaciones, hizo uso de la palabra, en primer lugar, la directora de la escuela primaria, Viviana Pihuala. Luego, fue el turno del jefe comunal, quien en su discurso expres\u00f3 su alegr\u00eda por la finalizaci\u00f3n de esta obra tan ansiada por todos. Adem\u00e1s record\u00f3 que cuando asumi\u00f3, inmediatamente gestion\u00f3 para dar cierre a esta asignatura pendiente, que por suerte hoy, con el apoyo de la provincia, se pudo concretar.<br \/>\nEn dicho marco, S\u00e1nchez Zinny destac\u00f3 el empuje y la persistencia de Sergio Bordoni, cualidades que facilitan el trabajo, ya que \u201csi se acciona conjuntamente se puede mejorar y as\u00ed poder brindarles a los ni\u00f1os y j\u00f3venes un lugar para aprender y capacitarse\u201d.<br \/>\nSe recuerda que la obra incluy\u00f3 la refacci\u00f3n de 5 aulas, laboratorio, sal\u00f3n para TIC y biblioteca; se construyeron porter\u00eda, direcci\u00f3n, SUM y ba\u00f1os totalmente nuevos, incorporando sanitarios para alumnos con discapacidad. La ampliaci\u00f3n implic\u00f3 en m\u00e1s 658,78 metros cuadrados cubiertos del edificio escolar, 30,7 m2 semi-cubierto y 250,89 m2.de patios y vereda.<br \/>\n\u00abUna alegr\u00eda estar otra vez ac\u00e1 en Tornquist con el intendente, trabajando por una mejor educaci\u00f3n en la provincia de Buenos Aires, en este caso un edificio nuevo, y una inauguraci\u00f3n nueva en una escuela fortalece y sigue fortaleciendo la educaci\u00f3n publica. Ademas muy contento de estar con el intendente que prioriz\u00f3 la educaci\u00f3n, que es un ejemplo de ejecuci\u00f3n del fondo educativo, que llama a todas horas porque le preocupa la educaci\u00f3n, del ministerio me ha sido muy f\u00e1cil realmente y muy bueno trabajar estos a\u00f1os con el intendente y esta es una demostraci\u00f3n mas que una comunidad como Villa Ventana, apartada, estamos celebrando que haya un edificio nuevo para que mas chicos y mas chicas puedan educarse y los que est\u00e1n puedan seguir mejorando su acceso al conocimiento, las capacidades, porque como dec\u00eda el intendente, una cosa muy importante es que esto pueda pasar fortaleciendo tambi\u00e9n la comunidad local. La verdad que una alegr\u00eda, en este lugar tan lindo, y con un clima tan lindo como nos toco hoy con todo el consejo escolar que tambi\u00e9n vino, que fue un protagonista fundamental porque Sergio trabajo muy cercano al consejo escolar, le dio el rol que tiene en la constituci\u00f3n, que es trabajar cerca de las escuelas, que son funcionarios votados por la poblaci\u00f3n pero que tiene que estar cerca en las necesidades educativas y el consejo ac\u00e1 fue modelo tambi\u00e9n en ese funcionamiento y en esta escuela en particular\u00bb. Expres\u00f3 Gabriel Sanchez Zinny<br \/>\n\u00abEsto no se hace solo, se hace con gente que te acompa\u00f1a, consejo escolar, inspector y jefe distrital, gente que te va apoyando y te va apuntalando, uno puede tener la mejor onda, la mejor ganas de hacer las cosas pero necesitas gente que supervise, esto fue supervisado por el consejo escolar con arquitectos y maestros mayores de obra que hemos puesto pagandoles el sueldo desde el municipio, las obras se hicieron y se hicieron bien, si no supervisas las dejas a las buenas de dios, y eso es lo que ha pasado muchos a\u00f1os, y no queremos que eso pasara, porque la plata que se pone ac\u00e1 no es la m\u00eda, es la de todos los bonaerenses que la tenemos que hacer rendir, como hicimos rendir en esta obra, que muchas veces con mucho menos dinero manej\u00e1ndola del consejo escolar se pudieron hacer much\u00edsimas cosas mas. Creo que fuimos uno de los primeros consejos escolares que recibi\u00f3 esa cifra para terminar una escuela, era algo il\u00f3gico que eso pasara en gestiones anteriores, y sin embargo la transparencia y gesti\u00f3n de nuestro gobierno porque hace dos a\u00f1os que desde que nos iniciamos venimos pagando el transporte, se habla tanto del boleto estudiantil gratuito y ac\u00e1 nadie paga para viajar, lo hac\u00edamos con el fondo educativo, pero llego un momento que no alcanzaba para todo, y firme con educaci\u00f3n dos convenios, uno el a\u00f1o pasado y uno este a\u00f1o, para poder trasladar a todos los chicos. Creo que como se rindieron las cosas, como se organizaron los viajes, creo que eso dio una muestra de seguridad que el ministerio de educaci\u00f3n de la provincia nos dio el aval y el apoyo que nos dio Gabriel y Florencia Castro, Manque que esta en transporte que es un eslab\u00f3n importantisimo, levanto el tel\u00e9fono a cualquier hora y esta, Florencia lo mismo, mucha gente de educaci\u00f3n que por ah\u00ed en este momento se me va de la mente, pero siempre nos han atendido y lo han hecho muy bien. Agradecido que este Gabriel hoy ac\u00e1, y agradecido de haber podido terminar esto porque ya te digo, ustedes saben y me conocen bien que no soy de inaugurar cosas, porque creo que la gente lo ve a simple vista, no hay necesidad de mostrar porque la gente no nos eligi\u00f3 para mostrar cosas, sino para hacerlas, y yo creo que esto si merec\u00eda mostrarse, porque ni bien agarramos, tomamos un municipio que estaba quebrado, y no ten\u00edamos un peso\u00bb. Sergio Bordoni<br \/>\n<a href=\"https:\/\/www.facebook.com\/pg\/NoticiasRadioReflejos\/photos\/?tab=album&amp;album_id=928065457561363\"><strong>Ver Fotos Aqu\u00ed<\/strong><\/a><br \/>\n<strong><br \/>\nNota al Intendente Sergio Bordoni y al Ministro S\u00e1nchez Zinny<\/strong><br \/>\n<iframe loading=\"lazy\" src=\"https:\/\/w.soundcloud.com\/player\/?url=https%3A\/\/api.soundcloud.com\/tracks\/694311847&amp;color=%23ff5500&amp;auto_play=false&amp;hide_related=false&amp;show_comments=true&amp;show_user=true&amp;show_reposts=false&amp;show_teaser=true\" width=\"100%\" height=\"166\" frameborder=\"no\" scrolling=\"no\"><\/iframe><br \/>\n<a title=\"Inaug Escuela de Villa Ventana (2)\" href=\"http:\/\/live.staticflickr.com\/65535\/48881199541_4dc551bba3_s.jpg\" rel=\"\"><img loading=\"lazy\" decoding=\"async\" class=\"aligncenter\" title=\"Inaug Escuela de Villa Ventana (2)\" src=\"http:\/\/live.staticflickr.com\/65535\/48881199541_4dc551bba3_z.jpg\" alt=\"Inaug Escuela de Villa Ventana (2)\" width=\"640\" height=\"360\" \/><\/a><br \/>\n<a title=\"Inaug Escuela de Villa Ventana (10)\" href=\"http:\/\/live.staticflickr.com\/65535\/48880668593_b88b03c957_s.jpg\" rel=\"\"><img loading=\"lazy\" decoding=\"async\" class=\"aligncenter\" title=\"Inaug Escuela de Villa Ventana (10)\" src=\"http:\/\/live.staticflickr.com\/65535\/48880668593_b88b03c957_z.jpg\" alt=\"Inaug Escuela de Villa Ventana (10)\" width=\"640\" height=\"360\" \/><\/a><br \/>\n<a title=\"Inaug Escuela de Villa Ventana (15)\" href=\"http:\/\/live.staticflickr.com\/65535\/48881387052_b9d5fc3a35_s.jpg\" rel=\"\"><img loading=\"lazy\" decoding=\"async\" class=\"aligncenter\" title=\"Inaug Escuela de Villa Ventana (15)\" src=\"http:\/\/live.staticflickr.com\/65535\/48881387052_b9d5fc3a35_z.jpg\" alt=\"Inaug Escuela de Villa Ventana (15)\" width=\"640\" height=\"360\" \/><\/a><br \/>\n<a title=\"Inaug Escuela de Villa Ventana (30)\" href=\"http:\/\/live.staticflickr.com\/65535\/48881386497_4f82867d75_s.jpg\" rel=\"\"><img loading=\"lazy\" decoding=\"async\" class=\"aligncenter\" title=\"Inaug Escuela de Villa Ventana (30)\" src=\"http:\/\/live.staticflickr.com\/65535\/48881386497_4f82867d75_z.jpg\" alt=\"Inaug Escuela de Villa Ventana (30)\" width=\"640\" height=\"360\" \/><\/a><\/p>\n","protected":false},"excerpt":{"rendered":"<p>Participaron el Intendente Sergio Bordoni, el Ministro de Educaci\u00f3n de Buenos Aires, Gabriel Sanchez Zinny, autoridades provinciales legislativas y de educaci\u00f3n, integrantes del gabinete municipal, concejales y comunidad de Villa Ventana.<\/p>\n","protected":false},"author":3,"featured_media":0,"comment_status":"closed","ping_status":"open","sticky":false,"template":"","format":"standard","meta":{"footnotes":""},"categories":[34],"tags":[],"class_list":["post-35544","post","type-post","status-publish","format-standard","hentry","category-educacion"],"yoast_head":"<!-- This site is optimized with the Yoast SEO plugin v25.9 - https:\/\/yoast.com\/wordpress\/plugins\/seo\/ -->\n<title>Emotivo acto de inauguraci\u00f3n de la remodelaci\u00f3n del edificio de las escuelas N\u00b0 21 y Media 5 de Villa Ventana - Noticias Radio Reflejos<\/title>\n<meta name=\"robots\" content=\"index, follow, max-snippet:-1, max-image-preview:large, max-video-preview:-1\" \/>\n<link rel=\"canonical\" href=\"https:\/\/www.noticiasradioreflejos.com.ar\/2021\/emotivo-acto-de-inauguracion-de-la-remodelacion-del-edificio-de-las-escuelas-n-21-y-media-5-de-villa-ventana\/\" \/>\n<meta property=\"og:locale\" content=\"es_ES\" \/>\n<meta property=\"og:type\" content=\"article\" \/>\n<meta property=\"og:title\" content=\"Emotivo acto de inauguraci\u00f3n de la remodelaci\u00f3n del edificio de las escuelas N\u00b0 21 y Media 5 de Villa Ventana - Noticias Radio Reflejos\" \/>\n<meta property=\"og:description\" content=\"Participaron el Intendente Sergio Bordoni, el Ministro de Educaci\u00f3n de Buenos Aires, Gabriel Sanchez Zinny, autoridades provinciales legislativas y de educaci\u00f3n, integrantes del gabinete municipal, concejales y comunidad de Villa Ventana.\" \/>\n<meta property=\"og:url\" content=\"https:\/\/www.noticiasradioreflejos.com.ar\/2021\/emotivo-acto-de-inauguracion-de-la-remodelacion-del-edificio-de-las-escuelas-n-21-y-media-5-de-villa-ventana\/\" \/>\n<meta property=\"og:site_name\" content=\"Noticias Radio Reflejos\" \/>\n<meta property=\"article:published_time\" content=\"2019-10-11T19:34:35+00:00\" \/>\n<meta property=\"og:image\" content=\"http:\/\/live.staticflickr.com\/65535\/48881385902_f2b048de8d.jpg\" \/>\n<meta name=\"author\" content=\"Arnaldo Botto\" \/>\n<meta name=\"twitter:card\" content=\"summary_large_image\" \/>\n<script type=\"application\/ld+json\" class=\"yoast-schema-graph\">{\"@context\":\"https:\/\/schema.org\",\"@graph\":[{\"@type\":\"WebPage\",\"@id\":\"https:\/\/www.noticiasradioreflejos.com.ar\/2021\/emotivo-acto-de-inauguracion-de-la-remodelacion-del-edificio-de-las-escuelas-n-21-y-media-5-de-villa-ventana\/\",\"url\":\"https:\/\/www.noticiasradioreflejos.com.ar\/2021\/emotivo-acto-de-inauguracion-de-la-remodelacion-del-edificio-de-las-escuelas-n-21-y-media-5-de-villa-ventana\/\",\"name\":\"Emotivo acto de inauguraci\u00f3n de la remodelaci\u00f3n del edificio de las escuelas N\u00b0 21 y Media 5 de Villa Ventana - Noticias Radio Reflejos\",\"isPartOf\":{\"@id\":\"https:\/\/www.noticiasradioreflejos.com.ar\/2021\/#website\"},\"primaryImageOfPage\":{\"@id\":\"https:\/\/www.noticiasradioreflejos.com.ar\/2021\/emotivo-acto-de-inauguracion-de-la-remodelacion-del-edificio-de-las-escuelas-n-21-y-media-5-de-villa-ventana\/#primaryimage\"},\"image\":{\"@id\":\"https:\/\/www.noticiasradioreflejos.com.ar\/2021\/emotivo-acto-de-inauguracion-de-la-remodelacion-del-edificio-de-las-escuelas-n-21-y-media-5-de-villa-ventana\/#primaryimage\"},\"thumbnailUrl\":\"http:\/\/live.staticflickr.com\/65535\/48881385902_f2b048de8d.jpg\",\"datePublished\":\"2019-10-11T19:34:35+00:00\",\"author\":{\"@id\":\"https:\/\/www.noticiasradioreflejos.com.ar\/2021\/#\/schema\/person\/ad82545263dcc5ec0996818884fd5fb1\"},\"breadcrumb\":{\"@id\":\"https:\/\/www.noticiasradioreflejos.com.ar\/2021\/emotivo-acto-de-inauguracion-de-la-remodelacion-del-edificio-de-las-escuelas-n-21-y-media-5-de-villa-ventana\/#breadcrumb\"},\"inLanguage\":\"es\",\"potentialAction\":[{\"@type\":\"ReadAction\",\"target\":[\"https:\/\/www.noticiasradioreflejos.com.ar\/2021\/emotivo-acto-de-inauguracion-de-la-remodelacion-del-edificio-de-las-escuelas-n-21-y-media-5-de-villa-ventana\/\"]}]},{\"@type\":\"ImageObject\",\"inLanguage\":\"es\",\"@id\":\"https:\/\/www.noticiasradioreflejos.com.ar\/2021\/emotivo-acto-de-inauguracion-de-la-remodelacion-del-edificio-de-las-escuelas-n-21-y-media-5-de-villa-ventana\/#primaryimage\",\"url\":\"http:\/\/live.staticflickr.com\/65535\/48881385902_f2b048de8d.jpg\",\"contentUrl\":\"http:\/\/live.staticflickr.com\/65535\/48881385902_f2b048de8d.jpg\"},{\"@type\":\"BreadcrumbList\",\"@id\":\"https:\/\/www.noticiasradioreflejos.com.ar\/2021\/emotivo-acto-de-inauguracion-de-la-remodelacion-del-edificio-de-las-escuelas-n-21-y-media-5-de-villa-ventana\/#breadcrumb\",\"itemListElement\":[{\"@type\":\"ListItem\",\"position\":1,\"name\":\"Portada\",\"item\":\"https:\/\/www.noticiasradioreflejos.com.ar\/2021\/\"},{\"@type\":\"ListItem\",\"position\":2,\"name\":\"Emotivo acto de inauguraci\u00f3n de la remodelaci\u00f3n del edificio de las escuelas N\u00b0 21 y Media 5 de Villa Ventana\"}]},{\"@type\":\"WebSite\",\"@id\":\"https:\/\/www.noticiasradioreflejos.com.ar\/2021\/#website\",\"url\":\"https:\/\/www.noticiasradioreflejos.com.ar\/2021\/\",\"name\":\"Noticias Radio Reflejos\",\"description\":\"Las noticias de mi comarca\",\"potentialAction\":[{\"@type\":\"SearchAction\",\"target\":{\"@type\":\"EntryPoint\",\"urlTemplate\":\"https:\/\/www.noticiasradioreflejos.com.ar\/2021\/?s={search_term_string}\"},\"query-input\":{\"@type\":\"PropertyValueSpecification\",\"valueRequired\":true,\"valueName\":\"search_term_string\"}}],\"inLanguage\":\"es\"},{\"@type\":\"Person\",\"@id\":\"https:\/\/www.noticiasradioreflejos.com.ar\/2021\/#\/schema\/person\/ad82545263dcc5ec0996818884fd5fb1\",\"name\":\"Arnaldo Botto\",\"image\":{\"@type\":\"ImageObject\",\"inLanguage\":\"es\",\"@id\":\"https:\/\/www.noticiasradioreflejos.com.ar\/2021\/#\/schema\/person\/image\/\",\"url\":\"https:\/\/secure.gravatar.com\/avatar\/55cb5e37c1efa326397366e6974cb338056df65cb50e7d64d1cf314e87504837?s=96&d=mm&r=g\",\"contentUrl\":\"https:\/\/secure.gravatar.com\/avatar\/55cb5e37c1efa326397366e6974cb338056df65cb50e7d64d1cf314e87504837?s=96&d=mm&r=g\",\"caption\":\"Arnaldo Botto\"},\"url\":\"https:\/\/www.noticiasradioreflejos.com.ar\/2021\/author\/arnaldo\/\"}]}<\/script>\n<!-- \/ Yoast SEO plugin. -->","yoast_head_json":{"title":"Emotivo acto de inauguraci\u00f3n de la remodelaci\u00f3n del edificio de las escuelas N\u00b0 21 y Media 5 de Villa Ventana - Noticias Radio Reflejos","robots":{"index":"index","follow":"follow","max-snippet":"max-snippet:-1","max-image-preview":"max-image-preview:large","max-video-preview":"max-video-preview:-1"},"canonical":"https:\/\/www.noticiasradioreflejos.com.ar\/2021\/emotivo-acto-de-inauguracion-de-la-remodelacion-del-edificio-de-las-escuelas-n-21-y-media-5-de-villa-ventana\/","og_locale":"es_ES","og_type":"article","og_title":"Emotivo acto de inauguraci\u00f3n de la remodelaci\u00f3n del edificio de las escuelas N\u00b0 21 y Media 5 de Villa Ventana - Noticias Radio Reflejos","og_description":"Participaron el Intendente Sergio Bordoni, el Ministro de Educaci\u00f3n de Buenos Aires, Gabriel Sanchez Zinny, autoridades provinciales legislativas y de educaci\u00f3n, integrantes del gabinete municipal, concejales y comunidad de Villa Ventana.","og_url":"https:\/\/www.noticiasradioreflejos.com.ar\/2021\/emotivo-acto-de-inauguracion-de-la-remodelacion-del-edificio-de-las-escuelas-n-21-y-media-5-de-villa-ventana\/","og_site_name":"Noticias Radio Reflejos","article_published_time":"2019-10-11T19:34:35+00:00","og_image":[{"url":"http:\/\/live.staticflickr.com\/65535\/48881385902_f2b048de8d.jpg","type":"","width":"","height":""}],"author":"Arnaldo Botto","twitter_card":"summary_large_image","schema":{"@context":"https:\/\/schema.org","@graph":[{"@type":"WebPage","@id":"https:\/\/www.noticiasradioreflejos.com.ar\/2021\/emotivo-acto-de-inauguracion-de-la-remodelacion-del-edificio-de-las-escuelas-n-21-y-media-5-de-villa-ventana\/","url":"https:\/\/www.noticiasradioreflejos.com.ar\/2021\/emotivo-acto-de-inauguracion-de-la-remodelacion-del-edificio-de-las-escuelas-n-21-y-media-5-de-villa-ventana\/","name":"Emotivo acto de inauguraci\u00f3n de la remodelaci\u00f3n del edificio de las escuelas N\u00b0 21 y Media 5 de Villa Ventana - Noticias Radio Reflejos","isPartOf":{"@id":"https:\/\/www.noticiasradioreflejos.com.ar\/2021\/#website"},"primaryImageOfPage":{"@id":"https:\/\/www.noticiasradioreflejos.com.ar\/2021\/emotivo-acto-de-inauguracion-de-la-remodelacion-del-edificio-de-las-escuelas-n-21-y-media-5-de-villa-ventana\/#primaryimage"},"image":{"@id":"https:\/\/www.noticiasradioreflejos.com.ar\/2021\/emotivo-acto-de-inauguracion-de-la-remodelacion-del-edificio-de-las-escuelas-n-21-y-media-5-de-villa-ventana\/#primaryimage"},"thumbnailUrl":"http:\/\/live.staticflickr.com\/65535\/48881385902_f2b048de8d.jpg","datePublished":"2019-10-11T19:34:35+00:00","author":{"@id":"https:\/\/www.noticiasradioreflejos.com.ar\/2021\/#\/schema\/person\/ad82545263dcc5ec0996818884fd5fb1"},"breadcrumb":{"@id":"https:\/\/www.noticiasradioreflejos.com.ar\/2021\/emotivo-acto-de-inauguracion-de-la-remodelacion-del-edificio-de-las-escuelas-n-21-y-media-5-de-villa-ventana\/#breadcrumb"},"inLanguage":"es","potentialAction":[{"@type":"ReadAction","target":["https:\/\/www.noticiasradioreflejos.com.ar\/2021\/emotivo-acto-de-inauguracion-de-la-remodelacion-del-edificio-de-las-escuelas-n-21-y-media-5-de-villa-ventana\/"]}]},{"@type":"ImageObject","inLanguage":"es","@id":"https:\/\/www.noticiasradioreflejos.com.ar\/2021\/emotivo-acto-de-inauguracion-de-la-remodelacion-del-edificio-de-las-escuelas-n-21-y-media-5-de-villa-ventana\/#primaryimage","url":"http:\/\/live.staticflickr.com\/65535\/48881385902_f2b048de8d.jpg","contentUrl":"http:\/\/live.staticflickr.com\/65535\/48881385902_f2b048de8d.jpg"},{"@type":"BreadcrumbList","@id":"https:\/\/www.noticiasradioreflejos.com.ar\/2021\/emotivo-acto-de-inauguracion-de-la-remodelacion-del-edificio-de-las-escuelas-n-21-y-media-5-de-villa-ventana\/#breadcrumb","itemListElement":[{"@type":"ListItem","position":1,"name":"Portada","item":"https:\/\/www.noticiasradioreflejos.com.ar\/2021\/"},{"@type":"ListItem","position":2,"name":"Emotivo acto de inauguraci\u00f3n de la remodelaci\u00f3n del edificio de las escuelas N\u00b0 21 y Media 5 de Villa Ventana"}]},{"@type":"WebSite","@id":"https:\/\/www.noticiasradioreflejos.com.ar\/2021\/#website","url":"https:\/\/www.noticiasradioreflejos.com.ar\/2021\/","name":"Noticias Radio Reflejos","description":"Las noticias de mi comarca","potentialAction":[{"@type":"SearchAction","target":{"@type":"EntryPoint","urlTemplate":"https:\/\/www.noticiasradioreflejos.com.ar\/2021\/?s={search_term_string}"},"query-input":{"@type":"PropertyValueSpecification","valueRequired":true,"valueName":"search_term_string"}}],"inLanguage":"es"},{"@type":"Person","@id":"https:\/\/www.noticiasradioreflejos.com.ar\/2021\/#\/schema\/person\/ad82545263dcc5ec0996818884fd5fb1","name":"Arnaldo Botto","image":{"@type":"ImageObject","inLanguage":"es","@id":"https:\/\/www.noticiasradioreflejos.com.ar\/2021\/#\/schema\/person\/image\/","url":"https:\/\/secure.gravatar.com\/avatar\/55cb5e37c1efa326397366e6974cb338056df65cb50e7d64d1cf314e87504837?s=96&d=mm&r=g","contentUrl":"https:\/\/secure.gravatar.com\/avatar\/55cb5e37c1efa326397366e6974cb338056df65cb50e7d64d1cf314e87504837?s=96&d=mm&r=g","caption":"Arnaldo Botto"},"url":"https:\/\/www.noticiasradioreflejos.com.ar\/2021\/author\/arnaldo\/"}]}},"_links":{"self":[{"href":"https:\/\/www.noticiasradioreflejos.com.ar\/2021\/wp-json\/wp\/v2\/posts\/35544","targetHints":{"allow":["GET"]}}],"collection":[{"href":"https:\/\/www.noticiasradioreflejos.com.ar\/2021\/wp-json\/wp\/v2\/posts"}],"about":[{"href":"https:\/\/www.noticiasradioreflejos.com.ar\/2021\/wp-json\/wp\/v2\/types\/post"}],"author":[{"embeddable":true,"href":"https:\/\/www.noticiasradioreflejos.com.ar\/2021\/wp-json\/wp\/v2\/users\/3"}],"replies":[{"embeddable":true,"href":"https:\/\/www.noticiasradioreflejos.com.ar\/2021\/wp-json\/wp\/v2\/comments?post=35544"}],"version-history":[{"count":0,"href":"https:\/\/www.noticiasradioreflejos.com.ar\/2021\/wp-json\/wp\/v2\/posts\/35544\/revisions"}],"wp:attachment":[{"href":"https:\/\/www.noticiasradioreflejos.com.ar\/2021\/wp-json\/wp\/v2\/media?parent=35544"}],"wp:term":[{"taxonomy":"category","embeddable":true,"href":"https:\/\/www.noticiasradioreflejos.com.ar\/2021\/wp-json\/wp\/v2\/categories?post=35544"},{"taxonomy":"post_tag","embeddable":true,"href":"https:\/\/www.noticiasradioreflejos.com.ar\/2021\/wp-json\/wp\/v2\/tags?post=35544"}],"curies":[{"name":"wp","href":"https:\/\/api.w.org\/{rel}","templated":true}]}}