{"id":35516,"date":"2019-10-10T20:12:38","date_gmt":"2019-10-10T23:12:38","guid":{"rendered":"http:\/\/www.noticiasradioreflejos.com.ar\/noticias\/?p=35516"},"modified":"2019-10-10T20:12:38","modified_gmt":"2019-10-10T23:12:38","slug":"turismo-regional-propuesta-del-frente-de-todos-para-el-sudoeste-bonaerense-recibidos-x","status":"publish","type":"post","link":"https:\/\/www.noticiasradioreflejos.com.ar\/2021\/turismo-regional-propuesta-del-frente-de-todos-para-el-sudoeste-bonaerense-recibidos-x\/","title":{"rendered":"Turismo Regional, propuesta del Frente de Todos para el sudoeste bonaerense."},"content":{"rendered":"<p><a title=\"DSCN7397\" href=\"http:\/\/live.staticflickr.com\/65535\/48877819326_82456b3e8e_s.jpg\" rel=\"\"><img loading=\"lazy\" decoding=\"async\" class=\"alignleft\" style=\"float: left;\" title=\"DSCN7397\" src=\"http:\/\/live.staticflickr.com\/65535\/48877819326_82456b3e8e.jpg\" alt=\"DSCN7397\" width=\"500\" height=\"375\" \/><\/a>Con una muy buena afluencia de actores pertenecientes al sector, se llev\u00f3 a cabo en Sierra de la Ventana una reuni\u00f3n denominada \u201cEncuentro Regional de Turismo. Nuevas estrategias para el desarrollo del sector. Oportunidades de crecimiento y empleo\u201d, organizada por el Frente de Todos y encabezada por el candidato a intendente, licenciado Gustavo Trankels.<!--more--><br \/>\nAdem\u00e1s de prestadores tur\u00edsticos, representantes de instituciones que los nuclean, estudiantes del rubro y p\u00fablico en general, de la iniciativa desarrollada en la sede del Sindicato de Casineros participaron Eduardo Cimolai, Sergio Castro y Hern\u00e1n Zaccardi, integrantes de la Comisi\u00f3n de Turismo de los equipos t\u00e9cnicos del Frente de Todos a nivel nacional.<br \/>\nTambi\u00e9n estuvieron la vicepresidenta de la C\u00e1mara de Diputados de la provincia de Buenos Aires, Marisol Merquel; los candidatos a intendente Alejandro Dichiara (Monte Hermoso), Ricardo Moccero (Coronel Su\u00e1rez), Dar\u00edo Rueda (Puan), Jorge Cabrera (Adolfo Alsina) y Osvaldo Barcelona (Coronel Dorrego); y la candidata a senadora Paula Cucco.<br \/>\n<a title=\"DSCN7418\" href=\"http:\/\/live.staticflickr.com\/65535\/48877819011_85c90cbd98_s.jpg\" rel=\"\"><img loading=\"lazy\" decoding=\"async\" class=\"alignleft\" style=\"float: left;\" title=\"DSCN7418\" src=\"http:\/\/live.staticflickr.com\/65535\/48877819011_85c90cbd98.jpg\" alt=\"DSCN7418\" width=\"500\" height=\"375\" \/><\/a>Durante el encuentro hubo disertaciones y se analizaron las fortalezas, debilidades y necesidades de nuestro distrito en particular y de la zona en general, adem\u00e1s de plantearse la posibilidad de trabajar de manera integrada para fortalecerse como regi\u00f3n.<br \/>\nLas exposiciones estuvieron a cargo de Sergio Marto, director del portal de turismo Sierras de la Ventana; Pablo Canle y Jorge Maipach, presidente y vice de la Asociaci\u00f3n para el Desarrollo Tur\u00edstico de la Comarca de Sierra de la Ventana; y Gabriel Terni, ex funcionario nacional y actualmente afectado al Cerro Ventana.<br \/>\n\u201cEs muy importante esta decisi\u00f3n del Frente de Todos de salir a recorrer la provincia y llevarse de cada uno de los sectores, de los propios involucrados, un reflejo de cu\u00e1l es la situaci\u00f3n actual de cada regi\u00f3n y c\u00f3mo podemos mejorar\u201d, se\u00f1al\u00f3 Trankels, quien destac\u00f3 el gesto pol\u00edtico y la posibilidad de la comunidad de expresarse.<br \/>\n\u201cQuiero dejar expresado p\u00fablicamente que apoyo la conformaci\u00f3n del ente mixto de turismo para el cual se est\u00e1 trabajando actualmente en las diferentes instituciones relacionadas con el turismo. Es fundamental animarnos a desarrollar el turismo y que surja de la interacci\u00f3n de los privados y de un Estado inteligente, sentados en una misma mesa para definir cuestiones t\u00e9cnicas y pol\u00edticas\u201d, explic\u00f3 el candidato a intendente.<br \/>\nAdem\u00e1s, resalt\u00f3 su alegr\u00eda por el resultado del encuentro y en caso de ser electo se comprometi\u00f3 a aportar desde la gesti\u00f3n todo el impulso que sea necesario para el desarrollo del sector tur\u00edstico.<br \/>\n<a title=\"DSCN7421\" href=\"http:\/\/live.staticflickr.com\/65535\/48878016272_d6361b1005_s.jpg\" rel=\"\"><img loading=\"lazy\" decoding=\"async\" class=\"aligncenter\" title=\"DSCN7421\" src=\"http:\/\/live.staticflickr.com\/65535\/48878016272_d6361b1005_z.jpg\" alt=\"DSCN7421\" width=\"640\" height=\"480\" \/><\/a><br \/>\n<a title=\"DSCN7408\" href=\"http:\/\/live.staticflickr.com\/65535\/48877819451_b093df5343_s.jpg\" rel=\"\"><img loading=\"lazy\" decoding=\"async\" class=\"aligncenter\" title=\"DSCN7408\" src=\"http:\/\/live.staticflickr.com\/65535\/48877819451_b093df5343_z.jpg\" alt=\"DSCN7408\" width=\"640\" height=\"480\" \/><\/a><br \/>\n<a title=\"DSCN7448\" href=\"http:\/\/live.staticflickr.com\/65535\/48877284368_e7a6e34a30_s.jpg\" rel=\"\"><img loading=\"lazy\" decoding=\"async\" class=\"aligncenter\" title=\"DSCN7448\" src=\"http:\/\/live.staticflickr.com\/65535\/48877284368_e7a6e34a30_z.jpg\" alt=\"DSCN7448\" width=\"640\" height=\"480\" \/><\/a><a title=\"DSCN7452\" href=\"http:\/\/live.staticflickr.com\/65535\/48877818946_d4e2e45ab7_s.jpg\" rel=\"\"><img loading=\"lazy\" decoding=\"async\" class=\"aligncenter\" title=\"DSCN7452\" src=\"http:\/\/live.staticflickr.com\/65535\/48877818946_d4e2e45ab7_z.jpg\" alt=\"DSCN7452\" width=\"640\" height=\"413\" \/><\/a><br \/>\n&nbsp;<\/p>\n","protected":false},"excerpt":{"rendered":"<p>Con una muy buena afluencia de actores pertenecientes al sector, se llev\u00f3 a cabo en Sierra de la Ventana una reuni\u00f3n denominada \u201cEncuentro Regional de Turismo. Nuevas estrategias para el desarrollo del sector. Oportunidades de crecimiento y empleo\u201d, organizada por el Frente de Todos y encabezada por el candidato a intendente, licenciado Gustavo Trankels.<\/p>\n","protected":false},"author":3,"featured_media":0,"comment_status":"closed","ping_status":"open","sticky":false,"template":"","format":"standard","meta":{"footnotes":""},"categories":[24],"tags":[],"class_list":["post-35516","post","type-post","status-publish","format-standard","hentry","category-politica"],"yoast_head":"<!-- This site is optimized with the Yoast SEO plugin v25.9 - https:\/\/yoast.com\/wordpress\/plugins\/seo\/ -->\n<title>Turismo Regional, propuesta del Frente de Todos para el sudoeste bonaerense. - Noticias Radio Reflejos<\/title>\n<meta name=\"robots\" content=\"index, follow, max-snippet:-1, max-image-preview:large, max-video-preview:-1\" \/>\n<link rel=\"canonical\" href=\"https:\/\/www.noticiasradioreflejos.com.ar\/2021\/turismo-regional-propuesta-del-frente-de-todos-para-el-sudoeste-bonaerense-recibidos-x\/\" \/>\n<meta property=\"og:locale\" content=\"es_ES\" \/>\n<meta property=\"og:type\" content=\"article\" \/>\n<meta property=\"og:title\" content=\"Turismo Regional, propuesta del Frente de Todos para el sudoeste bonaerense. - Noticias Radio Reflejos\" \/>\n<meta property=\"og:description\" content=\"Con una muy buena afluencia de actores pertenecientes al sector, se llev\u00f3 a cabo en Sierra de la Ventana una reuni\u00f3n denominada \u201cEncuentro Regional de Turismo. Nuevas estrategias para el desarrollo del sector. Oportunidades de crecimiento y empleo\u201d, organizada por el Frente de Todos y encabezada por el candidato a intendente, licenciado Gustavo Trankels.\" \/>\n<meta property=\"og:url\" content=\"https:\/\/www.noticiasradioreflejos.com.ar\/2021\/turismo-regional-propuesta-del-frente-de-todos-para-el-sudoeste-bonaerense-recibidos-x\/\" \/>\n<meta property=\"og:site_name\" content=\"Noticias Radio Reflejos\" \/>\n<meta property=\"article:published_time\" content=\"2019-10-10T23:12:38+00:00\" \/>\n<meta property=\"og:image\" content=\"http:\/\/live.staticflickr.com\/65535\/48877819326_82456b3e8e.jpg\" \/>\n<meta name=\"author\" content=\"Arnaldo Botto\" \/>\n<meta name=\"twitter:card\" content=\"summary_large_image\" \/>\n<script type=\"application\/ld+json\" class=\"yoast-schema-graph\">{\"@context\":\"https:\/\/schema.org\",\"@graph\":[{\"@type\":\"WebPage\",\"@id\":\"https:\/\/www.noticiasradioreflejos.com.ar\/2021\/turismo-regional-propuesta-del-frente-de-todos-para-el-sudoeste-bonaerense-recibidos-x\/\",\"url\":\"https:\/\/www.noticiasradioreflejos.com.ar\/2021\/turismo-regional-propuesta-del-frente-de-todos-para-el-sudoeste-bonaerense-recibidos-x\/\",\"name\":\"Turismo Regional, propuesta del Frente de Todos para el sudoeste bonaerense. - Noticias Radio Reflejos\",\"isPartOf\":{\"@id\":\"https:\/\/www.noticiasradioreflejos.com.ar\/2021\/#website\"},\"primaryImageOfPage\":{\"@id\":\"https:\/\/www.noticiasradioreflejos.com.ar\/2021\/turismo-regional-propuesta-del-frente-de-todos-para-el-sudoeste-bonaerense-recibidos-x\/#primaryimage\"},\"image\":{\"@id\":\"https:\/\/www.noticiasradioreflejos.com.ar\/2021\/turismo-regional-propuesta-del-frente-de-todos-para-el-sudoeste-bonaerense-recibidos-x\/#primaryimage\"},\"thumbnailUrl\":\"http:\/\/live.staticflickr.com\/65535\/48877819326_82456b3e8e.jpg\",\"datePublished\":\"2019-10-10T23:12:38+00:00\",\"author\":{\"@id\":\"https:\/\/www.noticiasradioreflejos.com.ar\/2021\/#\/schema\/person\/ad82545263dcc5ec0996818884fd5fb1\"},\"breadcrumb\":{\"@id\":\"https:\/\/www.noticiasradioreflejos.com.ar\/2021\/turismo-regional-propuesta-del-frente-de-todos-para-el-sudoeste-bonaerense-recibidos-x\/#breadcrumb\"},\"inLanguage\":\"es\",\"potentialAction\":[{\"@type\":\"ReadAction\",\"target\":[\"https:\/\/www.noticiasradioreflejos.com.ar\/2021\/turismo-regional-propuesta-del-frente-de-todos-para-el-sudoeste-bonaerense-recibidos-x\/\"]}]},{\"@type\":\"ImageObject\",\"inLanguage\":\"es\",\"@id\":\"https:\/\/www.noticiasradioreflejos.com.ar\/2021\/turismo-regional-propuesta-del-frente-de-todos-para-el-sudoeste-bonaerense-recibidos-x\/#primaryimage\",\"url\":\"http:\/\/live.staticflickr.com\/65535\/48877819326_82456b3e8e.jpg\",\"contentUrl\":\"http:\/\/live.staticflickr.com\/65535\/48877819326_82456b3e8e.jpg\"},{\"@type\":\"BreadcrumbList\",\"@id\":\"https:\/\/www.noticiasradioreflejos.com.ar\/2021\/turismo-regional-propuesta-del-frente-de-todos-para-el-sudoeste-bonaerense-recibidos-x\/#breadcrumb\",\"itemListElement\":[{\"@type\":\"ListItem\",\"position\":1,\"name\":\"Portada\",\"item\":\"https:\/\/www.noticiasradioreflejos.com.ar\/2021\/\"},{\"@type\":\"ListItem\",\"position\":2,\"name\":\"Turismo Regional, propuesta del Frente de Todos para el sudoeste bonaerense.\"}]},{\"@type\":\"WebSite\",\"@id\":\"https:\/\/www.noticiasradioreflejos.com.ar\/2021\/#website\",\"url\":\"https:\/\/www.noticiasradioreflejos.com.ar\/2021\/\",\"name\":\"Noticias Radio Reflejos\",\"description\":\"Las noticias de mi comarca\",\"potentialAction\":[{\"@type\":\"SearchAction\",\"target\":{\"@type\":\"EntryPoint\",\"urlTemplate\":\"https:\/\/www.noticiasradioreflejos.com.ar\/2021\/?s={search_term_string}\"},\"query-input\":{\"@type\":\"PropertyValueSpecification\",\"valueRequired\":true,\"valueName\":\"search_term_string\"}}],\"inLanguage\":\"es\"},{\"@type\":\"Person\",\"@id\":\"https:\/\/www.noticiasradioreflejos.com.ar\/2021\/#\/schema\/person\/ad82545263dcc5ec0996818884fd5fb1\",\"name\":\"Arnaldo Botto\",\"image\":{\"@type\":\"ImageObject\",\"inLanguage\":\"es\",\"@id\":\"https:\/\/www.noticiasradioreflejos.com.ar\/2021\/#\/schema\/person\/image\/\",\"url\":\"https:\/\/secure.gravatar.com\/avatar\/55cb5e37c1efa326397366e6974cb338056df65cb50e7d64d1cf314e87504837?s=96&d=mm&r=g\",\"contentUrl\":\"https:\/\/secure.gravatar.com\/avatar\/55cb5e37c1efa326397366e6974cb338056df65cb50e7d64d1cf314e87504837?s=96&d=mm&r=g\",\"caption\":\"Arnaldo Botto\"},\"url\":\"https:\/\/www.noticiasradioreflejos.com.ar\/2021\/author\/arnaldo\/\"}]}<\/script>\n<!-- \/ Yoast SEO plugin. -->","yoast_head_json":{"title":"Turismo Regional, propuesta del Frente de Todos para el sudoeste bonaerense. - Noticias Radio Reflejos","robots":{"index":"index","follow":"follow","max-snippet":"max-snippet:-1","max-image-preview":"max-image-preview:large","max-video-preview":"max-video-preview:-1"},"canonical":"https:\/\/www.noticiasradioreflejos.com.ar\/2021\/turismo-regional-propuesta-del-frente-de-todos-para-el-sudoeste-bonaerense-recibidos-x\/","og_locale":"es_ES","og_type":"article","og_title":"Turismo Regional, propuesta del Frente de Todos para el sudoeste bonaerense. - Noticias Radio Reflejos","og_description":"Con una muy buena afluencia de actores pertenecientes al sector, se llev\u00f3 a cabo en Sierra de la Ventana una reuni\u00f3n denominada \u201cEncuentro Regional de Turismo. Nuevas estrategias para el desarrollo del sector. Oportunidades de crecimiento y empleo\u201d, organizada por el Frente de Todos y encabezada por el candidato a intendente, licenciado Gustavo Trankels.","og_url":"https:\/\/www.noticiasradioreflejos.com.ar\/2021\/turismo-regional-propuesta-del-frente-de-todos-para-el-sudoeste-bonaerense-recibidos-x\/","og_site_name":"Noticias Radio Reflejos","article_published_time":"2019-10-10T23:12:38+00:00","og_image":[{"url":"http:\/\/live.staticflickr.com\/65535\/48877819326_82456b3e8e.jpg","type":"","width":"","height":""}],"author":"Arnaldo Botto","twitter_card":"summary_large_image","schema":{"@context":"https:\/\/schema.org","@graph":[{"@type":"WebPage","@id":"https:\/\/www.noticiasradioreflejos.com.ar\/2021\/turismo-regional-propuesta-del-frente-de-todos-para-el-sudoeste-bonaerense-recibidos-x\/","url":"https:\/\/www.noticiasradioreflejos.com.ar\/2021\/turismo-regional-propuesta-del-frente-de-todos-para-el-sudoeste-bonaerense-recibidos-x\/","name":"Turismo Regional, propuesta del Frente de Todos para el sudoeste bonaerense. - Noticias Radio Reflejos","isPartOf":{"@id":"https:\/\/www.noticiasradioreflejos.com.ar\/2021\/#website"},"primaryImageOfPage":{"@id":"https:\/\/www.noticiasradioreflejos.com.ar\/2021\/turismo-regional-propuesta-del-frente-de-todos-para-el-sudoeste-bonaerense-recibidos-x\/#primaryimage"},"image":{"@id":"https:\/\/www.noticiasradioreflejos.com.ar\/2021\/turismo-regional-propuesta-del-frente-de-todos-para-el-sudoeste-bonaerense-recibidos-x\/#primaryimage"},"thumbnailUrl":"http:\/\/live.staticflickr.com\/65535\/48877819326_82456b3e8e.jpg","datePublished":"2019-10-10T23:12:38+00:00","author":{"@id":"https:\/\/www.noticiasradioreflejos.com.ar\/2021\/#\/schema\/person\/ad82545263dcc5ec0996818884fd5fb1"},"breadcrumb":{"@id":"https:\/\/www.noticiasradioreflejos.com.ar\/2021\/turismo-regional-propuesta-del-frente-de-todos-para-el-sudoeste-bonaerense-recibidos-x\/#breadcrumb"},"inLanguage":"es","potentialAction":[{"@type":"ReadAction","target":["https:\/\/www.noticiasradioreflejos.com.ar\/2021\/turismo-regional-propuesta-del-frente-de-todos-para-el-sudoeste-bonaerense-recibidos-x\/"]}]},{"@type":"ImageObject","inLanguage":"es","@id":"https:\/\/www.noticiasradioreflejos.com.ar\/2021\/turismo-regional-propuesta-del-frente-de-todos-para-el-sudoeste-bonaerense-recibidos-x\/#primaryimage","url":"http:\/\/live.staticflickr.com\/65535\/48877819326_82456b3e8e.jpg","contentUrl":"http:\/\/live.staticflickr.com\/65535\/48877819326_82456b3e8e.jpg"},{"@type":"BreadcrumbList","@id":"https:\/\/www.noticiasradioreflejos.com.ar\/2021\/turismo-regional-propuesta-del-frente-de-todos-para-el-sudoeste-bonaerense-recibidos-x\/#breadcrumb","itemListElement":[{"@type":"ListItem","position":1,"name":"Portada","item":"https:\/\/www.noticiasradioreflejos.com.ar\/2021\/"},{"@type":"ListItem","position":2,"name":"Turismo Regional, propuesta del Frente de Todos para el sudoeste bonaerense."}]},{"@type":"WebSite","@id":"https:\/\/www.noticiasradioreflejos.com.ar\/2021\/#website","url":"https:\/\/www.noticiasradioreflejos.com.ar\/2021\/","name":"Noticias Radio Reflejos","description":"Las noticias de mi comarca","potentialAction":[{"@type":"SearchAction","target":{"@type":"EntryPoint","urlTemplate":"https:\/\/www.noticiasradioreflejos.com.ar\/2021\/?s={search_term_string}"},"query-input":{"@type":"PropertyValueSpecification","valueRequired":true,"valueName":"search_term_string"}}],"inLanguage":"es"},{"@type":"Person","@id":"https:\/\/www.noticiasradioreflejos.com.ar\/2021\/#\/schema\/person\/ad82545263dcc5ec0996818884fd5fb1","name":"Arnaldo Botto","image":{"@type":"ImageObject","inLanguage":"es","@id":"https:\/\/www.noticiasradioreflejos.com.ar\/2021\/#\/schema\/person\/image\/","url":"https:\/\/secure.gravatar.com\/avatar\/55cb5e37c1efa326397366e6974cb338056df65cb50e7d64d1cf314e87504837?s=96&d=mm&r=g","contentUrl":"https:\/\/secure.gravatar.com\/avatar\/55cb5e37c1efa326397366e6974cb338056df65cb50e7d64d1cf314e87504837?s=96&d=mm&r=g","caption":"Arnaldo Botto"},"url":"https:\/\/www.noticiasradioreflejos.com.ar\/2021\/author\/arnaldo\/"}]}},"_links":{"self":[{"href":"https:\/\/www.noticiasradioreflejos.com.ar\/2021\/wp-json\/wp\/v2\/posts\/35516","targetHints":{"allow":["GET"]}}],"collection":[{"href":"https:\/\/www.noticiasradioreflejos.com.ar\/2021\/wp-json\/wp\/v2\/posts"}],"about":[{"href":"https:\/\/www.noticiasradioreflejos.com.ar\/2021\/wp-json\/wp\/v2\/types\/post"}],"author":[{"embeddable":true,"href":"https:\/\/www.noticiasradioreflejos.com.ar\/2021\/wp-json\/wp\/v2\/users\/3"}],"replies":[{"embeddable":true,"href":"https:\/\/www.noticiasradioreflejos.com.ar\/2021\/wp-json\/wp\/v2\/comments?post=35516"}],"version-history":[{"count":0,"href":"https:\/\/www.noticiasradioreflejos.com.ar\/2021\/wp-json\/wp\/v2\/posts\/35516\/revisions"}],"wp:attachment":[{"href":"https:\/\/www.noticiasradioreflejos.com.ar\/2021\/wp-json\/wp\/v2\/media?parent=35516"}],"wp:term":[{"taxonomy":"category","embeddable":true,"href":"https:\/\/www.noticiasradioreflejos.com.ar\/2021\/wp-json\/wp\/v2\/categories?post=35516"},{"taxonomy":"post_tag","embeddable":true,"href":"https:\/\/www.noticiasradioreflejos.com.ar\/2021\/wp-json\/wp\/v2\/tags?post=35516"}],"curies":[{"name":"wp","href":"https:\/\/api.w.org\/{rel}","templated":true}]}}