{"id":35512,"date":"2019-10-10T20:06:12","date_gmt":"2019-10-10T23:06:12","guid":{"rendered":"http:\/\/www.noticiasradioreflejos.com.ar\/noticias\/?p=35512"},"modified":"2019-10-10T20:06:12","modified_gmt":"2019-10-10T23:06:12","slug":"avances-y-actividades-de-la-biblioteca-de-sierra-de-la-ventana","status":"publish","type":"post","link":"https:\/\/www.noticiasradioreflejos.com.ar\/2021\/avances-y-actividades-de-la-biblioteca-de-sierra-de-la-ventana\/","title":{"rendered":"Avances y Actividades de la Biblioteca de Sierra de la Ventana."},"content":{"rendered":"<p><strong>Informe de la Biblioteca popular Mariano Moreno:<\/strong><br \/>\nEstimados socios, queremos contarles los avances que venimos teniendo en nuestra Biblioteca y las pr\u00f3ximas actividades del mes de octubre.<!--more--><br \/>\nDesde el lunes 7 hasta el mi\u00e9rcoles 9 de octubre estuvo en el Distrito la Ilustradora Virginia Pi\u00f1on quien trabaj\u00f3 con los chicos de las escuelas primarias de Sierra de la ventana, Saldungaray, Villa ventana, Tornquist y Chasic\u00f3, dicha actividad se comenz\u00f3 a gestionar desde nuestra Biblioteca y se trabaj\u00f3 en conjunto con todas las Bibliotecas del Distrito de Tornquist, pudimos llevar a cabo dicha actividad gracias al apoyo del Municipio.<br \/>\nTodos los meses vamos renovando las cajas de las Bibliotecas Ambulantes.<br \/>\nContinuamos comprando nuevos libros mes a mes, a gusto de cada lector.<br \/>\nSeguimos con los talleres semanales, los d\u00edas lunes 15hs taller de Poes\u00eda a cargo de Natalia Molina, a las 19hs, taller de Filosof\u00eda por Emilio Ar\u00e9valo, martes 15hs Dise\u00f1o gr\u00e1fico por Micaela Labrador, 16hs Apoyo escolar por Andrea Benitez, 18hs taller de Narraci\u00f3n a cargo de Natalia Molina, los mi\u00e9rcoles 15.30hs taller de narraci\u00f3n en el Centro de Jubilados, por Renata Ceballos, (gracias al aporte de la Cooperativa El\u00e9ctrica de Sierra de la Ventana). 18Hs taller de guitarra con Regulo Ter\u00e1n, los d\u00edas jueves 15hs taller de fotograf\u00eda por Antonela Pelorosso, 16hs apoyo escolar por Andrea Benitez, 18hs A jugar ajedrez, Todos los talleres son gratuitos gracias al aporte de la Municipalidad de Tornquist.<br \/>\nEl s\u00e1bado 12 de octubre 15.30hs estaremos presentes en el Desfile de la celebraci\u00f3n del 46 aniversario de Bomberos.<br \/>\nEl 19 de octubre 17hs. Festejamos el cumple de la Biblio, Te esperamos con cosas ricas, m\u00fasica en vivo, Poes\u00eda, narraciones, Espacio de pensamiento espontaneo.<br \/>\nGracias por el acompa\u00f1amiento y colaboraci\u00f3n permanente, entre todos hacemos que la Biblio siga creciendo y siendo parte de todos.<\/p>\n","protected":false},"excerpt":{"rendered":"<p>Informe de la Biblioteca popular Mariano Moreno: Estimados socios, queremos contarles los avances que venimos teniendo en nuestra Biblioteca y las pr\u00f3ximas actividades del mes de octubre.<\/p>\n","protected":false},"author":3,"featured_media":0,"comment_status":"closed","ping_status":"open","sticky":false,"template":"","format":"standard","meta":{"footnotes":""},"categories":[26],"tags":[],"class_list":["post-35512","post","type-post","status-publish","format-standard","hentry","category-sociedad"],"yoast_head":"<!-- This site is optimized with the Yoast SEO plugin v25.9 - https:\/\/yoast.com\/wordpress\/plugins\/seo\/ -->\n<title>Avances y Actividades de la Biblioteca de Sierra de la Ventana. - Noticias Radio Reflejos<\/title>\n<meta name=\"robots\" content=\"index, follow, max-snippet:-1, max-image-preview:large, max-video-preview:-1\" \/>\n<link rel=\"canonical\" href=\"https:\/\/www.noticiasradioreflejos.com.ar\/2021\/avances-y-actividades-de-la-biblioteca-de-sierra-de-la-ventana\/\" \/>\n<meta property=\"og:locale\" content=\"es_ES\" \/>\n<meta property=\"og:type\" content=\"article\" \/>\n<meta property=\"og:title\" content=\"Avances y Actividades de la Biblioteca de Sierra de la Ventana. - Noticias Radio Reflejos\" \/>\n<meta property=\"og:description\" content=\"Informe de la Biblioteca popular Mariano Moreno: Estimados socios, queremos contarles los avances que venimos teniendo en nuestra Biblioteca y las pr\u00f3ximas actividades del mes de octubre.\" \/>\n<meta property=\"og:url\" content=\"https:\/\/www.noticiasradioreflejos.com.ar\/2021\/avances-y-actividades-de-la-biblioteca-de-sierra-de-la-ventana\/\" \/>\n<meta property=\"og:site_name\" content=\"Noticias Radio Reflejos\" \/>\n<meta property=\"article:published_time\" content=\"2019-10-10T23:06:12+00:00\" \/>\n<meta property=\"og:image\" content=\"https:\/\/www.noticiasradioreflejos.com.ar\/2021\/wp-content\/uploads\/2021\/07\/logosol300x200.png\" \/>\n\t<meta property=\"og:image:width\" content=\"300\" \/>\n\t<meta property=\"og:image:height\" content=\"200\" \/>\n\t<meta property=\"og:image:type\" content=\"image\/png\" \/>\n<meta name=\"author\" content=\"Arnaldo Botto\" \/>\n<meta name=\"twitter:card\" content=\"summary_large_image\" \/>\n<script type=\"application\/ld+json\" class=\"yoast-schema-graph\">{\"@context\":\"https:\/\/schema.org\",\"@graph\":[{\"@type\":\"WebPage\",\"@id\":\"https:\/\/www.noticiasradioreflejos.com.ar\/2021\/avances-y-actividades-de-la-biblioteca-de-sierra-de-la-ventana\/\",\"url\":\"https:\/\/www.noticiasradioreflejos.com.ar\/2021\/avances-y-actividades-de-la-biblioteca-de-sierra-de-la-ventana\/\",\"name\":\"Avances y Actividades de la Biblioteca de Sierra de la Ventana. - Noticias Radio Reflejos\",\"isPartOf\":{\"@id\":\"https:\/\/www.noticiasradioreflejos.com.ar\/2021\/#website\"},\"datePublished\":\"2019-10-10T23:06:12+00:00\",\"author\":{\"@id\":\"https:\/\/www.noticiasradioreflejos.com.ar\/2021\/#\/schema\/person\/ad82545263dcc5ec0996818884fd5fb1\"},\"breadcrumb\":{\"@id\":\"https:\/\/www.noticiasradioreflejos.com.ar\/2021\/avances-y-actividades-de-la-biblioteca-de-sierra-de-la-ventana\/#breadcrumb\"},\"inLanguage\":\"es\",\"potentialAction\":[{\"@type\":\"ReadAction\",\"target\":[\"https:\/\/www.noticiasradioreflejos.com.ar\/2021\/avances-y-actividades-de-la-biblioteca-de-sierra-de-la-ventana\/\"]}]},{\"@type\":\"BreadcrumbList\",\"@id\":\"https:\/\/www.noticiasradioreflejos.com.ar\/2021\/avances-y-actividades-de-la-biblioteca-de-sierra-de-la-ventana\/#breadcrumb\",\"itemListElement\":[{\"@type\":\"ListItem\",\"position\":1,\"name\":\"Portada\",\"item\":\"https:\/\/www.noticiasradioreflejos.com.ar\/2021\/\"},{\"@type\":\"ListItem\",\"position\":2,\"name\":\"Avances y Actividades de la Biblioteca de Sierra de la Ventana.\"}]},{\"@type\":\"WebSite\",\"@id\":\"https:\/\/www.noticiasradioreflejos.com.ar\/2021\/#website\",\"url\":\"https:\/\/www.noticiasradioreflejos.com.ar\/2021\/\",\"name\":\"Noticias Radio Reflejos\",\"description\":\"Las noticias de mi comarca\",\"potentialAction\":[{\"@type\":\"SearchAction\",\"target\":{\"@type\":\"EntryPoint\",\"urlTemplate\":\"https:\/\/www.noticiasradioreflejos.com.ar\/2021\/?s={search_term_string}\"},\"query-input\":{\"@type\":\"PropertyValueSpecification\",\"valueRequired\":true,\"valueName\":\"search_term_string\"}}],\"inLanguage\":\"es\"},{\"@type\":\"Person\",\"@id\":\"https:\/\/www.noticiasradioreflejos.com.ar\/2021\/#\/schema\/person\/ad82545263dcc5ec0996818884fd5fb1\",\"name\":\"Arnaldo Botto\",\"image\":{\"@type\":\"ImageObject\",\"inLanguage\":\"es\",\"@id\":\"https:\/\/www.noticiasradioreflejos.com.ar\/2021\/#\/schema\/person\/image\/\",\"url\":\"https:\/\/secure.gravatar.com\/avatar\/55cb5e37c1efa326397366e6974cb338056df65cb50e7d64d1cf314e87504837?s=96&d=mm&r=g\",\"contentUrl\":\"https:\/\/secure.gravatar.com\/avatar\/55cb5e37c1efa326397366e6974cb338056df65cb50e7d64d1cf314e87504837?s=96&d=mm&r=g\",\"caption\":\"Arnaldo Botto\"},\"url\":\"https:\/\/www.noticiasradioreflejos.com.ar\/2021\/author\/arnaldo\/\"}]}<\/script>\n<!-- \/ Yoast SEO plugin. -->","yoast_head_json":{"title":"Avances y Actividades de la Biblioteca de Sierra de la Ventana. - Noticias Radio Reflejos","robots":{"index":"index","follow":"follow","max-snippet":"max-snippet:-1","max-image-preview":"max-image-preview:large","max-video-preview":"max-video-preview:-1"},"canonical":"https:\/\/www.noticiasradioreflejos.com.ar\/2021\/avances-y-actividades-de-la-biblioteca-de-sierra-de-la-ventana\/","og_locale":"es_ES","og_type":"article","og_title":"Avances y Actividades de la Biblioteca de Sierra de la Ventana. - Noticias Radio Reflejos","og_description":"Informe de la Biblioteca popular Mariano Moreno: Estimados socios, queremos contarles los avances que venimos teniendo en nuestra Biblioteca y las pr\u00f3ximas actividades del mes de octubre.","og_url":"https:\/\/www.noticiasradioreflejos.com.ar\/2021\/avances-y-actividades-de-la-biblioteca-de-sierra-de-la-ventana\/","og_site_name":"Noticias Radio Reflejos","article_published_time":"2019-10-10T23:06:12+00:00","og_image":[{"width":300,"height":200,"url":"https:\/\/www.noticiasradioreflejos.com.ar\/2021\/wp-content\/uploads\/2021\/07\/logosol300x200.png","type":"image\/png"}],"author":"Arnaldo Botto","twitter_card":"summary_large_image","schema":{"@context":"https:\/\/schema.org","@graph":[{"@type":"WebPage","@id":"https:\/\/www.noticiasradioreflejos.com.ar\/2021\/avances-y-actividades-de-la-biblioteca-de-sierra-de-la-ventana\/","url":"https:\/\/www.noticiasradioreflejos.com.ar\/2021\/avances-y-actividades-de-la-biblioteca-de-sierra-de-la-ventana\/","name":"Avances y Actividades de la Biblioteca de Sierra de la Ventana. - Noticias Radio Reflejos","isPartOf":{"@id":"https:\/\/www.noticiasradioreflejos.com.ar\/2021\/#website"},"datePublished":"2019-10-10T23:06:12+00:00","author":{"@id":"https:\/\/www.noticiasradioreflejos.com.ar\/2021\/#\/schema\/person\/ad82545263dcc5ec0996818884fd5fb1"},"breadcrumb":{"@id":"https:\/\/www.noticiasradioreflejos.com.ar\/2021\/avances-y-actividades-de-la-biblioteca-de-sierra-de-la-ventana\/#breadcrumb"},"inLanguage":"es","potentialAction":[{"@type":"ReadAction","target":["https:\/\/www.noticiasradioreflejos.com.ar\/2021\/avances-y-actividades-de-la-biblioteca-de-sierra-de-la-ventana\/"]}]},{"@type":"BreadcrumbList","@id":"https:\/\/www.noticiasradioreflejos.com.ar\/2021\/avances-y-actividades-de-la-biblioteca-de-sierra-de-la-ventana\/#breadcrumb","itemListElement":[{"@type":"ListItem","position":1,"name":"Portada","item":"https:\/\/www.noticiasradioreflejos.com.ar\/2021\/"},{"@type":"ListItem","position":2,"name":"Avances y Actividades de la Biblioteca de Sierra de la Ventana."}]},{"@type":"WebSite","@id":"https:\/\/www.noticiasradioreflejos.com.ar\/2021\/#website","url":"https:\/\/www.noticiasradioreflejos.com.ar\/2021\/","name":"Noticias Radio Reflejos","description":"Las noticias de mi comarca","potentialAction":[{"@type":"SearchAction","target":{"@type":"EntryPoint","urlTemplate":"https:\/\/www.noticiasradioreflejos.com.ar\/2021\/?s={search_term_string}"},"query-input":{"@type":"PropertyValueSpecification","valueRequired":true,"valueName":"search_term_string"}}],"inLanguage":"es"},{"@type":"Person","@id":"https:\/\/www.noticiasradioreflejos.com.ar\/2021\/#\/schema\/person\/ad82545263dcc5ec0996818884fd5fb1","name":"Arnaldo Botto","image":{"@type":"ImageObject","inLanguage":"es","@id":"https:\/\/www.noticiasradioreflejos.com.ar\/2021\/#\/schema\/person\/image\/","url":"https:\/\/secure.gravatar.com\/avatar\/55cb5e37c1efa326397366e6974cb338056df65cb50e7d64d1cf314e87504837?s=96&d=mm&r=g","contentUrl":"https:\/\/secure.gravatar.com\/avatar\/55cb5e37c1efa326397366e6974cb338056df65cb50e7d64d1cf314e87504837?s=96&d=mm&r=g","caption":"Arnaldo Botto"},"url":"https:\/\/www.noticiasradioreflejos.com.ar\/2021\/author\/arnaldo\/"}]}},"_links":{"self":[{"href":"https:\/\/www.noticiasradioreflejos.com.ar\/2021\/wp-json\/wp\/v2\/posts\/35512","targetHints":{"allow":["GET"]}}],"collection":[{"href":"https:\/\/www.noticiasradioreflejos.com.ar\/2021\/wp-json\/wp\/v2\/posts"}],"about":[{"href":"https:\/\/www.noticiasradioreflejos.com.ar\/2021\/wp-json\/wp\/v2\/types\/post"}],"author":[{"embeddable":true,"href":"https:\/\/www.noticiasradioreflejos.com.ar\/2021\/wp-json\/wp\/v2\/users\/3"}],"replies":[{"embeddable":true,"href":"https:\/\/www.noticiasradioreflejos.com.ar\/2021\/wp-json\/wp\/v2\/comments?post=35512"}],"version-history":[{"count":0,"href":"https:\/\/www.noticiasradioreflejos.com.ar\/2021\/wp-json\/wp\/v2\/posts\/35512\/revisions"}],"wp:attachment":[{"href":"https:\/\/www.noticiasradioreflejos.com.ar\/2021\/wp-json\/wp\/v2\/media?parent=35512"}],"wp:term":[{"taxonomy":"category","embeddable":true,"href":"https:\/\/www.noticiasradioreflejos.com.ar\/2021\/wp-json\/wp\/v2\/categories?post=35512"},{"taxonomy":"post_tag","embeddable":true,"href":"https:\/\/www.noticiasradioreflejos.com.ar\/2021\/wp-json\/wp\/v2\/tags?post=35512"}],"curies":[{"name":"wp","href":"https:\/\/api.w.org\/{rel}","templated":true}]}}