{"id":35502,"date":"2019-10-10T19:52:49","date_gmt":"2019-10-10T22:52:49","guid":{"rendered":"http:\/\/www.noticiasradioreflejos.com.ar\/noticias\/?p=35502"},"modified":"2019-10-10T19:52:49","modified_gmt":"2019-10-10T22:52:49","slug":"las-cooperativas-bonaerenses-ya-pueden-gestionar-todos-sus-tramites-online","status":"publish","type":"post","link":"https:\/\/www.noticiasradioreflejos.com.ar\/2021\/las-cooperativas-bonaerenses-ya-pueden-gestionar-todos-sus-tramites-online\/","title":{"rendered":"Las Cooperativas bonaerenses ya pueden gestionar todos sus tr\u00e1mites online"},"content":{"rendered":"<p>La operatividad, que forma parte de un proceso iniciado por el Gobierno provincial hace m\u00e1s de tres a\u00f1os, permite ahorrar m\u00e1s de 38 millones de pesos y tiempo a los cooperativistas.<br \/>\nComo parte del proceso de simplificaci\u00f3n productiva que llevan adelante los gobiernos de Naci\u00f3n y Provincia, la totalidad de los tr\u00e1mites vinculados al sector del cooperativismo pueden resolverse de manera online y a distancia, con el objetivo de agilizar los procedimientos y bajar costos para los usuarios<!--more-->.La modalidad permite ahorrar a los cooperativistas m\u00e1s de 38 millones de pesos, en conceptos de log\u00edstica y otros costos. Asimismo, los interesados pueden acceder a los tr\u00e1mites relacionados al sector productivo bonaerense que ya est\u00e1n habilitados ingresando en https:\/\/portal.gba.gob.ar\/<br \/>\nEntre las gestiones que pueden resolverse para quienes inician su actividad en el sector, se encuentran la constituci\u00f3n de cooperativas, la inscripci\u00f3n Provincial de Cooperativas, el curso de capacitaci\u00f3n obligatorio; en tanto que para aquellas cooperativas que ya est\u00e1n constituidas se hallan la inscripci\u00f3n de apertura de sucursales, la inscripci\u00f3n del Reglamento Interno, la autorizaci\u00f3n para funcionar de Cooperativa de Cooperativas, la autorizaci\u00f3n para funcionar de entidades de Segundo y Tercer Grado, el cambio de Sede Social, la autorizaci\u00f3n de sistema computarizado de libros sociales, el cambio de Integraci\u00f3n del Consejo de Administraci\u00f3n, la inscripci\u00f3n de reforma de Estatuto Social, y otros.<br \/>\nAl respecto, el ministro de Producci\u00f3n de la provincia de Buenos Aires, Javier Tizado, remarc\u00f3 que \u201cse trata de un plan de simplificaci\u00f3n y agilizaci\u00f3n de procedimientos que tiene un impacto directo para los productores, que ya no necesitan acceder a un tr\u00e1mite de forma presencial y perder tiempo y dinero. No es una cuesti\u00f3n menor, esto se traduce en rentabilidad y utilidad productiva\u201d.<br \/>\nLa operaci\u00f3n es simple: el interesado ingresa en el portal, inicia sesi\u00f3n tal como lo requiere el sistema y luego procede a generar el tr\u00e1mite solicitado. Algunos son gratuitos y aquellos que son pagos se pueden abonar online.<br \/>\nV\u00ednculos relacionados: https:\/\/www.gba.gob.ar\/produccion\/noticias\/las_pymes_bonaerenses_ya_ahorran_165_millones_de_pesos_en_tr%C3%A1mites<\/p>\n","protected":false},"excerpt":{"rendered":"<p>La operatividad, que forma parte de un proceso iniciado por el Gobierno provincial hace m\u00e1s de tres a\u00f1os, permite ahorrar m\u00e1s de 38 millones de pesos y tiempo a los cooperativistas. Como parte del proceso de simplificaci\u00f3n productiva que llevan adelante los gobiernos de Naci\u00f3n y Provincia, la totalidad de los tr\u00e1mites vinculados al sector [&hellip;]<\/p>\n","protected":false},"author":3,"featured_media":35503,"comment_status":"closed","ping_status":"open","sticky":false,"template":"","format":"standard","meta":{"footnotes":""},"categories":[26],"tags":[],"class_list":["post-35502","post","type-post","status-publish","format-standard","has-post-thumbnail","hentry","category-sociedad"],"yoast_head":"<!-- This site is optimized with the Yoast SEO plugin v25.9 - https:\/\/yoast.com\/wordpress\/plugins\/seo\/ -->\n<title>Las Cooperativas bonaerenses ya pueden gestionar todos sus tr\u00e1mites online - Noticias Radio Reflejos<\/title>\n<meta name=\"robots\" content=\"index, follow, max-snippet:-1, max-image-preview:large, max-video-preview:-1\" \/>\n<link rel=\"canonical\" href=\"https:\/\/www.noticiasradioreflejos.com.ar\/2021\/las-cooperativas-bonaerenses-ya-pueden-gestionar-todos-sus-tramites-online\/\" \/>\n<meta property=\"og:locale\" content=\"es_ES\" \/>\n<meta property=\"og:type\" content=\"article\" \/>\n<meta property=\"og:title\" content=\"Las Cooperativas bonaerenses ya pueden gestionar todos sus tr\u00e1mites online - Noticias Radio Reflejos\" \/>\n<meta property=\"og:description\" content=\"La operatividad, que forma parte de un proceso iniciado por el Gobierno provincial hace m\u00e1s de tres a\u00f1os, permite ahorrar m\u00e1s de 38 millones de pesos y tiempo a los cooperativistas. Como parte del proceso de simplificaci\u00f3n productiva que llevan adelante los gobiernos de Naci\u00f3n y Provincia, la totalidad de los tr\u00e1mites vinculados al sector [&hellip;]\" \/>\n<meta property=\"og:url\" content=\"https:\/\/www.noticiasradioreflejos.com.ar\/2021\/las-cooperativas-bonaerenses-ya-pueden-gestionar-todos-sus-tramites-online\/\" \/>\n<meta property=\"og:site_name\" content=\"Noticias Radio Reflejos\" \/>\n<meta property=\"article:published_time\" content=\"2019-10-10T22:52:49+00:00\" \/>\n<meta property=\"og:image\" content=\"https:\/\/www.noticiasradioreflejos.com.ar\/2021\/wp-content\/uploads\/2019\/10\/cooperativas.jpg\" \/>\n\t<meta property=\"og:image:width\" content=\"615\" \/>\n\t<meta property=\"og:image:height\" content=\"381\" \/>\n\t<meta property=\"og:image:type\" content=\"image\/jpeg\" \/>\n<meta name=\"author\" content=\"Arnaldo Botto\" \/>\n<meta name=\"twitter:card\" content=\"summary_large_image\" \/>\n<script type=\"application\/ld+json\" class=\"yoast-schema-graph\">{\"@context\":\"https:\/\/schema.org\",\"@graph\":[{\"@type\":\"WebPage\",\"@id\":\"https:\/\/www.noticiasradioreflejos.com.ar\/2021\/las-cooperativas-bonaerenses-ya-pueden-gestionar-todos-sus-tramites-online\/\",\"url\":\"https:\/\/www.noticiasradioreflejos.com.ar\/2021\/las-cooperativas-bonaerenses-ya-pueden-gestionar-todos-sus-tramites-online\/\",\"name\":\"Las Cooperativas bonaerenses ya pueden gestionar todos sus tr\u00e1mites online - Noticias Radio Reflejos\",\"isPartOf\":{\"@id\":\"https:\/\/www.noticiasradioreflejos.com.ar\/2021\/#website\"},\"primaryImageOfPage\":{\"@id\":\"https:\/\/www.noticiasradioreflejos.com.ar\/2021\/las-cooperativas-bonaerenses-ya-pueden-gestionar-todos-sus-tramites-online\/#primaryimage\"},\"image\":{\"@id\":\"https:\/\/www.noticiasradioreflejos.com.ar\/2021\/las-cooperativas-bonaerenses-ya-pueden-gestionar-todos-sus-tramites-online\/#primaryimage\"},\"thumbnailUrl\":\"https:\/\/www.noticiasradioreflejos.com.ar\/2021\/wp-content\/uploads\/2019\/10\/cooperativas.jpg\",\"datePublished\":\"2019-10-10T22:52:49+00:00\",\"author\":{\"@id\":\"https:\/\/www.noticiasradioreflejos.com.ar\/2021\/#\/schema\/person\/ad82545263dcc5ec0996818884fd5fb1\"},\"breadcrumb\":{\"@id\":\"https:\/\/www.noticiasradioreflejos.com.ar\/2021\/las-cooperativas-bonaerenses-ya-pueden-gestionar-todos-sus-tramites-online\/#breadcrumb\"},\"inLanguage\":\"es\",\"potentialAction\":[{\"@type\":\"ReadAction\",\"target\":[\"https:\/\/www.noticiasradioreflejos.com.ar\/2021\/las-cooperativas-bonaerenses-ya-pueden-gestionar-todos-sus-tramites-online\/\"]}]},{\"@type\":\"ImageObject\",\"inLanguage\":\"es\",\"@id\":\"https:\/\/www.noticiasradioreflejos.com.ar\/2021\/las-cooperativas-bonaerenses-ya-pueden-gestionar-todos-sus-tramites-online\/#primaryimage\",\"url\":\"https:\/\/www.noticiasradioreflejos.com.ar\/2021\/wp-content\/uploads\/2019\/10\/cooperativas.jpg\",\"contentUrl\":\"https:\/\/www.noticiasradioreflejos.com.ar\/2021\/wp-content\/uploads\/2019\/10\/cooperativas.jpg\",\"width\":615,\"height\":381},{\"@type\":\"BreadcrumbList\",\"@id\":\"https:\/\/www.noticiasradioreflejos.com.ar\/2021\/las-cooperativas-bonaerenses-ya-pueden-gestionar-todos-sus-tramites-online\/#breadcrumb\",\"itemListElement\":[{\"@type\":\"ListItem\",\"position\":1,\"name\":\"Portada\",\"item\":\"https:\/\/www.noticiasradioreflejos.com.ar\/2021\/\"},{\"@type\":\"ListItem\",\"position\":2,\"name\":\"Las Cooperativas bonaerenses ya pueden gestionar todos sus tr\u00e1mites online\"}]},{\"@type\":\"WebSite\",\"@id\":\"https:\/\/www.noticiasradioreflejos.com.ar\/2021\/#website\",\"url\":\"https:\/\/www.noticiasradioreflejos.com.ar\/2021\/\",\"name\":\"Noticias Radio Reflejos\",\"description\":\"Las noticias de mi comarca\",\"potentialAction\":[{\"@type\":\"SearchAction\",\"target\":{\"@type\":\"EntryPoint\",\"urlTemplate\":\"https:\/\/www.noticiasradioreflejos.com.ar\/2021\/?s={search_term_string}\"},\"query-input\":{\"@type\":\"PropertyValueSpecification\",\"valueRequired\":true,\"valueName\":\"search_term_string\"}}],\"inLanguage\":\"es\"},{\"@type\":\"Person\",\"@id\":\"https:\/\/www.noticiasradioreflejos.com.ar\/2021\/#\/schema\/person\/ad82545263dcc5ec0996818884fd5fb1\",\"name\":\"Arnaldo Botto\",\"image\":{\"@type\":\"ImageObject\",\"inLanguage\":\"es\",\"@id\":\"https:\/\/www.noticiasradioreflejos.com.ar\/2021\/#\/schema\/person\/image\/\",\"url\":\"https:\/\/secure.gravatar.com\/avatar\/55cb5e37c1efa326397366e6974cb338056df65cb50e7d64d1cf314e87504837?s=96&d=mm&r=g\",\"contentUrl\":\"https:\/\/secure.gravatar.com\/avatar\/55cb5e37c1efa326397366e6974cb338056df65cb50e7d64d1cf314e87504837?s=96&d=mm&r=g\",\"caption\":\"Arnaldo Botto\"},\"url\":\"https:\/\/www.noticiasradioreflejos.com.ar\/2021\/author\/arnaldo\/\"}]}<\/script>\n<!-- \/ Yoast SEO plugin. -->","yoast_head_json":{"title":"Las Cooperativas bonaerenses ya pueden gestionar todos sus tr\u00e1mites online - Noticias Radio Reflejos","robots":{"index":"index","follow":"follow","max-snippet":"max-snippet:-1","max-image-preview":"max-image-preview:large","max-video-preview":"max-video-preview:-1"},"canonical":"https:\/\/www.noticiasradioreflejos.com.ar\/2021\/las-cooperativas-bonaerenses-ya-pueden-gestionar-todos-sus-tramites-online\/","og_locale":"es_ES","og_type":"article","og_title":"Las Cooperativas bonaerenses ya pueden gestionar todos sus tr\u00e1mites online - Noticias Radio Reflejos","og_description":"La operatividad, que forma parte de un proceso iniciado por el Gobierno provincial hace m\u00e1s de tres a\u00f1os, permite ahorrar m\u00e1s de 38 millones de pesos y tiempo a los cooperativistas. Como parte del proceso de simplificaci\u00f3n productiva que llevan adelante los gobiernos de Naci\u00f3n y Provincia, la totalidad de los tr\u00e1mites vinculados al sector [&hellip;]","og_url":"https:\/\/www.noticiasradioreflejos.com.ar\/2021\/las-cooperativas-bonaerenses-ya-pueden-gestionar-todos-sus-tramites-online\/","og_site_name":"Noticias Radio Reflejos","article_published_time":"2019-10-10T22:52:49+00:00","og_image":[{"width":615,"height":381,"url":"https:\/\/www.noticiasradioreflejos.com.ar\/2021\/wp-content\/uploads\/2019\/10\/cooperativas.jpg","type":"image\/jpeg"}],"author":"Arnaldo Botto","twitter_card":"summary_large_image","schema":{"@context":"https:\/\/schema.org","@graph":[{"@type":"WebPage","@id":"https:\/\/www.noticiasradioreflejos.com.ar\/2021\/las-cooperativas-bonaerenses-ya-pueden-gestionar-todos-sus-tramites-online\/","url":"https:\/\/www.noticiasradioreflejos.com.ar\/2021\/las-cooperativas-bonaerenses-ya-pueden-gestionar-todos-sus-tramites-online\/","name":"Las Cooperativas bonaerenses ya pueden gestionar todos sus tr\u00e1mites online - Noticias Radio Reflejos","isPartOf":{"@id":"https:\/\/www.noticiasradioreflejos.com.ar\/2021\/#website"},"primaryImageOfPage":{"@id":"https:\/\/www.noticiasradioreflejos.com.ar\/2021\/las-cooperativas-bonaerenses-ya-pueden-gestionar-todos-sus-tramites-online\/#primaryimage"},"image":{"@id":"https:\/\/www.noticiasradioreflejos.com.ar\/2021\/las-cooperativas-bonaerenses-ya-pueden-gestionar-todos-sus-tramites-online\/#primaryimage"},"thumbnailUrl":"https:\/\/www.noticiasradioreflejos.com.ar\/2021\/wp-content\/uploads\/2019\/10\/cooperativas.jpg","datePublished":"2019-10-10T22:52:49+00:00","author":{"@id":"https:\/\/www.noticiasradioreflejos.com.ar\/2021\/#\/schema\/person\/ad82545263dcc5ec0996818884fd5fb1"},"breadcrumb":{"@id":"https:\/\/www.noticiasradioreflejos.com.ar\/2021\/las-cooperativas-bonaerenses-ya-pueden-gestionar-todos-sus-tramites-online\/#breadcrumb"},"inLanguage":"es","potentialAction":[{"@type":"ReadAction","target":["https:\/\/www.noticiasradioreflejos.com.ar\/2021\/las-cooperativas-bonaerenses-ya-pueden-gestionar-todos-sus-tramites-online\/"]}]},{"@type":"ImageObject","inLanguage":"es","@id":"https:\/\/www.noticiasradioreflejos.com.ar\/2021\/las-cooperativas-bonaerenses-ya-pueden-gestionar-todos-sus-tramites-online\/#primaryimage","url":"https:\/\/www.noticiasradioreflejos.com.ar\/2021\/wp-content\/uploads\/2019\/10\/cooperativas.jpg","contentUrl":"https:\/\/www.noticiasradioreflejos.com.ar\/2021\/wp-content\/uploads\/2019\/10\/cooperativas.jpg","width":615,"height":381},{"@type":"BreadcrumbList","@id":"https:\/\/www.noticiasradioreflejos.com.ar\/2021\/las-cooperativas-bonaerenses-ya-pueden-gestionar-todos-sus-tramites-online\/#breadcrumb","itemListElement":[{"@type":"ListItem","position":1,"name":"Portada","item":"https:\/\/www.noticiasradioreflejos.com.ar\/2021\/"},{"@type":"ListItem","position":2,"name":"Las Cooperativas bonaerenses ya pueden gestionar todos sus tr\u00e1mites online"}]},{"@type":"WebSite","@id":"https:\/\/www.noticiasradioreflejos.com.ar\/2021\/#website","url":"https:\/\/www.noticiasradioreflejos.com.ar\/2021\/","name":"Noticias Radio Reflejos","description":"Las noticias de mi comarca","potentialAction":[{"@type":"SearchAction","target":{"@type":"EntryPoint","urlTemplate":"https:\/\/www.noticiasradioreflejos.com.ar\/2021\/?s={search_term_string}"},"query-input":{"@type":"PropertyValueSpecification","valueRequired":true,"valueName":"search_term_string"}}],"inLanguage":"es"},{"@type":"Person","@id":"https:\/\/www.noticiasradioreflejos.com.ar\/2021\/#\/schema\/person\/ad82545263dcc5ec0996818884fd5fb1","name":"Arnaldo Botto","image":{"@type":"ImageObject","inLanguage":"es","@id":"https:\/\/www.noticiasradioreflejos.com.ar\/2021\/#\/schema\/person\/image\/","url":"https:\/\/secure.gravatar.com\/avatar\/55cb5e37c1efa326397366e6974cb338056df65cb50e7d64d1cf314e87504837?s=96&d=mm&r=g","contentUrl":"https:\/\/secure.gravatar.com\/avatar\/55cb5e37c1efa326397366e6974cb338056df65cb50e7d64d1cf314e87504837?s=96&d=mm&r=g","caption":"Arnaldo Botto"},"url":"https:\/\/www.noticiasradioreflejos.com.ar\/2021\/author\/arnaldo\/"}]}},"_links":{"self":[{"href":"https:\/\/www.noticiasradioreflejos.com.ar\/2021\/wp-json\/wp\/v2\/posts\/35502","targetHints":{"allow":["GET"]}}],"collection":[{"href":"https:\/\/www.noticiasradioreflejos.com.ar\/2021\/wp-json\/wp\/v2\/posts"}],"about":[{"href":"https:\/\/www.noticiasradioreflejos.com.ar\/2021\/wp-json\/wp\/v2\/types\/post"}],"author":[{"embeddable":true,"href":"https:\/\/www.noticiasradioreflejos.com.ar\/2021\/wp-json\/wp\/v2\/users\/3"}],"replies":[{"embeddable":true,"href":"https:\/\/www.noticiasradioreflejos.com.ar\/2021\/wp-json\/wp\/v2\/comments?post=35502"}],"version-history":[{"count":0,"href":"https:\/\/www.noticiasradioreflejos.com.ar\/2021\/wp-json\/wp\/v2\/posts\/35502\/revisions"}],"wp:featuredmedia":[{"embeddable":true,"href":"https:\/\/www.noticiasradioreflejos.com.ar\/2021\/wp-json\/wp\/v2\/media\/35503"}],"wp:attachment":[{"href":"https:\/\/www.noticiasradioreflejos.com.ar\/2021\/wp-json\/wp\/v2\/media?parent=35502"}],"wp:term":[{"taxonomy":"category","embeddable":true,"href":"https:\/\/www.noticiasradioreflejos.com.ar\/2021\/wp-json\/wp\/v2\/categories?post=35502"},{"taxonomy":"post_tag","embeddable":true,"href":"https:\/\/www.noticiasradioreflejos.com.ar\/2021\/wp-json\/wp\/v2\/tags?post=35502"}],"curies":[{"name":"wp","href":"https:\/\/api.w.org\/{rel}","templated":true}]}}