{"id":35499,"date":"2019-10-10T19:48:59","date_gmt":"2019-10-10T22:48:59","guid":{"rendered":"http:\/\/www.noticiasradioreflejos.com.ar\/noticias\/?p=35499"},"modified":"2019-10-10T19:48:59","modified_gmt":"2019-10-10T22:48:59","slug":"alumnos-del-distrito-de-tornquist-participaron-de-la-instancia-provincial-del-parlamento-juvenil-del-mercosur","status":"publish","type":"post","link":"https:\/\/www.noticiasradioreflejos.com.ar\/2021\/alumnos-del-distrito-de-tornquist-participaron-de-la-instancia-provincial-del-parlamento-juvenil-del-mercosur\/","title":{"rendered":"Alumnos del distrito de Tornquist participaron de la Instancia Provincial del Parlamento Juvenil del Mercosur"},"content":{"rendered":"<p><a href=\"http:\/\/live.staticflickr.com\/65535\/48877752736_7c10b678f8_s.jpg\" title=\"thumbnail\" rel=\"\"><img loading=\"lazy\" decoding=\"async\" src=\"http:\/\/live.staticflickr.com\/65535\/48877752736_7c10b678f8.jpg\" width=\"500\" height=\"375\" alt=\"thumbnail\" title=\"thumbnail\" class=\"alignleft\" style=\"float: left;\"><\/a>El d\u00eda 9 de octubre , alumnos del distrito de Tornquist participaron de la Instancia Provincial del Parlamento Juvenil del Mercosur, llevado a cabo en la ciudad de La Plata. <!--more--><br \/>\nPor este distrito asistieron los alumnos:<br \/>\nEmilio Torrecilla por Escuela Secundaria  N\u00ba1<br \/>\nAgustina Godoy por Escuela Secundaria N\u00ba3<br \/>\nVladimir Dorregaray por Escuela Secundaria N\u00ba 5<br \/>\nGianella Haberkom , por Escuela Secundaria N\u00ba6<br \/>\nGustavo Perticara, Por Escuela Agraria N\u00ba1<br \/>\nAbigail Figueroa por Escuela T\u00e9cnica N\u00ba1<br \/>\nMora Alvarez por CEPT N\u00ba12<br \/>\nRodrigo Rouco por Colegio Ntra Sra de Lujan<br \/>\nParticiparon del evento 1400 alumnos de toda la provincia de Buenos Aires, debatiendo en comisiones los siguientes ejes tem\u00e1ticos: G\u00e9nero, Inclusi\u00f3n Educativa, Participaci\u00f3n Ciudadana de los J\u00f3venes, Derechos Humanos, Integraci\u00f3n regional y J\u00f3venes y Trabajo.<br \/>\nLuego del  trabajo en comisiones, los j\u00f3venes asistentes, eligieron democr\u00e1ticamente a 20 representantes, para que se transformen en portavoces de nuestra provincia en la pr\u00f3xima Instancia Nacional. Una de las elegidas como representante titular fue Gianella Haberkon, de la EES N\u00ba 6 de nuestro distrito.   (Chasic\u00f3)<br \/>\nAsimismo se eligieron 40 suplentes provinciales, entre los cuales fue designado el alumno Rodrigo Rouco del CNSL de nuestra localidad<br \/>\nCabe aclarar que estos alumnos no solo quedaron como representantes de este distrito, sino de toda la Regi\u00f3n Educativa 23. Es sumamente meritorio, ya que de 1400 alumnos participantes, solo 60 ( 20 titulares, 40 suplentes), obtuvieron  estos altos reconocimientos  por parte de sus pares.<br \/>\nEsta Coordinaci\u00f3n de Politica Socioeducativa, la Jefatura Distrital y todas las autoridades educativas y municipales , desean felicitar a todos los alumnos de nuestro distrito por , no solo la calidad de su desempe\u00f1o a nivel program\u00e0tico, sino por su excelente comportamiento durante el viaje.<br \/>\nParticulamente , deseamos agradecer la inmensa colaboraci\u00f3n de inspectores, directivos y municipio de Tornquist, por su gran predisposici\u00f3n y apoyo incondicional. Sin un verdadero trabajo conjunto, seria imposible obtener estos logros.<br \/>\n<a href=\"http:\/\/live.staticflickr.com\/65535\/48877949812_a6a06a43c5_s.jpg\" title=\"thumbnail (1)\" rel=\"\"><img loading=\"lazy\" decoding=\"async\" src=\"http:\/\/live.staticflickr.com\/65535\/48877949812_a6a06a43c5_z.jpg\" width=\"581\" height=\"436\" alt=\"thumbnail (1)\" title=\"thumbnail (1)\" class=\"aligncenter\"><\/a><br \/>\nJefatura Distrital Tornquist<br \/>\nCoordinaci\u00f3n Distrital de Pol\u00edtica Socioeducativa<\/p>\n","protected":false},"excerpt":{"rendered":"<p>El d\u00eda 9 de octubre , alumnos del distrito de Tornquist participaron de la Instancia Provincial del Parlamento Juvenil del Mercosur, llevado a cabo en la ciudad de La Plata.<\/p>\n","protected":false},"author":3,"featured_media":0,"comment_status":"closed","ping_status":"open","sticky":false,"template":"","format":"standard","meta":{"footnotes":""},"categories":[34],"tags":[],"class_list":["post-35499","post","type-post","status-publish","format-standard","hentry","category-educacion"],"yoast_head":"<!-- This site is optimized with the Yoast SEO plugin v25.9 - https:\/\/yoast.com\/wordpress\/plugins\/seo\/ -->\n<title>Alumnos del distrito de Tornquist participaron de la Instancia Provincial del Parlamento Juvenil del Mercosur - Noticias Radio Reflejos<\/title>\n<meta name=\"robots\" content=\"index, follow, max-snippet:-1, max-image-preview:large, max-video-preview:-1\" \/>\n<link rel=\"canonical\" href=\"https:\/\/www.noticiasradioreflejos.com.ar\/2021\/alumnos-del-distrito-de-tornquist-participaron-de-la-instancia-provincial-del-parlamento-juvenil-del-mercosur\/\" \/>\n<meta property=\"og:locale\" content=\"es_ES\" \/>\n<meta property=\"og:type\" content=\"article\" \/>\n<meta property=\"og:title\" content=\"Alumnos del distrito de Tornquist participaron de la Instancia Provincial del Parlamento Juvenil del Mercosur - Noticias Radio Reflejos\" \/>\n<meta property=\"og:description\" content=\"El d\u00eda 9 de octubre , alumnos del distrito de Tornquist participaron de la Instancia Provincial del Parlamento Juvenil del Mercosur, llevado a cabo en la ciudad de La Plata.\" \/>\n<meta property=\"og:url\" content=\"https:\/\/www.noticiasradioreflejos.com.ar\/2021\/alumnos-del-distrito-de-tornquist-participaron-de-la-instancia-provincial-del-parlamento-juvenil-del-mercosur\/\" \/>\n<meta property=\"og:site_name\" content=\"Noticias Radio Reflejos\" \/>\n<meta property=\"article:published_time\" content=\"2019-10-10T22:48:59+00:00\" \/>\n<meta property=\"og:image\" content=\"http:\/\/live.staticflickr.com\/65535\/48877752736_7c10b678f8.jpg\" \/>\n<meta name=\"author\" content=\"Arnaldo Botto\" \/>\n<meta name=\"twitter:card\" content=\"summary_large_image\" \/>\n<script type=\"application\/ld+json\" class=\"yoast-schema-graph\">{\"@context\":\"https:\/\/schema.org\",\"@graph\":[{\"@type\":\"WebPage\",\"@id\":\"https:\/\/www.noticiasradioreflejos.com.ar\/2021\/alumnos-del-distrito-de-tornquist-participaron-de-la-instancia-provincial-del-parlamento-juvenil-del-mercosur\/\",\"url\":\"https:\/\/www.noticiasradioreflejos.com.ar\/2021\/alumnos-del-distrito-de-tornquist-participaron-de-la-instancia-provincial-del-parlamento-juvenil-del-mercosur\/\",\"name\":\"Alumnos del distrito de Tornquist participaron de la Instancia Provincial del Parlamento Juvenil del Mercosur - Noticias Radio Reflejos\",\"isPartOf\":{\"@id\":\"https:\/\/www.noticiasradioreflejos.com.ar\/2021\/#website\"},\"primaryImageOfPage\":{\"@id\":\"https:\/\/www.noticiasradioreflejos.com.ar\/2021\/alumnos-del-distrito-de-tornquist-participaron-de-la-instancia-provincial-del-parlamento-juvenil-del-mercosur\/#primaryimage\"},\"image\":{\"@id\":\"https:\/\/www.noticiasradioreflejos.com.ar\/2021\/alumnos-del-distrito-de-tornquist-participaron-de-la-instancia-provincial-del-parlamento-juvenil-del-mercosur\/#primaryimage\"},\"thumbnailUrl\":\"http:\/\/live.staticflickr.com\/65535\/48877752736_7c10b678f8.jpg\",\"datePublished\":\"2019-10-10T22:48:59+00:00\",\"author\":{\"@id\":\"https:\/\/www.noticiasradioreflejos.com.ar\/2021\/#\/schema\/person\/ad82545263dcc5ec0996818884fd5fb1\"},\"breadcrumb\":{\"@id\":\"https:\/\/www.noticiasradioreflejos.com.ar\/2021\/alumnos-del-distrito-de-tornquist-participaron-de-la-instancia-provincial-del-parlamento-juvenil-del-mercosur\/#breadcrumb\"},\"inLanguage\":\"es\",\"potentialAction\":[{\"@type\":\"ReadAction\",\"target\":[\"https:\/\/www.noticiasradioreflejos.com.ar\/2021\/alumnos-del-distrito-de-tornquist-participaron-de-la-instancia-provincial-del-parlamento-juvenil-del-mercosur\/\"]}]},{\"@type\":\"ImageObject\",\"inLanguage\":\"es\",\"@id\":\"https:\/\/www.noticiasradioreflejos.com.ar\/2021\/alumnos-del-distrito-de-tornquist-participaron-de-la-instancia-provincial-del-parlamento-juvenil-del-mercosur\/#primaryimage\",\"url\":\"http:\/\/live.staticflickr.com\/65535\/48877752736_7c10b678f8.jpg\",\"contentUrl\":\"http:\/\/live.staticflickr.com\/65535\/48877752736_7c10b678f8.jpg\"},{\"@type\":\"BreadcrumbList\",\"@id\":\"https:\/\/www.noticiasradioreflejos.com.ar\/2021\/alumnos-del-distrito-de-tornquist-participaron-de-la-instancia-provincial-del-parlamento-juvenil-del-mercosur\/#breadcrumb\",\"itemListElement\":[{\"@type\":\"ListItem\",\"position\":1,\"name\":\"Portada\",\"item\":\"https:\/\/www.noticiasradioreflejos.com.ar\/2021\/\"},{\"@type\":\"ListItem\",\"position\":2,\"name\":\"Alumnos del distrito de Tornquist participaron de la Instancia Provincial del Parlamento Juvenil del Mercosur\"}]},{\"@type\":\"WebSite\",\"@id\":\"https:\/\/www.noticiasradioreflejos.com.ar\/2021\/#website\",\"url\":\"https:\/\/www.noticiasradioreflejos.com.ar\/2021\/\",\"name\":\"Noticias Radio Reflejos\",\"description\":\"Las noticias de mi comarca\",\"potentialAction\":[{\"@type\":\"SearchAction\",\"target\":{\"@type\":\"EntryPoint\",\"urlTemplate\":\"https:\/\/www.noticiasradioreflejos.com.ar\/2021\/?s={search_term_string}\"},\"query-input\":{\"@type\":\"PropertyValueSpecification\",\"valueRequired\":true,\"valueName\":\"search_term_string\"}}],\"inLanguage\":\"es\"},{\"@type\":\"Person\",\"@id\":\"https:\/\/www.noticiasradioreflejos.com.ar\/2021\/#\/schema\/person\/ad82545263dcc5ec0996818884fd5fb1\",\"name\":\"Arnaldo Botto\",\"image\":{\"@type\":\"ImageObject\",\"inLanguage\":\"es\",\"@id\":\"https:\/\/www.noticiasradioreflejos.com.ar\/2021\/#\/schema\/person\/image\/\",\"url\":\"https:\/\/secure.gravatar.com\/avatar\/55cb5e37c1efa326397366e6974cb338056df65cb50e7d64d1cf314e87504837?s=96&d=mm&r=g\",\"contentUrl\":\"https:\/\/secure.gravatar.com\/avatar\/55cb5e37c1efa326397366e6974cb338056df65cb50e7d64d1cf314e87504837?s=96&d=mm&r=g\",\"caption\":\"Arnaldo Botto\"},\"url\":\"https:\/\/www.noticiasradioreflejos.com.ar\/2021\/author\/arnaldo\/\"}]}<\/script>\n<!-- \/ Yoast SEO plugin. -->","yoast_head_json":{"title":"Alumnos del distrito de Tornquist participaron de la Instancia Provincial del Parlamento Juvenil del Mercosur - Noticias Radio Reflejos","robots":{"index":"index","follow":"follow","max-snippet":"max-snippet:-1","max-image-preview":"max-image-preview:large","max-video-preview":"max-video-preview:-1"},"canonical":"https:\/\/www.noticiasradioreflejos.com.ar\/2021\/alumnos-del-distrito-de-tornquist-participaron-de-la-instancia-provincial-del-parlamento-juvenil-del-mercosur\/","og_locale":"es_ES","og_type":"article","og_title":"Alumnos del distrito de Tornquist participaron de la Instancia Provincial del Parlamento Juvenil del Mercosur - Noticias Radio Reflejos","og_description":"El d\u00eda 9 de octubre , alumnos del distrito de Tornquist participaron de la Instancia Provincial del Parlamento Juvenil del Mercosur, llevado a cabo en la ciudad de La Plata.","og_url":"https:\/\/www.noticiasradioreflejos.com.ar\/2021\/alumnos-del-distrito-de-tornquist-participaron-de-la-instancia-provincial-del-parlamento-juvenil-del-mercosur\/","og_site_name":"Noticias Radio Reflejos","article_published_time":"2019-10-10T22:48:59+00:00","og_image":[{"url":"http:\/\/live.staticflickr.com\/65535\/48877752736_7c10b678f8.jpg","type":"","width":"","height":""}],"author":"Arnaldo Botto","twitter_card":"summary_large_image","schema":{"@context":"https:\/\/schema.org","@graph":[{"@type":"WebPage","@id":"https:\/\/www.noticiasradioreflejos.com.ar\/2021\/alumnos-del-distrito-de-tornquist-participaron-de-la-instancia-provincial-del-parlamento-juvenil-del-mercosur\/","url":"https:\/\/www.noticiasradioreflejos.com.ar\/2021\/alumnos-del-distrito-de-tornquist-participaron-de-la-instancia-provincial-del-parlamento-juvenil-del-mercosur\/","name":"Alumnos del distrito de Tornquist participaron de la Instancia Provincial del Parlamento Juvenil del Mercosur - Noticias Radio Reflejos","isPartOf":{"@id":"https:\/\/www.noticiasradioreflejos.com.ar\/2021\/#website"},"primaryImageOfPage":{"@id":"https:\/\/www.noticiasradioreflejos.com.ar\/2021\/alumnos-del-distrito-de-tornquist-participaron-de-la-instancia-provincial-del-parlamento-juvenil-del-mercosur\/#primaryimage"},"image":{"@id":"https:\/\/www.noticiasradioreflejos.com.ar\/2021\/alumnos-del-distrito-de-tornquist-participaron-de-la-instancia-provincial-del-parlamento-juvenil-del-mercosur\/#primaryimage"},"thumbnailUrl":"http:\/\/live.staticflickr.com\/65535\/48877752736_7c10b678f8.jpg","datePublished":"2019-10-10T22:48:59+00:00","author":{"@id":"https:\/\/www.noticiasradioreflejos.com.ar\/2021\/#\/schema\/person\/ad82545263dcc5ec0996818884fd5fb1"},"breadcrumb":{"@id":"https:\/\/www.noticiasradioreflejos.com.ar\/2021\/alumnos-del-distrito-de-tornquist-participaron-de-la-instancia-provincial-del-parlamento-juvenil-del-mercosur\/#breadcrumb"},"inLanguage":"es","potentialAction":[{"@type":"ReadAction","target":["https:\/\/www.noticiasradioreflejos.com.ar\/2021\/alumnos-del-distrito-de-tornquist-participaron-de-la-instancia-provincial-del-parlamento-juvenil-del-mercosur\/"]}]},{"@type":"ImageObject","inLanguage":"es","@id":"https:\/\/www.noticiasradioreflejos.com.ar\/2021\/alumnos-del-distrito-de-tornquist-participaron-de-la-instancia-provincial-del-parlamento-juvenil-del-mercosur\/#primaryimage","url":"http:\/\/live.staticflickr.com\/65535\/48877752736_7c10b678f8.jpg","contentUrl":"http:\/\/live.staticflickr.com\/65535\/48877752736_7c10b678f8.jpg"},{"@type":"BreadcrumbList","@id":"https:\/\/www.noticiasradioreflejos.com.ar\/2021\/alumnos-del-distrito-de-tornquist-participaron-de-la-instancia-provincial-del-parlamento-juvenil-del-mercosur\/#breadcrumb","itemListElement":[{"@type":"ListItem","position":1,"name":"Portada","item":"https:\/\/www.noticiasradioreflejos.com.ar\/2021\/"},{"@type":"ListItem","position":2,"name":"Alumnos del distrito de Tornquist participaron de la Instancia Provincial del Parlamento Juvenil del Mercosur"}]},{"@type":"WebSite","@id":"https:\/\/www.noticiasradioreflejos.com.ar\/2021\/#website","url":"https:\/\/www.noticiasradioreflejos.com.ar\/2021\/","name":"Noticias Radio Reflejos","description":"Las noticias de mi comarca","potentialAction":[{"@type":"SearchAction","target":{"@type":"EntryPoint","urlTemplate":"https:\/\/www.noticiasradioreflejos.com.ar\/2021\/?s={search_term_string}"},"query-input":{"@type":"PropertyValueSpecification","valueRequired":true,"valueName":"search_term_string"}}],"inLanguage":"es"},{"@type":"Person","@id":"https:\/\/www.noticiasradioreflejos.com.ar\/2021\/#\/schema\/person\/ad82545263dcc5ec0996818884fd5fb1","name":"Arnaldo Botto","image":{"@type":"ImageObject","inLanguage":"es","@id":"https:\/\/www.noticiasradioreflejos.com.ar\/2021\/#\/schema\/person\/image\/","url":"https:\/\/secure.gravatar.com\/avatar\/55cb5e37c1efa326397366e6974cb338056df65cb50e7d64d1cf314e87504837?s=96&d=mm&r=g","contentUrl":"https:\/\/secure.gravatar.com\/avatar\/55cb5e37c1efa326397366e6974cb338056df65cb50e7d64d1cf314e87504837?s=96&d=mm&r=g","caption":"Arnaldo Botto"},"url":"https:\/\/www.noticiasradioreflejos.com.ar\/2021\/author\/arnaldo\/"}]}},"_links":{"self":[{"href":"https:\/\/www.noticiasradioreflejos.com.ar\/2021\/wp-json\/wp\/v2\/posts\/35499","targetHints":{"allow":["GET"]}}],"collection":[{"href":"https:\/\/www.noticiasradioreflejos.com.ar\/2021\/wp-json\/wp\/v2\/posts"}],"about":[{"href":"https:\/\/www.noticiasradioreflejos.com.ar\/2021\/wp-json\/wp\/v2\/types\/post"}],"author":[{"embeddable":true,"href":"https:\/\/www.noticiasradioreflejos.com.ar\/2021\/wp-json\/wp\/v2\/users\/3"}],"replies":[{"embeddable":true,"href":"https:\/\/www.noticiasradioreflejos.com.ar\/2021\/wp-json\/wp\/v2\/comments?post=35499"}],"version-history":[{"count":0,"href":"https:\/\/www.noticiasradioreflejos.com.ar\/2021\/wp-json\/wp\/v2\/posts\/35499\/revisions"}],"wp:attachment":[{"href":"https:\/\/www.noticiasradioreflejos.com.ar\/2021\/wp-json\/wp\/v2\/media?parent=35499"}],"wp:term":[{"taxonomy":"category","embeddable":true,"href":"https:\/\/www.noticiasradioreflejos.com.ar\/2021\/wp-json\/wp\/v2\/categories?post=35499"},{"taxonomy":"post_tag","embeddable":true,"href":"https:\/\/www.noticiasradioreflejos.com.ar\/2021\/wp-json\/wp\/v2\/tags?post=35499"}],"curies":[{"name":"wp","href":"https:\/\/api.w.org\/{rel}","templated":true}]}}