{"id":35488,"date":"2019-10-10T08:41:51","date_gmt":"2019-10-10T11:41:51","guid":{"rendered":"http:\/\/www.noticiasradioreflejos.com.ar\/noticias\/?p=35488"},"modified":"2019-10-10T08:41:51","modified_gmt":"2019-10-10T11:41:51","slug":"temporal-granizo-y-destrozos-en-pergamino-con-video","status":"publish","type":"post","link":"https:\/\/www.noticiasradioreflejos.com.ar\/2021\/temporal-granizo-y-destrozos-en-pergamino-con-video\/","title":{"rendered":"Temporal: granizo y destrozos en Pergamino (Con video)"},"content":{"rendered":"<p><a title=\"0037050820\" href=\"http:\/\/live.staticflickr.com\/65535\/48874461163_9b49fe6132_s.jpg\" rel=\"\"><img loading=\"lazy\" decoding=\"async\" class=\"alignleft\" style=\"float: left;\" title=\"0037050820\" src=\"http:\/\/live.staticflickr.com\/65535\/48874461163_9b49fe6132.jpg\" alt=\"0037050820\" width=\"500\" height=\"374\" \/><\/a>Durante 20 minutos cayeron rocas de hielo de tama\u00f1o de pelotas de golf. Adem\u00e1s hubo inundaciones en clubes de barrio, comercios y escuelas.<br \/>\nUn fuerte temporal con granizo azot\u00f3 a la ciudad de Pergamino a 225 km de Capital. Durante 20 minutos cayeron rocas de hielo de tama\u00f1o de pelotas de golf, describieron los vecinos. Adem\u00e1s las intensas lluvias produjeron inundaciones de clubes, locales y escuelas y la ca\u00edda de techos.<!--more--><br \/>\nEl alerta meteorol\u00f3gico afecta las zonas de Buenos Aires, C\u00f3rdoba, Entre R\u00edos, Santa Fe, San Luis y La Pampa, inform\u00f3 el Servicio Meteorol\u00f3gico Nacional (SMN).<br \/>\nEl SMN hab\u00eda advertido que las tormentas podr\u00edan alcanzar \u00abintensidad fuerte, provocando abundante ca\u00edda de agua en cortos per\u00edodos, fuerte actividad el\u00e9ctrica, r\u00e1fagas y ca\u00edda de granizo\u00bb.<br \/>\nUn vecino de la zona identificado como Federico, que se desarrolla como herrero, cont\u00f3: \u201cA m\u00ed me arruin\u00f3. Ahora estoy secando todo, porque el taller es todo metal y si no lo sec\u00e1s, ma\u00f1ana est\u00e1 todo roto. Los motores, la prensa, qued\u00f3 todo abajo del agua; pegaba en el agua en los tableros, en todos lados. Me destroz\u00f3, hay que hacer todo el techo de nuevo\u201d.<br \/>\nEn tanto, fuentes locales afirmaron que las lluvias comenzaron cerca de las 20 horas y se extendieron por entre 30 y 40 minutos, generando cortes de luz y afectando tanto a viviendas particulares como a comercios y edificios e instituciones emblem\u00e1ticas de esa localidad bonaerense.<br \/>\n\u00abSon cuantiosos los da\u00f1os. Afect\u00f3 a clubes, comercios, instituciones emblem\u00e1ticas. Adem\u00e1s, hubo cortes de luz. Todav\u00eda no se pueden evaluar los da\u00f1os, pero ya hay muchas im\u00e1genes circulando\u00bb, dijeron.<br \/>\n<a title=\"73248283_2464286260449839_5934440013205864448_n\" href=\"http:\/\/live.staticflickr.com\/31337\/48875191687_46e17a1196_s.jpg\" rel=\"\"><img loading=\"lazy\" decoding=\"async\" title=\"73248283_2464286260449839_5934440013205864448_n\" src=\"http:\/\/live.staticflickr.com\/31337\/48875191687_9b03fd2047_o.jpg\" alt=\"73248283_2464286260449839_5934440013205864448_n\" width=\"400\" height=\"400\" \/><\/a><br \/>\n&nbsp;<br \/>\n<strong>Fuente Ambito.com<\/strong><\/p>\n","protected":false},"excerpt":{"rendered":"<p>Durante 20 minutos cayeron rocas de hielo de tama\u00f1o de pelotas de golf. Adem\u00e1s hubo inundaciones en clubes de barrio, comercios y escuelas. Un fuerte temporal con granizo azot\u00f3 a la ciudad de Pergamino a 225 km de Capital. Durante 20 minutos cayeron rocas de hielo de tama\u00f1o de pelotas de golf, describieron los vecinos. [&hellip;]<\/p>\n","protected":false},"author":3,"featured_media":0,"comment_status":"closed","ping_status":"open","sticky":false,"template":"","format":"standard","meta":{"footnotes":""},"categories":[26],"tags":[],"class_list":["post-35488","post","type-post","status-publish","format-standard","hentry","category-sociedad"],"yoast_head":"<!-- This site is optimized with the Yoast SEO plugin v25.9 - https:\/\/yoast.com\/wordpress\/plugins\/seo\/ -->\n<title>Temporal: granizo y destrozos en Pergamino (Con video) - Noticias Radio Reflejos<\/title>\n<meta name=\"robots\" content=\"index, follow, max-snippet:-1, max-image-preview:large, max-video-preview:-1\" \/>\n<link rel=\"canonical\" href=\"https:\/\/www.noticiasradioreflejos.com.ar\/2021\/temporal-granizo-y-destrozos-en-pergamino-con-video\/\" \/>\n<meta property=\"og:locale\" content=\"es_ES\" \/>\n<meta property=\"og:type\" content=\"article\" \/>\n<meta property=\"og:title\" content=\"Temporal: granizo y destrozos en Pergamino (Con video) - Noticias Radio Reflejos\" \/>\n<meta property=\"og:description\" content=\"Durante 20 minutos cayeron rocas de hielo de tama\u00f1o de pelotas de golf. Adem\u00e1s hubo inundaciones en clubes de barrio, comercios y escuelas. Un fuerte temporal con granizo azot\u00f3 a la ciudad de Pergamino a 225 km de Capital. Durante 20 minutos cayeron rocas de hielo de tama\u00f1o de pelotas de golf, describieron los vecinos. [&hellip;]\" \/>\n<meta property=\"og:url\" content=\"https:\/\/www.noticiasradioreflejos.com.ar\/2021\/temporal-granizo-y-destrozos-en-pergamino-con-video\/\" \/>\n<meta property=\"og:site_name\" content=\"Noticias Radio Reflejos\" \/>\n<meta property=\"article:published_time\" content=\"2019-10-10T11:41:51+00:00\" \/>\n<meta property=\"og:image\" content=\"http:\/\/live.staticflickr.com\/65535\/48874461163_9b49fe6132.jpg\" \/>\n<meta name=\"author\" content=\"Arnaldo Botto\" \/>\n<meta name=\"twitter:card\" content=\"summary_large_image\" \/>\n<script type=\"application\/ld+json\" class=\"yoast-schema-graph\">{\"@context\":\"https:\/\/schema.org\",\"@graph\":[{\"@type\":\"WebPage\",\"@id\":\"https:\/\/www.noticiasradioreflejos.com.ar\/2021\/temporal-granizo-y-destrozos-en-pergamino-con-video\/\",\"url\":\"https:\/\/www.noticiasradioreflejos.com.ar\/2021\/temporal-granizo-y-destrozos-en-pergamino-con-video\/\",\"name\":\"Temporal: granizo y destrozos en Pergamino (Con video) - Noticias Radio Reflejos\",\"isPartOf\":{\"@id\":\"https:\/\/www.noticiasradioreflejos.com.ar\/2021\/#website\"},\"primaryImageOfPage\":{\"@id\":\"https:\/\/www.noticiasradioreflejos.com.ar\/2021\/temporal-granizo-y-destrozos-en-pergamino-con-video\/#primaryimage\"},\"image\":{\"@id\":\"https:\/\/www.noticiasradioreflejos.com.ar\/2021\/temporal-granizo-y-destrozos-en-pergamino-con-video\/#primaryimage\"},\"thumbnailUrl\":\"http:\/\/live.staticflickr.com\/65535\/48874461163_9b49fe6132.jpg\",\"datePublished\":\"2019-10-10T11:41:51+00:00\",\"author\":{\"@id\":\"https:\/\/www.noticiasradioreflejos.com.ar\/2021\/#\/schema\/person\/ad82545263dcc5ec0996818884fd5fb1\"},\"breadcrumb\":{\"@id\":\"https:\/\/www.noticiasradioreflejos.com.ar\/2021\/temporal-granizo-y-destrozos-en-pergamino-con-video\/#breadcrumb\"},\"inLanguage\":\"es\",\"potentialAction\":[{\"@type\":\"ReadAction\",\"target\":[\"https:\/\/www.noticiasradioreflejos.com.ar\/2021\/temporal-granizo-y-destrozos-en-pergamino-con-video\/\"]}]},{\"@type\":\"ImageObject\",\"inLanguage\":\"es\",\"@id\":\"https:\/\/www.noticiasradioreflejos.com.ar\/2021\/temporal-granizo-y-destrozos-en-pergamino-con-video\/#primaryimage\",\"url\":\"http:\/\/live.staticflickr.com\/65535\/48874461163_9b49fe6132.jpg\",\"contentUrl\":\"http:\/\/live.staticflickr.com\/65535\/48874461163_9b49fe6132.jpg\"},{\"@type\":\"BreadcrumbList\",\"@id\":\"https:\/\/www.noticiasradioreflejos.com.ar\/2021\/temporal-granizo-y-destrozos-en-pergamino-con-video\/#breadcrumb\",\"itemListElement\":[{\"@type\":\"ListItem\",\"position\":1,\"name\":\"Portada\",\"item\":\"https:\/\/www.noticiasradioreflejos.com.ar\/2021\/\"},{\"@type\":\"ListItem\",\"position\":2,\"name\":\"Temporal: granizo y destrozos en Pergamino (Con video)\"}]},{\"@type\":\"WebSite\",\"@id\":\"https:\/\/www.noticiasradioreflejos.com.ar\/2021\/#website\",\"url\":\"https:\/\/www.noticiasradioreflejos.com.ar\/2021\/\",\"name\":\"Noticias Radio Reflejos\",\"description\":\"Las noticias de mi comarca\",\"potentialAction\":[{\"@type\":\"SearchAction\",\"target\":{\"@type\":\"EntryPoint\",\"urlTemplate\":\"https:\/\/www.noticiasradioreflejos.com.ar\/2021\/?s={search_term_string}\"},\"query-input\":{\"@type\":\"PropertyValueSpecification\",\"valueRequired\":true,\"valueName\":\"search_term_string\"}}],\"inLanguage\":\"es\"},{\"@type\":\"Person\",\"@id\":\"https:\/\/www.noticiasradioreflejos.com.ar\/2021\/#\/schema\/person\/ad82545263dcc5ec0996818884fd5fb1\",\"name\":\"Arnaldo Botto\",\"image\":{\"@type\":\"ImageObject\",\"inLanguage\":\"es\",\"@id\":\"https:\/\/www.noticiasradioreflejos.com.ar\/2021\/#\/schema\/person\/image\/\",\"url\":\"https:\/\/secure.gravatar.com\/avatar\/55cb5e37c1efa326397366e6974cb338056df65cb50e7d64d1cf314e87504837?s=96&d=mm&r=g\",\"contentUrl\":\"https:\/\/secure.gravatar.com\/avatar\/55cb5e37c1efa326397366e6974cb338056df65cb50e7d64d1cf314e87504837?s=96&d=mm&r=g\",\"caption\":\"Arnaldo Botto\"},\"url\":\"https:\/\/www.noticiasradioreflejos.com.ar\/2021\/author\/arnaldo\/\"}]}<\/script>\n<!-- \/ Yoast SEO plugin. -->","yoast_head_json":{"title":"Temporal: granizo y destrozos en Pergamino (Con video) - Noticias Radio Reflejos","robots":{"index":"index","follow":"follow","max-snippet":"max-snippet:-1","max-image-preview":"max-image-preview:large","max-video-preview":"max-video-preview:-1"},"canonical":"https:\/\/www.noticiasradioreflejos.com.ar\/2021\/temporal-granizo-y-destrozos-en-pergamino-con-video\/","og_locale":"es_ES","og_type":"article","og_title":"Temporal: granizo y destrozos en Pergamino (Con video) - Noticias Radio Reflejos","og_description":"Durante 20 minutos cayeron rocas de hielo de tama\u00f1o de pelotas de golf. Adem\u00e1s hubo inundaciones en clubes de barrio, comercios y escuelas. Un fuerte temporal con granizo azot\u00f3 a la ciudad de Pergamino a 225 km de Capital. Durante 20 minutos cayeron rocas de hielo de tama\u00f1o de pelotas de golf, describieron los vecinos. [&hellip;]","og_url":"https:\/\/www.noticiasradioreflejos.com.ar\/2021\/temporal-granizo-y-destrozos-en-pergamino-con-video\/","og_site_name":"Noticias Radio Reflejos","article_published_time":"2019-10-10T11:41:51+00:00","og_image":[{"url":"http:\/\/live.staticflickr.com\/65535\/48874461163_9b49fe6132.jpg","type":"","width":"","height":""}],"author":"Arnaldo Botto","twitter_card":"summary_large_image","schema":{"@context":"https:\/\/schema.org","@graph":[{"@type":"WebPage","@id":"https:\/\/www.noticiasradioreflejos.com.ar\/2021\/temporal-granizo-y-destrozos-en-pergamino-con-video\/","url":"https:\/\/www.noticiasradioreflejos.com.ar\/2021\/temporal-granizo-y-destrozos-en-pergamino-con-video\/","name":"Temporal: granizo y destrozos en Pergamino (Con video) - Noticias Radio Reflejos","isPartOf":{"@id":"https:\/\/www.noticiasradioreflejos.com.ar\/2021\/#website"},"primaryImageOfPage":{"@id":"https:\/\/www.noticiasradioreflejos.com.ar\/2021\/temporal-granizo-y-destrozos-en-pergamino-con-video\/#primaryimage"},"image":{"@id":"https:\/\/www.noticiasradioreflejos.com.ar\/2021\/temporal-granizo-y-destrozos-en-pergamino-con-video\/#primaryimage"},"thumbnailUrl":"http:\/\/live.staticflickr.com\/65535\/48874461163_9b49fe6132.jpg","datePublished":"2019-10-10T11:41:51+00:00","author":{"@id":"https:\/\/www.noticiasradioreflejos.com.ar\/2021\/#\/schema\/person\/ad82545263dcc5ec0996818884fd5fb1"},"breadcrumb":{"@id":"https:\/\/www.noticiasradioreflejos.com.ar\/2021\/temporal-granizo-y-destrozos-en-pergamino-con-video\/#breadcrumb"},"inLanguage":"es","potentialAction":[{"@type":"ReadAction","target":["https:\/\/www.noticiasradioreflejos.com.ar\/2021\/temporal-granizo-y-destrozos-en-pergamino-con-video\/"]}]},{"@type":"ImageObject","inLanguage":"es","@id":"https:\/\/www.noticiasradioreflejos.com.ar\/2021\/temporal-granizo-y-destrozos-en-pergamino-con-video\/#primaryimage","url":"http:\/\/live.staticflickr.com\/65535\/48874461163_9b49fe6132.jpg","contentUrl":"http:\/\/live.staticflickr.com\/65535\/48874461163_9b49fe6132.jpg"},{"@type":"BreadcrumbList","@id":"https:\/\/www.noticiasradioreflejos.com.ar\/2021\/temporal-granizo-y-destrozos-en-pergamino-con-video\/#breadcrumb","itemListElement":[{"@type":"ListItem","position":1,"name":"Portada","item":"https:\/\/www.noticiasradioreflejos.com.ar\/2021\/"},{"@type":"ListItem","position":2,"name":"Temporal: granizo y destrozos en Pergamino (Con video)"}]},{"@type":"WebSite","@id":"https:\/\/www.noticiasradioreflejos.com.ar\/2021\/#website","url":"https:\/\/www.noticiasradioreflejos.com.ar\/2021\/","name":"Noticias Radio Reflejos","description":"Las noticias de mi comarca","potentialAction":[{"@type":"SearchAction","target":{"@type":"EntryPoint","urlTemplate":"https:\/\/www.noticiasradioreflejos.com.ar\/2021\/?s={search_term_string}"},"query-input":{"@type":"PropertyValueSpecification","valueRequired":true,"valueName":"search_term_string"}}],"inLanguage":"es"},{"@type":"Person","@id":"https:\/\/www.noticiasradioreflejos.com.ar\/2021\/#\/schema\/person\/ad82545263dcc5ec0996818884fd5fb1","name":"Arnaldo Botto","image":{"@type":"ImageObject","inLanguage":"es","@id":"https:\/\/www.noticiasradioreflejos.com.ar\/2021\/#\/schema\/person\/image\/","url":"https:\/\/secure.gravatar.com\/avatar\/55cb5e37c1efa326397366e6974cb338056df65cb50e7d64d1cf314e87504837?s=96&d=mm&r=g","contentUrl":"https:\/\/secure.gravatar.com\/avatar\/55cb5e37c1efa326397366e6974cb338056df65cb50e7d64d1cf314e87504837?s=96&d=mm&r=g","caption":"Arnaldo Botto"},"url":"https:\/\/www.noticiasradioreflejos.com.ar\/2021\/author\/arnaldo\/"}]}},"_links":{"self":[{"href":"https:\/\/www.noticiasradioreflejos.com.ar\/2021\/wp-json\/wp\/v2\/posts\/35488","targetHints":{"allow":["GET"]}}],"collection":[{"href":"https:\/\/www.noticiasradioreflejos.com.ar\/2021\/wp-json\/wp\/v2\/posts"}],"about":[{"href":"https:\/\/www.noticiasradioreflejos.com.ar\/2021\/wp-json\/wp\/v2\/types\/post"}],"author":[{"embeddable":true,"href":"https:\/\/www.noticiasradioreflejos.com.ar\/2021\/wp-json\/wp\/v2\/users\/3"}],"replies":[{"embeddable":true,"href":"https:\/\/www.noticiasradioreflejos.com.ar\/2021\/wp-json\/wp\/v2\/comments?post=35488"}],"version-history":[{"count":0,"href":"https:\/\/www.noticiasradioreflejos.com.ar\/2021\/wp-json\/wp\/v2\/posts\/35488\/revisions"}],"wp:attachment":[{"href":"https:\/\/www.noticiasradioreflejos.com.ar\/2021\/wp-json\/wp\/v2\/media?parent=35488"}],"wp:term":[{"taxonomy":"category","embeddable":true,"href":"https:\/\/www.noticiasradioreflejos.com.ar\/2021\/wp-json\/wp\/v2\/categories?post=35488"},{"taxonomy":"post_tag","embeddable":true,"href":"https:\/\/www.noticiasradioreflejos.com.ar\/2021\/wp-json\/wp\/v2\/tags?post=35488"}],"curies":[{"name":"wp","href":"https:\/\/api.w.org\/{rel}","templated":true}]}}