{"id":35483,"date":"2019-10-10T08:17:27","date_gmt":"2019-10-10T11:17:27","guid":{"rendered":"http:\/\/www.noticiasradioreflejos.com.ar\/noticias\/?p=35483"},"modified":"2019-10-10T08:17:27","modified_gmt":"2019-10-10T11:17:27","slug":"llega-el-festival-para-vos-mama-de-la-escuela-folclorica-municipal","status":"publish","type":"post","link":"https:\/\/www.noticiasradioreflejos.com.ar\/2021\/llega-el-festival-para-vos-mama-de-la-escuela-folclorica-municipal\/","title":{"rendered":"Llega el festival \u201cPara vos mam\u00e1\u201d de la Escuela Folcl\u00f3rica Municipal"},"content":{"rendered":"<p><a title=\"WhatsApp Image 2019-10-09 at 12.29.30\" href=\"http:\/\/live.staticflickr.com\/65535\/48875126097_534b5d35bd_s.jpg\" rel=\"\"><img loading=\"lazy\" decoding=\"async\" class=\"alignleft\" style=\"float: left;\" title=\"WhatsApp Image 2019-10-09 at 12.29.30\" src=\"http:\/\/live.staticflickr.com\/65535\/48875126097_534b5d35bd.jpg\" alt=\"WhatsApp Image 2019-10-09 at 12.29.30\" width=\"357\" height=\"500\" \/><\/a>El tradicional festival para agasajar a las madres \u201cPara vos Mam\u00e1\u201d, organizado por la Escuela Folcl\u00f3rica Municipal, se realizar\u00e1 este s\u00e1bado 12 en el teatro municipal \u201cRodolfo Funke\u201d. El espect\u00e1culo dar\u00e1 inicio a las 20.30 hs..<!--more--><br \/>\nLa propuesta incluye la presencia del Grupo Renacer de Chasic\u00f3, adem\u00e1s habr\u00e1 sorpresas y sorteros.<br \/>\nValor de la entrada $100.<\/p>\n","protected":false},"excerpt":{"rendered":"<p>El tradicional festival para agasajar a las madres \u201cPara vos Mam\u00e1\u201d, organizado por la Escuela Folcl\u00f3rica Municipal, se realizar\u00e1 este s\u00e1bado 12 en el teatro municipal \u201cRodolfo Funke\u201d. El espect\u00e1culo dar\u00e1 inicio a las 20.30 hs..<\/p>\n","protected":false},"author":3,"featured_media":0,"comment_status":"closed","ping_status":"open","sticky":false,"template":"","format":"standard","meta":{"footnotes":""},"categories":[35],"tags":[],"class_list":["post-35483","post","type-post","status-publish","format-standard","hentry","category-cultura"],"yoast_head":"<!-- This site is optimized with the Yoast SEO plugin v25.9 - https:\/\/yoast.com\/wordpress\/plugins\/seo\/ -->\n<title>Llega el festival \u201cPara vos mam\u00e1\u201d de la Escuela Folcl\u00f3rica Municipal - Noticias Radio Reflejos<\/title>\n<meta name=\"robots\" content=\"index, follow, max-snippet:-1, max-image-preview:large, max-video-preview:-1\" \/>\n<link rel=\"canonical\" href=\"https:\/\/www.noticiasradioreflejos.com.ar\/2021\/llega-el-festival-para-vos-mama-de-la-escuela-folclorica-municipal\/\" \/>\n<meta property=\"og:locale\" content=\"es_ES\" \/>\n<meta property=\"og:type\" content=\"article\" \/>\n<meta property=\"og:title\" content=\"Llega el festival \u201cPara vos mam\u00e1\u201d de la Escuela Folcl\u00f3rica Municipal - Noticias Radio Reflejos\" \/>\n<meta property=\"og:description\" content=\"El tradicional festival para agasajar a las madres \u201cPara vos Mam\u00e1\u201d, organizado por la Escuela Folcl\u00f3rica Municipal, se realizar\u00e1 este s\u00e1bado 12 en el teatro municipal \u201cRodolfo Funke\u201d. El espect\u00e1culo dar\u00e1 inicio a las 20.30 hs..\" \/>\n<meta property=\"og:url\" content=\"https:\/\/www.noticiasradioreflejos.com.ar\/2021\/llega-el-festival-para-vos-mama-de-la-escuela-folclorica-municipal\/\" \/>\n<meta property=\"og:site_name\" content=\"Noticias Radio Reflejos\" \/>\n<meta property=\"article:published_time\" content=\"2019-10-10T11:17:27+00:00\" \/>\n<meta property=\"og:image\" content=\"http:\/\/live.staticflickr.com\/65535\/48875126097_534b5d35bd.jpg\" \/>\n<meta name=\"author\" content=\"Arnaldo Botto\" \/>\n<meta name=\"twitter:card\" content=\"summary_large_image\" \/>\n<script type=\"application\/ld+json\" class=\"yoast-schema-graph\">{\"@context\":\"https:\/\/schema.org\",\"@graph\":[{\"@type\":\"WebPage\",\"@id\":\"https:\/\/www.noticiasradioreflejos.com.ar\/2021\/llega-el-festival-para-vos-mama-de-la-escuela-folclorica-municipal\/\",\"url\":\"https:\/\/www.noticiasradioreflejos.com.ar\/2021\/llega-el-festival-para-vos-mama-de-la-escuela-folclorica-municipal\/\",\"name\":\"Llega el festival \u201cPara vos mam\u00e1\u201d de la Escuela Folcl\u00f3rica Municipal - Noticias Radio Reflejos\",\"isPartOf\":{\"@id\":\"https:\/\/www.noticiasradioreflejos.com.ar\/2021\/#website\"},\"primaryImageOfPage\":{\"@id\":\"https:\/\/www.noticiasradioreflejos.com.ar\/2021\/llega-el-festival-para-vos-mama-de-la-escuela-folclorica-municipal\/#primaryimage\"},\"image\":{\"@id\":\"https:\/\/www.noticiasradioreflejos.com.ar\/2021\/llega-el-festival-para-vos-mama-de-la-escuela-folclorica-municipal\/#primaryimage\"},\"thumbnailUrl\":\"http:\/\/live.staticflickr.com\/65535\/48875126097_534b5d35bd.jpg\",\"datePublished\":\"2019-10-10T11:17:27+00:00\",\"author\":{\"@id\":\"https:\/\/www.noticiasradioreflejos.com.ar\/2021\/#\/schema\/person\/ad82545263dcc5ec0996818884fd5fb1\"},\"breadcrumb\":{\"@id\":\"https:\/\/www.noticiasradioreflejos.com.ar\/2021\/llega-el-festival-para-vos-mama-de-la-escuela-folclorica-municipal\/#breadcrumb\"},\"inLanguage\":\"es\",\"potentialAction\":[{\"@type\":\"ReadAction\",\"target\":[\"https:\/\/www.noticiasradioreflejos.com.ar\/2021\/llega-el-festival-para-vos-mama-de-la-escuela-folclorica-municipal\/\"]}]},{\"@type\":\"ImageObject\",\"inLanguage\":\"es\",\"@id\":\"https:\/\/www.noticiasradioreflejos.com.ar\/2021\/llega-el-festival-para-vos-mama-de-la-escuela-folclorica-municipal\/#primaryimage\",\"url\":\"http:\/\/live.staticflickr.com\/65535\/48875126097_534b5d35bd.jpg\",\"contentUrl\":\"http:\/\/live.staticflickr.com\/65535\/48875126097_534b5d35bd.jpg\"},{\"@type\":\"BreadcrumbList\",\"@id\":\"https:\/\/www.noticiasradioreflejos.com.ar\/2021\/llega-el-festival-para-vos-mama-de-la-escuela-folclorica-municipal\/#breadcrumb\",\"itemListElement\":[{\"@type\":\"ListItem\",\"position\":1,\"name\":\"Portada\",\"item\":\"https:\/\/www.noticiasradioreflejos.com.ar\/2021\/\"},{\"@type\":\"ListItem\",\"position\":2,\"name\":\"Llega el festival \u201cPara vos mam\u00e1\u201d de la Escuela Folcl\u00f3rica Municipal\"}]},{\"@type\":\"WebSite\",\"@id\":\"https:\/\/www.noticiasradioreflejos.com.ar\/2021\/#website\",\"url\":\"https:\/\/www.noticiasradioreflejos.com.ar\/2021\/\",\"name\":\"Noticias Radio Reflejos\",\"description\":\"Las noticias de mi comarca\",\"potentialAction\":[{\"@type\":\"SearchAction\",\"target\":{\"@type\":\"EntryPoint\",\"urlTemplate\":\"https:\/\/www.noticiasradioreflejos.com.ar\/2021\/?s={search_term_string}\"},\"query-input\":{\"@type\":\"PropertyValueSpecification\",\"valueRequired\":true,\"valueName\":\"search_term_string\"}}],\"inLanguage\":\"es\"},{\"@type\":\"Person\",\"@id\":\"https:\/\/www.noticiasradioreflejos.com.ar\/2021\/#\/schema\/person\/ad82545263dcc5ec0996818884fd5fb1\",\"name\":\"Arnaldo Botto\",\"image\":{\"@type\":\"ImageObject\",\"inLanguage\":\"es\",\"@id\":\"https:\/\/www.noticiasradioreflejos.com.ar\/2021\/#\/schema\/person\/image\/\",\"url\":\"https:\/\/secure.gravatar.com\/avatar\/55cb5e37c1efa326397366e6974cb338056df65cb50e7d64d1cf314e87504837?s=96&d=mm&r=g\",\"contentUrl\":\"https:\/\/secure.gravatar.com\/avatar\/55cb5e37c1efa326397366e6974cb338056df65cb50e7d64d1cf314e87504837?s=96&d=mm&r=g\",\"caption\":\"Arnaldo Botto\"},\"url\":\"https:\/\/www.noticiasradioreflejos.com.ar\/2021\/author\/arnaldo\/\"}]}<\/script>\n<!-- \/ Yoast SEO plugin. -->","yoast_head_json":{"title":"Llega el festival \u201cPara vos mam\u00e1\u201d de la Escuela Folcl\u00f3rica Municipal - Noticias Radio Reflejos","robots":{"index":"index","follow":"follow","max-snippet":"max-snippet:-1","max-image-preview":"max-image-preview:large","max-video-preview":"max-video-preview:-1"},"canonical":"https:\/\/www.noticiasradioreflejos.com.ar\/2021\/llega-el-festival-para-vos-mama-de-la-escuela-folclorica-municipal\/","og_locale":"es_ES","og_type":"article","og_title":"Llega el festival \u201cPara vos mam\u00e1\u201d de la Escuela Folcl\u00f3rica Municipal - Noticias Radio Reflejos","og_description":"El tradicional festival para agasajar a las madres \u201cPara vos Mam\u00e1\u201d, organizado por la Escuela Folcl\u00f3rica Municipal, se realizar\u00e1 este s\u00e1bado 12 en el teatro municipal \u201cRodolfo Funke\u201d. El espect\u00e1culo dar\u00e1 inicio a las 20.30 hs..","og_url":"https:\/\/www.noticiasradioreflejos.com.ar\/2021\/llega-el-festival-para-vos-mama-de-la-escuela-folclorica-municipal\/","og_site_name":"Noticias Radio Reflejos","article_published_time":"2019-10-10T11:17:27+00:00","og_image":[{"url":"http:\/\/live.staticflickr.com\/65535\/48875126097_534b5d35bd.jpg","type":"","width":"","height":""}],"author":"Arnaldo Botto","twitter_card":"summary_large_image","schema":{"@context":"https:\/\/schema.org","@graph":[{"@type":"WebPage","@id":"https:\/\/www.noticiasradioreflejos.com.ar\/2021\/llega-el-festival-para-vos-mama-de-la-escuela-folclorica-municipal\/","url":"https:\/\/www.noticiasradioreflejos.com.ar\/2021\/llega-el-festival-para-vos-mama-de-la-escuela-folclorica-municipal\/","name":"Llega el festival \u201cPara vos mam\u00e1\u201d de la Escuela Folcl\u00f3rica Municipal - Noticias Radio Reflejos","isPartOf":{"@id":"https:\/\/www.noticiasradioreflejos.com.ar\/2021\/#website"},"primaryImageOfPage":{"@id":"https:\/\/www.noticiasradioreflejos.com.ar\/2021\/llega-el-festival-para-vos-mama-de-la-escuela-folclorica-municipal\/#primaryimage"},"image":{"@id":"https:\/\/www.noticiasradioreflejos.com.ar\/2021\/llega-el-festival-para-vos-mama-de-la-escuela-folclorica-municipal\/#primaryimage"},"thumbnailUrl":"http:\/\/live.staticflickr.com\/65535\/48875126097_534b5d35bd.jpg","datePublished":"2019-10-10T11:17:27+00:00","author":{"@id":"https:\/\/www.noticiasradioreflejos.com.ar\/2021\/#\/schema\/person\/ad82545263dcc5ec0996818884fd5fb1"},"breadcrumb":{"@id":"https:\/\/www.noticiasradioreflejos.com.ar\/2021\/llega-el-festival-para-vos-mama-de-la-escuela-folclorica-municipal\/#breadcrumb"},"inLanguage":"es","potentialAction":[{"@type":"ReadAction","target":["https:\/\/www.noticiasradioreflejos.com.ar\/2021\/llega-el-festival-para-vos-mama-de-la-escuela-folclorica-municipal\/"]}]},{"@type":"ImageObject","inLanguage":"es","@id":"https:\/\/www.noticiasradioreflejos.com.ar\/2021\/llega-el-festival-para-vos-mama-de-la-escuela-folclorica-municipal\/#primaryimage","url":"http:\/\/live.staticflickr.com\/65535\/48875126097_534b5d35bd.jpg","contentUrl":"http:\/\/live.staticflickr.com\/65535\/48875126097_534b5d35bd.jpg"},{"@type":"BreadcrumbList","@id":"https:\/\/www.noticiasradioreflejos.com.ar\/2021\/llega-el-festival-para-vos-mama-de-la-escuela-folclorica-municipal\/#breadcrumb","itemListElement":[{"@type":"ListItem","position":1,"name":"Portada","item":"https:\/\/www.noticiasradioreflejos.com.ar\/2021\/"},{"@type":"ListItem","position":2,"name":"Llega el festival \u201cPara vos mam\u00e1\u201d de la Escuela Folcl\u00f3rica Municipal"}]},{"@type":"WebSite","@id":"https:\/\/www.noticiasradioreflejos.com.ar\/2021\/#website","url":"https:\/\/www.noticiasradioreflejos.com.ar\/2021\/","name":"Noticias Radio Reflejos","description":"Las noticias de mi comarca","potentialAction":[{"@type":"SearchAction","target":{"@type":"EntryPoint","urlTemplate":"https:\/\/www.noticiasradioreflejos.com.ar\/2021\/?s={search_term_string}"},"query-input":{"@type":"PropertyValueSpecification","valueRequired":true,"valueName":"search_term_string"}}],"inLanguage":"es"},{"@type":"Person","@id":"https:\/\/www.noticiasradioreflejos.com.ar\/2021\/#\/schema\/person\/ad82545263dcc5ec0996818884fd5fb1","name":"Arnaldo Botto","image":{"@type":"ImageObject","inLanguage":"es","@id":"https:\/\/www.noticiasradioreflejos.com.ar\/2021\/#\/schema\/person\/image\/","url":"https:\/\/secure.gravatar.com\/avatar\/55cb5e37c1efa326397366e6974cb338056df65cb50e7d64d1cf314e87504837?s=96&d=mm&r=g","contentUrl":"https:\/\/secure.gravatar.com\/avatar\/55cb5e37c1efa326397366e6974cb338056df65cb50e7d64d1cf314e87504837?s=96&d=mm&r=g","caption":"Arnaldo Botto"},"url":"https:\/\/www.noticiasradioreflejos.com.ar\/2021\/author\/arnaldo\/"}]}},"_links":{"self":[{"href":"https:\/\/www.noticiasradioreflejos.com.ar\/2021\/wp-json\/wp\/v2\/posts\/35483","targetHints":{"allow":["GET"]}}],"collection":[{"href":"https:\/\/www.noticiasradioreflejos.com.ar\/2021\/wp-json\/wp\/v2\/posts"}],"about":[{"href":"https:\/\/www.noticiasradioreflejos.com.ar\/2021\/wp-json\/wp\/v2\/types\/post"}],"author":[{"embeddable":true,"href":"https:\/\/www.noticiasradioreflejos.com.ar\/2021\/wp-json\/wp\/v2\/users\/3"}],"replies":[{"embeddable":true,"href":"https:\/\/www.noticiasradioreflejos.com.ar\/2021\/wp-json\/wp\/v2\/comments?post=35483"}],"version-history":[{"count":0,"href":"https:\/\/www.noticiasradioreflejos.com.ar\/2021\/wp-json\/wp\/v2\/posts\/35483\/revisions"}],"wp:attachment":[{"href":"https:\/\/www.noticiasradioreflejos.com.ar\/2021\/wp-json\/wp\/v2\/media?parent=35483"}],"wp:term":[{"taxonomy":"category","embeddable":true,"href":"https:\/\/www.noticiasradioreflejos.com.ar\/2021\/wp-json\/wp\/v2\/categories?post=35483"},{"taxonomy":"post_tag","embeddable":true,"href":"https:\/\/www.noticiasradioreflejos.com.ar\/2021\/wp-json\/wp\/v2\/tags?post=35483"}],"curies":[{"name":"wp","href":"https:\/\/api.w.org\/{rel}","templated":true}]}}