{"id":35373,"date":"2019-10-07T14:18:39","date_gmt":"2019-10-07T17:18:39","guid":{"rendered":"http:\/\/www.noticiasradioreflejos.com.ar\/noticias\/?p=35373"},"modified":"2019-10-07T14:18:39","modified_gmt":"2019-10-07T17:18:39","slug":"un-finde-muy-activo-impulsando-la-comarca","status":"publish","type":"post","link":"https:\/\/www.noticiasradioreflejos.com.ar\/2021\/un-finde-muy-activo-impulsando-la-comarca\/","title":{"rendered":"Un finde muy activo impulsando la Comarca"},"content":{"rendered":"<p><a title=\"WhatsApp Image 2019-10-07 at 13.22.27\" href=\"http:\/\/live.staticflickr.com\/65535\/48860636062_746916fb12_s.jpg\" rel=\"\"><img loading=\"lazy\" decoding=\"async\" class=\"alignleft\" style=\"float: left;\" title=\"WhatsApp Image 2019-10-07 at 13.22.27\" src=\"http:\/\/live.staticflickr.com\/65535\/48860636062_746916fb12.jpg\" alt=\"WhatsApp Image 2019-10-07 at 13.22.27\" width=\"375\" height=\"500\" \/><\/a>La sustentabilidad en los negocios est\u00e1 cada vez m\u00e1s presente, en esa l\u00ednea la Secretar\u00eda de Turismo municipal particip\u00f3 de la 1era. Edici\u00f3n de Management de triple impacto, evento que tuvo lugar en la Ciudad de Buenos Aires.<!--more-->El \u00e1rea trabaja en los conceptos actuales de las empresas protagonistas de la nueva econom\u00eda, que hacen negocios generando valor econ\u00f3mico, social y ambiental de manera equivalente y construyendo un ecosistema de negocios cada vez m\u00e1s sustentable para el pa\u00eds.<br \/>\nLa jornada brindo herramientas para identificar nuevos paradigmas en modelos econ\u00f3micos, incorporar la mirada de los Objetivos de Desarrollo Sostenible (ODS) aplicados a los modelos de negocios, adquirir herramientas para generar indicadores de gesti\u00f3n de triple impacto, de an\u00e1lisis y para direccionar la gesti\u00f3n empresarial hacia modelos de triple impacto; adem\u00e1s para desarrollar destrezas que permitan liderar nuevos escenarios.<br \/>\nPor otro lado, y en la misma l\u00ednea de acci\u00f3n nuestro distrito form\u00f3 parte de la propuesta de la FIT. Estuvimos con gastronom\u00eda con cocina en vivo y degustaciones; participamos de la mesa de trabajo de Mercociudades exhibiendo el trabajo y la agenda del plan estrat\u00e9gico de la Secretar\u00eda de Turismo.<br \/>\nAdem\u00e1s tuvimos presencia en Pueblos Tur\u00edsticos, impulsando y mostrando como destino a la localidad de Saldungaray.<br \/>\n<a title=\"WhatsApp Image 2019-10-07 at 13.22.25 (1)\" href=\"http:\/\/live.staticflickr.com\/65535\/48860441826_f42181a269_s.jpg\" rel=\"\"><img loading=\"lazy\" decoding=\"async\" class=\"aligncenter\" title=\"WhatsApp Image 2019-10-07 at 13.22.25 (1)\" src=\"http:\/\/live.staticflickr.com\/65535\/48860441826_f42181a269_z.jpg\" alt=\"WhatsApp Image 2019-10-07 at 13.22.25 (1)\" width=\"640\" height=\"480\" \/><\/a><br \/>\n<a title=\"WhatsApp Image 2019-10-07 at 13.22.26\" href=\"http:\/\/live.staticflickr.com\/65535\/48860636302_0f9fd26b2c_s.jpg\" rel=\"\"><img loading=\"lazy\" decoding=\"async\" class=\"aligncenter\" title=\"WhatsApp Image 2019-10-07 at 13.22.26\" src=\"http:\/\/live.staticflickr.com\/65535\/48860636302_0f9fd26b2c_z.jpg\" alt=\"WhatsApp Image 2019-10-07 at 13.22.26\" width=\"640\" height=\"563\" \/><\/a><\/p>\n","protected":false},"excerpt":{"rendered":"<p>La sustentabilidad en los negocios est\u00e1 cada vez m\u00e1s presente, en esa l\u00ednea la Secretar\u00eda de Turismo municipal particip\u00f3 de la 1era. Edici\u00f3n de Management de triple impacto, evento que tuvo lugar en la Ciudad de Buenos Aires.<\/p>\n","protected":false},"author":3,"featured_media":0,"comment_status":"closed","ping_status":"open","sticky":false,"template":"","format":"standard","meta":{"footnotes":""},"categories":[33],"tags":[],"class_list":["post-35373","post","type-post","status-publish","format-standard","hentry","category-turismo"],"yoast_head":"<!-- This site is optimized with the Yoast SEO plugin v25.9 - https:\/\/yoast.com\/wordpress\/plugins\/seo\/ -->\n<title>Un finde muy activo impulsando la Comarca - Noticias Radio Reflejos<\/title>\n<meta name=\"robots\" content=\"index, follow, max-snippet:-1, max-image-preview:large, max-video-preview:-1\" \/>\n<link rel=\"canonical\" href=\"https:\/\/www.noticiasradioreflejos.com.ar\/2021\/un-finde-muy-activo-impulsando-la-comarca\/\" \/>\n<meta property=\"og:locale\" content=\"es_ES\" \/>\n<meta property=\"og:type\" content=\"article\" \/>\n<meta property=\"og:title\" content=\"Un finde muy activo impulsando la Comarca - Noticias Radio Reflejos\" \/>\n<meta property=\"og:description\" content=\"La sustentabilidad en los negocios est\u00e1 cada vez m\u00e1s presente, en esa l\u00ednea la Secretar\u00eda de Turismo municipal particip\u00f3 de la 1era. Edici\u00f3n de Management de triple impacto, evento que tuvo lugar en la Ciudad de Buenos Aires.\" \/>\n<meta property=\"og:url\" content=\"https:\/\/www.noticiasradioreflejos.com.ar\/2021\/un-finde-muy-activo-impulsando-la-comarca\/\" \/>\n<meta property=\"og:site_name\" content=\"Noticias Radio Reflejos\" \/>\n<meta property=\"article:published_time\" content=\"2019-10-07T17:18:39+00:00\" \/>\n<meta property=\"og:image\" content=\"http:\/\/live.staticflickr.com\/65535\/48860636062_746916fb12.jpg\" \/>\n<meta name=\"author\" content=\"Arnaldo Botto\" \/>\n<meta name=\"twitter:card\" content=\"summary_large_image\" \/>\n<script type=\"application\/ld+json\" class=\"yoast-schema-graph\">{\"@context\":\"https:\/\/schema.org\",\"@graph\":[{\"@type\":\"WebPage\",\"@id\":\"https:\/\/www.noticiasradioreflejos.com.ar\/2021\/un-finde-muy-activo-impulsando-la-comarca\/\",\"url\":\"https:\/\/www.noticiasradioreflejos.com.ar\/2021\/un-finde-muy-activo-impulsando-la-comarca\/\",\"name\":\"Un finde muy activo impulsando la Comarca - Noticias Radio Reflejos\",\"isPartOf\":{\"@id\":\"https:\/\/www.noticiasradioreflejos.com.ar\/2021\/#website\"},\"primaryImageOfPage\":{\"@id\":\"https:\/\/www.noticiasradioreflejos.com.ar\/2021\/un-finde-muy-activo-impulsando-la-comarca\/#primaryimage\"},\"image\":{\"@id\":\"https:\/\/www.noticiasradioreflejos.com.ar\/2021\/un-finde-muy-activo-impulsando-la-comarca\/#primaryimage\"},\"thumbnailUrl\":\"http:\/\/live.staticflickr.com\/65535\/48860636062_746916fb12.jpg\",\"datePublished\":\"2019-10-07T17:18:39+00:00\",\"author\":{\"@id\":\"https:\/\/www.noticiasradioreflejos.com.ar\/2021\/#\/schema\/person\/ad82545263dcc5ec0996818884fd5fb1\"},\"breadcrumb\":{\"@id\":\"https:\/\/www.noticiasradioreflejos.com.ar\/2021\/un-finde-muy-activo-impulsando-la-comarca\/#breadcrumb\"},\"inLanguage\":\"es\",\"potentialAction\":[{\"@type\":\"ReadAction\",\"target\":[\"https:\/\/www.noticiasradioreflejos.com.ar\/2021\/un-finde-muy-activo-impulsando-la-comarca\/\"]}]},{\"@type\":\"ImageObject\",\"inLanguage\":\"es\",\"@id\":\"https:\/\/www.noticiasradioreflejos.com.ar\/2021\/un-finde-muy-activo-impulsando-la-comarca\/#primaryimage\",\"url\":\"http:\/\/live.staticflickr.com\/65535\/48860636062_746916fb12.jpg\",\"contentUrl\":\"http:\/\/live.staticflickr.com\/65535\/48860636062_746916fb12.jpg\"},{\"@type\":\"BreadcrumbList\",\"@id\":\"https:\/\/www.noticiasradioreflejos.com.ar\/2021\/un-finde-muy-activo-impulsando-la-comarca\/#breadcrumb\",\"itemListElement\":[{\"@type\":\"ListItem\",\"position\":1,\"name\":\"Portada\",\"item\":\"https:\/\/www.noticiasradioreflejos.com.ar\/2021\/\"},{\"@type\":\"ListItem\",\"position\":2,\"name\":\"Un finde muy activo impulsando la Comarca\"}]},{\"@type\":\"WebSite\",\"@id\":\"https:\/\/www.noticiasradioreflejos.com.ar\/2021\/#website\",\"url\":\"https:\/\/www.noticiasradioreflejos.com.ar\/2021\/\",\"name\":\"Noticias Radio Reflejos\",\"description\":\"Las noticias de mi comarca\",\"potentialAction\":[{\"@type\":\"SearchAction\",\"target\":{\"@type\":\"EntryPoint\",\"urlTemplate\":\"https:\/\/www.noticiasradioreflejos.com.ar\/2021\/?s={search_term_string}\"},\"query-input\":{\"@type\":\"PropertyValueSpecification\",\"valueRequired\":true,\"valueName\":\"search_term_string\"}}],\"inLanguage\":\"es\"},{\"@type\":\"Person\",\"@id\":\"https:\/\/www.noticiasradioreflejos.com.ar\/2021\/#\/schema\/person\/ad82545263dcc5ec0996818884fd5fb1\",\"name\":\"Arnaldo Botto\",\"image\":{\"@type\":\"ImageObject\",\"inLanguage\":\"es\",\"@id\":\"https:\/\/www.noticiasradioreflejos.com.ar\/2021\/#\/schema\/person\/image\/\",\"url\":\"https:\/\/secure.gravatar.com\/avatar\/55cb5e37c1efa326397366e6974cb338056df65cb50e7d64d1cf314e87504837?s=96&d=mm&r=g\",\"contentUrl\":\"https:\/\/secure.gravatar.com\/avatar\/55cb5e37c1efa326397366e6974cb338056df65cb50e7d64d1cf314e87504837?s=96&d=mm&r=g\",\"caption\":\"Arnaldo Botto\"},\"url\":\"https:\/\/www.noticiasradioreflejos.com.ar\/2021\/author\/arnaldo\/\"}]}<\/script>\n<!-- \/ Yoast SEO plugin. -->","yoast_head_json":{"title":"Un finde muy activo impulsando la Comarca - Noticias Radio Reflejos","robots":{"index":"index","follow":"follow","max-snippet":"max-snippet:-1","max-image-preview":"max-image-preview:large","max-video-preview":"max-video-preview:-1"},"canonical":"https:\/\/www.noticiasradioreflejos.com.ar\/2021\/un-finde-muy-activo-impulsando-la-comarca\/","og_locale":"es_ES","og_type":"article","og_title":"Un finde muy activo impulsando la Comarca - Noticias Radio Reflejos","og_description":"La sustentabilidad en los negocios est\u00e1 cada vez m\u00e1s presente, en esa l\u00ednea la Secretar\u00eda de Turismo municipal particip\u00f3 de la 1era. Edici\u00f3n de Management de triple impacto, evento que tuvo lugar en la Ciudad de Buenos Aires.","og_url":"https:\/\/www.noticiasradioreflejos.com.ar\/2021\/un-finde-muy-activo-impulsando-la-comarca\/","og_site_name":"Noticias Radio Reflejos","article_published_time":"2019-10-07T17:18:39+00:00","og_image":[{"url":"http:\/\/live.staticflickr.com\/65535\/48860636062_746916fb12.jpg","type":"","width":"","height":""}],"author":"Arnaldo Botto","twitter_card":"summary_large_image","schema":{"@context":"https:\/\/schema.org","@graph":[{"@type":"WebPage","@id":"https:\/\/www.noticiasradioreflejos.com.ar\/2021\/un-finde-muy-activo-impulsando-la-comarca\/","url":"https:\/\/www.noticiasradioreflejos.com.ar\/2021\/un-finde-muy-activo-impulsando-la-comarca\/","name":"Un finde muy activo impulsando la Comarca - Noticias Radio Reflejos","isPartOf":{"@id":"https:\/\/www.noticiasradioreflejos.com.ar\/2021\/#website"},"primaryImageOfPage":{"@id":"https:\/\/www.noticiasradioreflejos.com.ar\/2021\/un-finde-muy-activo-impulsando-la-comarca\/#primaryimage"},"image":{"@id":"https:\/\/www.noticiasradioreflejos.com.ar\/2021\/un-finde-muy-activo-impulsando-la-comarca\/#primaryimage"},"thumbnailUrl":"http:\/\/live.staticflickr.com\/65535\/48860636062_746916fb12.jpg","datePublished":"2019-10-07T17:18:39+00:00","author":{"@id":"https:\/\/www.noticiasradioreflejos.com.ar\/2021\/#\/schema\/person\/ad82545263dcc5ec0996818884fd5fb1"},"breadcrumb":{"@id":"https:\/\/www.noticiasradioreflejos.com.ar\/2021\/un-finde-muy-activo-impulsando-la-comarca\/#breadcrumb"},"inLanguage":"es","potentialAction":[{"@type":"ReadAction","target":["https:\/\/www.noticiasradioreflejos.com.ar\/2021\/un-finde-muy-activo-impulsando-la-comarca\/"]}]},{"@type":"ImageObject","inLanguage":"es","@id":"https:\/\/www.noticiasradioreflejos.com.ar\/2021\/un-finde-muy-activo-impulsando-la-comarca\/#primaryimage","url":"http:\/\/live.staticflickr.com\/65535\/48860636062_746916fb12.jpg","contentUrl":"http:\/\/live.staticflickr.com\/65535\/48860636062_746916fb12.jpg"},{"@type":"BreadcrumbList","@id":"https:\/\/www.noticiasradioreflejos.com.ar\/2021\/un-finde-muy-activo-impulsando-la-comarca\/#breadcrumb","itemListElement":[{"@type":"ListItem","position":1,"name":"Portada","item":"https:\/\/www.noticiasradioreflejos.com.ar\/2021\/"},{"@type":"ListItem","position":2,"name":"Un finde muy activo impulsando la Comarca"}]},{"@type":"WebSite","@id":"https:\/\/www.noticiasradioreflejos.com.ar\/2021\/#website","url":"https:\/\/www.noticiasradioreflejos.com.ar\/2021\/","name":"Noticias Radio Reflejos","description":"Las noticias de mi comarca","potentialAction":[{"@type":"SearchAction","target":{"@type":"EntryPoint","urlTemplate":"https:\/\/www.noticiasradioreflejos.com.ar\/2021\/?s={search_term_string}"},"query-input":{"@type":"PropertyValueSpecification","valueRequired":true,"valueName":"search_term_string"}}],"inLanguage":"es"},{"@type":"Person","@id":"https:\/\/www.noticiasradioreflejos.com.ar\/2021\/#\/schema\/person\/ad82545263dcc5ec0996818884fd5fb1","name":"Arnaldo Botto","image":{"@type":"ImageObject","inLanguage":"es","@id":"https:\/\/www.noticiasradioreflejos.com.ar\/2021\/#\/schema\/person\/image\/","url":"https:\/\/secure.gravatar.com\/avatar\/55cb5e37c1efa326397366e6974cb338056df65cb50e7d64d1cf314e87504837?s=96&d=mm&r=g","contentUrl":"https:\/\/secure.gravatar.com\/avatar\/55cb5e37c1efa326397366e6974cb338056df65cb50e7d64d1cf314e87504837?s=96&d=mm&r=g","caption":"Arnaldo Botto"},"url":"https:\/\/www.noticiasradioreflejos.com.ar\/2021\/author\/arnaldo\/"}]}},"_links":{"self":[{"href":"https:\/\/www.noticiasradioreflejos.com.ar\/2021\/wp-json\/wp\/v2\/posts\/35373","targetHints":{"allow":["GET"]}}],"collection":[{"href":"https:\/\/www.noticiasradioreflejos.com.ar\/2021\/wp-json\/wp\/v2\/posts"}],"about":[{"href":"https:\/\/www.noticiasradioreflejos.com.ar\/2021\/wp-json\/wp\/v2\/types\/post"}],"author":[{"embeddable":true,"href":"https:\/\/www.noticiasradioreflejos.com.ar\/2021\/wp-json\/wp\/v2\/users\/3"}],"replies":[{"embeddable":true,"href":"https:\/\/www.noticiasradioreflejos.com.ar\/2021\/wp-json\/wp\/v2\/comments?post=35373"}],"version-history":[{"count":0,"href":"https:\/\/www.noticiasradioreflejos.com.ar\/2021\/wp-json\/wp\/v2\/posts\/35373\/revisions"}],"wp:attachment":[{"href":"https:\/\/www.noticiasradioreflejos.com.ar\/2021\/wp-json\/wp\/v2\/media?parent=35373"}],"wp:term":[{"taxonomy":"category","embeddable":true,"href":"https:\/\/www.noticiasradioreflejos.com.ar\/2021\/wp-json\/wp\/v2\/categories?post=35373"},{"taxonomy":"post_tag","embeddable":true,"href":"https:\/\/www.noticiasradioreflejos.com.ar\/2021\/wp-json\/wp\/v2\/tags?post=35373"}],"curies":[{"name":"wp","href":"https:\/\/api.w.org\/{rel}","templated":true}]}}