{"id":35370,"date":"2019-10-07T14:14:37","date_gmt":"2019-10-07T17:14:37","guid":{"rendered":"http:\/\/www.noticiasradioreflejos.com.ar\/noticias\/?p=35370"},"modified":"2019-10-07T14:14:37","modified_gmt":"2019-10-07T17:14:37","slug":"hechos-delictivos-esclarecidos-en-sierra-de-la-ventana-y-villa-la-arcadia-parte-de-prensa","status":"publish","type":"post","link":"https:\/\/www.noticiasradioreflejos.com.ar\/2021\/hechos-delictivos-esclarecidos-en-sierra-de-la-ventana-y-villa-la-arcadia-parte-de-prensa\/","title":{"rendered":"Hechos delictivos esclarecidos en Sierra de la Ventana y Villa La Arcadia. (Parte de prensa)"},"content":{"rendered":"<p><a title=\"preso\" href=\"http:\/\/live.staticflickr.com\/65535\/48860610412_1355e43fc9_s.jpg\" rel=\"\"><img loading=\"lazy\" decoding=\"async\" class=\"alignleft\" style=\"float: left;\" title=\"preso\" src=\"http:\/\/live.staticflickr.com\/65535\/48860610412_1355e43fc9_n.jpg\" alt=\"preso\" width=\"254\" height=\"320\" \/><\/a>La Secretar\u00eda de Seguridad del Partido de Tornquist, informa a la poblaci\u00f3n que en el d\u00eda de ayer 06 del mes y a\u00f1o en curso, en la Subestaci\u00f3n de Polic\u00eda Comunal de Sierra de la Ventana se recepcion\u00f3 una denuncia penal a la Se\u00f1ora Llanque Lucrecia Anabel, quien denunciara que en horas de la madrugada, mientras descansaba en su domicilio autores ignorados ingresaron y sustrajeron varios elementos de su propiedad, entre ellos una Notebook y dinero en efectivo. <!--more-->Tambi\u00e9n denunci\u00f3 el Se\u00f1or San Jos\u00e9 Carlos Dante, quien manifestara que autores ignorados, previo a romper ventiluz del ba\u00f1o de su propiedad, ingresaron y sustrajeron varios elementos de su propiedad. Asimismo en el Puesto de Vigilancia de Villa Arcadia, (Partido de Coronel Suarez), se recepcion\u00f3 una denuncia penal al ciudadano Speransa Pedro Jos\u00e9, oriundo de Coronel Suarez, quien se hallaba acampando en el Camping \u201cLourdes\u201d y quien denunciara que en horas de la noche del d\u00eda 05 del corriente mes, autores ignorados ingresaran a su carpa y le sustrajeran la totalidad de sus pertenencias. Que en horas pr\u00f3ximas al mediod\u00eda del d\u00eda Domingo 06 de mes en curso, personal policial de la Sub Estaci\u00f3n de Sierra de la Ventana intercepta a dos sujetos for\u00e1neos del medio, uno de 18 a\u00f1os de edad y el restante menor de 17 a\u00f1os, ambos oriundos de Bah\u00eda Blanca, a quienes cursados sus datos filiatorios por Sala Inform\u00e1tica se constata que sobre el menor pesaban dos pedidos de paraderos solicitados uno por la Fiscal\u00eda Numero 1 de Bah\u00eda Blanca y el restante por el Juzgado de Familia N\u00famero 1 de La Plata por un Per\u00edmetro de Restricci\u00f3n por Violencia Familiar, siendo llevados a la seccional policial fines realizar las diligencias de rigor. Que habiendo tomado conocimiento de lo acaecido personal policial del Gabinete de Prevenci\u00f3n Delitos perteneciente a la Estaci\u00f3n de Polic\u00eda Comunal Tornquist, inmediatamente dichos efectivos policiales se hacen presentes en Sierra de la Ventana, llevando a cabo las tareas investigativas pertinentes a los fines del esclarecimiento de los hechos denunciados, logrando as\u00ed (gracias a un r\u00e1pido accionar) la aprehensi\u00f3n de los sujetos quienes previamente hab\u00edan sido trasladados a la Sub Estaci\u00f3n de Sierra de la Ventana como quedara expresado precedentemente, trat\u00e1ndose fehacientemente del se\u00f1or FRANCO ALBERTO MORA, quien hall\u00e1base acompa\u00f1ado del menor de 17 a\u00f1os, que por cuestiones legales no se aportan los datos respectivos, quienes quedaran aprehendidos por el delito de HURTOS REITERADOS y a disposici\u00f3n de la Fiscal\u00eda de Menores y de la Fiscal\u00eda N\u00famero 12 de Bah\u00eda Blanca. Que a ra\u00edz de la aprehensi\u00f3n de Mora y de su hermano menor, se logran recolectar pruebas incriminatorias que involucran a ambos como autores de los tres hechos perpetrados, recuper\u00e1ndose los elementos denunciados como sustra\u00eddos y siendo entregados a sus respectivos due\u00f1os.-<br \/>\n<a title=\"preso 2\" href=\"http:\/\/live.staticflickr.com\/65535\/48860415916_9759c7beb9_s.jpg\" rel=\"\"><img loading=\"lazy\" decoding=\"async\" title=\"preso 2\" src=\"http:\/\/live.staticflickr.com\/65535\/48860415916_9759c7beb9_n.jpg\" alt=\"preso 2\" width=\"240\" height=\"320\" \/><\/a><br \/>\nSECRETAR\u00cdA DE SEGURIDAD \u2013 MUNICIPALIDAD DE TORNQUIST<br \/>\nOCTUBRE 07 DE 2019.-<\/p>\n","protected":false},"excerpt":{"rendered":"<p>La Secretar\u00eda de Seguridad del Partido de Tornquist, informa a la poblaci\u00f3n que en el d\u00eda de ayer 06 del mes y a\u00f1o en curso, en la Subestaci\u00f3n de Polic\u00eda Comunal de Sierra de la Ventana se recepcion\u00f3 una denuncia penal a la Se\u00f1ora Llanque Lucrecia Anabel, quien denunciara que en horas de la madrugada, [&hellip;]<\/p>\n","protected":false},"author":3,"featured_media":0,"comment_status":"closed","ping_status":"open","sticky":false,"template":"","format":"standard","meta":{"footnotes":""},"categories":[29],"tags":[],"class_list":["post-35370","post","type-post","status-publish","format-standard","hentry","category-policiales"],"yoast_head":"<!-- This site is optimized with the Yoast SEO plugin v25.9 - https:\/\/yoast.com\/wordpress\/plugins\/seo\/ -->\n<title>Hechos delictivos esclarecidos en Sierra de la Ventana y Villa La Arcadia. (Parte de prensa) - Noticias Radio Reflejos<\/title>\n<meta name=\"robots\" content=\"index, follow, max-snippet:-1, max-image-preview:large, max-video-preview:-1\" \/>\n<link rel=\"canonical\" href=\"https:\/\/www.noticiasradioreflejos.com.ar\/2021\/hechos-delictivos-esclarecidos-en-sierra-de-la-ventana-y-villa-la-arcadia-parte-de-prensa\/\" \/>\n<meta property=\"og:locale\" content=\"es_ES\" \/>\n<meta property=\"og:type\" content=\"article\" \/>\n<meta property=\"og:title\" content=\"Hechos delictivos esclarecidos en Sierra de la Ventana y Villa La Arcadia. (Parte de prensa) - Noticias Radio Reflejos\" \/>\n<meta property=\"og:description\" content=\"La Secretar\u00eda de Seguridad del Partido de Tornquist, informa a la poblaci\u00f3n que en el d\u00eda de ayer 06 del mes y a\u00f1o en curso, en la Subestaci\u00f3n de Polic\u00eda Comunal de Sierra de la Ventana se recepcion\u00f3 una denuncia penal a la Se\u00f1ora Llanque Lucrecia Anabel, quien denunciara que en horas de la madrugada, [&hellip;]\" \/>\n<meta property=\"og:url\" content=\"https:\/\/www.noticiasradioreflejos.com.ar\/2021\/hechos-delictivos-esclarecidos-en-sierra-de-la-ventana-y-villa-la-arcadia-parte-de-prensa\/\" \/>\n<meta property=\"og:site_name\" content=\"Noticias Radio Reflejos\" \/>\n<meta property=\"article:published_time\" content=\"2019-10-07T17:14:37+00:00\" \/>\n<meta property=\"og:image\" content=\"http:\/\/live.staticflickr.com\/65535\/48860610412_1355e43fc9_n.jpg\" \/>\n<meta name=\"author\" content=\"Arnaldo Botto\" \/>\n<meta name=\"twitter:card\" content=\"summary_large_image\" \/>\n<script type=\"application\/ld+json\" class=\"yoast-schema-graph\">{\"@context\":\"https:\/\/schema.org\",\"@graph\":[{\"@type\":\"WebPage\",\"@id\":\"https:\/\/www.noticiasradioreflejos.com.ar\/2021\/hechos-delictivos-esclarecidos-en-sierra-de-la-ventana-y-villa-la-arcadia-parte-de-prensa\/\",\"url\":\"https:\/\/www.noticiasradioreflejos.com.ar\/2021\/hechos-delictivos-esclarecidos-en-sierra-de-la-ventana-y-villa-la-arcadia-parte-de-prensa\/\",\"name\":\"Hechos delictivos esclarecidos en Sierra de la Ventana y Villa La Arcadia. (Parte de prensa) - Noticias Radio Reflejos\",\"isPartOf\":{\"@id\":\"https:\/\/www.noticiasradioreflejos.com.ar\/2021\/#website\"},\"primaryImageOfPage\":{\"@id\":\"https:\/\/www.noticiasradioreflejos.com.ar\/2021\/hechos-delictivos-esclarecidos-en-sierra-de-la-ventana-y-villa-la-arcadia-parte-de-prensa\/#primaryimage\"},\"image\":{\"@id\":\"https:\/\/www.noticiasradioreflejos.com.ar\/2021\/hechos-delictivos-esclarecidos-en-sierra-de-la-ventana-y-villa-la-arcadia-parte-de-prensa\/#primaryimage\"},\"thumbnailUrl\":\"http:\/\/live.staticflickr.com\/65535\/48860610412_1355e43fc9_n.jpg\",\"datePublished\":\"2019-10-07T17:14:37+00:00\",\"author\":{\"@id\":\"https:\/\/www.noticiasradioreflejos.com.ar\/2021\/#\/schema\/person\/ad82545263dcc5ec0996818884fd5fb1\"},\"breadcrumb\":{\"@id\":\"https:\/\/www.noticiasradioreflejos.com.ar\/2021\/hechos-delictivos-esclarecidos-en-sierra-de-la-ventana-y-villa-la-arcadia-parte-de-prensa\/#breadcrumb\"},\"inLanguage\":\"es\",\"potentialAction\":[{\"@type\":\"ReadAction\",\"target\":[\"https:\/\/www.noticiasradioreflejos.com.ar\/2021\/hechos-delictivos-esclarecidos-en-sierra-de-la-ventana-y-villa-la-arcadia-parte-de-prensa\/\"]}]},{\"@type\":\"ImageObject\",\"inLanguage\":\"es\",\"@id\":\"https:\/\/www.noticiasradioreflejos.com.ar\/2021\/hechos-delictivos-esclarecidos-en-sierra-de-la-ventana-y-villa-la-arcadia-parte-de-prensa\/#primaryimage\",\"url\":\"http:\/\/live.staticflickr.com\/65535\/48860610412_1355e43fc9_n.jpg\",\"contentUrl\":\"http:\/\/live.staticflickr.com\/65535\/48860610412_1355e43fc9_n.jpg\"},{\"@type\":\"BreadcrumbList\",\"@id\":\"https:\/\/www.noticiasradioreflejos.com.ar\/2021\/hechos-delictivos-esclarecidos-en-sierra-de-la-ventana-y-villa-la-arcadia-parte-de-prensa\/#breadcrumb\",\"itemListElement\":[{\"@type\":\"ListItem\",\"position\":1,\"name\":\"Portada\",\"item\":\"https:\/\/www.noticiasradioreflejos.com.ar\/2021\/\"},{\"@type\":\"ListItem\",\"position\":2,\"name\":\"Hechos delictivos esclarecidos en Sierra de la Ventana y Villa La Arcadia. (Parte de prensa)\"}]},{\"@type\":\"WebSite\",\"@id\":\"https:\/\/www.noticiasradioreflejos.com.ar\/2021\/#website\",\"url\":\"https:\/\/www.noticiasradioreflejos.com.ar\/2021\/\",\"name\":\"Noticias Radio Reflejos\",\"description\":\"Las noticias de mi comarca\",\"potentialAction\":[{\"@type\":\"SearchAction\",\"target\":{\"@type\":\"EntryPoint\",\"urlTemplate\":\"https:\/\/www.noticiasradioreflejos.com.ar\/2021\/?s={search_term_string}\"},\"query-input\":{\"@type\":\"PropertyValueSpecification\",\"valueRequired\":true,\"valueName\":\"search_term_string\"}}],\"inLanguage\":\"es\"},{\"@type\":\"Person\",\"@id\":\"https:\/\/www.noticiasradioreflejos.com.ar\/2021\/#\/schema\/person\/ad82545263dcc5ec0996818884fd5fb1\",\"name\":\"Arnaldo Botto\",\"image\":{\"@type\":\"ImageObject\",\"inLanguage\":\"es\",\"@id\":\"https:\/\/www.noticiasradioreflejos.com.ar\/2021\/#\/schema\/person\/image\/\",\"url\":\"https:\/\/secure.gravatar.com\/avatar\/55cb5e37c1efa326397366e6974cb338056df65cb50e7d64d1cf314e87504837?s=96&d=mm&r=g\",\"contentUrl\":\"https:\/\/secure.gravatar.com\/avatar\/55cb5e37c1efa326397366e6974cb338056df65cb50e7d64d1cf314e87504837?s=96&d=mm&r=g\",\"caption\":\"Arnaldo Botto\"},\"url\":\"https:\/\/www.noticiasradioreflejos.com.ar\/2021\/author\/arnaldo\/\"}]}<\/script>\n<!-- \/ Yoast SEO plugin. -->","yoast_head_json":{"title":"Hechos delictivos esclarecidos en Sierra de la Ventana y Villa La Arcadia. (Parte de prensa) - Noticias Radio Reflejos","robots":{"index":"index","follow":"follow","max-snippet":"max-snippet:-1","max-image-preview":"max-image-preview:large","max-video-preview":"max-video-preview:-1"},"canonical":"https:\/\/www.noticiasradioreflejos.com.ar\/2021\/hechos-delictivos-esclarecidos-en-sierra-de-la-ventana-y-villa-la-arcadia-parte-de-prensa\/","og_locale":"es_ES","og_type":"article","og_title":"Hechos delictivos esclarecidos en Sierra de la Ventana y Villa La Arcadia. (Parte de prensa) - Noticias Radio Reflejos","og_description":"La Secretar\u00eda de Seguridad del Partido de Tornquist, informa a la poblaci\u00f3n que en el d\u00eda de ayer 06 del mes y a\u00f1o en curso, en la Subestaci\u00f3n de Polic\u00eda Comunal de Sierra de la Ventana se recepcion\u00f3 una denuncia penal a la Se\u00f1ora Llanque Lucrecia Anabel, quien denunciara que en horas de la madrugada, [&hellip;]","og_url":"https:\/\/www.noticiasradioreflejos.com.ar\/2021\/hechos-delictivos-esclarecidos-en-sierra-de-la-ventana-y-villa-la-arcadia-parte-de-prensa\/","og_site_name":"Noticias Radio Reflejos","article_published_time":"2019-10-07T17:14:37+00:00","og_image":[{"url":"http:\/\/live.staticflickr.com\/65535\/48860610412_1355e43fc9_n.jpg","type":"","width":"","height":""}],"author":"Arnaldo Botto","twitter_card":"summary_large_image","schema":{"@context":"https:\/\/schema.org","@graph":[{"@type":"WebPage","@id":"https:\/\/www.noticiasradioreflejos.com.ar\/2021\/hechos-delictivos-esclarecidos-en-sierra-de-la-ventana-y-villa-la-arcadia-parte-de-prensa\/","url":"https:\/\/www.noticiasradioreflejos.com.ar\/2021\/hechos-delictivos-esclarecidos-en-sierra-de-la-ventana-y-villa-la-arcadia-parte-de-prensa\/","name":"Hechos delictivos esclarecidos en Sierra de la Ventana y Villa La Arcadia. (Parte de prensa) - Noticias Radio Reflejos","isPartOf":{"@id":"https:\/\/www.noticiasradioreflejos.com.ar\/2021\/#website"},"primaryImageOfPage":{"@id":"https:\/\/www.noticiasradioreflejos.com.ar\/2021\/hechos-delictivos-esclarecidos-en-sierra-de-la-ventana-y-villa-la-arcadia-parte-de-prensa\/#primaryimage"},"image":{"@id":"https:\/\/www.noticiasradioreflejos.com.ar\/2021\/hechos-delictivos-esclarecidos-en-sierra-de-la-ventana-y-villa-la-arcadia-parte-de-prensa\/#primaryimage"},"thumbnailUrl":"http:\/\/live.staticflickr.com\/65535\/48860610412_1355e43fc9_n.jpg","datePublished":"2019-10-07T17:14:37+00:00","author":{"@id":"https:\/\/www.noticiasradioreflejos.com.ar\/2021\/#\/schema\/person\/ad82545263dcc5ec0996818884fd5fb1"},"breadcrumb":{"@id":"https:\/\/www.noticiasradioreflejos.com.ar\/2021\/hechos-delictivos-esclarecidos-en-sierra-de-la-ventana-y-villa-la-arcadia-parte-de-prensa\/#breadcrumb"},"inLanguage":"es","potentialAction":[{"@type":"ReadAction","target":["https:\/\/www.noticiasradioreflejos.com.ar\/2021\/hechos-delictivos-esclarecidos-en-sierra-de-la-ventana-y-villa-la-arcadia-parte-de-prensa\/"]}]},{"@type":"ImageObject","inLanguage":"es","@id":"https:\/\/www.noticiasradioreflejos.com.ar\/2021\/hechos-delictivos-esclarecidos-en-sierra-de-la-ventana-y-villa-la-arcadia-parte-de-prensa\/#primaryimage","url":"http:\/\/live.staticflickr.com\/65535\/48860610412_1355e43fc9_n.jpg","contentUrl":"http:\/\/live.staticflickr.com\/65535\/48860610412_1355e43fc9_n.jpg"},{"@type":"BreadcrumbList","@id":"https:\/\/www.noticiasradioreflejos.com.ar\/2021\/hechos-delictivos-esclarecidos-en-sierra-de-la-ventana-y-villa-la-arcadia-parte-de-prensa\/#breadcrumb","itemListElement":[{"@type":"ListItem","position":1,"name":"Portada","item":"https:\/\/www.noticiasradioreflejos.com.ar\/2021\/"},{"@type":"ListItem","position":2,"name":"Hechos delictivos esclarecidos en Sierra de la Ventana y Villa La Arcadia. (Parte de prensa)"}]},{"@type":"WebSite","@id":"https:\/\/www.noticiasradioreflejos.com.ar\/2021\/#website","url":"https:\/\/www.noticiasradioreflejos.com.ar\/2021\/","name":"Noticias Radio Reflejos","description":"Las noticias de mi comarca","potentialAction":[{"@type":"SearchAction","target":{"@type":"EntryPoint","urlTemplate":"https:\/\/www.noticiasradioreflejos.com.ar\/2021\/?s={search_term_string}"},"query-input":{"@type":"PropertyValueSpecification","valueRequired":true,"valueName":"search_term_string"}}],"inLanguage":"es"},{"@type":"Person","@id":"https:\/\/www.noticiasradioreflejos.com.ar\/2021\/#\/schema\/person\/ad82545263dcc5ec0996818884fd5fb1","name":"Arnaldo Botto","image":{"@type":"ImageObject","inLanguage":"es","@id":"https:\/\/www.noticiasradioreflejos.com.ar\/2021\/#\/schema\/person\/image\/","url":"https:\/\/secure.gravatar.com\/avatar\/55cb5e37c1efa326397366e6974cb338056df65cb50e7d64d1cf314e87504837?s=96&d=mm&r=g","contentUrl":"https:\/\/secure.gravatar.com\/avatar\/55cb5e37c1efa326397366e6974cb338056df65cb50e7d64d1cf314e87504837?s=96&d=mm&r=g","caption":"Arnaldo Botto"},"url":"https:\/\/www.noticiasradioreflejos.com.ar\/2021\/author\/arnaldo\/"}]}},"_links":{"self":[{"href":"https:\/\/www.noticiasradioreflejos.com.ar\/2021\/wp-json\/wp\/v2\/posts\/35370","targetHints":{"allow":["GET"]}}],"collection":[{"href":"https:\/\/www.noticiasradioreflejos.com.ar\/2021\/wp-json\/wp\/v2\/posts"}],"about":[{"href":"https:\/\/www.noticiasradioreflejos.com.ar\/2021\/wp-json\/wp\/v2\/types\/post"}],"author":[{"embeddable":true,"href":"https:\/\/www.noticiasradioreflejos.com.ar\/2021\/wp-json\/wp\/v2\/users\/3"}],"replies":[{"embeddable":true,"href":"https:\/\/www.noticiasradioreflejos.com.ar\/2021\/wp-json\/wp\/v2\/comments?post=35370"}],"version-history":[{"count":0,"href":"https:\/\/www.noticiasradioreflejos.com.ar\/2021\/wp-json\/wp\/v2\/posts\/35370\/revisions"}],"wp:attachment":[{"href":"https:\/\/www.noticiasradioreflejos.com.ar\/2021\/wp-json\/wp\/v2\/media?parent=35370"}],"wp:term":[{"taxonomy":"category","embeddable":true,"href":"https:\/\/www.noticiasradioreflejos.com.ar\/2021\/wp-json\/wp\/v2\/categories?post=35370"},{"taxonomy":"post_tag","embeddable":true,"href":"https:\/\/www.noticiasradioreflejos.com.ar\/2021\/wp-json\/wp\/v2\/tags?post=35370"}],"curies":[{"name":"wp","href":"https:\/\/api.w.org\/{rel}","templated":true}]}}