{"id":35297,"date":"2019-10-04T07:51:19","date_gmt":"2019-10-04T10:51:19","guid":{"rendered":"http:\/\/www.noticiasradioreflejos.com.ar\/noticias\/?p=35297"},"modified":"2019-10-04T07:51:19","modified_gmt":"2019-10-04T10:51:19","slug":"programa-01-vecin-del-12092019","status":"publish","type":"post","link":"https:\/\/www.noticiasradioreflejos.com.ar\/2021\/programa-01-vecin-del-12092019\/","title":{"rendered":"Programa &quot;VECIN@&quot; del 12\/09\/2019"},"content":{"rendered":"<p>En la primer emisi\u00f3n de VECIN@ del Jueves 12 de setiembre de 10hs a 11hs tuvimos como entrevistados a dos j\u00f3venes vecinas de Sierra de la Ventana, Abril y Francisca de 17 y 16 a\u00f1os, al Secretario de SUTEBA Tornquist Fernando Caffieri y al presidente del Partido Intransigente de la Provincia de Buenos Aires el Dr. Juan Ferreyra. <!--more-->En cada entrevista pudimos ahondar en problem\u00e1ticas y temas de inter\u00e9s propios de cada franja etaria y responsabilidades en la gesti\u00f3n gremial o pol\u00edtica que nos atraviesan a todos como comunidad. La integraci\u00f3n, el buen trato, el respeto, la sonoridad, el compa\u00f1erismo, la educaci\u00f3n sexual integral ESI como herramienta de integraci\u00f3n en la diversidad de g\u00e9nero, la falta de transporte p\u00fablico que ayude a unir el distrito, la Ley de educaci\u00f3n, la falta de paritarias desde el 2017, los 1000 jardines prometidos, la des financiaci\u00f3n de la educaci\u00f3n, la falta de equipos regionales de capacitaci\u00f3n para docentes, la no reposici\u00f3n de cargos en los equipos del distrito, la re valorizaci\u00f3n de la pol\u00edtica como instrumento de participaci\u00f3n ciudadana, la necesidad de generar concejos consultivos en las que el vecino defina las prioridades presupuestarias y luego tenga herramientas de control sobre los avances y gastos del presupuesto asignado, la integraci\u00f3n del Frente de Todos como una propuesta pol\u00edtica que recupere la esperanza priorizando las necesidades de la gente. La producci\u00f3n de VECIN@ del grupo de vecinxos.autoconvocadxs.sv@gmail invita a contactarnos por mail o FB en la p\u00e1gina \u00abVecino\u00bb y agradece a los entrevistados su participaci\u00f3n como tambi\u00e9n a FM Reflejos 103,7 Arnaldo y Mariano por su buena disposici\u00f3n.<br \/>\n<iframe loading=\"lazy\" src=\"https:\/\/www.youtube.com\/embed\/I48UAw0IDrk\" width=\"560\" height=\"315\" frameborder=\"0\" allowfullscreen=\"allowfullscreen\"><\/iframe><\/p>\n","protected":false},"excerpt":{"rendered":"<p>En la primer emisi\u00f3n de VECIN@ del Jueves 12 de setiembre de 10hs a 11hs tuvimos como entrevistados a dos j\u00f3venes vecinas de Sierra de la Ventana, Abril y Francisca de 17 y 16 a\u00f1os, al Secretario de SUTEBA Tornquist Fernando Caffieri y al presidente del Partido Intransigente de la Provincia de Buenos Aires el [&hellip;]<\/p>\n","protected":false},"author":3,"featured_media":0,"comment_status":"closed","ping_status":"open","sticky":false,"template":"","format":"standard","meta":{"footnotes":""},"categories":[31],"tags":[],"class_list":["post-35297","post","type-post","status-publish","format-standard","hentry","category-programas"],"yoast_head":"<!-- This site is optimized with the Yoast SEO plugin v25.9 - https:\/\/yoast.com\/wordpress\/plugins\/seo\/ -->\n<title>Programa &quot;VECIN@&quot; del 12\/09\/2019 - Noticias Radio Reflejos<\/title>\n<meta name=\"robots\" content=\"index, follow, max-snippet:-1, max-image-preview:large, max-video-preview:-1\" \/>\n<link rel=\"canonical\" href=\"https:\/\/www.noticiasradioreflejos.com.ar\/2021\/programa-01-vecin-del-12092019\/\" \/>\n<meta property=\"og:locale\" content=\"es_ES\" \/>\n<meta property=\"og:type\" content=\"article\" \/>\n<meta property=\"og:title\" content=\"Programa &quot;VECIN@&quot; del 12\/09\/2019 - Noticias Radio Reflejos\" \/>\n<meta property=\"og:description\" content=\"En la primer emisi\u00f3n de VECIN@ del Jueves 12 de setiembre de 10hs a 11hs tuvimos como entrevistados a dos j\u00f3venes vecinas de Sierra de la Ventana, Abril y Francisca de 17 y 16 a\u00f1os, al Secretario de SUTEBA Tornquist Fernando Caffieri y al presidente del Partido Intransigente de la Provincia de Buenos Aires el [&hellip;]\" \/>\n<meta property=\"og:url\" content=\"https:\/\/www.noticiasradioreflejos.com.ar\/2021\/programa-01-vecin-del-12092019\/\" \/>\n<meta property=\"og:site_name\" content=\"Noticias Radio Reflejos\" \/>\n<meta property=\"article:published_time\" content=\"2019-10-04T10:51:19+00:00\" \/>\n<meta property=\"og:image\" content=\"https:\/\/www.noticiasradioreflejos.com.ar\/2021\/wp-content\/uploads\/2021\/07\/logosol300x200.png\" \/>\n\t<meta property=\"og:image:width\" content=\"300\" \/>\n\t<meta property=\"og:image:height\" content=\"200\" \/>\n\t<meta property=\"og:image:type\" content=\"image\/png\" \/>\n<meta name=\"author\" content=\"Arnaldo Botto\" \/>\n<meta name=\"twitter:card\" content=\"summary_large_image\" \/>\n<script type=\"application\/ld+json\" class=\"yoast-schema-graph\">{\"@context\":\"https:\/\/schema.org\",\"@graph\":[{\"@type\":\"WebPage\",\"@id\":\"https:\/\/www.noticiasradioreflejos.com.ar\/2021\/programa-01-vecin-del-12092019\/\",\"url\":\"https:\/\/www.noticiasradioreflejos.com.ar\/2021\/programa-01-vecin-del-12092019\/\",\"name\":\"Programa &quot;VECIN@&quot; del 12\/09\/2019 - Noticias Radio Reflejos\",\"isPartOf\":{\"@id\":\"https:\/\/www.noticiasradioreflejos.com.ar\/2021\/#website\"},\"datePublished\":\"2019-10-04T10:51:19+00:00\",\"author\":{\"@id\":\"https:\/\/www.noticiasradioreflejos.com.ar\/2021\/#\/schema\/person\/ad82545263dcc5ec0996818884fd5fb1\"},\"breadcrumb\":{\"@id\":\"https:\/\/www.noticiasradioreflejos.com.ar\/2021\/programa-01-vecin-del-12092019\/#breadcrumb\"},\"inLanguage\":\"es\",\"potentialAction\":[{\"@type\":\"ReadAction\",\"target\":[\"https:\/\/www.noticiasradioreflejos.com.ar\/2021\/programa-01-vecin-del-12092019\/\"]}]},{\"@type\":\"BreadcrumbList\",\"@id\":\"https:\/\/www.noticiasradioreflejos.com.ar\/2021\/programa-01-vecin-del-12092019\/#breadcrumb\",\"itemListElement\":[{\"@type\":\"ListItem\",\"position\":1,\"name\":\"Portada\",\"item\":\"https:\/\/www.noticiasradioreflejos.com.ar\/2021\/\"},{\"@type\":\"ListItem\",\"position\":2,\"name\":\"Programa &quot;VECIN@&quot; del 12\/09\/2019\"}]},{\"@type\":\"WebSite\",\"@id\":\"https:\/\/www.noticiasradioreflejos.com.ar\/2021\/#website\",\"url\":\"https:\/\/www.noticiasradioreflejos.com.ar\/2021\/\",\"name\":\"Noticias Radio Reflejos\",\"description\":\"Las noticias de mi comarca\",\"potentialAction\":[{\"@type\":\"SearchAction\",\"target\":{\"@type\":\"EntryPoint\",\"urlTemplate\":\"https:\/\/www.noticiasradioreflejos.com.ar\/2021\/?s={search_term_string}\"},\"query-input\":{\"@type\":\"PropertyValueSpecification\",\"valueRequired\":true,\"valueName\":\"search_term_string\"}}],\"inLanguage\":\"es\"},{\"@type\":\"Person\",\"@id\":\"https:\/\/www.noticiasradioreflejos.com.ar\/2021\/#\/schema\/person\/ad82545263dcc5ec0996818884fd5fb1\",\"name\":\"Arnaldo Botto\",\"image\":{\"@type\":\"ImageObject\",\"inLanguage\":\"es\",\"@id\":\"https:\/\/www.noticiasradioreflejos.com.ar\/2021\/#\/schema\/person\/image\/\",\"url\":\"https:\/\/secure.gravatar.com\/avatar\/55cb5e37c1efa326397366e6974cb338056df65cb50e7d64d1cf314e87504837?s=96&d=mm&r=g\",\"contentUrl\":\"https:\/\/secure.gravatar.com\/avatar\/55cb5e37c1efa326397366e6974cb338056df65cb50e7d64d1cf314e87504837?s=96&d=mm&r=g\",\"caption\":\"Arnaldo Botto\"},\"url\":\"https:\/\/www.noticiasradioreflejos.com.ar\/2021\/author\/arnaldo\/\"}]}<\/script>\n<!-- \/ Yoast SEO plugin. -->","yoast_head_json":{"title":"Programa &quot;VECIN@&quot; del 12\/09\/2019 - Noticias Radio Reflejos","robots":{"index":"index","follow":"follow","max-snippet":"max-snippet:-1","max-image-preview":"max-image-preview:large","max-video-preview":"max-video-preview:-1"},"canonical":"https:\/\/www.noticiasradioreflejos.com.ar\/2021\/programa-01-vecin-del-12092019\/","og_locale":"es_ES","og_type":"article","og_title":"Programa &quot;VECIN@&quot; del 12\/09\/2019 - Noticias Radio Reflejos","og_description":"En la primer emisi\u00f3n de VECIN@ del Jueves 12 de setiembre de 10hs a 11hs tuvimos como entrevistados a dos j\u00f3venes vecinas de Sierra de la Ventana, Abril y Francisca de 17 y 16 a\u00f1os, al Secretario de SUTEBA Tornquist Fernando Caffieri y al presidente del Partido Intransigente de la Provincia de Buenos Aires el [&hellip;]","og_url":"https:\/\/www.noticiasradioreflejos.com.ar\/2021\/programa-01-vecin-del-12092019\/","og_site_name":"Noticias Radio Reflejos","article_published_time":"2019-10-04T10:51:19+00:00","og_image":[{"width":300,"height":200,"url":"https:\/\/www.noticiasradioreflejos.com.ar\/2021\/wp-content\/uploads\/2021\/07\/logosol300x200.png","type":"image\/png"}],"author":"Arnaldo Botto","twitter_card":"summary_large_image","schema":{"@context":"https:\/\/schema.org","@graph":[{"@type":"WebPage","@id":"https:\/\/www.noticiasradioreflejos.com.ar\/2021\/programa-01-vecin-del-12092019\/","url":"https:\/\/www.noticiasradioreflejos.com.ar\/2021\/programa-01-vecin-del-12092019\/","name":"Programa &quot;VECIN@&quot; del 12\/09\/2019 - Noticias Radio Reflejos","isPartOf":{"@id":"https:\/\/www.noticiasradioreflejos.com.ar\/2021\/#website"},"datePublished":"2019-10-04T10:51:19+00:00","author":{"@id":"https:\/\/www.noticiasradioreflejos.com.ar\/2021\/#\/schema\/person\/ad82545263dcc5ec0996818884fd5fb1"},"breadcrumb":{"@id":"https:\/\/www.noticiasradioreflejos.com.ar\/2021\/programa-01-vecin-del-12092019\/#breadcrumb"},"inLanguage":"es","potentialAction":[{"@type":"ReadAction","target":["https:\/\/www.noticiasradioreflejos.com.ar\/2021\/programa-01-vecin-del-12092019\/"]}]},{"@type":"BreadcrumbList","@id":"https:\/\/www.noticiasradioreflejos.com.ar\/2021\/programa-01-vecin-del-12092019\/#breadcrumb","itemListElement":[{"@type":"ListItem","position":1,"name":"Portada","item":"https:\/\/www.noticiasradioreflejos.com.ar\/2021\/"},{"@type":"ListItem","position":2,"name":"Programa &quot;VECIN@&quot; del 12\/09\/2019"}]},{"@type":"WebSite","@id":"https:\/\/www.noticiasradioreflejos.com.ar\/2021\/#website","url":"https:\/\/www.noticiasradioreflejos.com.ar\/2021\/","name":"Noticias Radio Reflejos","description":"Las noticias de mi comarca","potentialAction":[{"@type":"SearchAction","target":{"@type":"EntryPoint","urlTemplate":"https:\/\/www.noticiasradioreflejos.com.ar\/2021\/?s={search_term_string}"},"query-input":{"@type":"PropertyValueSpecification","valueRequired":true,"valueName":"search_term_string"}}],"inLanguage":"es"},{"@type":"Person","@id":"https:\/\/www.noticiasradioreflejos.com.ar\/2021\/#\/schema\/person\/ad82545263dcc5ec0996818884fd5fb1","name":"Arnaldo Botto","image":{"@type":"ImageObject","inLanguage":"es","@id":"https:\/\/www.noticiasradioreflejos.com.ar\/2021\/#\/schema\/person\/image\/","url":"https:\/\/secure.gravatar.com\/avatar\/55cb5e37c1efa326397366e6974cb338056df65cb50e7d64d1cf314e87504837?s=96&d=mm&r=g","contentUrl":"https:\/\/secure.gravatar.com\/avatar\/55cb5e37c1efa326397366e6974cb338056df65cb50e7d64d1cf314e87504837?s=96&d=mm&r=g","caption":"Arnaldo Botto"},"url":"https:\/\/www.noticiasradioreflejos.com.ar\/2021\/author\/arnaldo\/"}]}},"_links":{"self":[{"href":"https:\/\/www.noticiasradioreflejos.com.ar\/2021\/wp-json\/wp\/v2\/posts\/35297","targetHints":{"allow":["GET"]}}],"collection":[{"href":"https:\/\/www.noticiasradioreflejos.com.ar\/2021\/wp-json\/wp\/v2\/posts"}],"about":[{"href":"https:\/\/www.noticiasradioreflejos.com.ar\/2021\/wp-json\/wp\/v2\/types\/post"}],"author":[{"embeddable":true,"href":"https:\/\/www.noticiasradioreflejos.com.ar\/2021\/wp-json\/wp\/v2\/users\/3"}],"replies":[{"embeddable":true,"href":"https:\/\/www.noticiasradioreflejos.com.ar\/2021\/wp-json\/wp\/v2\/comments?post=35297"}],"version-history":[{"count":0,"href":"https:\/\/www.noticiasradioreflejos.com.ar\/2021\/wp-json\/wp\/v2\/posts\/35297\/revisions"}],"wp:attachment":[{"href":"https:\/\/www.noticiasradioreflejos.com.ar\/2021\/wp-json\/wp\/v2\/media?parent=35297"}],"wp:term":[{"taxonomy":"category","embeddable":true,"href":"https:\/\/www.noticiasradioreflejos.com.ar\/2021\/wp-json\/wp\/v2\/categories?post=35297"},{"taxonomy":"post_tag","embeddable":true,"href":"https:\/\/www.noticiasradioreflejos.com.ar\/2021\/wp-json\/wp\/v2\/tags?post=35297"}],"curies":[{"name":"wp","href":"https:\/\/api.w.org\/{rel}","templated":true}]}}