{"id":35283,"date":"2019-10-03T12:54:20","date_gmt":"2019-10-03T15:54:20","guid":{"rendered":"http:\/\/www.noticiasradioreflejos.com.ar\/noticias\/?p=35283"},"modified":"2019-10-03T12:54:20","modified_gmt":"2019-10-03T15:54:20","slug":"se-presento-en-sierra-de-la-ventana-el-movimiento-ovop-un-pueblo-un-producto","status":"publish","type":"post","link":"https:\/\/www.noticiasradioreflejos.com.ar\/2021\/se-presento-en-sierra-de-la-ventana-el-movimiento-ovop-un-pueblo-un-producto\/","title":{"rendered":"Se present\u00f3 en Sierra de la Ventana el Movimiento OVOP, &quot;Un pueblo, un Producto&quot;."},"content":{"rendered":"<p><a title=\"Presentaci\u00f3n de OVOP (29)\" href=\"http:\/\/live.staticflickr.com\/65535\/48836922163_10e5bd3be8_s.jpg\" rel=\"\"><img loading=\"lazy\" decoding=\"async\" class=\"alignleft\" style=\"float: left;\" title=\"Presentaci\u00f3n de OVOP (29)\" src=\"http:\/\/live.staticflickr.com\/65535\/48836922163_10e5bd3be8.jpg\" alt=\"Presentaci\u00f3n de OVOP (29)\" width=\"500\" height=\"281\" \/><\/a>En la ma\u00f1ana de este jueves 3 de octubre, autoridades nacionales, provinciales y municipales se hicieron presentes en el Centro Cultural de Sierra de la Ventana para la presentaci\u00f3n del Movimiento OVOP (del ingl\u00e9s \u201cOne Village, One Product\u201d).<!--more--><br \/>\nLa jornada convoc\u00f3 a secretar\u00edas de producci\u00f3n de toda la regi\u00f3n y tuvo una alta convocatoria, con m\u00e1s de 70 representantes de municipios de toda la zona.El evento se inaugur\u00f3 con las palabras del Intendente Sergio Bordoni, acompa\u00f1ando en la mesa se encontraban el secretario de relaciones institucionales de la UPSO Claudio Tesan, Vanesa Lebersky Wainstein que se desempe\u00f1a como Coordinadora de Cooperaci\u00f3n del Ministerio de Salud y Desarrollo Social de la Naci\u00f3n, Kotaro Mitzoguchi l\u00edder experto de la agencia japonesa JICA, el ministro de producci\u00f3n de la Provincia de Buenos Aires Javier Tizado y el Titular de la Unidad Ejecutora de Ingreso Social con Trabajo en el Ministerio de Desarrollo Social de la Naci\u00f3n Matias Kelly. Acompa\u00f1aron al Intendente de Tornquist integrantes de su gabinete<br \/>\nOVOP corresponde a una estrategia y filosof\u00eda de desarrollo local que surgi\u00f3 en la d\u00e9cada de los \u201870 en Jap\u00f3n. OVOP se fundamenta en el trabajo de las comunidades locales, quienes a trav\u00e9s de productos (bienes, servicios o eventos) propios o \u00fanicos, se convierten en autogestores de su desarrollo. De esta manera se busca mejorar la calidad de vida de los habitantes de las localidades, propiciando el desarrollo de las capacidades que posibiliten dar mayor valor agregado a sus recursos, a fin de promover la identidad, el respeto por la cultura local, el sentido de pertenencia y el sentimiento de orgullo.<br \/>\nEl territorio seleccionado para implementar el programa es el sudoeste bonaerense, y la elecci\u00f3n del mismo est\u00e1 relacionada al potencial para el agregado de valor en origen, el desarraigo de los j\u00f3venes por falta de oportunidades, mayor predisposici\u00f3n al trabajo en iniciativas colectivas, presencia de socios estrat\u00e9gicos (como por ejemplo las Universidades), existencia de iniciativas participativas en la zona, y la propia demanda de la Regi\u00f3n.<br \/>\nLos municipios involucrados son: Adolfo Alsina, Adolfo Gonz\u00e1les Chaves, Bah\u00eda Blanca, Benito Ju\u00e1rez, Coronel Dorrego, Coronel Pringles, Coronel Rosales, Coronel Su\u00e1rez, Daireaux, Guamin\u00ed, General Lamadrid, Laprida, Monte Hermoso, Carmen de Patagones, Pellegrini, Pu\u00e1n, Saavedra, Salliquel\u00f3, Tres Arroyos, Tres Lomas, Tornquist y Villarino.<br \/>\n<a href=\"https:\/\/www.facebook.com\/pg\/NoticiasRadioReflejos\/photos\/?tab=album&amp;album_id=921820021519240\"><strong>Ver Fotos<\/strong><\/a><br \/>\n<strong>Nota a Sergio Bordoni<\/strong><br \/>\n<iframe loading=\"lazy\" src=\"https:\/\/w.soundcloud.com\/player\/?url=https%3A\/\/api.soundcloud.com\/tracks\/690518890&amp;color=%23ff5500&amp;auto_play=false&amp;hide_related=false&amp;show_comments=true&amp;show_user=true&amp;show_reposts=false&amp;show_teaser=true\" width=\"100%\" height=\"166\" frameborder=\"no\" scrolling=\"no\"><\/iframe><br \/>\n<strong>Nota a\u00a0Matias Kelly<\/strong><br \/>\n<iframe loading=\"lazy\" src=\"https:\/\/w.soundcloud.com\/player\/?url=https%3A\/\/api.soundcloud.com\/tracks\/690521593&amp;color=%23ff5500&amp;auto_play=false&amp;hide_related=false&amp;show_comments=true&amp;show_user=true&amp;show_reposts=false&amp;show_teaser=true\" width=\"100%\" height=\"166\" frameborder=\"no\" scrolling=\"no\"><\/iframe><br \/>\n&nbsp;<br \/>\n<strong>Nota Javier Tizado<\/strong><br \/>\n<iframe loading=\"lazy\" src=\"https:\/\/w.soundcloud.com\/player\/?url=https%3A\/\/api.soundcloud.com\/tracks\/690519571&amp;color=%23ff5500&amp;auto_play=false&amp;hide_related=false&amp;show_comments=true&amp;show_user=true&amp;show_reposts=false&amp;show_teaser=true\" width=\"100%\" height=\"166\" frameborder=\"no\" scrolling=\"no\"><\/iframe><br \/>\n&nbsp;<br \/>\n<a title=\"Presentaci\u00f3n de OVOP (1)\" href=\"http:\/\/live.staticflickr.com\/65535\/48837487072_3c6ff24192_s.jpg\" rel=\"\"><img loading=\"lazy\" decoding=\"async\" class=\"aligncenter\" title=\"Presentaci\u00f3n de OVOP (1)\" src=\"http:\/\/live.staticflickr.com\/65535\/48837487072_3c6ff24192_z.jpg\" alt=\"Presentaci\u00f3n de OVOP (1)\" width=\"640\" height=\"360\" \/><\/a><br \/>\n<a title=\"Presentaci\u00f3n de OVOP (2)\" href=\"http:\/\/live.staticflickr.com\/65535\/48837487522_2142861fa4_s.jpg\" rel=\"\"><br \/>\n<\/a><a title=\"Presentaci\u00f3n de OVOP (19)\" href=\"http:\/\/live.staticflickr.com\/65535\/48836923303_b2364a5f67_s.jpg\" rel=\"\"><img loading=\"lazy\" decoding=\"async\" class=\"aligncenter\" title=\"Presentaci\u00f3n de OVOP (19)\" src=\"http:\/\/live.staticflickr.com\/65535\/48836923303_b2364a5f67_z.jpg\" alt=\"Presentaci\u00f3n de OVOP (19)\" width=\"640\" height=\"360\" \/><\/a><br \/>\n<a title=\"Presentaci\u00f3n de OVOP (13)\" href=\"http:\/\/live.staticflickr.com\/65535\/48837473632_beaaab4278_s.jpg\" rel=\"\"><img loading=\"lazy\" decoding=\"async\" class=\"aligncenter\" title=\"Presentaci\u00f3n de OVOP (13)\" src=\"http:\/\/live.staticflickr.com\/65535\/48837473632_beaaab4278_z.jpg\" alt=\"Presentaci\u00f3n de OVOP (13)\" width=\"640\" height=\"360\" \/><\/a><br \/>\n<a title=\"Presentaci\u00f3n de OVOP (26)\" href=\"http:\/\/live.staticflickr.com\/65535\/48836922603_dbfc7f7aee_s.jpg\" rel=\"\"><img loading=\"lazy\" decoding=\"async\" class=\"aligncenter\" title=\"Presentaci\u00f3n de OVOP (26)\" src=\"http:\/\/live.staticflickr.com\/65535\/48836922603_dbfc7f7aee_z.jpg\" alt=\"Presentaci\u00f3n de OVOP (26)\" width=\"640\" height=\"360\" \/><\/a><br \/>\n&nbsp;<\/p>\n","protected":false},"excerpt":{"rendered":"<p>En la ma\u00f1ana de este jueves 3 de octubre, autoridades nacionales, provinciales y municipales se hicieron presentes en el Centro Cultural de Sierra de la Ventana para la presentaci\u00f3n del Movimiento OVOP (del ingl\u00e9s \u201cOne Village, One Product\u201d).<\/p>\n","protected":false},"author":3,"featured_media":0,"comment_status":"closed","ping_status":"open","sticky":false,"template":"","format":"standard","meta":{"footnotes":""},"categories":[24],"tags":[32],"class_list":["post-35283","post","type-post","status-publish","format-standard","hentry","category-politica","tag-destacado"],"yoast_head":"<!-- This site is optimized with the Yoast SEO plugin v25.9 - https:\/\/yoast.com\/wordpress\/plugins\/seo\/ -->\n<title>Se present\u00f3 en Sierra de la Ventana el Movimiento OVOP, &quot;Un pueblo, un Producto&quot;. - Noticias Radio Reflejos<\/title>\n<meta name=\"robots\" content=\"index, follow, max-snippet:-1, max-image-preview:large, max-video-preview:-1\" \/>\n<link rel=\"canonical\" href=\"https:\/\/www.noticiasradioreflejos.com.ar\/2021\/se-presento-en-sierra-de-la-ventana-el-movimiento-ovop-un-pueblo-un-producto\/\" \/>\n<meta property=\"og:locale\" content=\"es_ES\" \/>\n<meta property=\"og:type\" content=\"article\" \/>\n<meta property=\"og:title\" content=\"Se present\u00f3 en Sierra de la Ventana el Movimiento OVOP, &quot;Un pueblo, un Producto&quot;. - Noticias Radio Reflejos\" \/>\n<meta property=\"og:description\" content=\"En la ma\u00f1ana de este jueves 3 de octubre, autoridades nacionales, provinciales y municipales se hicieron presentes en el Centro Cultural de Sierra de la Ventana para la presentaci\u00f3n del Movimiento OVOP (del ingl\u00e9s \u201cOne Village, One Product\u201d).\" \/>\n<meta property=\"og:url\" content=\"https:\/\/www.noticiasradioreflejos.com.ar\/2021\/se-presento-en-sierra-de-la-ventana-el-movimiento-ovop-un-pueblo-un-producto\/\" \/>\n<meta property=\"og:site_name\" content=\"Noticias Radio Reflejos\" \/>\n<meta property=\"article:published_time\" content=\"2019-10-03T15:54:20+00:00\" \/>\n<meta property=\"og:image\" content=\"http:\/\/live.staticflickr.com\/65535\/48836922163_10e5bd3be8.jpg\" \/>\n<meta name=\"author\" content=\"Arnaldo Botto\" \/>\n<meta name=\"twitter:card\" content=\"summary_large_image\" \/>\n<script type=\"application\/ld+json\" class=\"yoast-schema-graph\">{\"@context\":\"https:\/\/schema.org\",\"@graph\":[{\"@type\":\"WebPage\",\"@id\":\"https:\/\/www.noticiasradioreflejos.com.ar\/2021\/se-presento-en-sierra-de-la-ventana-el-movimiento-ovop-un-pueblo-un-producto\/\",\"url\":\"https:\/\/www.noticiasradioreflejos.com.ar\/2021\/se-presento-en-sierra-de-la-ventana-el-movimiento-ovop-un-pueblo-un-producto\/\",\"name\":\"Se present\u00f3 en Sierra de la Ventana el Movimiento OVOP, &quot;Un pueblo, un Producto&quot;. - Noticias Radio Reflejos\",\"isPartOf\":{\"@id\":\"https:\/\/www.noticiasradioreflejos.com.ar\/2021\/#website\"},\"primaryImageOfPage\":{\"@id\":\"https:\/\/www.noticiasradioreflejos.com.ar\/2021\/se-presento-en-sierra-de-la-ventana-el-movimiento-ovop-un-pueblo-un-producto\/#primaryimage\"},\"image\":{\"@id\":\"https:\/\/www.noticiasradioreflejos.com.ar\/2021\/se-presento-en-sierra-de-la-ventana-el-movimiento-ovop-un-pueblo-un-producto\/#primaryimage\"},\"thumbnailUrl\":\"http:\/\/live.staticflickr.com\/65535\/48836922163_10e5bd3be8.jpg\",\"datePublished\":\"2019-10-03T15:54:20+00:00\",\"author\":{\"@id\":\"https:\/\/www.noticiasradioreflejos.com.ar\/2021\/#\/schema\/person\/ad82545263dcc5ec0996818884fd5fb1\"},\"breadcrumb\":{\"@id\":\"https:\/\/www.noticiasradioreflejos.com.ar\/2021\/se-presento-en-sierra-de-la-ventana-el-movimiento-ovop-un-pueblo-un-producto\/#breadcrumb\"},\"inLanguage\":\"es\",\"potentialAction\":[{\"@type\":\"ReadAction\",\"target\":[\"https:\/\/www.noticiasradioreflejos.com.ar\/2021\/se-presento-en-sierra-de-la-ventana-el-movimiento-ovop-un-pueblo-un-producto\/\"]}]},{\"@type\":\"ImageObject\",\"inLanguage\":\"es\",\"@id\":\"https:\/\/www.noticiasradioreflejos.com.ar\/2021\/se-presento-en-sierra-de-la-ventana-el-movimiento-ovop-un-pueblo-un-producto\/#primaryimage\",\"url\":\"http:\/\/live.staticflickr.com\/65535\/48836922163_10e5bd3be8.jpg\",\"contentUrl\":\"http:\/\/live.staticflickr.com\/65535\/48836922163_10e5bd3be8.jpg\"},{\"@type\":\"BreadcrumbList\",\"@id\":\"https:\/\/www.noticiasradioreflejos.com.ar\/2021\/se-presento-en-sierra-de-la-ventana-el-movimiento-ovop-un-pueblo-un-producto\/#breadcrumb\",\"itemListElement\":[{\"@type\":\"ListItem\",\"position\":1,\"name\":\"Portada\",\"item\":\"https:\/\/www.noticiasradioreflejos.com.ar\/2021\/\"},{\"@type\":\"ListItem\",\"position\":2,\"name\":\"Se present\u00f3 en Sierra de la Ventana el Movimiento OVOP, &quot;Un pueblo, un Producto&quot;.\"}]},{\"@type\":\"WebSite\",\"@id\":\"https:\/\/www.noticiasradioreflejos.com.ar\/2021\/#website\",\"url\":\"https:\/\/www.noticiasradioreflejos.com.ar\/2021\/\",\"name\":\"Noticias Radio Reflejos\",\"description\":\"Las noticias de mi comarca\",\"potentialAction\":[{\"@type\":\"SearchAction\",\"target\":{\"@type\":\"EntryPoint\",\"urlTemplate\":\"https:\/\/www.noticiasradioreflejos.com.ar\/2021\/?s={search_term_string}\"},\"query-input\":{\"@type\":\"PropertyValueSpecification\",\"valueRequired\":true,\"valueName\":\"search_term_string\"}}],\"inLanguage\":\"es\"},{\"@type\":\"Person\",\"@id\":\"https:\/\/www.noticiasradioreflejos.com.ar\/2021\/#\/schema\/person\/ad82545263dcc5ec0996818884fd5fb1\",\"name\":\"Arnaldo Botto\",\"image\":{\"@type\":\"ImageObject\",\"inLanguage\":\"es\",\"@id\":\"https:\/\/www.noticiasradioreflejos.com.ar\/2021\/#\/schema\/person\/image\/\",\"url\":\"https:\/\/secure.gravatar.com\/avatar\/55cb5e37c1efa326397366e6974cb338056df65cb50e7d64d1cf314e87504837?s=96&d=mm&r=g\",\"contentUrl\":\"https:\/\/secure.gravatar.com\/avatar\/55cb5e37c1efa326397366e6974cb338056df65cb50e7d64d1cf314e87504837?s=96&d=mm&r=g\",\"caption\":\"Arnaldo Botto\"},\"url\":\"https:\/\/www.noticiasradioreflejos.com.ar\/2021\/author\/arnaldo\/\"}]}<\/script>\n<!-- \/ Yoast SEO plugin. -->","yoast_head_json":{"title":"Se present\u00f3 en Sierra de la Ventana el Movimiento OVOP, &quot;Un pueblo, un Producto&quot;. - Noticias Radio Reflejos","robots":{"index":"index","follow":"follow","max-snippet":"max-snippet:-1","max-image-preview":"max-image-preview:large","max-video-preview":"max-video-preview:-1"},"canonical":"https:\/\/www.noticiasradioreflejos.com.ar\/2021\/se-presento-en-sierra-de-la-ventana-el-movimiento-ovop-un-pueblo-un-producto\/","og_locale":"es_ES","og_type":"article","og_title":"Se present\u00f3 en Sierra de la Ventana el Movimiento OVOP, &quot;Un pueblo, un Producto&quot;. - Noticias Radio Reflejos","og_description":"En la ma\u00f1ana de este jueves 3 de octubre, autoridades nacionales, provinciales y municipales se hicieron presentes en el Centro Cultural de Sierra de la Ventana para la presentaci\u00f3n del Movimiento OVOP (del ingl\u00e9s \u201cOne Village, One Product\u201d).","og_url":"https:\/\/www.noticiasradioreflejos.com.ar\/2021\/se-presento-en-sierra-de-la-ventana-el-movimiento-ovop-un-pueblo-un-producto\/","og_site_name":"Noticias Radio Reflejos","article_published_time":"2019-10-03T15:54:20+00:00","og_image":[{"url":"http:\/\/live.staticflickr.com\/65535\/48836922163_10e5bd3be8.jpg","type":"","width":"","height":""}],"author":"Arnaldo Botto","twitter_card":"summary_large_image","schema":{"@context":"https:\/\/schema.org","@graph":[{"@type":"WebPage","@id":"https:\/\/www.noticiasradioreflejos.com.ar\/2021\/se-presento-en-sierra-de-la-ventana-el-movimiento-ovop-un-pueblo-un-producto\/","url":"https:\/\/www.noticiasradioreflejos.com.ar\/2021\/se-presento-en-sierra-de-la-ventana-el-movimiento-ovop-un-pueblo-un-producto\/","name":"Se present\u00f3 en Sierra de la Ventana el Movimiento OVOP, &quot;Un pueblo, un Producto&quot;. - Noticias Radio Reflejos","isPartOf":{"@id":"https:\/\/www.noticiasradioreflejos.com.ar\/2021\/#website"},"primaryImageOfPage":{"@id":"https:\/\/www.noticiasradioreflejos.com.ar\/2021\/se-presento-en-sierra-de-la-ventana-el-movimiento-ovop-un-pueblo-un-producto\/#primaryimage"},"image":{"@id":"https:\/\/www.noticiasradioreflejos.com.ar\/2021\/se-presento-en-sierra-de-la-ventana-el-movimiento-ovop-un-pueblo-un-producto\/#primaryimage"},"thumbnailUrl":"http:\/\/live.staticflickr.com\/65535\/48836922163_10e5bd3be8.jpg","datePublished":"2019-10-03T15:54:20+00:00","author":{"@id":"https:\/\/www.noticiasradioreflejos.com.ar\/2021\/#\/schema\/person\/ad82545263dcc5ec0996818884fd5fb1"},"breadcrumb":{"@id":"https:\/\/www.noticiasradioreflejos.com.ar\/2021\/se-presento-en-sierra-de-la-ventana-el-movimiento-ovop-un-pueblo-un-producto\/#breadcrumb"},"inLanguage":"es","potentialAction":[{"@type":"ReadAction","target":["https:\/\/www.noticiasradioreflejos.com.ar\/2021\/se-presento-en-sierra-de-la-ventana-el-movimiento-ovop-un-pueblo-un-producto\/"]}]},{"@type":"ImageObject","inLanguage":"es","@id":"https:\/\/www.noticiasradioreflejos.com.ar\/2021\/se-presento-en-sierra-de-la-ventana-el-movimiento-ovop-un-pueblo-un-producto\/#primaryimage","url":"http:\/\/live.staticflickr.com\/65535\/48836922163_10e5bd3be8.jpg","contentUrl":"http:\/\/live.staticflickr.com\/65535\/48836922163_10e5bd3be8.jpg"},{"@type":"BreadcrumbList","@id":"https:\/\/www.noticiasradioreflejos.com.ar\/2021\/se-presento-en-sierra-de-la-ventana-el-movimiento-ovop-un-pueblo-un-producto\/#breadcrumb","itemListElement":[{"@type":"ListItem","position":1,"name":"Portada","item":"https:\/\/www.noticiasradioreflejos.com.ar\/2021\/"},{"@type":"ListItem","position":2,"name":"Se present\u00f3 en Sierra de la Ventana el Movimiento OVOP, &quot;Un pueblo, un Producto&quot;."}]},{"@type":"WebSite","@id":"https:\/\/www.noticiasradioreflejos.com.ar\/2021\/#website","url":"https:\/\/www.noticiasradioreflejos.com.ar\/2021\/","name":"Noticias Radio Reflejos","description":"Las noticias de mi comarca","potentialAction":[{"@type":"SearchAction","target":{"@type":"EntryPoint","urlTemplate":"https:\/\/www.noticiasradioreflejos.com.ar\/2021\/?s={search_term_string}"},"query-input":{"@type":"PropertyValueSpecification","valueRequired":true,"valueName":"search_term_string"}}],"inLanguage":"es"},{"@type":"Person","@id":"https:\/\/www.noticiasradioreflejos.com.ar\/2021\/#\/schema\/person\/ad82545263dcc5ec0996818884fd5fb1","name":"Arnaldo Botto","image":{"@type":"ImageObject","inLanguage":"es","@id":"https:\/\/www.noticiasradioreflejos.com.ar\/2021\/#\/schema\/person\/image\/","url":"https:\/\/secure.gravatar.com\/avatar\/55cb5e37c1efa326397366e6974cb338056df65cb50e7d64d1cf314e87504837?s=96&d=mm&r=g","contentUrl":"https:\/\/secure.gravatar.com\/avatar\/55cb5e37c1efa326397366e6974cb338056df65cb50e7d64d1cf314e87504837?s=96&d=mm&r=g","caption":"Arnaldo Botto"},"url":"https:\/\/www.noticiasradioreflejos.com.ar\/2021\/author\/arnaldo\/"}]}},"_links":{"self":[{"href":"https:\/\/www.noticiasradioreflejos.com.ar\/2021\/wp-json\/wp\/v2\/posts\/35283","targetHints":{"allow":["GET"]}}],"collection":[{"href":"https:\/\/www.noticiasradioreflejos.com.ar\/2021\/wp-json\/wp\/v2\/posts"}],"about":[{"href":"https:\/\/www.noticiasradioreflejos.com.ar\/2021\/wp-json\/wp\/v2\/types\/post"}],"author":[{"embeddable":true,"href":"https:\/\/www.noticiasradioreflejos.com.ar\/2021\/wp-json\/wp\/v2\/users\/3"}],"replies":[{"embeddable":true,"href":"https:\/\/www.noticiasradioreflejos.com.ar\/2021\/wp-json\/wp\/v2\/comments?post=35283"}],"version-history":[{"count":0,"href":"https:\/\/www.noticiasradioreflejos.com.ar\/2021\/wp-json\/wp\/v2\/posts\/35283\/revisions"}],"wp:attachment":[{"href":"https:\/\/www.noticiasradioreflejos.com.ar\/2021\/wp-json\/wp\/v2\/media?parent=35283"}],"wp:term":[{"taxonomy":"category","embeddable":true,"href":"https:\/\/www.noticiasradioreflejos.com.ar\/2021\/wp-json\/wp\/v2\/categories?post=35283"},{"taxonomy":"post_tag","embeddable":true,"href":"https:\/\/www.noticiasradioreflejos.com.ar\/2021\/wp-json\/wp\/v2\/tags?post=35283"}],"curies":[{"name":"wp","href":"https:\/\/api.w.org\/{rel}","templated":true}]}}