{"id":35274,"date":"2019-10-03T08:02:12","date_gmt":"2019-10-03T11:02:12","guid":{"rendered":"http:\/\/www.noticiasradioreflejos.com.ar\/noticias\/?p=35274"},"modified":"2019-10-03T08:02:12","modified_gmt":"2019-10-03T11:02:12","slug":"tornquist-obtuvo-4-medallas-en-deportes-al-cierre-de-los-juegos-bonaerenses-nota-con-sofia-urriaga","status":"publish","type":"post","link":"https:\/\/www.noticiasradioreflejos.com.ar\/2021\/tornquist-obtuvo-4-medallas-en-deportes-al-cierre-de-los-juegos-bonaerenses-nota-con-sofia-urriaga\/","title":{"rendered":"Tornquist obtuvo 4 medallas en deportes al cierre de los Juegos Bonaerenses. Nota con Sof\u00eda Urriaga."},"content":{"rendered":"<p><a title=\"Candela\" href=\"http:\/\/live.staticflickr.com\/65535\/48836400896_fa57448aa9_s.jpg\" rel=\"\"><img loading=\"lazy\" decoding=\"async\" class=\"alignleft\" style=\"float: left;\" title=\"Candela\" src=\"http:\/\/live.staticflickr.com\/65535\/48836400896_fa57448aa9.jpg\" alt=\"Candela\" width=\"500\" height=\"500\" \/><\/a>Una medalla de oro en nataci\u00f3n, una de plata en tenis de mesa y dos de bronce en atletismo. Este mi\u00e9rcoles finalizaron los juegos y la delegaci\u00f3n regres\u00f3 en horas de la noche. <!--more--><br \/>\nDel \u00faltimo s\u00e1bado a este mi\u00e9rcoles, se desarroll\u00f3 en Mar del Plata la final provincial de los Juegos Bonaerenses 2019, con la participaci\u00f3n de una delegaci\u00f3n de 50 personas del distrito de Tornquist.<br \/>\nEn deportes, los representantes locales se desempe\u00f1aron en 15 disciplinas diferentes y obtuvieron cuatro medallas:<br \/>\nEvelyn Vel\u00e1zquez logr\u00f3 el oro la modalidad de nataci\u00f3n 25 metros crol; Candela Buffatelli fue plata en tenis de mesa; y Matias Rosas y Candela Calabrese ganaron el bronce en salto en alto y en velocidad PCD Pista, respectivamente.<br \/>\nAdem\u00e1s, el distrito tuvo representaci\u00f3n en 100 metros espalda, boccia, lanzamiento de bala PCD, lanzamiento de disco, salto triple, lanzamiento de jabalina, 110 metros con vallas, gimnasia, v\u00f3ley, tenis y surf.<br \/>\nEn cultura, en tanto, el distrito particip\u00f3 con seis personas las categor\u00edas Video Minuto, Artes pl\u00e1sticas &#8211; objeto tridimensional, Cocineros bonaerenses, Literatura y Danzas folcl\u00f3ricas.<br \/>\n\u201cLa pasamos muy lindo, m\u00e1s all\u00e1 de los resultados, ac\u00e1 siempre se la pasa bien\u201d, expres\u00f3 la Directora de Deportes, Sof\u00eda Urriaga, quien resalt\u00f3 que la delegaci\u00f3n estuvo compuesta por 35 chicos y 15 adultos de Tornquist, Saldungaray, Sierra de la Ventana y Villa Ventana.<br \/>\n<iframe loading=\"lazy\" src=\"https:\/\/w.soundcloud.com\/player\/?url=https%3A\/\/api.soundcloud.com\/tracks\/690022675&amp;color=%23ff5500&amp;auto_play=false&amp;hide_related=false&amp;show_comments=true&amp;show_user=true&amp;show_reposts=false&amp;show_teaser=true\" width=\"100%\" height=\"166\" frameborder=\"no\" scrolling=\"no\"><\/iframe><br \/>\n<a href=\"http:\/\/www.noticiasradioreflejos.com.ar\/noticias\/wp-content\/uploads\/2019\/10\/CandelaCalabreseMedallaJuegosBA-750x430.jpg\"><img loading=\"lazy\" decoding=\"async\" class=\"aligncenter size-full wp-image-35263\" src=\"http:\/\/www.noticiasradioreflejos.com.ar\/noticias\/wp-content\/uploads\/2019\/10\/CandelaCalabreseMedallaJuegosBA-750x430.jpg\" alt=\"CandelaCalabreseMedallaJuegosBA-750x430\" width=\"750\" height=\"430\" \/><\/a><br \/>\n&nbsp;<\/p>\n","protected":false},"excerpt":{"rendered":"<p>Una medalla de oro en nataci\u00f3n, una de plata en tenis de mesa y dos de bronce en atletismo. Este mi\u00e9rcoles finalizaron los juegos y la delegaci\u00f3n regres\u00f3 en horas de la noche.<\/p>\n","protected":false},"author":3,"featured_media":0,"comment_status":"closed","ping_status":"open","sticky":false,"template":"","format":"standard","meta":{"footnotes":""},"categories":[27],"tags":[32],"class_list":["post-35274","post","type-post","status-publish","format-standard","hentry","category-deportes","tag-destacado"],"yoast_head":"<!-- This site is optimized with the Yoast SEO plugin v25.9 - https:\/\/yoast.com\/wordpress\/plugins\/seo\/ -->\n<title>Tornquist obtuvo 4 medallas en deportes al cierre de los Juegos Bonaerenses. Nota con Sof\u00eda Urriaga. - Noticias Radio Reflejos<\/title>\n<meta name=\"robots\" content=\"index, follow, max-snippet:-1, max-image-preview:large, max-video-preview:-1\" \/>\n<link rel=\"canonical\" href=\"https:\/\/www.noticiasradioreflejos.com.ar\/2021\/tornquist-obtuvo-4-medallas-en-deportes-al-cierre-de-los-juegos-bonaerenses-nota-con-sofia-urriaga\/\" \/>\n<meta property=\"og:locale\" content=\"es_ES\" \/>\n<meta property=\"og:type\" content=\"article\" \/>\n<meta property=\"og:title\" content=\"Tornquist obtuvo 4 medallas en deportes al cierre de los Juegos Bonaerenses. Nota con Sof\u00eda Urriaga. - Noticias Radio Reflejos\" \/>\n<meta property=\"og:description\" content=\"Una medalla de oro en nataci\u00f3n, una de plata en tenis de mesa y dos de bronce en atletismo. Este mi\u00e9rcoles finalizaron los juegos y la delegaci\u00f3n regres\u00f3 en horas de la noche.\" \/>\n<meta property=\"og:url\" content=\"https:\/\/www.noticiasradioreflejos.com.ar\/2021\/tornquist-obtuvo-4-medallas-en-deportes-al-cierre-de-los-juegos-bonaerenses-nota-con-sofia-urriaga\/\" \/>\n<meta property=\"og:site_name\" content=\"Noticias Radio Reflejos\" \/>\n<meta property=\"article:published_time\" content=\"2019-10-03T11:02:12+00:00\" \/>\n<meta property=\"og:image\" content=\"http:\/\/live.staticflickr.com\/65535\/48836400896_fa57448aa9.jpg\" \/>\n<meta name=\"author\" content=\"Arnaldo Botto\" \/>\n<meta name=\"twitter:card\" content=\"summary_large_image\" \/>\n<script type=\"application\/ld+json\" class=\"yoast-schema-graph\">{\"@context\":\"https:\/\/schema.org\",\"@graph\":[{\"@type\":\"WebPage\",\"@id\":\"https:\/\/www.noticiasradioreflejos.com.ar\/2021\/tornquist-obtuvo-4-medallas-en-deportes-al-cierre-de-los-juegos-bonaerenses-nota-con-sofia-urriaga\/\",\"url\":\"https:\/\/www.noticiasradioreflejos.com.ar\/2021\/tornquist-obtuvo-4-medallas-en-deportes-al-cierre-de-los-juegos-bonaerenses-nota-con-sofia-urriaga\/\",\"name\":\"Tornquist obtuvo 4 medallas en deportes al cierre de los Juegos Bonaerenses. Nota con Sof\u00eda Urriaga. - Noticias Radio Reflejos\",\"isPartOf\":{\"@id\":\"https:\/\/www.noticiasradioreflejos.com.ar\/2021\/#website\"},\"primaryImageOfPage\":{\"@id\":\"https:\/\/www.noticiasradioreflejos.com.ar\/2021\/tornquist-obtuvo-4-medallas-en-deportes-al-cierre-de-los-juegos-bonaerenses-nota-con-sofia-urriaga\/#primaryimage\"},\"image\":{\"@id\":\"https:\/\/www.noticiasradioreflejos.com.ar\/2021\/tornquist-obtuvo-4-medallas-en-deportes-al-cierre-de-los-juegos-bonaerenses-nota-con-sofia-urriaga\/#primaryimage\"},\"thumbnailUrl\":\"http:\/\/live.staticflickr.com\/65535\/48836400896_fa57448aa9.jpg\",\"datePublished\":\"2019-10-03T11:02:12+00:00\",\"author\":{\"@id\":\"https:\/\/www.noticiasradioreflejos.com.ar\/2021\/#\/schema\/person\/ad82545263dcc5ec0996818884fd5fb1\"},\"breadcrumb\":{\"@id\":\"https:\/\/www.noticiasradioreflejos.com.ar\/2021\/tornquist-obtuvo-4-medallas-en-deportes-al-cierre-de-los-juegos-bonaerenses-nota-con-sofia-urriaga\/#breadcrumb\"},\"inLanguage\":\"es\",\"potentialAction\":[{\"@type\":\"ReadAction\",\"target\":[\"https:\/\/www.noticiasradioreflejos.com.ar\/2021\/tornquist-obtuvo-4-medallas-en-deportes-al-cierre-de-los-juegos-bonaerenses-nota-con-sofia-urriaga\/\"]}]},{\"@type\":\"ImageObject\",\"inLanguage\":\"es\",\"@id\":\"https:\/\/www.noticiasradioreflejos.com.ar\/2021\/tornquist-obtuvo-4-medallas-en-deportes-al-cierre-de-los-juegos-bonaerenses-nota-con-sofia-urriaga\/#primaryimage\",\"url\":\"http:\/\/live.staticflickr.com\/65535\/48836400896_fa57448aa9.jpg\",\"contentUrl\":\"http:\/\/live.staticflickr.com\/65535\/48836400896_fa57448aa9.jpg\"},{\"@type\":\"BreadcrumbList\",\"@id\":\"https:\/\/www.noticiasradioreflejos.com.ar\/2021\/tornquist-obtuvo-4-medallas-en-deportes-al-cierre-de-los-juegos-bonaerenses-nota-con-sofia-urriaga\/#breadcrumb\",\"itemListElement\":[{\"@type\":\"ListItem\",\"position\":1,\"name\":\"Portada\",\"item\":\"https:\/\/www.noticiasradioreflejos.com.ar\/2021\/\"},{\"@type\":\"ListItem\",\"position\":2,\"name\":\"Tornquist obtuvo 4 medallas en deportes al cierre de los Juegos Bonaerenses. Nota con Sof\u00eda Urriaga.\"}]},{\"@type\":\"WebSite\",\"@id\":\"https:\/\/www.noticiasradioreflejos.com.ar\/2021\/#website\",\"url\":\"https:\/\/www.noticiasradioreflejos.com.ar\/2021\/\",\"name\":\"Noticias Radio Reflejos\",\"description\":\"Las noticias de mi comarca\",\"potentialAction\":[{\"@type\":\"SearchAction\",\"target\":{\"@type\":\"EntryPoint\",\"urlTemplate\":\"https:\/\/www.noticiasradioreflejos.com.ar\/2021\/?s={search_term_string}\"},\"query-input\":{\"@type\":\"PropertyValueSpecification\",\"valueRequired\":true,\"valueName\":\"search_term_string\"}}],\"inLanguage\":\"es\"},{\"@type\":\"Person\",\"@id\":\"https:\/\/www.noticiasradioreflejos.com.ar\/2021\/#\/schema\/person\/ad82545263dcc5ec0996818884fd5fb1\",\"name\":\"Arnaldo Botto\",\"image\":{\"@type\":\"ImageObject\",\"inLanguage\":\"es\",\"@id\":\"https:\/\/www.noticiasradioreflejos.com.ar\/2021\/#\/schema\/person\/image\/\",\"url\":\"https:\/\/secure.gravatar.com\/avatar\/55cb5e37c1efa326397366e6974cb338056df65cb50e7d64d1cf314e87504837?s=96&d=mm&r=g\",\"contentUrl\":\"https:\/\/secure.gravatar.com\/avatar\/55cb5e37c1efa326397366e6974cb338056df65cb50e7d64d1cf314e87504837?s=96&d=mm&r=g\",\"caption\":\"Arnaldo Botto\"},\"url\":\"https:\/\/www.noticiasradioreflejos.com.ar\/2021\/author\/arnaldo\/\"}]}<\/script>\n<!-- \/ Yoast SEO plugin. -->","yoast_head_json":{"title":"Tornquist obtuvo 4 medallas en deportes al cierre de los Juegos Bonaerenses. Nota con Sof\u00eda Urriaga. - Noticias Radio Reflejos","robots":{"index":"index","follow":"follow","max-snippet":"max-snippet:-1","max-image-preview":"max-image-preview:large","max-video-preview":"max-video-preview:-1"},"canonical":"https:\/\/www.noticiasradioreflejos.com.ar\/2021\/tornquist-obtuvo-4-medallas-en-deportes-al-cierre-de-los-juegos-bonaerenses-nota-con-sofia-urriaga\/","og_locale":"es_ES","og_type":"article","og_title":"Tornquist obtuvo 4 medallas en deportes al cierre de los Juegos Bonaerenses. Nota con Sof\u00eda Urriaga. - Noticias Radio Reflejos","og_description":"Una medalla de oro en nataci\u00f3n, una de plata en tenis de mesa y dos de bronce en atletismo. Este mi\u00e9rcoles finalizaron los juegos y la delegaci\u00f3n regres\u00f3 en horas de la noche.","og_url":"https:\/\/www.noticiasradioreflejos.com.ar\/2021\/tornquist-obtuvo-4-medallas-en-deportes-al-cierre-de-los-juegos-bonaerenses-nota-con-sofia-urriaga\/","og_site_name":"Noticias Radio Reflejos","article_published_time":"2019-10-03T11:02:12+00:00","og_image":[{"url":"http:\/\/live.staticflickr.com\/65535\/48836400896_fa57448aa9.jpg","type":"","width":"","height":""}],"author":"Arnaldo Botto","twitter_card":"summary_large_image","schema":{"@context":"https:\/\/schema.org","@graph":[{"@type":"WebPage","@id":"https:\/\/www.noticiasradioreflejos.com.ar\/2021\/tornquist-obtuvo-4-medallas-en-deportes-al-cierre-de-los-juegos-bonaerenses-nota-con-sofia-urriaga\/","url":"https:\/\/www.noticiasradioreflejos.com.ar\/2021\/tornquist-obtuvo-4-medallas-en-deportes-al-cierre-de-los-juegos-bonaerenses-nota-con-sofia-urriaga\/","name":"Tornquist obtuvo 4 medallas en deportes al cierre de los Juegos Bonaerenses. Nota con Sof\u00eda Urriaga. - Noticias Radio Reflejos","isPartOf":{"@id":"https:\/\/www.noticiasradioreflejos.com.ar\/2021\/#website"},"primaryImageOfPage":{"@id":"https:\/\/www.noticiasradioreflejos.com.ar\/2021\/tornquist-obtuvo-4-medallas-en-deportes-al-cierre-de-los-juegos-bonaerenses-nota-con-sofia-urriaga\/#primaryimage"},"image":{"@id":"https:\/\/www.noticiasradioreflejos.com.ar\/2021\/tornquist-obtuvo-4-medallas-en-deportes-al-cierre-de-los-juegos-bonaerenses-nota-con-sofia-urriaga\/#primaryimage"},"thumbnailUrl":"http:\/\/live.staticflickr.com\/65535\/48836400896_fa57448aa9.jpg","datePublished":"2019-10-03T11:02:12+00:00","author":{"@id":"https:\/\/www.noticiasradioreflejos.com.ar\/2021\/#\/schema\/person\/ad82545263dcc5ec0996818884fd5fb1"},"breadcrumb":{"@id":"https:\/\/www.noticiasradioreflejos.com.ar\/2021\/tornquist-obtuvo-4-medallas-en-deportes-al-cierre-de-los-juegos-bonaerenses-nota-con-sofia-urriaga\/#breadcrumb"},"inLanguage":"es","potentialAction":[{"@type":"ReadAction","target":["https:\/\/www.noticiasradioreflejos.com.ar\/2021\/tornquist-obtuvo-4-medallas-en-deportes-al-cierre-de-los-juegos-bonaerenses-nota-con-sofia-urriaga\/"]}]},{"@type":"ImageObject","inLanguage":"es","@id":"https:\/\/www.noticiasradioreflejos.com.ar\/2021\/tornquist-obtuvo-4-medallas-en-deportes-al-cierre-de-los-juegos-bonaerenses-nota-con-sofia-urriaga\/#primaryimage","url":"http:\/\/live.staticflickr.com\/65535\/48836400896_fa57448aa9.jpg","contentUrl":"http:\/\/live.staticflickr.com\/65535\/48836400896_fa57448aa9.jpg"},{"@type":"BreadcrumbList","@id":"https:\/\/www.noticiasradioreflejos.com.ar\/2021\/tornquist-obtuvo-4-medallas-en-deportes-al-cierre-de-los-juegos-bonaerenses-nota-con-sofia-urriaga\/#breadcrumb","itemListElement":[{"@type":"ListItem","position":1,"name":"Portada","item":"https:\/\/www.noticiasradioreflejos.com.ar\/2021\/"},{"@type":"ListItem","position":2,"name":"Tornquist obtuvo 4 medallas en deportes al cierre de los Juegos Bonaerenses. Nota con Sof\u00eda Urriaga."}]},{"@type":"WebSite","@id":"https:\/\/www.noticiasradioreflejos.com.ar\/2021\/#website","url":"https:\/\/www.noticiasradioreflejos.com.ar\/2021\/","name":"Noticias Radio Reflejos","description":"Las noticias de mi comarca","potentialAction":[{"@type":"SearchAction","target":{"@type":"EntryPoint","urlTemplate":"https:\/\/www.noticiasradioreflejos.com.ar\/2021\/?s={search_term_string}"},"query-input":{"@type":"PropertyValueSpecification","valueRequired":true,"valueName":"search_term_string"}}],"inLanguage":"es"},{"@type":"Person","@id":"https:\/\/www.noticiasradioreflejos.com.ar\/2021\/#\/schema\/person\/ad82545263dcc5ec0996818884fd5fb1","name":"Arnaldo Botto","image":{"@type":"ImageObject","inLanguage":"es","@id":"https:\/\/www.noticiasradioreflejos.com.ar\/2021\/#\/schema\/person\/image\/","url":"https:\/\/secure.gravatar.com\/avatar\/55cb5e37c1efa326397366e6974cb338056df65cb50e7d64d1cf314e87504837?s=96&d=mm&r=g","contentUrl":"https:\/\/secure.gravatar.com\/avatar\/55cb5e37c1efa326397366e6974cb338056df65cb50e7d64d1cf314e87504837?s=96&d=mm&r=g","caption":"Arnaldo Botto"},"url":"https:\/\/www.noticiasradioreflejos.com.ar\/2021\/author\/arnaldo\/"}]}},"_links":{"self":[{"href":"https:\/\/www.noticiasradioreflejos.com.ar\/2021\/wp-json\/wp\/v2\/posts\/35274","targetHints":{"allow":["GET"]}}],"collection":[{"href":"https:\/\/www.noticiasradioreflejos.com.ar\/2021\/wp-json\/wp\/v2\/posts"}],"about":[{"href":"https:\/\/www.noticiasradioreflejos.com.ar\/2021\/wp-json\/wp\/v2\/types\/post"}],"author":[{"embeddable":true,"href":"https:\/\/www.noticiasradioreflejos.com.ar\/2021\/wp-json\/wp\/v2\/users\/3"}],"replies":[{"embeddable":true,"href":"https:\/\/www.noticiasradioreflejos.com.ar\/2021\/wp-json\/wp\/v2\/comments?post=35274"}],"version-history":[{"count":0,"href":"https:\/\/www.noticiasradioreflejos.com.ar\/2021\/wp-json\/wp\/v2\/posts\/35274\/revisions"}],"wp:attachment":[{"href":"https:\/\/www.noticiasradioreflejos.com.ar\/2021\/wp-json\/wp\/v2\/media?parent=35274"}],"wp:term":[{"taxonomy":"category","embeddable":true,"href":"https:\/\/www.noticiasradioreflejos.com.ar\/2021\/wp-json\/wp\/v2\/categories?post=35274"},{"taxonomy":"post_tag","embeddable":true,"href":"https:\/\/www.noticiasradioreflejos.com.ar\/2021\/wp-json\/wp\/v2\/tags?post=35274"}],"curies":[{"name":"wp","href":"https:\/\/api.w.org\/{rel}","templated":true}]}}