{"id":35262,"date":"2019-10-02T10:07:16","date_gmt":"2019-10-02T13:07:16","guid":{"rendered":"http:\/\/www.noticiasradioreflejos.com.ar\/noticias\/?p=35262"},"modified":"2019-10-02T10:07:16","modified_gmt":"2019-10-02T13:07:16","slug":"juegos-bonaerenses-candela-calabrese-obtuvo-la-primera-medalla-para-tornquist","status":"publish","type":"post","link":"https:\/\/www.noticiasradioreflejos.com.ar\/2021\/juegos-bonaerenses-candela-calabrese-obtuvo-la-primera-medalla-para-tornquist\/","title":{"rendered":"Juegos Bonaerenses: Candela Calabrese obtuvo la primera medalla para Tornquist."},"content":{"rendered":"<p>La delegaci\u00f3n del distrito de Tornquist, que se encuentra en la ciudad de Mar del Plata en la final provincial de los Juegos Bonaerenses 2019, logr\u00f3 esta tarde la primera medalla.<br \/>\nFue a trav\u00e9s de la atleta Candela Calabrese quien subi\u00f3 al tercer escal\u00f3n del podio (medalla de bronce) en la disciplina Atletismo PCD Pista (+17 Femenino Libre Motor T3) en los 100 metros.<!--more--><br \/>\nNuestra representante, de la mano del profesor Bruno Polinori, finaliz\u00f3 detr\u00e1s de Natalia Cristaldo (municipio de Ezeiza) y Milagros Damaris Alarc\u00f3n (Tigre).<br \/>\nRecordemos que Candela es la quinta vez que participa de la final provincial obteniendo cuatro medallas (oro en el a\u00f1o 2018, dos de bronce y una de plata).<br \/>\nFelicitaciones Candela y para todo el grupo de trabajo !!!!!!<br \/>\n<strong>Fuente : Deportornquist<\/strong><\/p>\n","protected":false},"excerpt":{"rendered":"<p>La delegaci\u00f3n del distrito de Tornquist, que se encuentra en la ciudad de Mar del Plata en la final provincial de los Juegos Bonaerenses 2019, logr\u00f3 esta tarde la primera medalla. Fue a trav\u00e9s de la atleta Candela Calabrese quien subi\u00f3 al tercer escal\u00f3n del podio (medalla de bronce) en la disciplina Atletismo PCD Pista [&hellip;]<\/p>\n","protected":false},"author":3,"featured_media":0,"comment_status":"closed","ping_status":"open","sticky":false,"template":"","format":"standard","meta":{"footnotes":""},"categories":[27],"tags":[],"class_list":["post-35262","post","type-post","status-publish","format-standard","hentry","category-deportes"],"yoast_head":"<!-- This site is optimized with the Yoast SEO plugin v25.9 - https:\/\/yoast.com\/wordpress\/plugins\/seo\/ -->\n<title>Juegos Bonaerenses: Candela Calabrese obtuvo la primera medalla para Tornquist. - Noticias Radio Reflejos<\/title>\n<meta name=\"robots\" content=\"index, follow, max-snippet:-1, max-image-preview:large, max-video-preview:-1\" \/>\n<link rel=\"canonical\" href=\"https:\/\/www.noticiasradioreflejos.com.ar\/2021\/juegos-bonaerenses-candela-calabrese-obtuvo-la-primera-medalla-para-tornquist\/\" \/>\n<meta property=\"og:locale\" content=\"es_ES\" \/>\n<meta property=\"og:type\" content=\"article\" \/>\n<meta property=\"og:title\" content=\"Juegos Bonaerenses: Candela Calabrese obtuvo la primera medalla para Tornquist. - Noticias Radio Reflejos\" \/>\n<meta property=\"og:description\" content=\"La delegaci\u00f3n del distrito de Tornquist, que se encuentra en la ciudad de Mar del Plata en la final provincial de los Juegos Bonaerenses 2019, logr\u00f3 esta tarde la primera medalla. Fue a trav\u00e9s de la atleta Candela Calabrese quien subi\u00f3 al tercer escal\u00f3n del podio (medalla de bronce) en la disciplina Atletismo PCD Pista [&hellip;]\" \/>\n<meta property=\"og:url\" content=\"https:\/\/www.noticiasradioreflejos.com.ar\/2021\/juegos-bonaerenses-candela-calabrese-obtuvo-la-primera-medalla-para-tornquist\/\" \/>\n<meta property=\"og:site_name\" content=\"Noticias Radio Reflejos\" \/>\n<meta property=\"article:published_time\" content=\"2019-10-02T13:07:16+00:00\" \/>\n<meta property=\"og:image\" content=\"https:\/\/www.noticiasradioreflejos.com.ar\/2021\/wp-content\/uploads\/2021\/07\/logosol300x200.png\" \/>\n\t<meta property=\"og:image:width\" content=\"300\" \/>\n\t<meta property=\"og:image:height\" content=\"200\" \/>\n\t<meta property=\"og:image:type\" content=\"image\/png\" \/>\n<meta name=\"author\" content=\"Arnaldo Botto\" \/>\n<meta name=\"twitter:card\" content=\"summary_large_image\" \/>\n<script type=\"application\/ld+json\" class=\"yoast-schema-graph\">{\"@context\":\"https:\/\/schema.org\",\"@graph\":[{\"@type\":\"WebPage\",\"@id\":\"https:\/\/www.noticiasradioreflejos.com.ar\/2021\/juegos-bonaerenses-candela-calabrese-obtuvo-la-primera-medalla-para-tornquist\/\",\"url\":\"https:\/\/www.noticiasradioreflejos.com.ar\/2021\/juegos-bonaerenses-candela-calabrese-obtuvo-la-primera-medalla-para-tornquist\/\",\"name\":\"Juegos Bonaerenses: Candela Calabrese obtuvo la primera medalla para Tornquist. - Noticias Radio Reflejos\",\"isPartOf\":{\"@id\":\"https:\/\/www.noticiasradioreflejos.com.ar\/2021\/#website\"},\"datePublished\":\"2019-10-02T13:07:16+00:00\",\"author\":{\"@id\":\"https:\/\/www.noticiasradioreflejos.com.ar\/2021\/#\/schema\/person\/ad82545263dcc5ec0996818884fd5fb1\"},\"breadcrumb\":{\"@id\":\"https:\/\/www.noticiasradioreflejos.com.ar\/2021\/juegos-bonaerenses-candela-calabrese-obtuvo-la-primera-medalla-para-tornquist\/#breadcrumb\"},\"inLanguage\":\"es\",\"potentialAction\":[{\"@type\":\"ReadAction\",\"target\":[\"https:\/\/www.noticiasradioreflejos.com.ar\/2021\/juegos-bonaerenses-candela-calabrese-obtuvo-la-primera-medalla-para-tornquist\/\"]}]},{\"@type\":\"BreadcrumbList\",\"@id\":\"https:\/\/www.noticiasradioreflejos.com.ar\/2021\/juegos-bonaerenses-candela-calabrese-obtuvo-la-primera-medalla-para-tornquist\/#breadcrumb\",\"itemListElement\":[{\"@type\":\"ListItem\",\"position\":1,\"name\":\"Portada\",\"item\":\"https:\/\/www.noticiasradioreflejos.com.ar\/2021\/\"},{\"@type\":\"ListItem\",\"position\":2,\"name\":\"Juegos Bonaerenses: Candela Calabrese obtuvo la primera medalla para Tornquist.\"}]},{\"@type\":\"WebSite\",\"@id\":\"https:\/\/www.noticiasradioreflejos.com.ar\/2021\/#website\",\"url\":\"https:\/\/www.noticiasradioreflejos.com.ar\/2021\/\",\"name\":\"Noticias Radio Reflejos\",\"description\":\"Las noticias de mi comarca\",\"potentialAction\":[{\"@type\":\"SearchAction\",\"target\":{\"@type\":\"EntryPoint\",\"urlTemplate\":\"https:\/\/www.noticiasradioreflejos.com.ar\/2021\/?s={search_term_string}\"},\"query-input\":{\"@type\":\"PropertyValueSpecification\",\"valueRequired\":true,\"valueName\":\"search_term_string\"}}],\"inLanguage\":\"es\"},{\"@type\":\"Person\",\"@id\":\"https:\/\/www.noticiasradioreflejos.com.ar\/2021\/#\/schema\/person\/ad82545263dcc5ec0996818884fd5fb1\",\"name\":\"Arnaldo Botto\",\"image\":{\"@type\":\"ImageObject\",\"inLanguage\":\"es\",\"@id\":\"https:\/\/www.noticiasradioreflejos.com.ar\/2021\/#\/schema\/person\/image\/\",\"url\":\"https:\/\/secure.gravatar.com\/avatar\/55cb5e37c1efa326397366e6974cb338056df65cb50e7d64d1cf314e87504837?s=96&d=mm&r=g\",\"contentUrl\":\"https:\/\/secure.gravatar.com\/avatar\/55cb5e37c1efa326397366e6974cb338056df65cb50e7d64d1cf314e87504837?s=96&d=mm&r=g\",\"caption\":\"Arnaldo Botto\"},\"url\":\"https:\/\/www.noticiasradioreflejos.com.ar\/2021\/author\/arnaldo\/\"}]}<\/script>\n<!-- \/ Yoast SEO plugin. -->","yoast_head_json":{"title":"Juegos Bonaerenses: Candela Calabrese obtuvo la primera medalla para Tornquist. - Noticias Radio Reflejos","robots":{"index":"index","follow":"follow","max-snippet":"max-snippet:-1","max-image-preview":"max-image-preview:large","max-video-preview":"max-video-preview:-1"},"canonical":"https:\/\/www.noticiasradioreflejos.com.ar\/2021\/juegos-bonaerenses-candela-calabrese-obtuvo-la-primera-medalla-para-tornquist\/","og_locale":"es_ES","og_type":"article","og_title":"Juegos Bonaerenses: Candela Calabrese obtuvo la primera medalla para Tornquist. - Noticias Radio Reflejos","og_description":"La delegaci\u00f3n del distrito de Tornquist, que se encuentra en la ciudad de Mar del Plata en la final provincial de los Juegos Bonaerenses 2019, logr\u00f3 esta tarde la primera medalla. Fue a trav\u00e9s de la atleta Candela Calabrese quien subi\u00f3 al tercer escal\u00f3n del podio (medalla de bronce) en la disciplina Atletismo PCD Pista [&hellip;]","og_url":"https:\/\/www.noticiasradioreflejos.com.ar\/2021\/juegos-bonaerenses-candela-calabrese-obtuvo-la-primera-medalla-para-tornquist\/","og_site_name":"Noticias Radio Reflejos","article_published_time":"2019-10-02T13:07:16+00:00","og_image":[{"width":300,"height":200,"url":"https:\/\/www.noticiasradioreflejos.com.ar\/2021\/wp-content\/uploads\/2021\/07\/logosol300x200.png","type":"image\/png"}],"author":"Arnaldo Botto","twitter_card":"summary_large_image","schema":{"@context":"https:\/\/schema.org","@graph":[{"@type":"WebPage","@id":"https:\/\/www.noticiasradioreflejos.com.ar\/2021\/juegos-bonaerenses-candela-calabrese-obtuvo-la-primera-medalla-para-tornquist\/","url":"https:\/\/www.noticiasradioreflejos.com.ar\/2021\/juegos-bonaerenses-candela-calabrese-obtuvo-la-primera-medalla-para-tornquist\/","name":"Juegos Bonaerenses: Candela Calabrese obtuvo la primera medalla para Tornquist. - Noticias Radio Reflejos","isPartOf":{"@id":"https:\/\/www.noticiasradioreflejos.com.ar\/2021\/#website"},"datePublished":"2019-10-02T13:07:16+00:00","author":{"@id":"https:\/\/www.noticiasradioreflejos.com.ar\/2021\/#\/schema\/person\/ad82545263dcc5ec0996818884fd5fb1"},"breadcrumb":{"@id":"https:\/\/www.noticiasradioreflejos.com.ar\/2021\/juegos-bonaerenses-candela-calabrese-obtuvo-la-primera-medalla-para-tornquist\/#breadcrumb"},"inLanguage":"es","potentialAction":[{"@type":"ReadAction","target":["https:\/\/www.noticiasradioreflejos.com.ar\/2021\/juegos-bonaerenses-candela-calabrese-obtuvo-la-primera-medalla-para-tornquist\/"]}]},{"@type":"BreadcrumbList","@id":"https:\/\/www.noticiasradioreflejos.com.ar\/2021\/juegos-bonaerenses-candela-calabrese-obtuvo-la-primera-medalla-para-tornquist\/#breadcrumb","itemListElement":[{"@type":"ListItem","position":1,"name":"Portada","item":"https:\/\/www.noticiasradioreflejos.com.ar\/2021\/"},{"@type":"ListItem","position":2,"name":"Juegos Bonaerenses: Candela Calabrese obtuvo la primera medalla para Tornquist."}]},{"@type":"WebSite","@id":"https:\/\/www.noticiasradioreflejos.com.ar\/2021\/#website","url":"https:\/\/www.noticiasradioreflejos.com.ar\/2021\/","name":"Noticias Radio Reflejos","description":"Las noticias de mi comarca","potentialAction":[{"@type":"SearchAction","target":{"@type":"EntryPoint","urlTemplate":"https:\/\/www.noticiasradioreflejos.com.ar\/2021\/?s={search_term_string}"},"query-input":{"@type":"PropertyValueSpecification","valueRequired":true,"valueName":"search_term_string"}}],"inLanguage":"es"},{"@type":"Person","@id":"https:\/\/www.noticiasradioreflejos.com.ar\/2021\/#\/schema\/person\/ad82545263dcc5ec0996818884fd5fb1","name":"Arnaldo Botto","image":{"@type":"ImageObject","inLanguage":"es","@id":"https:\/\/www.noticiasradioreflejos.com.ar\/2021\/#\/schema\/person\/image\/","url":"https:\/\/secure.gravatar.com\/avatar\/55cb5e37c1efa326397366e6974cb338056df65cb50e7d64d1cf314e87504837?s=96&d=mm&r=g","contentUrl":"https:\/\/secure.gravatar.com\/avatar\/55cb5e37c1efa326397366e6974cb338056df65cb50e7d64d1cf314e87504837?s=96&d=mm&r=g","caption":"Arnaldo Botto"},"url":"https:\/\/www.noticiasradioreflejos.com.ar\/2021\/author\/arnaldo\/"}]}},"_links":{"self":[{"href":"https:\/\/www.noticiasradioreflejos.com.ar\/2021\/wp-json\/wp\/v2\/posts\/35262","targetHints":{"allow":["GET"]}}],"collection":[{"href":"https:\/\/www.noticiasradioreflejos.com.ar\/2021\/wp-json\/wp\/v2\/posts"}],"about":[{"href":"https:\/\/www.noticiasradioreflejos.com.ar\/2021\/wp-json\/wp\/v2\/types\/post"}],"author":[{"embeddable":true,"href":"https:\/\/www.noticiasradioreflejos.com.ar\/2021\/wp-json\/wp\/v2\/users\/3"}],"replies":[{"embeddable":true,"href":"https:\/\/www.noticiasradioreflejos.com.ar\/2021\/wp-json\/wp\/v2\/comments?post=35262"}],"version-history":[{"count":0,"href":"https:\/\/www.noticiasradioreflejos.com.ar\/2021\/wp-json\/wp\/v2\/posts\/35262\/revisions"}],"wp:attachment":[{"href":"https:\/\/www.noticiasradioreflejos.com.ar\/2021\/wp-json\/wp\/v2\/media?parent=35262"}],"wp:term":[{"taxonomy":"category","embeddable":true,"href":"https:\/\/www.noticiasradioreflejos.com.ar\/2021\/wp-json\/wp\/v2\/categories?post=35262"},{"taxonomy":"post_tag","embeddable":true,"href":"https:\/\/www.noticiasradioreflejos.com.ar\/2021\/wp-json\/wp\/v2\/tags?post=35262"}],"curies":[{"name":"wp","href":"https:\/\/api.w.org\/{rel}","templated":true}]}}