{"id":35236,"date":"2019-10-01T14:28:07","date_gmt":"2019-10-01T17:28:07","guid":{"rendered":"http:\/\/www.noticiasradioreflejos.com.ar\/noticias\/?p=35236"},"modified":"2019-10-01T14:28:07","modified_gmt":"2019-10-01T17:28:07","slug":"allanamiento-positivo-en-tornquist-y-danos-en-la-iglesia-de-saldungaray","status":"publish","type":"post","link":"https:\/\/www.noticiasradioreflejos.com.ar\/2021\/allanamiento-positivo-en-tornquist-y-danos-en-la-iglesia-de-saldungaray\/","title":{"rendered":"Allanamiento positivo en Tornquist y da\u00f1os en la iglesia de Saldungaray"},"content":{"rendered":"<p>La Secretar\u00eda de Seguridad del Partido de Tornquist informa a la poblaci\u00f3n que a ra\u00edz de una denuncia realizada en la Estaci\u00f3n Comunal de Tornquist por el delito de AMENAZAS AGRAVADAS POR EL USO DE ARMA DE FUEGO,<!--more-->tras amplias tareas investigativas y recepci\u00f3n de Declaraciones Testimoniales, se obtuvieron pruebas suficientes para dar con el autor del hecho como as\u00ed del arma utilizada, solicit\u00e1ndose a la Ayudant\u00eda Fiscal de Tornquist la respectiva Orden de Allanamiento y Secuestro. Que en el d\u00eda de ayer, 30 de Septiembre del a\u00f1o en curso, el Juzgado de Garant\u00edas N\u00famero 1 de Bah\u00eda Blanca, libra la Orden de Allanamiento para los domicilios ubicados en la esquina de las calles Rivadavia y Lamela y Ventura Picado N\u00ba 849, ambos de este medio, donde personal de la Estaci\u00f3n Comunal Tornquist con colaboraci\u00f3n de personal de la Subestaci\u00f3n Comunal de Sierra de la Ventana, llevaron a cabo dichas diligencias judiciales, arrojando resultados negativos para el primer domicilio, en tanto que sobre el inmueble de Calle Ventura Picado, se secuestraron municiones y vainas servidas de diferentes calibres arrojando resultados POSITIVOS para la causa de las Amenazas Agravadas. As\u00ed tambi\u00e9n en dicho domicilio se incautaron semillas de marihuana, tel\u00e9fonos celulares, cigarrillos caseros del tipo \u201cporro\u201d, elementos de corte y bl\u00edster de pastillas, inici\u00e1ndose al morador del domicilio Facundo Colado, Actuaciones Prevencionales por Infracci\u00f3n a la Ley Federal de Estupefacientes N\u00ba 23.737, con intervenci\u00f3n de la Fiscal\u00eda Especializada en Estupefacientes N\u00ba 19 de Bah\u00eda Blanca.<br \/>\nACTUACIONES PREVENCIONALES POR DA\u00d1O<br \/>\n<a title=\"iglesia saldunga\" href=\"http:\/\/live.staticflickr.com\/65535\/48827778211_9b37133ba3_s.jpg\" rel=\"\"><img loading=\"lazy\" decoding=\"async\" class=\"alignleft\" style=\"float: left;\" title=\"iglesia saldunga\" src=\"http:\/\/live.staticflickr.com\/65535\/48827778211_9b37133ba3.jpg\" alt=\"iglesia saldunga\" width=\"500\" height=\"281\" \/><\/a>Asimismo se informa que con fecha 29 de Septiembre del corriente a\u00f1o, se le recepcion\u00f3 en la Sub Estaci\u00f3n de Polic\u00eda Comunal de Saldungaray una denuncia a la Se\u00f1ora Haydee Menna, como responsable del cuidado y mantenimiento de la Capilla Nuestra Sra. del Tr\u00e1nsito, ubicada en la Calle Pav\u00f3n N\u00ba 420 de dicha localidad, quien constat\u00f3 que autores ignorados da\u00f1aron sillas, mesas y recipientes de m\u00e1rmol de la mencionada capilla, inici\u00e1ndose Actuaciones Prevencionales por el delito de DA\u00d1O, interviniendo la Ayudant\u00eda Fiscal de Tornquist.<br \/>\nSECRETAR\u00cdA DE SEGURIDAD &#8211; MUNICIPALIDAD DE TORNQUIST<br \/>\n01 de OCTUBRE de 2019.<\/p>\n","protected":false},"excerpt":{"rendered":"<p>La Secretar\u00eda de Seguridad del Partido de Tornquist informa a la poblaci\u00f3n que a ra\u00edz de una denuncia realizada en la Estaci\u00f3n Comunal de Tornquist por el delito de AMENAZAS AGRAVADAS POR EL USO DE ARMA DE FUEGO,<\/p>\n","protected":false},"author":3,"featured_media":0,"comment_status":"closed","ping_status":"open","sticky":false,"template":"","format":"standard","meta":{"footnotes":""},"categories":[29],"tags":[],"class_list":["post-35236","post","type-post","status-publish","format-standard","hentry","category-policiales"],"yoast_head":"<!-- This site is optimized with the Yoast SEO plugin v25.9 - https:\/\/yoast.com\/wordpress\/plugins\/seo\/ -->\n<title>Allanamiento positivo en Tornquist y da\u00f1os en la iglesia de Saldungaray - Noticias Radio Reflejos<\/title>\n<meta name=\"robots\" content=\"index, follow, max-snippet:-1, max-image-preview:large, max-video-preview:-1\" \/>\n<link rel=\"canonical\" href=\"https:\/\/www.noticiasradioreflejos.com.ar\/2021\/allanamiento-positivo-en-tornquist-y-danos-en-la-iglesia-de-saldungaray\/\" \/>\n<meta property=\"og:locale\" content=\"es_ES\" \/>\n<meta property=\"og:type\" content=\"article\" \/>\n<meta property=\"og:title\" content=\"Allanamiento positivo en Tornquist y da\u00f1os en la iglesia de Saldungaray - Noticias Radio Reflejos\" \/>\n<meta property=\"og:description\" content=\"La Secretar\u00eda de Seguridad del Partido de Tornquist informa a la poblaci\u00f3n que a ra\u00edz de una denuncia realizada en la Estaci\u00f3n Comunal de Tornquist por el delito de AMENAZAS AGRAVADAS POR EL USO DE ARMA DE FUEGO,\" \/>\n<meta property=\"og:url\" content=\"https:\/\/www.noticiasradioreflejos.com.ar\/2021\/allanamiento-positivo-en-tornquist-y-danos-en-la-iglesia-de-saldungaray\/\" \/>\n<meta property=\"og:site_name\" content=\"Noticias Radio Reflejos\" \/>\n<meta property=\"article:published_time\" content=\"2019-10-01T17:28:07+00:00\" \/>\n<meta property=\"og:image\" content=\"http:\/\/live.staticflickr.com\/65535\/48827778211_9b37133ba3.jpg\" \/>\n<meta name=\"author\" content=\"Arnaldo Botto\" \/>\n<meta name=\"twitter:card\" content=\"summary_large_image\" \/>\n<script type=\"application\/ld+json\" class=\"yoast-schema-graph\">{\"@context\":\"https:\/\/schema.org\",\"@graph\":[{\"@type\":\"WebPage\",\"@id\":\"https:\/\/www.noticiasradioreflejos.com.ar\/2021\/allanamiento-positivo-en-tornquist-y-danos-en-la-iglesia-de-saldungaray\/\",\"url\":\"https:\/\/www.noticiasradioreflejos.com.ar\/2021\/allanamiento-positivo-en-tornquist-y-danos-en-la-iglesia-de-saldungaray\/\",\"name\":\"Allanamiento positivo en Tornquist y da\u00f1os en la iglesia de Saldungaray - Noticias Radio Reflejos\",\"isPartOf\":{\"@id\":\"https:\/\/www.noticiasradioreflejos.com.ar\/2021\/#website\"},\"primaryImageOfPage\":{\"@id\":\"https:\/\/www.noticiasradioreflejos.com.ar\/2021\/allanamiento-positivo-en-tornquist-y-danos-en-la-iglesia-de-saldungaray\/#primaryimage\"},\"image\":{\"@id\":\"https:\/\/www.noticiasradioreflejos.com.ar\/2021\/allanamiento-positivo-en-tornquist-y-danos-en-la-iglesia-de-saldungaray\/#primaryimage\"},\"thumbnailUrl\":\"http:\/\/live.staticflickr.com\/65535\/48827778211_9b37133ba3.jpg\",\"datePublished\":\"2019-10-01T17:28:07+00:00\",\"author\":{\"@id\":\"https:\/\/www.noticiasradioreflejos.com.ar\/2021\/#\/schema\/person\/ad82545263dcc5ec0996818884fd5fb1\"},\"breadcrumb\":{\"@id\":\"https:\/\/www.noticiasradioreflejos.com.ar\/2021\/allanamiento-positivo-en-tornquist-y-danos-en-la-iglesia-de-saldungaray\/#breadcrumb\"},\"inLanguage\":\"es\",\"potentialAction\":[{\"@type\":\"ReadAction\",\"target\":[\"https:\/\/www.noticiasradioreflejos.com.ar\/2021\/allanamiento-positivo-en-tornquist-y-danos-en-la-iglesia-de-saldungaray\/\"]}]},{\"@type\":\"ImageObject\",\"inLanguage\":\"es\",\"@id\":\"https:\/\/www.noticiasradioreflejos.com.ar\/2021\/allanamiento-positivo-en-tornquist-y-danos-en-la-iglesia-de-saldungaray\/#primaryimage\",\"url\":\"http:\/\/live.staticflickr.com\/65535\/48827778211_9b37133ba3.jpg\",\"contentUrl\":\"http:\/\/live.staticflickr.com\/65535\/48827778211_9b37133ba3.jpg\"},{\"@type\":\"BreadcrumbList\",\"@id\":\"https:\/\/www.noticiasradioreflejos.com.ar\/2021\/allanamiento-positivo-en-tornquist-y-danos-en-la-iglesia-de-saldungaray\/#breadcrumb\",\"itemListElement\":[{\"@type\":\"ListItem\",\"position\":1,\"name\":\"Portada\",\"item\":\"https:\/\/www.noticiasradioreflejos.com.ar\/2021\/\"},{\"@type\":\"ListItem\",\"position\":2,\"name\":\"Allanamiento positivo en Tornquist y da\u00f1os en la iglesia de Saldungaray\"}]},{\"@type\":\"WebSite\",\"@id\":\"https:\/\/www.noticiasradioreflejos.com.ar\/2021\/#website\",\"url\":\"https:\/\/www.noticiasradioreflejos.com.ar\/2021\/\",\"name\":\"Noticias Radio Reflejos\",\"description\":\"Las noticias de mi comarca\",\"potentialAction\":[{\"@type\":\"SearchAction\",\"target\":{\"@type\":\"EntryPoint\",\"urlTemplate\":\"https:\/\/www.noticiasradioreflejos.com.ar\/2021\/?s={search_term_string}\"},\"query-input\":{\"@type\":\"PropertyValueSpecification\",\"valueRequired\":true,\"valueName\":\"search_term_string\"}}],\"inLanguage\":\"es\"},{\"@type\":\"Person\",\"@id\":\"https:\/\/www.noticiasradioreflejos.com.ar\/2021\/#\/schema\/person\/ad82545263dcc5ec0996818884fd5fb1\",\"name\":\"Arnaldo Botto\",\"image\":{\"@type\":\"ImageObject\",\"inLanguage\":\"es\",\"@id\":\"https:\/\/www.noticiasradioreflejos.com.ar\/2021\/#\/schema\/person\/image\/\",\"url\":\"https:\/\/secure.gravatar.com\/avatar\/55cb5e37c1efa326397366e6974cb338056df65cb50e7d64d1cf314e87504837?s=96&d=mm&r=g\",\"contentUrl\":\"https:\/\/secure.gravatar.com\/avatar\/55cb5e37c1efa326397366e6974cb338056df65cb50e7d64d1cf314e87504837?s=96&d=mm&r=g\",\"caption\":\"Arnaldo Botto\"},\"url\":\"https:\/\/www.noticiasradioreflejos.com.ar\/2021\/author\/arnaldo\/\"}]}<\/script>\n<!-- \/ Yoast SEO plugin. -->","yoast_head_json":{"title":"Allanamiento positivo en Tornquist y da\u00f1os en la iglesia de Saldungaray - Noticias Radio Reflejos","robots":{"index":"index","follow":"follow","max-snippet":"max-snippet:-1","max-image-preview":"max-image-preview:large","max-video-preview":"max-video-preview:-1"},"canonical":"https:\/\/www.noticiasradioreflejos.com.ar\/2021\/allanamiento-positivo-en-tornquist-y-danos-en-la-iglesia-de-saldungaray\/","og_locale":"es_ES","og_type":"article","og_title":"Allanamiento positivo en Tornquist y da\u00f1os en la iglesia de Saldungaray - Noticias Radio Reflejos","og_description":"La Secretar\u00eda de Seguridad del Partido de Tornquist informa a la poblaci\u00f3n que a ra\u00edz de una denuncia realizada en la Estaci\u00f3n Comunal de Tornquist por el delito de AMENAZAS AGRAVADAS POR EL USO DE ARMA DE FUEGO,","og_url":"https:\/\/www.noticiasradioreflejos.com.ar\/2021\/allanamiento-positivo-en-tornquist-y-danos-en-la-iglesia-de-saldungaray\/","og_site_name":"Noticias Radio Reflejos","article_published_time":"2019-10-01T17:28:07+00:00","og_image":[{"url":"http:\/\/live.staticflickr.com\/65535\/48827778211_9b37133ba3.jpg","type":"","width":"","height":""}],"author":"Arnaldo Botto","twitter_card":"summary_large_image","schema":{"@context":"https:\/\/schema.org","@graph":[{"@type":"WebPage","@id":"https:\/\/www.noticiasradioreflejos.com.ar\/2021\/allanamiento-positivo-en-tornquist-y-danos-en-la-iglesia-de-saldungaray\/","url":"https:\/\/www.noticiasradioreflejos.com.ar\/2021\/allanamiento-positivo-en-tornquist-y-danos-en-la-iglesia-de-saldungaray\/","name":"Allanamiento positivo en Tornquist y da\u00f1os en la iglesia de Saldungaray - Noticias Radio Reflejos","isPartOf":{"@id":"https:\/\/www.noticiasradioreflejos.com.ar\/2021\/#website"},"primaryImageOfPage":{"@id":"https:\/\/www.noticiasradioreflejos.com.ar\/2021\/allanamiento-positivo-en-tornquist-y-danos-en-la-iglesia-de-saldungaray\/#primaryimage"},"image":{"@id":"https:\/\/www.noticiasradioreflejos.com.ar\/2021\/allanamiento-positivo-en-tornquist-y-danos-en-la-iglesia-de-saldungaray\/#primaryimage"},"thumbnailUrl":"http:\/\/live.staticflickr.com\/65535\/48827778211_9b37133ba3.jpg","datePublished":"2019-10-01T17:28:07+00:00","author":{"@id":"https:\/\/www.noticiasradioreflejos.com.ar\/2021\/#\/schema\/person\/ad82545263dcc5ec0996818884fd5fb1"},"breadcrumb":{"@id":"https:\/\/www.noticiasradioreflejos.com.ar\/2021\/allanamiento-positivo-en-tornquist-y-danos-en-la-iglesia-de-saldungaray\/#breadcrumb"},"inLanguage":"es","potentialAction":[{"@type":"ReadAction","target":["https:\/\/www.noticiasradioreflejos.com.ar\/2021\/allanamiento-positivo-en-tornquist-y-danos-en-la-iglesia-de-saldungaray\/"]}]},{"@type":"ImageObject","inLanguage":"es","@id":"https:\/\/www.noticiasradioreflejos.com.ar\/2021\/allanamiento-positivo-en-tornquist-y-danos-en-la-iglesia-de-saldungaray\/#primaryimage","url":"http:\/\/live.staticflickr.com\/65535\/48827778211_9b37133ba3.jpg","contentUrl":"http:\/\/live.staticflickr.com\/65535\/48827778211_9b37133ba3.jpg"},{"@type":"BreadcrumbList","@id":"https:\/\/www.noticiasradioreflejos.com.ar\/2021\/allanamiento-positivo-en-tornquist-y-danos-en-la-iglesia-de-saldungaray\/#breadcrumb","itemListElement":[{"@type":"ListItem","position":1,"name":"Portada","item":"https:\/\/www.noticiasradioreflejos.com.ar\/2021\/"},{"@type":"ListItem","position":2,"name":"Allanamiento positivo en Tornquist y da\u00f1os en la iglesia de Saldungaray"}]},{"@type":"WebSite","@id":"https:\/\/www.noticiasradioreflejos.com.ar\/2021\/#website","url":"https:\/\/www.noticiasradioreflejos.com.ar\/2021\/","name":"Noticias Radio Reflejos","description":"Las noticias de mi comarca","potentialAction":[{"@type":"SearchAction","target":{"@type":"EntryPoint","urlTemplate":"https:\/\/www.noticiasradioreflejos.com.ar\/2021\/?s={search_term_string}"},"query-input":{"@type":"PropertyValueSpecification","valueRequired":true,"valueName":"search_term_string"}}],"inLanguage":"es"},{"@type":"Person","@id":"https:\/\/www.noticiasradioreflejos.com.ar\/2021\/#\/schema\/person\/ad82545263dcc5ec0996818884fd5fb1","name":"Arnaldo Botto","image":{"@type":"ImageObject","inLanguage":"es","@id":"https:\/\/www.noticiasradioreflejos.com.ar\/2021\/#\/schema\/person\/image\/","url":"https:\/\/secure.gravatar.com\/avatar\/55cb5e37c1efa326397366e6974cb338056df65cb50e7d64d1cf314e87504837?s=96&d=mm&r=g","contentUrl":"https:\/\/secure.gravatar.com\/avatar\/55cb5e37c1efa326397366e6974cb338056df65cb50e7d64d1cf314e87504837?s=96&d=mm&r=g","caption":"Arnaldo Botto"},"url":"https:\/\/www.noticiasradioreflejos.com.ar\/2021\/author\/arnaldo\/"}]}},"_links":{"self":[{"href":"https:\/\/www.noticiasradioreflejos.com.ar\/2021\/wp-json\/wp\/v2\/posts\/35236","targetHints":{"allow":["GET"]}}],"collection":[{"href":"https:\/\/www.noticiasradioreflejos.com.ar\/2021\/wp-json\/wp\/v2\/posts"}],"about":[{"href":"https:\/\/www.noticiasradioreflejos.com.ar\/2021\/wp-json\/wp\/v2\/types\/post"}],"author":[{"embeddable":true,"href":"https:\/\/www.noticiasradioreflejos.com.ar\/2021\/wp-json\/wp\/v2\/users\/3"}],"replies":[{"embeddable":true,"href":"https:\/\/www.noticiasradioreflejos.com.ar\/2021\/wp-json\/wp\/v2\/comments?post=35236"}],"version-history":[{"count":0,"href":"https:\/\/www.noticiasradioreflejos.com.ar\/2021\/wp-json\/wp\/v2\/posts\/35236\/revisions"}],"wp:attachment":[{"href":"https:\/\/www.noticiasradioreflejos.com.ar\/2021\/wp-json\/wp\/v2\/media?parent=35236"}],"wp:term":[{"taxonomy":"category","embeddable":true,"href":"https:\/\/www.noticiasradioreflejos.com.ar\/2021\/wp-json\/wp\/v2\/categories?post=35236"},{"taxonomy":"post_tag","embeddable":true,"href":"https:\/\/www.noticiasradioreflejos.com.ar\/2021\/wp-json\/wp\/v2\/tags?post=35236"}],"curies":[{"name":"wp","href":"https:\/\/api.w.org\/{rel}","templated":true}]}}