{"id":35119,"date":"2019-09-27T17:31:31","date_gmt":"2019-09-27T20:31:31","guid":{"rendered":"http:\/\/www.noticiasradioreflejos.com.ar\/noticias\/?p=35119"},"modified":"2019-09-27T17:31:31","modified_gmt":"2019-09-27T20:31:31","slug":"se-encuentra-abierta-la-inscripcion-para-ser-vendedor-de-la-cooperativa-textil","status":"publish","type":"post","link":"https:\/\/www.noticiasradioreflejos.com.ar\/2021\/se-encuentra-abierta-la-inscripcion-para-ser-vendedor-de-la-cooperativa-textil\/","title":{"rendered":"Se encuentra abierta la inscripci\u00f3n para ser vendedor de la Cooperativa Textil."},"content":{"rendered":"<p>Tornquist Municipio informa que se encuentra en la b\u00fasqueda de vendedores  para Atex (Cooperativa Textil). Es importante destacar que aquellas personas interesadas ser\u00e1n capacitadas en comercializaci\u00f3n.<!--more--><br \/>\nSus principales responsabilidades ser\u00e1n la comercializaci\u00f3n de los productos de la cooperativa, generaci\u00f3n de cartera de clientes, brindar asesoramiento en todas las instancias de ventas, as\u00ed como tambi\u00e9n fidelizar los clientes logrados.<br \/>\nRequisitos:<br \/>\n\u2022\tZona de Residencia: Distrito de Tornquist<br \/>\n\u2022\tSe valorar\u00e1n aquellos perfiles que cuenten con conocimiento del rubro.<br \/>\nQuienes deseen inscribirse deber\u00e1n acercarse a la Direcci\u00f3n de Juventud (V.Picado 111) de 8 a 14hs.<\/p>\n","protected":false},"excerpt":{"rendered":"<p>Tornquist Municipio informa que se encuentra en la b\u00fasqueda de vendedores para Atex (Cooperativa Textil). Es importante destacar que aquellas personas interesadas ser\u00e1n capacitadas en comercializaci\u00f3n.<\/p>\n","protected":false},"author":3,"featured_media":4177,"comment_status":"closed","ping_status":"open","sticky":false,"template":"","format":"standard","meta":{"footnotes":""},"categories":[28],"tags":[],"class_list":["post-35119","post","type-post","status-publish","format-standard","has-post-thumbnail","hentry","category-municipales"],"yoast_head":"<!-- This site is optimized with the Yoast SEO plugin v25.9 - https:\/\/yoast.com\/wordpress\/plugins\/seo\/ -->\n<title>Se encuentra abierta la inscripci\u00f3n para ser vendedor de la Cooperativa Textil. - Noticias Radio Reflejos<\/title>\n<meta name=\"robots\" content=\"index, follow, max-snippet:-1, max-image-preview:large, max-video-preview:-1\" \/>\n<link rel=\"canonical\" href=\"https:\/\/www.noticiasradioreflejos.com.ar\/2021\/se-encuentra-abierta-la-inscripcion-para-ser-vendedor-de-la-cooperativa-textil\/\" \/>\n<meta property=\"og:locale\" content=\"es_ES\" \/>\n<meta property=\"og:type\" content=\"article\" \/>\n<meta property=\"og:title\" content=\"Se encuentra abierta la inscripci\u00f3n para ser vendedor de la Cooperativa Textil. - Noticias Radio Reflejos\" \/>\n<meta property=\"og:description\" content=\"Tornquist Municipio informa que se encuentra en la b\u00fasqueda de vendedores para Atex (Cooperativa Textil). Es importante destacar que aquellas personas interesadas ser\u00e1n capacitadas en comercializaci\u00f3n.\" \/>\n<meta property=\"og:url\" content=\"https:\/\/www.noticiasradioreflejos.com.ar\/2021\/se-encuentra-abierta-la-inscripcion-para-ser-vendedor-de-la-cooperativa-textil\/\" \/>\n<meta property=\"og:site_name\" content=\"Noticias Radio Reflejos\" \/>\n<meta property=\"article:published_time\" content=\"2019-09-27T20:31:31+00:00\" \/>\n<meta property=\"og:image\" content=\"https:\/\/www.noticiasradioreflejos.com.ar\/2021\/wp-content\/uploads\/2016\/11\/Busqueda-de-personal.jpg\" \/>\n\t<meta property=\"og:image:width\" content=\"548\" \/>\n\t<meta property=\"og:image:height\" content=\"400\" \/>\n\t<meta property=\"og:image:type\" content=\"image\/jpeg\" \/>\n<meta name=\"author\" content=\"Arnaldo Botto\" \/>\n<meta name=\"twitter:card\" content=\"summary_large_image\" \/>\n<script type=\"application\/ld+json\" class=\"yoast-schema-graph\">{\"@context\":\"https:\/\/schema.org\",\"@graph\":[{\"@type\":\"WebPage\",\"@id\":\"https:\/\/www.noticiasradioreflejos.com.ar\/2021\/se-encuentra-abierta-la-inscripcion-para-ser-vendedor-de-la-cooperativa-textil\/\",\"url\":\"https:\/\/www.noticiasradioreflejos.com.ar\/2021\/se-encuentra-abierta-la-inscripcion-para-ser-vendedor-de-la-cooperativa-textil\/\",\"name\":\"Se encuentra abierta la inscripci\u00f3n para ser vendedor de la Cooperativa Textil. - Noticias Radio Reflejos\",\"isPartOf\":{\"@id\":\"https:\/\/www.noticiasradioreflejos.com.ar\/2021\/#website\"},\"primaryImageOfPage\":{\"@id\":\"https:\/\/www.noticiasradioreflejos.com.ar\/2021\/se-encuentra-abierta-la-inscripcion-para-ser-vendedor-de-la-cooperativa-textil\/#primaryimage\"},\"image\":{\"@id\":\"https:\/\/www.noticiasradioreflejos.com.ar\/2021\/se-encuentra-abierta-la-inscripcion-para-ser-vendedor-de-la-cooperativa-textil\/#primaryimage\"},\"thumbnailUrl\":\"https:\/\/www.noticiasradioreflejos.com.ar\/2021\/wp-content\/uploads\/2016\/11\/Busqueda-de-personal.jpg\",\"datePublished\":\"2019-09-27T20:31:31+00:00\",\"author\":{\"@id\":\"https:\/\/www.noticiasradioreflejos.com.ar\/2021\/#\/schema\/person\/ad82545263dcc5ec0996818884fd5fb1\"},\"breadcrumb\":{\"@id\":\"https:\/\/www.noticiasradioreflejos.com.ar\/2021\/se-encuentra-abierta-la-inscripcion-para-ser-vendedor-de-la-cooperativa-textil\/#breadcrumb\"},\"inLanguage\":\"es\",\"potentialAction\":[{\"@type\":\"ReadAction\",\"target\":[\"https:\/\/www.noticiasradioreflejos.com.ar\/2021\/se-encuentra-abierta-la-inscripcion-para-ser-vendedor-de-la-cooperativa-textil\/\"]}]},{\"@type\":\"ImageObject\",\"inLanguage\":\"es\",\"@id\":\"https:\/\/www.noticiasradioreflejos.com.ar\/2021\/se-encuentra-abierta-la-inscripcion-para-ser-vendedor-de-la-cooperativa-textil\/#primaryimage\",\"url\":\"https:\/\/www.noticiasradioreflejos.com.ar\/2021\/wp-content\/uploads\/2016\/11\/Busqueda-de-personal.jpg\",\"contentUrl\":\"https:\/\/www.noticiasradioreflejos.com.ar\/2021\/wp-content\/uploads\/2016\/11\/Busqueda-de-personal.jpg\",\"width\":548,\"height\":400},{\"@type\":\"BreadcrumbList\",\"@id\":\"https:\/\/www.noticiasradioreflejos.com.ar\/2021\/se-encuentra-abierta-la-inscripcion-para-ser-vendedor-de-la-cooperativa-textil\/#breadcrumb\",\"itemListElement\":[{\"@type\":\"ListItem\",\"position\":1,\"name\":\"Portada\",\"item\":\"https:\/\/www.noticiasradioreflejos.com.ar\/2021\/\"},{\"@type\":\"ListItem\",\"position\":2,\"name\":\"Se encuentra abierta la inscripci\u00f3n para ser vendedor de la Cooperativa Textil.\"}]},{\"@type\":\"WebSite\",\"@id\":\"https:\/\/www.noticiasradioreflejos.com.ar\/2021\/#website\",\"url\":\"https:\/\/www.noticiasradioreflejos.com.ar\/2021\/\",\"name\":\"Noticias Radio Reflejos\",\"description\":\"Las noticias de mi comarca\",\"potentialAction\":[{\"@type\":\"SearchAction\",\"target\":{\"@type\":\"EntryPoint\",\"urlTemplate\":\"https:\/\/www.noticiasradioreflejos.com.ar\/2021\/?s={search_term_string}\"},\"query-input\":{\"@type\":\"PropertyValueSpecification\",\"valueRequired\":true,\"valueName\":\"search_term_string\"}}],\"inLanguage\":\"es\"},{\"@type\":\"Person\",\"@id\":\"https:\/\/www.noticiasradioreflejos.com.ar\/2021\/#\/schema\/person\/ad82545263dcc5ec0996818884fd5fb1\",\"name\":\"Arnaldo Botto\",\"image\":{\"@type\":\"ImageObject\",\"inLanguage\":\"es\",\"@id\":\"https:\/\/www.noticiasradioreflejos.com.ar\/2021\/#\/schema\/person\/image\/\",\"url\":\"https:\/\/secure.gravatar.com\/avatar\/55cb5e37c1efa326397366e6974cb338056df65cb50e7d64d1cf314e87504837?s=96&d=mm&r=g\",\"contentUrl\":\"https:\/\/secure.gravatar.com\/avatar\/55cb5e37c1efa326397366e6974cb338056df65cb50e7d64d1cf314e87504837?s=96&d=mm&r=g\",\"caption\":\"Arnaldo Botto\"},\"url\":\"https:\/\/www.noticiasradioreflejos.com.ar\/2021\/author\/arnaldo\/\"}]}<\/script>\n<!-- \/ Yoast SEO plugin. -->","yoast_head_json":{"title":"Se encuentra abierta la inscripci\u00f3n para ser vendedor de la Cooperativa Textil. - Noticias Radio Reflejos","robots":{"index":"index","follow":"follow","max-snippet":"max-snippet:-1","max-image-preview":"max-image-preview:large","max-video-preview":"max-video-preview:-1"},"canonical":"https:\/\/www.noticiasradioreflejos.com.ar\/2021\/se-encuentra-abierta-la-inscripcion-para-ser-vendedor-de-la-cooperativa-textil\/","og_locale":"es_ES","og_type":"article","og_title":"Se encuentra abierta la inscripci\u00f3n para ser vendedor de la Cooperativa Textil. - Noticias Radio Reflejos","og_description":"Tornquist Municipio informa que se encuentra en la b\u00fasqueda de vendedores para Atex (Cooperativa Textil). Es importante destacar que aquellas personas interesadas ser\u00e1n capacitadas en comercializaci\u00f3n.","og_url":"https:\/\/www.noticiasradioreflejos.com.ar\/2021\/se-encuentra-abierta-la-inscripcion-para-ser-vendedor-de-la-cooperativa-textil\/","og_site_name":"Noticias Radio Reflejos","article_published_time":"2019-09-27T20:31:31+00:00","og_image":[{"width":548,"height":400,"url":"https:\/\/www.noticiasradioreflejos.com.ar\/2021\/wp-content\/uploads\/2016\/11\/Busqueda-de-personal.jpg","type":"image\/jpeg"}],"author":"Arnaldo Botto","twitter_card":"summary_large_image","schema":{"@context":"https:\/\/schema.org","@graph":[{"@type":"WebPage","@id":"https:\/\/www.noticiasradioreflejos.com.ar\/2021\/se-encuentra-abierta-la-inscripcion-para-ser-vendedor-de-la-cooperativa-textil\/","url":"https:\/\/www.noticiasradioreflejos.com.ar\/2021\/se-encuentra-abierta-la-inscripcion-para-ser-vendedor-de-la-cooperativa-textil\/","name":"Se encuentra abierta la inscripci\u00f3n para ser vendedor de la Cooperativa Textil. - Noticias Radio Reflejos","isPartOf":{"@id":"https:\/\/www.noticiasradioreflejos.com.ar\/2021\/#website"},"primaryImageOfPage":{"@id":"https:\/\/www.noticiasradioreflejos.com.ar\/2021\/se-encuentra-abierta-la-inscripcion-para-ser-vendedor-de-la-cooperativa-textil\/#primaryimage"},"image":{"@id":"https:\/\/www.noticiasradioreflejos.com.ar\/2021\/se-encuentra-abierta-la-inscripcion-para-ser-vendedor-de-la-cooperativa-textil\/#primaryimage"},"thumbnailUrl":"https:\/\/www.noticiasradioreflejos.com.ar\/2021\/wp-content\/uploads\/2016\/11\/Busqueda-de-personal.jpg","datePublished":"2019-09-27T20:31:31+00:00","author":{"@id":"https:\/\/www.noticiasradioreflejos.com.ar\/2021\/#\/schema\/person\/ad82545263dcc5ec0996818884fd5fb1"},"breadcrumb":{"@id":"https:\/\/www.noticiasradioreflejos.com.ar\/2021\/se-encuentra-abierta-la-inscripcion-para-ser-vendedor-de-la-cooperativa-textil\/#breadcrumb"},"inLanguage":"es","potentialAction":[{"@type":"ReadAction","target":["https:\/\/www.noticiasradioreflejos.com.ar\/2021\/se-encuentra-abierta-la-inscripcion-para-ser-vendedor-de-la-cooperativa-textil\/"]}]},{"@type":"ImageObject","inLanguage":"es","@id":"https:\/\/www.noticiasradioreflejos.com.ar\/2021\/se-encuentra-abierta-la-inscripcion-para-ser-vendedor-de-la-cooperativa-textil\/#primaryimage","url":"https:\/\/www.noticiasradioreflejos.com.ar\/2021\/wp-content\/uploads\/2016\/11\/Busqueda-de-personal.jpg","contentUrl":"https:\/\/www.noticiasradioreflejos.com.ar\/2021\/wp-content\/uploads\/2016\/11\/Busqueda-de-personal.jpg","width":548,"height":400},{"@type":"BreadcrumbList","@id":"https:\/\/www.noticiasradioreflejos.com.ar\/2021\/se-encuentra-abierta-la-inscripcion-para-ser-vendedor-de-la-cooperativa-textil\/#breadcrumb","itemListElement":[{"@type":"ListItem","position":1,"name":"Portada","item":"https:\/\/www.noticiasradioreflejos.com.ar\/2021\/"},{"@type":"ListItem","position":2,"name":"Se encuentra abierta la inscripci\u00f3n para ser vendedor de la Cooperativa Textil."}]},{"@type":"WebSite","@id":"https:\/\/www.noticiasradioreflejos.com.ar\/2021\/#website","url":"https:\/\/www.noticiasradioreflejos.com.ar\/2021\/","name":"Noticias Radio Reflejos","description":"Las noticias de mi comarca","potentialAction":[{"@type":"SearchAction","target":{"@type":"EntryPoint","urlTemplate":"https:\/\/www.noticiasradioreflejos.com.ar\/2021\/?s={search_term_string}"},"query-input":{"@type":"PropertyValueSpecification","valueRequired":true,"valueName":"search_term_string"}}],"inLanguage":"es"},{"@type":"Person","@id":"https:\/\/www.noticiasradioreflejos.com.ar\/2021\/#\/schema\/person\/ad82545263dcc5ec0996818884fd5fb1","name":"Arnaldo Botto","image":{"@type":"ImageObject","inLanguage":"es","@id":"https:\/\/www.noticiasradioreflejos.com.ar\/2021\/#\/schema\/person\/image\/","url":"https:\/\/secure.gravatar.com\/avatar\/55cb5e37c1efa326397366e6974cb338056df65cb50e7d64d1cf314e87504837?s=96&d=mm&r=g","contentUrl":"https:\/\/secure.gravatar.com\/avatar\/55cb5e37c1efa326397366e6974cb338056df65cb50e7d64d1cf314e87504837?s=96&d=mm&r=g","caption":"Arnaldo Botto"},"url":"https:\/\/www.noticiasradioreflejos.com.ar\/2021\/author\/arnaldo\/"}]}},"_links":{"self":[{"href":"https:\/\/www.noticiasradioreflejos.com.ar\/2021\/wp-json\/wp\/v2\/posts\/35119","targetHints":{"allow":["GET"]}}],"collection":[{"href":"https:\/\/www.noticiasradioreflejos.com.ar\/2021\/wp-json\/wp\/v2\/posts"}],"about":[{"href":"https:\/\/www.noticiasradioreflejos.com.ar\/2021\/wp-json\/wp\/v2\/types\/post"}],"author":[{"embeddable":true,"href":"https:\/\/www.noticiasradioreflejos.com.ar\/2021\/wp-json\/wp\/v2\/users\/3"}],"replies":[{"embeddable":true,"href":"https:\/\/www.noticiasradioreflejos.com.ar\/2021\/wp-json\/wp\/v2\/comments?post=35119"}],"version-history":[{"count":0,"href":"https:\/\/www.noticiasradioreflejos.com.ar\/2021\/wp-json\/wp\/v2\/posts\/35119\/revisions"}],"wp:featuredmedia":[{"embeddable":true,"href":"https:\/\/www.noticiasradioreflejos.com.ar\/2021\/wp-json\/wp\/v2\/media\/4177"}],"wp:attachment":[{"href":"https:\/\/www.noticiasradioreflejos.com.ar\/2021\/wp-json\/wp\/v2\/media?parent=35119"}],"wp:term":[{"taxonomy":"category","embeddable":true,"href":"https:\/\/www.noticiasradioreflejos.com.ar\/2021\/wp-json\/wp\/v2\/categories?post=35119"},{"taxonomy":"post_tag","embeddable":true,"href":"https:\/\/www.noticiasradioreflejos.com.ar\/2021\/wp-json\/wp\/v2\/tags?post=35119"}],"curies":[{"name":"wp","href":"https:\/\/api.w.org\/{rel}","templated":true}]}}