{"id":35108,"date":"2019-09-27T11:09:20","date_gmt":"2019-09-27T14:09:20","guid":{"rendered":"http:\/\/www.noticiasradioreflejos.com.ar\/noticias\/?p=35108"},"modified":"2019-09-27T11:09:20","modified_gmt":"2019-09-27T14:09:20","slug":"nos-vamos-renovando-ano-a-ano-micaela-costas","status":"publish","type":"post","link":"https:\/\/www.noticiasradioreflejos.com.ar\/2021\/nos-vamos-renovando-ano-a-ano-micaela-costas\/","title":{"rendered":"&quot;Nos vamos renovando a\u00f1o a a\u00f1o&quot; &#8211; Micaela Costas"},"content":{"rendered":"<p>Este domingo 29 de setiembre se llevara a cabo la 5ta Expocomercial que organiza Camcotisas, en el Centro Cultural de Sierra de la Ventana. por este motivo, nos comunicamos con La presidenta de la C\u00e1mara,<strong> Micaela costas<\/strong>, que se mostr\u00f3 muy entusiasmada por este nueva  y renovada edici\u00f3n.<!--more--><br \/>\nSumando expositores y espacio a esta 5ta edici\u00f3n de la Expo Comercial, La Presidenta de Camcotisas Micaela costas, nos brinda detalles de todo lo que prepara la instituci\u00f3n serrana para este domingo 29 en las instalaciones del Centro Cultural de Sierra de la Ventana.<br \/>\nCoopersive Ltda, Bomberos Voluntarios y la Agrupaci\u00f3n Floral Ventania estar\u00e1n por primera vez participando con diferentes stands dentro de la muestra.<br \/>\nMicaela anticipa muchas sorpresas para toda la jornada, que contara con espect\u00e1culos art\u00edsticos, cocina en vivo y sorteos a todos los visitantes que tendr\u00e1n entrada libre y gratuita.<br \/>\n<iframe loading=\"lazy\" width=\"100%\" height=\"166\" scrolling=\"no\" frameborder=\"no\" allow=\"autoplay\" src=\"https:\/\/w.soundcloud.com\/player\/?url=https%3A\/\/api.soundcloud.com\/tracks\/687613786&#038;color=%23ff5500&#038;auto_play=false&#038;hide_related=false&#038;show_comments=true&#038;show_user=true&#038;show_reposts=false&#038;show_teaser=true\"><\/iframe><\/p>\n","protected":false},"excerpt":{"rendered":"<p>Este domingo 29 de setiembre se llevara a cabo la 5ta Expocomercial que organiza Camcotisas, en el Centro Cultural de Sierra de la Ventana. por este motivo, nos comunicamos con La presidenta de la C\u00e1mara, Micaela costas, que se mostr\u00f3 muy entusiasmada por este nueva y renovada edici\u00f3n.<\/p>\n","protected":false},"author":3,"featured_media":0,"comment_status":"closed","ping_status":"open","sticky":false,"template":"","format":"standard","meta":{"footnotes":""},"categories":[26],"tags":[],"class_list":["post-35108","post","type-post","status-publish","format-standard","hentry","category-sociedad"],"yoast_head":"<!-- This site is optimized with the Yoast SEO plugin v25.9 - https:\/\/yoast.com\/wordpress\/plugins\/seo\/ -->\n<title>&quot;Nos vamos renovando a\u00f1o a a\u00f1o&quot; - Micaela Costas - Noticias Radio Reflejos<\/title>\n<meta name=\"robots\" content=\"index, follow, max-snippet:-1, max-image-preview:large, max-video-preview:-1\" \/>\n<link rel=\"canonical\" href=\"https:\/\/www.noticiasradioreflejos.com.ar\/2021\/nos-vamos-renovando-ano-a-ano-micaela-costas\/\" \/>\n<meta property=\"og:locale\" content=\"es_ES\" \/>\n<meta property=\"og:type\" content=\"article\" \/>\n<meta property=\"og:title\" content=\"&quot;Nos vamos renovando a\u00f1o a a\u00f1o&quot; - Micaela Costas - Noticias Radio Reflejos\" \/>\n<meta property=\"og:description\" content=\"Este domingo 29 de setiembre se llevara a cabo la 5ta Expocomercial que organiza Camcotisas, en el Centro Cultural de Sierra de la Ventana. por este motivo, nos comunicamos con La presidenta de la C\u00e1mara, Micaela costas, que se mostr\u00f3 muy entusiasmada por este nueva y renovada edici\u00f3n.\" \/>\n<meta property=\"og:url\" content=\"https:\/\/www.noticiasradioreflejos.com.ar\/2021\/nos-vamos-renovando-ano-a-ano-micaela-costas\/\" \/>\n<meta property=\"og:site_name\" content=\"Noticias Radio Reflejos\" \/>\n<meta property=\"article:published_time\" content=\"2019-09-27T14:09:20+00:00\" \/>\n<meta property=\"og:image\" content=\"https:\/\/www.noticiasradioreflejos.com.ar\/2021\/wp-content\/uploads\/2021\/07\/logosol300x200.png\" \/>\n\t<meta property=\"og:image:width\" content=\"300\" \/>\n\t<meta property=\"og:image:height\" content=\"200\" \/>\n\t<meta property=\"og:image:type\" content=\"image\/png\" \/>\n<meta name=\"author\" content=\"Arnaldo Botto\" \/>\n<meta name=\"twitter:card\" content=\"summary_large_image\" \/>\n<script type=\"application\/ld+json\" class=\"yoast-schema-graph\">{\"@context\":\"https:\/\/schema.org\",\"@graph\":[{\"@type\":\"WebPage\",\"@id\":\"https:\/\/www.noticiasradioreflejos.com.ar\/2021\/nos-vamos-renovando-ano-a-ano-micaela-costas\/\",\"url\":\"https:\/\/www.noticiasradioreflejos.com.ar\/2021\/nos-vamos-renovando-ano-a-ano-micaela-costas\/\",\"name\":\"&quot;Nos vamos renovando a\u00f1o a a\u00f1o&quot; - Micaela Costas - Noticias Radio Reflejos\",\"isPartOf\":{\"@id\":\"https:\/\/www.noticiasradioreflejos.com.ar\/2021\/#website\"},\"datePublished\":\"2019-09-27T14:09:20+00:00\",\"author\":{\"@id\":\"https:\/\/www.noticiasradioreflejos.com.ar\/2021\/#\/schema\/person\/ad82545263dcc5ec0996818884fd5fb1\"},\"breadcrumb\":{\"@id\":\"https:\/\/www.noticiasradioreflejos.com.ar\/2021\/nos-vamos-renovando-ano-a-ano-micaela-costas\/#breadcrumb\"},\"inLanguage\":\"es\",\"potentialAction\":[{\"@type\":\"ReadAction\",\"target\":[\"https:\/\/www.noticiasradioreflejos.com.ar\/2021\/nos-vamos-renovando-ano-a-ano-micaela-costas\/\"]}]},{\"@type\":\"BreadcrumbList\",\"@id\":\"https:\/\/www.noticiasradioreflejos.com.ar\/2021\/nos-vamos-renovando-ano-a-ano-micaela-costas\/#breadcrumb\",\"itemListElement\":[{\"@type\":\"ListItem\",\"position\":1,\"name\":\"Portada\",\"item\":\"https:\/\/www.noticiasradioreflejos.com.ar\/2021\/\"},{\"@type\":\"ListItem\",\"position\":2,\"name\":\"&quot;Nos vamos renovando a\u00f1o a a\u00f1o&quot; &#8211; Micaela Costas\"}]},{\"@type\":\"WebSite\",\"@id\":\"https:\/\/www.noticiasradioreflejos.com.ar\/2021\/#website\",\"url\":\"https:\/\/www.noticiasradioreflejos.com.ar\/2021\/\",\"name\":\"Noticias Radio Reflejos\",\"description\":\"Las noticias de mi comarca\",\"potentialAction\":[{\"@type\":\"SearchAction\",\"target\":{\"@type\":\"EntryPoint\",\"urlTemplate\":\"https:\/\/www.noticiasradioreflejos.com.ar\/2021\/?s={search_term_string}\"},\"query-input\":{\"@type\":\"PropertyValueSpecification\",\"valueRequired\":true,\"valueName\":\"search_term_string\"}}],\"inLanguage\":\"es\"},{\"@type\":\"Person\",\"@id\":\"https:\/\/www.noticiasradioreflejos.com.ar\/2021\/#\/schema\/person\/ad82545263dcc5ec0996818884fd5fb1\",\"name\":\"Arnaldo Botto\",\"image\":{\"@type\":\"ImageObject\",\"inLanguage\":\"es\",\"@id\":\"https:\/\/www.noticiasradioreflejos.com.ar\/2021\/#\/schema\/person\/image\/\",\"url\":\"https:\/\/secure.gravatar.com\/avatar\/55cb5e37c1efa326397366e6974cb338056df65cb50e7d64d1cf314e87504837?s=96&d=mm&r=g\",\"contentUrl\":\"https:\/\/secure.gravatar.com\/avatar\/55cb5e37c1efa326397366e6974cb338056df65cb50e7d64d1cf314e87504837?s=96&d=mm&r=g\",\"caption\":\"Arnaldo Botto\"},\"url\":\"https:\/\/www.noticiasradioreflejos.com.ar\/2021\/author\/arnaldo\/\"}]}<\/script>\n<!-- \/ Yoast SEO plugin. -->","yoast_head_json":{"title":"&quot;Nos vamos renovando a\u00f1o a a\u00f1o&quot; - Micaela Costas - Noticias Radio Reflejos","robots":{"index":"index","follow":"follow","max-snippet":"max-snippet:-1","max-image-preview":"max-image-preview:large","max-video-preview":"max-video-preview:-1"},"canonical":"https:\/\/www.noticiasradioreflejos.com.ar\/2021\/nos-vamos-renovando-ano-a-ano-micaela-costas\/","og_locale":"es_ES","og_type":"article","og_title":"&quot;Nos vamos renovando a\u00f1o a a\u00f1o&quot; - Micaela Costas - Noticias Radio Reflejos","og_description":"Este domingo 29 de setiembre se llevara a cabo la 5ta Expocomercial que organiza Camcotisas, en el Centro Cultural de Sierra de la Ventana. por este motivo, nos comunicamos con La presidenta de la C\u00e1mara, Micaela costas, que se mostr\u00f3 muy entusiasmada por este nueva y renovada edici\u00f3n.","og_url":"https:\/\/www.noticiasradioreflejos.com.ar\/2021\/nos-vamos-renovando-ano-a-ano-micaela-costas\/","og_site_name":"Noticias Radio Reflejos","article_published_time":"2019-09-27T14:09:20+00:00","og_image":[{"width":300,"height":200,"url":"https:\/\/www.noticiasradioreflejos.com.ar\/2021\/wp-content\/uploads\/2021\/07\/logosol300x200.png","type":"image\/png"}],"author":"Arnaldo Botto","twitter_card":"summary_large_image","schema":{"@context":"https:\/\/schema.org","@graph":[{"@type":"WebPage","@id":"https:\/\/www.noticiasradioreflejos.com.ar\/2021\/nos-vamos-renovando-ano-a-ano-micaela-costas\/","url":"https:\/\/www.noticiasradioreflejos.com.ar\/2021\/nos-vamos-renovando-ano-a-ano-micaela-costas\/","name":"&quot;Nos vamos renovando a\u00f1o a a\u00f1o&quot; - Micaela Costas - Noticias Radio Reflejos","isPartOf":{"@id":"https:\/\/www.noticiasradioreflejos.com.ar\/2021\/#website"},"datePublished":"2019-09-27T14:09:20+00:00","author":{"@id":"https:\/\/www.noticiasradioreflejos.com.ar\/2021\/#\/schema\/person\/ad82545263dcc5ec0996818884fd5fb1"},"breadcrumb":{"@id":"https:\/\/www.noticiasradioreflejos.com.ar\/2021\/nos-vamos-renovando-ano-a-ano-micaela-costas\/#breadcrumb"},"inLanguage":"es","potentialAction":[{"@type":"ReadAction","target":["https:\/\/www.noticiasradioreflejos.com.ar\/2021\/nos-vamos-renovando-ano-a-ano-micaela-costas\/"]}]},{"@type":"BreadcrumbList","@id":"https:\/\/www.noticiasradioreflejos.com.ar\/2021\/nos-vamos-renovando-ano-a-ano-micaela-costas\/#breadcrumb","itemListElement":[{"@type":"ListItem","position":1,"name":"Portada","item":"https:\/\/www.noticiasradioreflejos.com.ar\/2021\/"},{"@type":"ListItem","position":2,"name":"&quot;Nos vamos renovando a\u00f1o a a\u00f1o&quot; &#8211; Micaela Costas"}]},{"@type":"WebSite","@id":"https:\/\/www.noticiasradioreflejos.com.ar\/2021\/#website","url":"https:\/\/www.noticiasradioreflejos.com.ar\/2021\/","name":"Noticias Radio Reflejos","description":"Las noticias de mi comarca","potentialAction":[{"@type":"SearchAction","target":{"@type":"EntryPoint","urlTemplate":"https:\/\/www.noticiasradioreflejos.com.ar\/2021\/?s={search_term_string}"},"query-input":{"@type":"PropertyValueSpecification","valueRequired":true,"valueName":"search_term_string"}}],"inLanguage":"es"},{"@type":"Person","@id":"https:\/\/www.noticiasradioreflejos.com.ar\/2021\/#\/schema\/person\/ad82545263dcc5ec0996818884fd5fb1","name":"Arnaldo Botto","image":{"@type":"ImageObject","inLanguage":"es","@id":"https:\/\/www.noticiasradioreflejos.com.ar\/2021\/#\/schema\/person\/image\/","url":"https:\/\/secure.gravatar.com\/avatar\/55cb5e37c1efa326397366e6974cb338056df65cb50e7d64d1cf314e87504837?s=96&d=mm&r=g","contentUrl":"https:\/\/secure.gravatar.com\/avatar\/55cb5e37c1efa326397366e6974cb338056df65cb50e7d64d1cf314e87504837?s=96&d=mm&r=g","caption":"Arnaldo Botto"},"url":"https:\/\/www.noticiasradioreflejos.com.ar\/2021\/author\/arnaldo\/"}]}},"_links":{"self":[{"href":"https:\/\/www.noticiasradioreflejos.com.ar\/2021\/wp-json\/wp\/v2\/posts\/35108","targetHints":{"allow":["GET"]}}],"collection":[{"href":"https:\/\/www.noticiasradioreflejos.com.ar\/2021\/wp-json\/wp\/v2\/posts"}],"about":[{"href":"https:\/\/www.noticiasradioreflejos.com.ar\/2021\/wp-json\/wp\/v2\/types\/post"}],"author":[{"embeddable":true,"href":"https:\/\/www.noticiasradioreflejos.com.ar\/2021\/wp-json\/wp\/v2\/users\/3"}],"replies":[{"embeddable":true,"href":"https:\/\/www.noticiasradioreflejos.com.ar\/2021\/wp-json\/wp\/v2\/comments?post=35108"}],"version-history":[{"count":0,"href":"https:\/\/www.noticiasradioreflejos.com.ar\/2021\/wp-json\/wp\/v2\/posts\/35108\/revisions"}],"wp:attachment":[{"href":"https:\/\/www.noticiasradioreflejos.com.ar\/2021\/wp-json\/wp\/v2\/media?parent=35108"}],"wp:term":[{"taxonomy":"category","embeddable":true,"href":"https:\/\/www.noticiasradioreflejos.com.ar\/2021\/wp-json\/wp\/v2\/categories?post=35108"},{"taxonomy":"post_tag","embeddable":true,"href":"https:\/\/www.noticiasradioreflejos.com.ar\/2021\/wp-json\/wp\/v2\/tags?post=35108"}],"curies":[{"name":"wp","href":"https:\/\/api.w.org\/{rel}","templated":true}]}}