{"id":35049,"date":"2019-09-25T11:31:25","date_gmt":"2019-09-25T14:31:25","guid":{"rendered":"http:\/\/www.noticiasradioreflejos.com.ar\/noticias\/?p=35049"},"modified":"2019-09-25T11:31:25","modified_gmt":"2019-09-25T14:31:25","slug":"no-lo-podemos-contener-por-tratarse-de-un-animal-salvaje-cristian-peterson","status":"publish","type":"post","link":"https:\/\/www.noticiasradioreflejos.com.ar\/2021\/no-lo-podemos-contener-por-tratarse-de-un-animal-salvaje-cristian-peterson\/","title":{"rendered":"&quot;No lo podemos contener, por tratarse de un animal salvaje&quot; &#8211; Cristian Peterson."},"content":{"rendered":"<p>Sobre la presencia y avistamiento de un ejemplar de puma en la ruta 76, consultamos al Guardaparque Responsable de Administraci\u00f3n y Manejo del Parque Provincial \u201cErnesto Tornquist, <strong>Cristian Peterson<\/strong>, quien mediante una nota telef\u00f3nica nos informa sobre los cuidados y medidas a tomar sobre el caso.<!--more--><br \/>\n\u00abNoticias del puma tenemos desde hace varios meses\u00bb nos indica el Guardaparque en el comienzo de la nota, informando que \u00abNo lo podemos contener, por tratarse de un animal salvaje\u00bb. Peterson asegura que se trata de un ejemplar adulto, macho y que no hay registros de ataques de este puma.<br \/>\nEsta especie de h\u00e1bitos nocturnos y crepusculares, se refugia en la reserva natural del parque provincial, precisamente porque se encuentra m\u00e1s seguro y tranquilo que en sectores de explotaci\u00f3n agroganaderas; es un animal en v\u00edas de extinci\u00f3n cuyo coto de caza se extiende de 15 a 20 kms cuadrados.<br \/>\nEl responsable de manejo del \u00e1rea protegida anticipa que: \u00abAcciones concretas no se toman, es muy complejo, por los problemas con los vecinos productores\u00bb, solicitando y recomendando \u00abNo molestarlo, lastimarlo o cazarlo\u00bb.<br \/>\nCristian Peterson describe que \u00abLa zona donde se tiene registros de la aparici\u00f3n de este ejemplar se extiende desde el Hotel El Mirador, hasta el acceso a Villa Ventana\u00bb, por lo que solicita tener mucho cuidado cuando se transite por ese sector, no solo por el puma, sino por la gran variedad de especies que se cruzan en la ruta, entre los que destac\u00f3, jabalies, carpinchos, zorros, zorrinos, etc. y enfatiza en relaci\u00f3n al puma: \u00abNo es un bicho agresivo y no ha habido registros de ataques\u00bb.<br \/>\nPrincipalmente Peterson destaca \u00abEs muy dif\u00edcil la conservaci\u00f3n de esta especie\u00bb.<br \/>\n<iframe loading=\"lazy\" width=\"100%\" height=\"166\" scrolling=\"no\" frameborder=\"no\" allow=\"autoplay\" src=\"https:\/\/w.soundcloud.com\/player\/?url=https%3A\/\/api.soundcloud.com\/tracks\/686566126&#038;color=%23ff5500&#038;auto_play=false&#038;hide_related=false&#038;show_comments=true&#038;show_user=true&#038;show_reposts=false&#038;show_teaser=true\"><\/iframe><\/p>\n","protected":false},"excerpt":{"rendered":"<p>Sobre la presencia y avistamiento de un ejemplar de puma en la ruta 76, consultamos al Guardaparque Responsable de Administraci\u00f3n y Manejo del Parque Provincial \u201cErnesto Tornquist, Cristian Peterson, quien mediante una nota telef\u00f3nica nos informa sobre los cuidados y medidas a tomar sobre el caso.<\/p>\n","protected":false},"author":3,"featured_media":0,"comment_status":"closed","ping_status":"open","sticky":false,"template":"","format":"standard","meta":{"footnotes":""},"categories":[26],"tags":[],"class_list":["post-35049","post","type-post","status-publish","format-standard","hentry","category-sociedad"],"yoast_head":"<!-- This site is optimized with the Yoast SEO plugin v25.9 - https:\/\/yoast.com\/wordpress\/plugins\/seo\/ -->\n<title>&quot;No lo podemos contener, por tratarse de un animal salvaje&quot; - Cristian Peterson. - Noticias Radio Reflejos<\/title>\n<meta name=\"robots\" content=\"index, follow, max-snippet:-1, max-image-preview:large, max-video-preview:-1\" \/>\n<link rel=\"canonical\" href=\"https:\/\/www.noticiasradioreflejos.com.ar\/2021\/no-lo-podemos-contener-por-tratarse-de-un-animal-salvaje-cristian-peterson\/\" \/>\n<meta property=\"og:locale\" content=\"es_ES\" \/>\n<meta property=\"og:type\" content=\"article\" \/>\n<meta property=\"og:title\" content=\"&quot;No lo podemos contener, por tratarse de un animal salvaje&quot; - Cristian Peterson. - Noticias Radio Reflejos\" \/>\n<meta property=\"og:description\" content=\"Sobre la presencia y avistamiento de un ejemplar de puma en la ruta 76, consultamos al Guardaparque Responsable de Administraci\u00f3n y Manejo del Parque Provincial \u201cErnesto Tornquist, Cristian Peterson, quien mediante una nota telef\u00f3nica nos informa sobre los cuidados y medidas a tomar sobre el caso.\" \/>\n<meta property=\"og:url\" content=\"https:\/\/www.noticiasradioreflejos.com.ar\/2021\/no-lo-podemos-contener-por-tratarse-de-un-animal-salvaje-cristian-peterson\/\" \/>\n<meta property=\"og:site_name\" content=\"Noticias Radio Reflejos\" \/>\n<meta property=\"article:published_time\" content=\"2019-09-25T14:31:25+00:00\" \/>\n<meta property=\"og:image\" content=\"https:\/\/www.noticiasradioreflejos.com.ar\/2021\/wp-content\/uploads\/2021\/07\/logosol300x200.png\" \/>\n\t<meta property=\"og:image:width\" content=\"300\" \/>\n\t<meta property=\"og:image:height\" content=\"200\" \/>\n\t<meta property=\"og:image:type\" content=\"image\/png\" \/>\n<meta name=\"author\" content=\"Arnaldo Botto\" \/>\n<meta name=\"twitter:card\" content=\"summary_large_image\" \/>\n<script type=\"application\/ld+json\" class=\"yoast-schema-graph\">{\"@context\":\"https:\/\/schema.org\",\"@graph\":[{\"@type\":\"WebPage\",\"@id\":\"https:\/\/www.noticiasradioreflejos.com.ar\/2021\/no-lo-podemos-contener-por-tratarse-de-un-animal-salvaje-cristian-peterson\/\",\"url\":\"https:\/\/www.noticiasradioreflejos.com.ar\/2021\/no-lo-podemos-contener-por-tratarse-de-un-animal-salvaje-cristian-peterson\/\",\"name\":\"&quot;No lo podemos contener, por tratarse de un animal salvaje&quot; - Cristian Peterson. - Noticias Radio Reflejos\",\"isPartOf\":{\"@id\":\"https:\/\/www.noticiasradioreflejos.com.ar\/2021\/#website\"},\"datePublished\":\"2019-09-25T14:31:25+00:00\",\"author\":{\"@id\":\"https:\/\/www.noticiasradioreflejos.com.ar\/2021\/#\/schema\/person\/ad82545263dcc5ec0996818884fd5fb1\"},\"breadcrumb\":{\"@id\":\"https:\/\/www.noticiasradioreflejos.com.ar\/2021\/no-lo-podemos-contener-por-tratarse-de-un-animal-salvaje-cristian-peterson\/#breadcrumb\"},\"inLanguage\":\"es\",\"potentialAction\":[{\"@type\":\"ReadAction\",\"target\":[\"https:\/\/www.noticiasradioreflejos.com.ar\/2021\/no-lo-podemos-contener-por-tratarse-de-un-animal-salvaje-cristian-peterson\/\"]}]},{\"@type\":\"BreadcrumbList\",\"@id\":\"https:\/\/www.noticiasradioreflejos.com.ar\/2021\/no-lo-podemos-contener-por-tratarse-de-un-animal-salvaje-cristian-peterson\/#breadcrumb\",\"itemListElement\":[{\"@type\":\"ListItem\",\"position\":1,\"name\":\"Portada\",\"item\":\"https:\/\/www.noticiasradioreflejos.com.ar\/2021\/\"},{\"@type\":\"ListItem\",\"position\":2,\"name\":\"&quot;No lo podemos contener, por tratarse de un animal salvaje&quot; &#8211; Cristian Peterson.\"}]},{\"@type\":\"WebSite\",\"@id\":\"https:\/\/www.noticiasradioreflejos.com.ar\/2021\/#website\",\"url\":\"https:\/\/www.noticiasradioreflejos.com.ar\/2021\/\",\"name\":\"Noticias Radio Reflejos\",\"description\":\"Las noticias de mi comarca\",\"potentialAction\":[{\"@type\":\"SearchAction\",\"target\":{\"@type\":\"EntryPoint\",\"urlTemplate\":\"https:\/\/www.noticiasradioreflejos.com.ar\/2021\/?s={search_term_string}\"},\"query-input\":{\"@type\":\"PropertyValueSpecification\",\"valueRequired\":true,\"valueName\":\"search_term_string\"}}],\"inLanguage\":\"es\"},{\"@type\":\"Person\",\"@id\":\"https:\/\/www.noticiasradioreflejos.com.ar\/2021\/#\/schema\/person\/ad82545263dcc5ec0996818884fd5fb1\",\"name\":\"Arnaldo Botto\",\"image\":{\"@type\":\"ImageObject\",\"inLanguage\":\"es\",\"@id\":\"https:\/\/www.noticiasradioreflejos.com.ar\/2021\/#\/schema\/person\/image\/\",\"url\":\"https:\/\/secure.gravatar.com\/avatar\/55cb5e37c1efa326397366e6974cb338056df65cb50e7d64d1cf314e87504837?s=96&d=mm&r=g\",\"contentUrl\":\"https:\/\/secure.gravatar.com\/avatar\/55cb5e37c1efa326397366e6974cb338056df65cb50e7d64d1cf314e87504837?s=96&d=mm&r=g\",\"caption\":\"Arnaldo Botto\"},\"url\":\"https:\/\/www.noticiasradioreflejos.com.ar\/2021\/author\/arnaldo\/\"}]}<\/script>\n<!-- \/ Yoast SEO plugin. -->","yoast_head_json":{"title":"&quot;No lo podemos contener, por tratarse de un animal salvaje&quot; - Cristian Peterson. - Noticias Radio Reflejos","robots":{"index":"index","follow":"follow","max-snippet":"max-snippet:-1","max-image-preview":"max-image-preview:large","max-video-preview":"max-video-preview:-1"},"canonical":"https:\/\/www.noticiasradioreflejos.com.ar\/2021\/no-lo-podemos-contener-por-tratarse-de-un-animal-salvaje-cristian-peterson\/","og_locale":"es_ES","og_type":"article","og_title":"&quot;No lo podemos contener, por tratarse de un animal salvaje&quot; - Cristian Peterson. - Noticias Radio Reflejos","og_description":"Sobre la presencia y avistamiento de un ejemplar de puma en la ruta 76, consultamos al Guardaparque Responsable de Administraci\u00f3n y Manejo del Parque Provincial \u201cErnesto Tornquist, Cristian Peterson, quien mediante una nota telef\u00f3nica nos informa sobre los cuidados y medidas a tomar sobre el caso.","og_url":"https:\/\/www.noticiasradioreflejos.com.ar\/2021\/no-lo-podemos-contener-por-tratarse-de-un-animal-salvaje-cristian-peterson\/","og_site_name":"Noticias Radio Reflejos","article_published_time":"2019-09-25T14:31:25+00:00","og_image":[{"width":300,"height":200,"url":"https:\/\/www.noticiasradioreflejos.com.ar\/2021\/wp-content\/uploads\/2021\/07\/logosol300x200.png","type":"image\/png"}],"author":"Arnaldo Botto","twitter_card":"summary_large_image","schema":{"@context":"https:\/\/schema.org","@graph":[{"@type":"WebPage","@id":"https:\/\/www.noticiasradioreflejos.com.ar\/2021\/no-lo-podemos-contener-por-tratarse-de-un-animal-salvaje-cristian-peterson\/","url":"https:\/\/www.noticiasradioreflejos.com.ar\/2021\/no-lo-podemos-contener-por-tratarse-de-un-animal-salvaje-cristian-peterson\/","name":"&quot;No lo podemos contener, por tratarse de un animal salvaje&quot; - Cristian Peterson. - Noticias Radio Reflejos","isPartOf":{"@id":"https:\/\/www.noticiasradioreflejos.com.ar\/2021\/#website"},"datePublished":"2019-09-25T14:31:25+00:00","author":{"@id":"https:\/\/www.noticiasradioreflejos.com.ar\/2021\/#\/schema\/person\/ad82545263dcc5ec0996818884fd5fb1"},"breadcrumb":{"@id":"https:\/\/www.noticiasradioreflejos.com.ar\/2021\/no-lo-podemos-contener-por-tratarse-de-un-animal-salvaje-cristian-peterson\/#breadcrumb"},"inLanguage":"es","potentialAction":[{"@type":"ReadAction","target":["https:\/\/www.noticiasradioreflejos.com.ar\/2021\/no-lo-podemos-contener-por-tratarse-de-un-animal-salvaje-cristian-peterson\/"]}]},{"@type":"BreadcrumbList","@id":"https:\/\/www.noticiasradioreflejos.com.ar\/2021\/no-lo-podemos-contener-por-tratarse-de-un-animal-salvaje-cristian-peterson\/#breadcrumb","itemListElement":[{"@type":"ListItem","position":1,"name":"Portada","item":"https:\/\/www.noticiasradioreflejos.com.ar\/2021\/"},{"@type":"ListItem","position":2,"name":"&quot;No lo podemos contener, por tratarse de un animal salvaje&quot; &#8211; Cristian Peterson."}]},{"@type":"WebSite","@id":"https:\/\/www.noticiasradioreflejos.com.ar\/2021\/#website","url":"https:\/\/www.noticiasradioreflejos.com.ar\/2021\/","name":"Noticias Radio Reflejos","description":"Las noticias de mi comarca","potentialAction":[{"@type":"SearchAction","target":{"@type":"EntryPoint","urlTemplate":"https:\/\/www.noticiasradioreflejos.com.ar\/2021\/?s={search_term_string}"},"query-input":{"@type":"PropertyValueSpecification","valueRequired":true,"valueName":"search_term_string"}}],"inLanguage":"es"},{"@type":"Person","@id":"https:\/\/www.noticiasradioreflejos.com.ar\/2021\/#\/schema\/person\/ad82545263dcc5ec0996818884fd5fb1","name":"Arnaldo Botto","image":{"@type":"ImageObject","inLanguage":"es","@id":"https:\/\/www.noticiasradioreflejos.com.ar\/2021\/#\/schema\/person\/image\/","url":"https:\/\/secure.gravatar.com\/avatar\/55cb5e37c1efa326397366e6974cb338056df65cb50e7d64d1cf314e87504837?s=96&d=mm&r=g","contentUrl":"https:\/\/secure.gravatar.com\/avatar\/55cb5e37c1efa326397366e6974cb338056df65cb50e7d64d1cf314e87504837?s=96&d=mm&r=g","caption":"Arnaldo Botto"},"url":"https:\/\/www.noticiasradioreflejos.com.ar\/2021\/author\/arnaldo\/"}]}},"_links":{"self":[{"href":"https:\/\/www.noticiasradioreflejos.com.ar\/2021\/wp-json\/wp\/v2\/posts\/35049","targetHints":{"allow":["GET"]}}],"collection":[{"href":"https:\/\/www.noticiasradioreflejos.com.ar\/2021\/wp-json\/wp\/v2\/posts"}],"about":[{"href":"https:\/\/www.noticiasradioreflejos.com.ar\/2021\/wp-json\/wp\/v2\/types\/post"}],"author":[{"embeddable":true,"href":"https:\/\/www.noticiasradioreflejos.com.ar\/2021\/wp-json\/wp\/v2\/users\/3"}],"replies":[{"embeddable":true,"href":"https:\/\/www.noticiasradioreflejos.com.ar\/2021\/wp-json\/wp\/v2\/comments?post=35049"}],"version-history":[{"count":0,"href":"https:\/\/www.noticiasradioreflejos.com.ar\/2021\/wp-json\/wp\/v2\/posts\/35049\/revisions"}],"wp:attachment":[{"href":"https:\/\/www.noticiasradioreflejos.com.ar\/2021\/wp-json\/wp\/v2\/media?parent=35049"}],"wp:term":[{"taxonomy":"category","embeddable":true,"href":"https:\/\/www.noticiasradioreflejos.com.ar\/2021\/wp-json\/wp\/v2\/categories?post=35049"},{"taxonomy":"post_tag","embeddable":true,"href":"https:\/\/www.noticiasradioreflejos.com.ar\/2021\/wp-json\/wp\/v2\/tags?post=35049"}],"curies":[{"name":"wp","href":"https:\/\/api.w.org\/{rel}","templated":true}]}}