{"id":35045,"date":"2019-09-25T10:14:23","date_gmt":"2019-09-25T13:14:23","guid":{"rendered":"http:\/\/www.noticiasradioreflejos.com.ar\/noticias\/?p=35045"},"modified":"2019-09-25T10:14:23","modified_gmt":"2019-09-25T13:14:23","slug":"alertan-por-la-presencia-de-un-puma-en-la-ruta-76-frente-a-la-estacion-forestal-de-sierra-de-la-ventana","status":"publish","type":"post","link":"https:\/\/www.noticiasradioreflejos.com.ar\/2021\/alertan-por-la-presencia-de-un-puma-en-la-ruta-76-frente-a-la-estacion-forestal-de-sierra-de-la-ventana\/","title":{"rendered":"Alertan por la presencia de un puma en la Ruta 76, frente a la Estaci\u00f3n forestal de Sierra de la Ventana."},"content":{"rendered":"<p>El vecino de Saldungaray Dante Peralta, alerta a la comunidad mediante un audio enviado a los medios, que en la noche del martes 24 de setiembre vivi\u00f3 una peligrosa situaci\u00f3n cuando conduciendo su veh\u00edculo en la ruta Prov.  76, a la altura del Km 229, se encontr\u00f3 con un ejemplar de puma, que tranquilamente deambulaba sobre la cinta asf\u00e1ltica.<!--more--><br \/>\nPeralta asegura que el animal silvestre no si inmut\u00f3 ante la presencia del vehiculo, lo que demand\u00f3 de una maniobra muy peligrosa de frenado abrupto por parte del conductor. Adem\u00e1s asegura que en varias oportunidades escuch\u00f3 que  amigos y vecinos tuvieron experiencias similares.<br \/>\n<strong>Audio de Dante Peralta:<\/strong><br \/>\n<iframe loading=\"lazy\" width=\"100%\" height=\"166\" scrolling=\"no\" frameborder=\"no\" allow=\"autoplay\" src=\"https:\/\/w.soundcloud.com\/player\/?url=https%3A\/\/api.soundcloud.com\/tracks\/686554951&#038;color=%23ff5500&#038;auto_play=false&#038;hide_related=false&#038;show_comments=true&#038;show_user=true&#038;show_reposts=false&#038;show_teaser=true\"><\/iframe><br \/>\n<strong>Foto de archivo<\/strong><\/p>\n","protected":false},"excerpt":{"rendered":"<p>El vecino de Saldungaray Dante Peralta, alerta a la comunidad mediante un audio enviado a los medios, que en la noche del martes 24 de setiembre vivi\u00f3 una peligrosa situaci\u00f3n cuando conduciendo su veh\u00edculo en la ruta Prov. 76, a la altura del Km 229, se encontr\u00f3 con un ejemplar de puma, que tranquilamente deambulaba [&hellip;]<\/p>\n","protected":false},"author":3,"featured_media":0,"comment_status":"closed","ping_status":"open","sticky":false,"template":"","format":"standard","meta":{"footnotes":""},"categories":[26],"tags":[],"class_list":["post-35045","post","type-post","status-publish","format-standard","hentry","category-sociedad"],"yoast_head":"<!-- This site is optimized with the Yoast SEO plugin v25.9 - https:\/\/yoast.com\/wordpress\/plugins\/seo\/ -->\n<title>Alertan por la presencia de un puma en la Ruta 76, frente a la Estaci\u00f3n forestal de Sierra de la Ventana. - Noticias Radio Reflejos<\/title>\n<meta name=\"robots\" content=\"index, follow, max-snippet:-1, max-image-preview:large, max-video-preview:-1\" \/>\n<link rel=\"canonical\" href=\"https:\/\/www.noticiasradioreflejos.com.ar\/2021\/alertan-por-la-presencia-de-un-puma-en-la-ruta-76-frente-a-la-estacion-forestal-de-sierra-de-la-ventana\/\" \/>\n<meta property=\"og:locale\" content=\"es_ES\" \/>\n<meta property=\"og:type\" content=\"article\" \/>\n<meta property=\"og:title\" content=\"Alertan por la presencia de un puma en la Ruta 76, frente a la Estaci\u00f3n forestal de Sierra de la Ventana. - Noticias Radio Reflejos\" \/>\n<meta property=\"og:description\" content=\"El vecino de Saldungaray Dante Peralta, alerta a la comunidad mediante un audio enviado a los medios, que en la noche del martes 24 de setiembre vivi\u00f3 una peligrosa situaci\u00f3n cuando conduciendo su veh\u00edculo en la ruta Prov. 76, a la altura del Km 229, se encontr\u00f3 con un ejemplar de puma, que tranquilamente deambulaba [&hellip;]\" \/>\n<meta property=\"og:url\" content=\"https:\/\/www.noticiasradioreflejos.com.ar\/2021\/alertan-por-la-presencia-de-un-puma-en-la-ruta-76-frente-a-la-estacion-forestal-de-sierra-de-la-ventana\/\" \/>\n<meta property=\"og:site_name\" content=\"Noticias Radio Reflejos\" \/>\n<meta property=\"article:published_time\" content=\"2019-09-25T13:14:23+00:00\" \/>\n<meta property=\"og:image\" content=\"https:\/\/www.noticiasradioreflejos.com.ar\/2021\/wp-content\/uploads\/2021\/07\/logosol300x200.png\" \/>\n\t<meta property=\"og:image:width\" content=\"300\" \/>\n\t<meta property=\"og:image:height\" content=\"200\" \/>\n\t<meta property=\"og:image:type\" content=\"image\/png\" \/>\n<meta name=\"author\" content=\"Arnaldo Botto\" \/>\n<meta name=\"twitter:card\" content=\"summary_large_image\" \/>\n<script type=\"application\/ld+json\" class=\"yoast-schema-graph\">{\"@context\":\"https:\/\/schema.org\",\"@graph\":[{\"@type\":\"WebPage\",\"@id\":\"https:\/\/www.noticiasradioreflejos.com.ar\/2021\/alertan-por-la-presencia-de-un-puma-en-la-ruta-76-frente-a-la-estacion-forestal-de-sierra-de-la-ventana\/\",\"url\":\"https:\/\/www.noticiasradioreflejos.com.ar\/2021\/alertan-por-la-presencia-de-un-puma-en-la-ruta-76-frente-a-la-estacion-forestal-de-sierra-de-la-ventana\/\",\"name\":\"Alertan por la presencia de un puma en la Ruta 76, frente a la Estaci\u00f3n forestal de Sierra de la Ventana. - Noticias Radio Reflejos\",\"isPartOf\":{\"@id\":\"https:\/\/www.noticiasradioreflejos.com.ar\/2021\/#website\"},\"datePublished\":\"2019-09-25T13:14:23+00:00\",\"author\":{\"@id\":\"https:\/\/www.noticiasradioreflejos.com.ar\/2021\/#\/schema\/person\/ad82545263dcc5ec0996818884fd5fb1\"},\"breadcrumb\":{\"@id\":\"https:\/\/www.noticiasradioreflejos.com.ar\/2021\/alertan-por-la-presencia-de-un-puma-en-la-ruta-76-frente-a-la-estacion-forestal-de-sierra-de-la-ventana\/#breadcrumb\"},\"inLanguage\":\"es\",\"potentialAction\":[{\"@type\":\"ReadAction\",\"target\":[\"https:\/\/www.noticiasradioreflejos.com.ar\/2021\/alertan-por-la-presencia-de-un-puma-en-la-ruta-76-frente-a-la-estacion-forestal-de-sierra-de-la-ventana\/\"]}]},{\"@type\":\"BreadcrumbList\",\"@id\":\"https:\/\/www.noticiasradioreflejos.com.ar\/2021\/alertan-por-la-presencia-de-un-puma-en-la-ruta-76-frente-a-la-estacion-forestal-de-sierra-de-la-ventana\/#breadcrumb\",\"itemListElement\":[{\"@type\":\"ListItem\",\"position\":1,\"name\":\"Portada\",\"item\":\"https:\/\/www.noticiasradioreflejos.com.ar\/2021\/\"},{\"@type\":\"ListItem\",\"position\":2,\"name\":\"Alertan por la presencia de un puma en la Ruta 76, frente a la Estaci\u00f3n forestal de Sierra de la Ventana.\"}]},{\"@type\":\"WebSite\",\"@id\":\"https:\/\/www.noticiasradioreflejos.com.ar\/2021\/#website\",\"url\":\"https:\/\/www.noticiasradioreflejos.com.ar\/2021\/\",\"name\":\"Noticias Radio Reflejos\",\"description\":\"Las noticias de mi comarca\",\"potentialAction\":[{\"@type\":\"SearchAction\",\"target\":{\"@type\":\"EntryPoint\",\"urlTemplate\":\"https:\/\/www.noticiasradioreflejos.com.ar\/2021\/?s={search_term_string}\"},\"query-input\":{\"@type\":\"PropertyValueSpecification\",\"valueRequired\":true,\"valueName\":\"search_term_string\"}}],\"inLanguage\":\"es\"},{\"@type\":\"Person\",\"@id\":\"https:\/\/www.noticiasradioreflejos.com.ar\/2021\/#\/schema\/person\/ad82545263dcc5ec0996818884fd5fb1\",\"name\":\"Arnaldo Botto\",\"image\":{\"@type\":\"ImageObject\",\"inLanguage\":\"es\",\"@id\":\"https:\/\/www.noticiasradioreflejos.com.ar\/2021\/#\/schema\/person\/image\/\",\"url\":\"https:\/\/secure.gravatar.com\/avatar\/55cb5e37c1efa326397366e6974cb338056df65cb50e7d64d1cf314e87504837?s=96&d=mm&r=g\",\"contentUrl\":\"https:\/\/secure.gravatar.com\/avatar\/55cb5e37c1efa326397366e6974cb338056df65cb50e7d64d1cf314e87504837?s=96&d=mm&r=g\",\"caption\":\"Arnaldo Botto\"},\"url\":\"https:\/\/www.noticiasradioreflejos.com.ar\/2021\/author\/arnaldo\/\"}]}<\/script>\n<!-- \/ Yoast SEO plugin. -->","yoast_head_json":{"title":"Alertan por la presencia de un puma en la Ruta 76, frente a la Estaci\u00f3n forestal de Sierra de la Ventana. - Noticias Radio Reflejos","robots":{"index":"index","follow":"follow","max-snippet":"max-snippet:-1","max-image-preview":"max-image-preview:large","max-video-preview":"max-video-preview:-1"},"canonical":"https:\/\/www.noticiasradioreflejos.com.ar\/2021\/alertan-por-la-presencia-de-un-puma-en-la-ruta-76-frente-a-la-estacion-forestal-de-sierra-de-la-ventana\/","og_locale":"es_ES","og_type":"article","og_title":"Alertan por la presencia de un puma en la Ruta 76, frente a la Estaci\u00f3n forestal de Sierra de la Ventana. - Noticias Radio Reflejos","og_description":"El vecino de Saldungaray Dante Peralta, alerta a la comunidad mediante un audio enviado a los medios, que en la noche del martes 24 de setiembre vivi\u00f3 una peligrosa situaci\u00f3n cuando conduciendo su veh\u00edculo en la ruta Prov. 76, a la altura del Km 229, se encontr\u00f3 con un ejemplar de puma, que tranquilamente deambulaba [&hellip;]","og_url":"https:\/\/www.noticiasradioreflejos.com.ar\/2021\/alertan-por-la-presencia-de-un-puma-en-la-ruta-76-frente-a-la-estacion-forestal-de-sierra-de-la-ventana\/","og_site_name":"Noticias Radio Reflejos","article_published_time":"2019-09-25T13:14:23+00:00","og_image":[{"width":300,"height":200,"url":"https:\/\/www.noticiasradioreflejos.com.ar\/2021\/wp-content\/uploads\/2021\/07\/logosol300x200.png","type":"image\/png"}],"author":"Arnaldo Botto","twitter_card":"summary_large_image","schema":{"@context":"https:\/\/schema.org","@graph":[{"@type":"WebPage","@id":"https:\/\/www.noticiasradioreflejos.com.ar\/2021\/alertan-por-la-presencia-de-un-puma-en-la-ruta-76-frente-a-la-estacion-forestal-de-sierra-de-la-ventana\/","url":"https:\/\/www.noticiasradioreflejos.com.ar\/2021\/alertan-por-la-presencia-de-un-puma-en-la-ruta-76-frente-a-la-estacion-forestal-de-sierra-de-la-ventana\/","name":"Alertan por la presencia de un puma en la Ruta 76, frente a la Estaci\u00f3n forestal de Sierra de la Ventana. - Noticias Radio Reflejos","isPartOf":{"@id":"https:\/\/www.noticiasradioreflejos.com.ar\/2021\/#website"},"datePublished":"2019-09-25T13:14:23+00:00","author":{"@id":"https:\/\/www.noticiasradioreflejos.com.ar\/2021\/#\/schema\/person\/ad82545263dcc5ec0996818884fd5fb1"},"breadcrumb":{"@id":"https:\/\/www.noticiasradioreflejos.com.ar\/2021\/alertan-por-la-presencia-de-un-puma-en-la-ruta-76-frente-a-la-estacion-forestal-de-sierra-de-la-ventana\/#breadcrumb"},"inLanguage":"es","potentialAction":[{"@type":"ReadAction","target":["https:\/\/www.noticiasradioreflejos.com.ar\/2021\/alertan-por-la-presencia-de-un-puma-en-la-ruta-76-frente-a-la-estacion-forestal-de-sierra-de-la-ventana\/"]}]},{"@type":"BreadcrumbList","@id":"https:\/\/www.noticiasradioreflejos.com.ar\/2021\/alertan-por-la-presencia-de-un-puma-en-la-ruta-76-frente-a-la-estacion-forestal-de-sierra-de-la-ventana\/#breadcrumb","itemListElement":[{"@type":"ListItem","position":1,"name":"Portada","item":"https:\/\/www.noticiasradioreflejos.com.ar\/2021\/"},{"@type":"ListItem","position":2,"name":"Alertan por la presencia de un puma en la Ruta 76, frente a la Estaci\u00f3n forestal de Sierra de la Ventana."}]},{"@type":"WebSite","@id":"https:\/\/www.noticiasradioreflejos.com.ar\/2021\/#website","url":"https:\/\/www.noticiasradioreflejos.com.ar\/2021\/","name":"Noticias Radio Reflejos","description":"Las noticias de mi comarca","potentialAction":[{"@type":"SearchAction","target":{"@type":"EntryPoint","urlTemplate":"https:\/\/www.noticiasradioreflejos.com.ar\/2021\/?s={search_term_string}"},"query-input":{"@type":"PropertyValueSpecification","valueRequired":true,"valueName":"search_term_string"}}],"inLanguage":"es"},{"@type":"Person","@id":"https:\/\/www.noticiasradioreflejos.com.ar\/2021\/#\/schema\/person\/ad82545263dcc5ec0996818884fd5fb1","name":"Arnaldo Botto","image":{"@type":"ImageObject","inLanguage":"es","@id":"https:\/\/www.noticiasradioreflejos.com.ar\/2021\/#\/schema\/person\/image\/","url":"https:\/\/secure.gravatar.com\/avatar\/55cb5e37c1efa326397366e6974cb338056df65cb50e7d64d1cf314e87504837?s=96&d=mm&r=g","contentUrl":"https:\/\/secure.gravatar.com\/avatar\/55cb5e37c1efa326397366e6974cb338056df65cb50e7d64d1cf314e87504837?s=96&d=mm&r=g","caption":"Arnaldo Botto"},"url":"https:\/\/www.noticiasradioreflejos.com.ar\/2021\/author\/arnaldo\/"}]}},"_links":{"self":[{"href":"https:\/\/www.noticiasradioreflejos.com.ar\/2021\/wp-json\/wp\/v2\/posts\/35045","targetHints":{"allow":["GET"]}}],"collection":[{"href":"https:\/\/www.noticiasradioreflejos.com.ar\/2021\/wp-json\/wp\/v2\/posts"}],"about":[{"href":"https:\/\/www.noticiasradioreflejos.com.ar\/2021\/wp-json\/wp\/v2\/types\/post"}],"author":[{"embeddable":true,"href":"https:\/\/www.noticiasradioreflejos.com.ar\/2021\/wp-json\/wp\/v2\/users\/3"}],"replies":[{"embeddable":true,"href":"https:\/\/www.noticiasradioreflejos.com.ar\/2021\/wp-json\/wp\/v2\/comments?post=35045"}],"version-history":[{"count":0,"href":"https:\/\/www.noticiasradioreflejos.com.ar\/2021\/wp-json\/wp\/v2\/posts\/35045\/revisions"}],"wp:attachment":[{"href":"https:\/\/www.noticiasradioreflejos.com.ar\/2021\/wp-json\/wp\/v2\/media?parent=35045"}],"wp:term":[{"taxonomy":"category","embeddable":true,"href":"https:\/\/www.noticiasradioreflejos.com.ar\/2021\/wp-json\/wp\/v2\/categories?post=35045"},{"taxonomy":"post_tag","embeddable":true,"href":"https:\/\/www.noticiasradioreflejos.com.ar\/2021\/wp-json\/wp\/v2\/tags?post=35045"}],"curies":[{"name":"wp","href":"https:\/\/api.w.org\/{rel}","templated":true}]}}