{"id":35039,"date":"2019-09-24T19:05:15","date_gmt":"2019-09-24T22:05:15","guid":{"rendered":"http:\/\/www.noticiasradioreflejos.com.ar\/noticias\/?p=35039"},"modified":"2019-09-24T19:05:15","modified_gmt":"2019-09-24T22:05:15","slug":"32-nuevos-profesionales-se-graduaron-en-nuestro-distrito","status":"publish","type":"post","link":"https:\/\/www.noticiasradioreflejos.com.ar\/2021\/32-nuevos-profesionales-se-graduaron-en-nuestro-distrito\/","title":{"rendered":"32 nuevos profesionales se graduaron en nuestro distrito"},"content":{"rendered":"<p>El lunes 23, el Intendente Sergio Bordoni particip\u00f3 del acto de entrega de diplomas a los flamantes graduados, correspondientes a 6 licenciados de la Licenciatura en Gerenciamiento de PyMEs de la UPSO, y de 26 graduados de diferentes carreras terciarias del ISFDyT N\u00b0 162. <!--more--><br \/>\nEl rector de la UPSO, Dr. Hern\u00e1n Vigier, al hacer uso de la palabra agradeci\u00f3 muy especialmente al Intendente y al Director del Instituto, Vico Frattini, ya que la gesti\u00f3n conjunta entre las tres instituciones ha permitido que Tornquist cuente por primera vez en su historia con licenciados formados en su propia localidad, destacando que este acompa\u00f1amiento permite formar profesionales que contribuyan al desarrollo local y regional. Posteriormente, Frattini destac\u00f3 tambi\u00e9n que este tipo de colaboraci\u00f3n entre las instituciones permite que las comunidades crezcan y se fortalezcan en sus posibilidades de acceder localmente a la educaci\u00f3n superior. La articulaci\u00f3n entre los t\u00edtulos terciarios otorgados por el Instituto con el reconocimiento de los mismos por la UPSO han permitido que se instrumente esta modalidad de ciclos de complementaci\u00f3n para formar licenciados, estrategia innovadora para toda la Provincia de Buenos Aires. Es importante destacar que el municipio est\u00e1 en permanente contacto con dichos establecimientos para orientar las propuestas acad\u00e9micas en relaci\u00f3n a las necesidades y oportunidades laborales que posee nuestro distrito. Tal es el caso de la apertura de la Tecnicatura en Gesti\u00f3n de Energ\u00edas Renovables y Convencionales que se comenzar\u00e1 a dictar en 2020.<br \/>\nLa ceremonia tuvo lugar en el teatro \u201cRodolfo Funke\u201d, y participaron de la misma el Secretario de Desarrollo Gonzalo Iparraguirre, la Jefa Inspectora Distrital Mar\u00eda Rosa Gonzalez, autoridades acad\u00e9micas y profesores de ambas instituciones educativas y familiares de los egresados.<\/p>\n","protected":false},"excerpt":{"rendered":"<p>El lunes 23, el Intendente Sergio Bordoni particip\u00f3 del acto de entrega de diplomas a los flamantes graduados, correspondientes a 6 licenciados de la Licenciatura en Gerenciamiento de PyMEs de la UPSO, y de 26 graduados de diferentes carreras terciarias del ISFDyT N\u00b0 162.<\/p>\n","protected":false},"author":3,"featured_media":0,"comment_status":"closed","ping_status":"open","sticky":false,"template":"","format":"standard","meta":{"footnotes":""},"categories":[34],"tags":[],"class_list":["post-35039","post","type-post","status-publish","format-standard","hentry","category-educacion"],"yoast_head":"<!-- This site is optimized with the Yoast SEO plugin v25.9 - https:\/\/yoast.com\/wordpress\/plugins\/seo\/ -->\n<title>32 nuevos profesionales se graduaron en nuestro distrito - Noticias Radio Reflejos<\/title>\n<meta name=\"robots\" content=\"index, follow, max-snippet:-1, max-image-preview:large, max-video-preview:-1\" \/>\n<link rel=\"canonical\" href=\"https:\/\/www.noticiasradioreflejos.com.ar\/2021\/32-nuevos-profesionales-se-graduaron-en-nuestro-distrito\/\" \/>\n<meta property=\"og:locale\" content=\"es_ES\" \/>\n<meta property=\"og:type\" content=\"article\" \/>\n<meta property=\"og:title\" content=\"32 nuevos profesionales se graduaron en nuestro distrito - Noticias Radio Reflejos\" \/>\n<meta property=\"og:description\" content=\"El lunes 23, el Intendente Sergio Bordoni particip\u00f3 del acto de entrega de diplomas a los flamantes graduados, correspondientes a 6 licenciados de la Licenciatura en Gerenciamiento de PyMEs de la UPSO, y de 26 graduados de diferentes carreras terciarias del ISFDyT N\u00b0 162.\" \/>\n<meta property=\"og:url\" content=\"https:\/\/www.noticiasradioreflejos.com.ar\/2021\/32-nuevos-profesionales-se-graduaron-en-nuestro-distrito\/\" \/>\n<meta property=\"og:site_name\" content=\"Noticias Radio Reflejos\" \/>\n<meta property=\"article:published_time\" content=\"2019-09-24T22:05:15+00:00\" \/>\n<meta property=\"og:image\" content=\"https:\/\/www.noticiasradioreflejos.com.ar\/2021\/wp-content\/uploads\/2021\/07\/logosol300x200.png\" \/>\n\t<meta property=\"og:image:width\" content=\"300\" \/>\n\t<meta property=\"og:image:height\" content=\"200\" \/>\n\t<meta property=\"og:image:type\" content=\"image\/png\" \/>\n<meta name=\"author\" content=\"Arnaldo Botto\" \/>\n<meta name=\"twitter:card\" content=\"summary_large_image\" \/>\n<script type=\"application\/ld+json\" class=\"yoast-schema-graph\">{\"@context\":\"https:\/\/schema.org\",\"@graph\":[{\"@type\":\"WebPage\",\"@id\":\"https:\/\/www.noticiasradioreflejos.com.ar\/2021\/32-nuevos-profesionales-se-graduaron-en-nuestro-distrito\/\",\"url\":\"https:\/\/www.noticiasradioreflejos.com.ar\/2021\/32-nuevos-profesionales-se-graduaron-en-nuestro-distrito\/\",\"name\":\"32 nuevos profesionales se graduaron en nuestro distrito - Noticias Radio Reflejos\",\"isPartOf\":{\"@id\":\"https:\/\/www.noticiasradioreflejos.com.ar\/2021\/#website\"},\"datePublished\":\"2019-09-24T22:05:15+00:00\",\"author\":{\"@id\":\"https:\/\/www.noticiasradioreflejos.com.ar\/2021\/#\/schema\/person\/ad82545263dcc5ec0996818884fd5fb1\"},\"breadcrumb\":{\"@id\":\"https:\/\/www.noticiasradioreflejos.com.ar\/2021\/32-nuevos-profesionales-se-graduaron-en-nuestro-distrito\/#breadcrumb\"},\"inLanguage\":\"es\",\"potentialAction\":[{\"@type\":\"ReadAction\",\"target\":[\"https:\/\/www.noticiasradioreflejos.com.ar\/2021\/32-nuevos-profesionales-se-graduaron-en-nuestro-distrito\/\"]}]},{\"@type\":\"BreadcrumbList\",\"@id\":\"https:\/\/www.noticiasradioreflejos.com.ar\/2021\/32-nuevos-profesionales-se-graduaron-en-nuestro-distrito\/#breadcrumb\",\"itemListElement\":[{\"@type\":\"ListItem\",\"position\":1,\"name\":\"Portada\",\"item\":\"https:\/\/www.noticiasradioreflejos.com.ar\/2021\/\"},{\"@type\":\"ListItem\",\"position\":2,\"name\":\"32 nuevos profesionales se graduaron en nuestro distrito\"}]},{\"@type\":\"WebSite\",\"@id\":\"https:\/\/www.noticiasradioreflejos.com.ar\/2021\/#website\",\"url\":\"https:\/\/www.noticiasradioreflejos.com.ar\/2021\/\",\"name\":\"Noticias Radio Reflejos\",\"description\":\"Las noticias de mi comarca\",\"potentialAction\":[{\"@type\":\"SearchAction\",\"target\":{\"@type\":\"EntryPoint\",\"urlTemplate\":\"https:\/\/www.noticiasradioreflejos.com.ar\/2021\/?s={search_term_string}\"},\"query-input\":{\"@type\":\"PropertyValueSpecification\",\"valueRequired\":true,\"valueName\":\"search_term_string\"}}],\"inLanguage\":\"es\"},{\"@type\":\"Person\",\"@id\":\"https:\/\/www.noticiasradioreflejos.com.ar\/2021\/#\/schema\/person\/ad82545263dcc5ec0996818884fd5fb1\",\"name\":\"Arnaldo Botto\",\"image\":{\"@type\":\"ImageObject\",\"inLanguage\":\"es\",\"@id\":\"https:\/\/www.noticiasradioreflejos.com.ar\/2021\/#\/schema\/person\/image\/\",\"url\":\"https:\/\/secure.gravatar.com\/avatar\/55cb5e37c1efa326397366e6974cb338056df65cb50e7d64d1cf314e87504837?s=96&d=mm&r=g\",\"contentUrl\":\"https:\/\/secure.gravatar.com\/avatar\/55cb5e37c1efa326397366e6974cb338056df65cb50e7d64d1cf314e87504837?s=96&d=mm&r=g\",\"caption\":\"Arnaldo Botto\"},\"url\":\"https:\/\/www.noticiasradioreflejos.com.ar\/2021\/author\/arnaldo\/\"}]}<\/script>\n<!-- \/ Yoast SEO plugin. -->","yoast_head_json":{"title":"32 nuevos profesionales se graduaron en nuestro distrito - Noticias Radio Reflejos","robots":{"index":"index","follow":"follow","max-snippet":"max-snippet:-1","max-image-preview":"max-image-preview:large","max-video-preview":"max-video-preview:-1"},"canonical":"https:\/\/www.noticiasradioreflejos.com.ar\/2021\/32-nuevos-profesionales-se-graduaron-en-nuestro-distrito\/","og_locale":"es_ES","og_type":"article","og_title":"32 nuevos profesionales se graduaron en nuestro distrito - Noticias Radio Reflejos","og_description":"El lunes 23, el Intendente Sergio Bordoni particip\u00f3 del acto de entrega de diplomas a los flamantes graduados, correspondientes a 6 licenciados de la Licenciatura en Gerenciamiento de PyMEs de la UPSO, y de 26 graduados de diferentes carreras terciarias del ISFDyT N\u00b0 162.","og_url":"https:\/\/www.noticiasradioreflejos.com.ar\/2021\/32-nuevos-profesionales-se-graduaron-en-nuestro-distrito\/","og_site_name":"Noticias Radio Reflejos","article_published_time":"2019-09-24T22:05:15+00:00","og_image":[{"width":300,"height":200,"url":"https:\/\/www.noticiasradioreflejos.com.ar\/2021\/wp-content\/uploads\/2021\/07\/logosol300x200.png","type":"image\/png"}],"author":"Arnaldo Botto","twitter_card":"summary_large_image","schema":{"@context":"https:\/\/schema.org","@graph":[{"@type":"WebPage","@id":"https:\/\/www.noticiasradioreflejos.com.ar\/2021\/32-nuevos-profesionales-se-graduaron-en-nuestro-distrito\/","url":"https:\/\/www.noticiasradioreflejos.com.ar\/2021\/32-nuevos-profesionales-se-graduaron-en-nuestro-distrito\/","name":"32 nuevos profesionales se graduaron en nuestro distrito - Noticias Radio Reflejos","isPartOf":{"@id":"https:\/\/www.noticiasradioreflejos.com.ar\/2021\/#website"},"datePublished":"2019-09-24T22:05:15+00:00","author":{"@id":"https:\/\/www.noticiasradioreflejos.com.ar\/2021\/#\/schema\/person\/ad82545263dcc5ec0996818884fd5fb1"},"breadcrumb":{"@id":"https:\/\/www.noticiasradioreflejos.com.ar\/2021\/32-nuevos-profesionales-se-graduaron-en-nuestro-distrito\/#breadcrumb"},"inLanguage":"es","potentialAction":[{"@type":"ReadAction","target":["https:\/\/www.noticiasradioreflejos.com.ar\/2021\/32-nuevos-profesionales-se-graduaron-en-nuestro-distrito\/"]}]},{"@type":"BreadcrumbList","@id":"https:\/\/www.noticiasradioreflejos.com.ar\/2021\/32-nuevos-profesionales-se-graduaron-en-nuestro-distrito\/#breadcrumb","itemListElement":[{"@type":"ListItem","position":1,"name":"Portada","item":"https:\/\/www.noticiasradioreflejos.com.ar\/2021\/"},{"@type":"ListItem","position":2,"name":"32 nuevos profesionales se graduaron en nuestro distrito"}]},{"@type":"WebSite","@id":"https:\/\/www.noticiasradioreflejos.com.ar\/2021\/#website","url":"https:\/\/www.noticiasradioreflejos.com.ar\/2021\/","name":"Noticias Radio Reflejos","description":"Las noticias de mi comarca","potentialAction":[{"@type":"SearchAction","target":{"@type":"EntryPoint","urlTemplate":"https:\/\/www.noticiasradioreflejos.com.ar\/2021\/?s={search_term_string}"},"query-input":{"@type":"PropertyValueSpecification","valueRequired":true,"valueName":"search_term_string"}}],"inLanguage":"es"},{"@type":"Person","@id":"https:\/\/www.noticiasradioreflejos.com.ar\/2021\/#\/schema\/person\/ad82545263dcc5ec0996818884fd5fb1","name":"Arnaldo Botto","image":{"@type":"ImageObject","inLanguage":"es","@id":"https:\/\/www.noticiasradioreflejos.com.ar\/2021\/#\/schema\/person\/image\/","url":"https:\/\/secure.gravatar.com\/avatar\/55cb5e37c1efa326397366e6974cb338056df65cb50e7d64d1cf314e87504837?s=96&d=mm&r=g","contentUrl":"https:\/\/secure.gravatar.com\/avatar\/55cb5e37c1efa326397366e6974cb338056df65cb50e7d64d1cf314e87504837?s=96&d=mm&r=g","caption":"Arnaldo Botto"},"url":"https:\/\/www.noticiasradioreflejos.com.ar\/2021\/author\/arnaldo\/"}]}},"_links":{"self":[{"href":"https:\/\/www.noticiasradioreflejos.com.ar\/2021\/wp-json\/wp\/v2\/posts\/35039","targetHints":{"allow":["GET"]}}],"collection":[{"href":"https:\/\/www.noticiasradioreflejos.com.ar\/2021\/wp-json\/wp\/v2\/posts"}],"about":[{"href":"https:\/\/www.noticiasradioreflejos.com.ar\/2021\/wp-json\/wp\/v2\/types\/post"}],"author":[{"embeddable":true,"href":"https:\/\/www.noticiasradioreflejos.com.ar\/2021\/wp-json\/wp\/v2\/users\/3"}],"replies":[{"embeddable":true,"href":"https:\/\/www.noticiasradioreflejos.com.ar\/2021\/wp-json\/wp\/v2\/comments?post=35039"}],"version-history":[{"count":0,"href":"https:\/\/www.noticiasradioreflejos.com.ar\/2021\/wp-json\/wp\/v2\/posts\/35039\/revisions"}],"wp:attachment":[{"href":"https:\/\/www.noticiasradioreflejos.com.ar\/2021\/wp-json\/wp\/v2\/media?parent=35039"}],"wp:term":[{"taxonomy":"category","embeddable":true,"href":"https:\/\/www.noticiasradioreflejos.com.ar\/2021\/wp-json\/wp\/v2\/categories?post=35039"},{"taxonomy":"post_tag","embeddable":true,"href":"https:\/\/www.noticiasradioreflejos.com.ar\/2021\/wp-json\/wp\/v2\/tags?post=35039"}],"curies":[{"name":"wp","href":"https:\/\/api.w.org\/{rel}","templated":true}]}}