{"id":35031,"date":"2019-09-24T17:14:01","date_gmt":"2019-09-24T20:14:01","guid":{"rendered":"http:\/\/www.noticiasradioreflejos.com.ar\/noticias\/?p=35031"},"modified":"2019-09-24T17:14:01","modified_gmt":"2019-09-24T20:14:01","slug":"se-posiciona-el-patrimonio-historico-cultural-en-el-centro-cultural","status":"publish","type":"post","link":"https:\/\/www.noticiasradioreflejos.com.ar\/2021\/se-posiciona-el-patrimonio-historico-cultural-en-el-centro-cultural\/","title":{"rendered":"Se posiciona el patrimonio hist\u00f3rico cultural en el Centro Cultural"},"content":{"rendered":"<p>El pasado s\u00e1bado, el predio del Centro Cultural de Sierra de la Ventana recibi\u00f3 la primera con una nueva inauguraci\u00f3n de la Asociaci\u00f3n \u201cAmigos de la Trochita\u201d.<!--more--><br \/>\nLa agrupaci\u00f3n dej\u00f3 inaugurada la segunda casilla, que se suma al patrimonio ya existente en el lugar, que recuerda el trayecto que realizaba el tren de trocha angosta que un\u00eda las localidades de Sierra de la Ventana y Villa Ventana. En este espacio se expone una muestra fotogr\u00e1fica y maqueta; culminando con la segunda etapa de restauraci\u00f3n y puesta en valor del patrimonio cultural del tren.<br \/>\nEl acto fue presidido por el intendente municipal Sergio Bordoni, quien agradeci\u00f3 al grupo de trabajo de la Trochita, que se comprometieron a recuperar la historia detr\u00e1s del tren de trocha angosta, convirtiendo un espacio en un paseo cultural, para ofrecer a los turistas que nos visitan y sobretodo revalorizando la historia de la localidad.<br \/>\nEstuvieron presentes, la Secretaria de Turismo Susana Dos Santos, el Director de la misma \u00e1rea Martin Olhaberry, el Secretario de Gobierno Ezequiel Gabella, y el Delegado local Hugo Polvara.<br \/>\nDentro de las actividades, organizadas por la Secretar\u00eda de Turismo para celebrar la primavera, se pudo disfrutar de una gran feria productiva, donde emprendedores ofrec\u00edan sus productos, taller de origami, costura, instrumentos musicales, cervezas y suculentas, clases de zumba, y m\u00fasica en vivo, a cargo de bandas locales y regionales.<\/p>\n","protected":false},"excerpt":{"rendered":"<p>El pasado s\u00e1bado, el predio del Centro Cultural de Sierra de la Ventana recibi\u00f3 la primera con una nueva inauguraci\u00f3n de la Asociaci\u00f3n \u201cAmigos de la Trochita\u201d.<\/p>\n","protected":false},"author":3,"featured_media":0,"comment_status":"closed","ping_status":"open","sticky":false,"template":"","format":"standard","meta":{"footnotes":""},"categories":[28],"tags":[],"class_list":["post-35031","post","type-post","status-publish","format-standard","hentry","category-municipales"],"yoast_head":"<!-- This site is optimized with the Yoast SEO plugin v25.9 - https:\/\/yoast.com\/wordpress\/plugins\/seo\/ -->\n<title>Se posiciona el patrimonio hist\u00f3rico cultural en el Centro Cultural - Noticias Radio Reflejos<\/title>\n<meta name=\"robots\" content=\"index, follow, max-snippet:-1, max-image-preview:large, max-video-preview:-1\" \/>\n<link rel=\"canonical\" href=\"https:\/\/www.noticiasradioreflejos.com.ar\/2021\/se-posiciona-el-patrimonio-historico-cultural-en-el-centro-cultural\/\" \/>\n<meta property=\"og:locale\" content=\"es_ES\" \/>\n<meta property=\"og:type\" content=\"article\" \/>\n<meta property=\"og:title\" content=\"Se posiciona el patrimonio hist\u00f3rico cultural en el Centro Cultural - Noticias Radio Reflejos\" \/>\n<meta property=\"og:description\" content=\"El pasado s\u00e1bado, el predio del Centro Cultural de Sierra de la Ventana recibi\u00f3 la primera con una nueva inauguraci\u00f3n de la Asociaci\u00f3n \u201cAmigos de la Trochita\u201d.\" \/>\n<meta property=\"og:url\" content=\"https:\/\/www.noticiasradioreflejos.com.ar\/2021\/se-posiciona-el-patrimonio-historico-cultural-en-el-centro-cultural\/\" \/>\n<meta property=\"og:site_name\" content=\"Noticias Radio Reflejos\" \/>\n<meta property=\"article:published_time\" content=\"2019-09-24T20:14:01+00:00\" \/>\n<meta property=\"og:image\" content=\"https:\/\/www.noticiasradioreflejos.com.ar\/2021\/wp-content\/uploads\/2021\/07\/logosol300x200.png\" \/>\n\t<meta property=\"og:image:width\" content=\"300\" \/>\n\t<meta property=\"og:image:height\" content=\"200\" \/>\n\t<meta property=\"og:image:type\" content=\"image\/png\" \/>\n<meta name=\"author\" content=\"Arnaldo Botto\" \/>\n<meta name=\"twitter:card\" content=\"summary_large_image\" \/>\n<script type=\"application\/ld+json\" class=\"yoast-schema-graph\">{\"@context\":\"https:\/\/schema.org\",\"@graph\":[{\"@type\":\"WebPage\",\"@id\":\"https:\/\/www.noticiasradioreflejos.com.ar\/2021\/se-posiciona-el-patrimonio-historico-cultural-en-el-centro-cultural\/\",\"url\":\"https:\/\/www.noticiasradioreflejos.com.ar\/2021\/se-posiciona-el-patrimonio-historico-cultural-en-el-centro-cultural\/\",\"name\":\"Se posiciona el patrimonio hist\u00f3rico cultural en el Centro Cultural - Noticias Radio Reflejos\",\"isPartOf\":{\"@id\":\"https:\/\/www.noticiasradioreflejos.com.ar\/2021\/#website\"},\"datePublished\":\"2019-09-24T20:14:01+00:00\",\"author\":{\"@id\":\"https:\/\/www.noticiasradioreflejos.com.ar\/2021\/#\/schema\/person\/ad82545263dcc5ec0996818884fd5fb1\"},\"breadcrumb\":{\"@id\":\"https:\/\/www.noticiasradioreflejos.com.ar\/2021\/se-posiciona-el-patrimonio-historico-cultural-en-el-centro-cultural\/#breadcrumb\"},\"inLanguage\":\"es\",\"potentialAction\":[{\"@type\":\"ReadAction\",\"target\":[\"https:\/\/www.noticiasradioreflejos.com.ar\/2021\/se-posiciona-el-patrimonio-historico-cultural-en-el-centro-cultural\/\"]}]},{\"@type\":\"BreadcrumbList\",\"@id\":\"https:\/\/www.noticiasradioreflejos.com.ar\/2021\/se-posiciona-el-patrimonio-historico-cultural-en-el-centro-cultural\/#breadcrumb\",\"itemListElement\":[{\"@type\":\"ListItem\",\"position\":1,\"name\":\"Portada\",\"item\":\"https:\/\/www.noticiasradioreflejos.com.ar\/2021\/\"},{\"@type\":\"ListItem\",\"position\":2,\"name\":\"Se posiciona el patrimonio hist\u00f3rico cultural en el Centro Cultural\"}]},{\"@type\":\"WebSite\",\"@id\":\"https:\/\/www.noticiasradioreflejos.com.ar\/2021\/#website\",\"url\":\"https:\/\/www.noticiasradioreflejos.com.ar\/2021\/\",\"name\":\"Noticias Radio Reflejos\",\"description\":\"Las noticias de mi comarca\",\"potentialAction\":[{\"@type\":\"SearchAction\",\"target\":{\"@type\":\"EntryPoint\",\"urlTemplate\":\"https:\/\/www.noticiasradioreflejos.com.ar\/2021\/?s={search_term_string}\"},\"query-input\":{\"@type\":\"PropertyValueSpecification\",\"valueRequired\":true,\"valueName\":\"search_term_string\"}}],\"inLanguage\":\"es\"},{\"@type\":\"Person\",\"@id\":\"https:\/\/www.noticiasradioreflejos.com.ar\/2021\/#\/schema\/person\/ad82545263dcc5ec0996818884fd5fb1\",\"name\":\"Arnaldo Botto\",\"image\":{\"@type\":\"ImageObject\",\"inLanguage\":\"es\",\"@id\":\"https:\/\/www.noticiasradioreflejos.com.ar\/2021\/#\/schema\/person\/image\/\",\"url\":\"https:\/\/secure.gravatar.com\/avatar\/55cb5e37c1efa326397366e6974cb338056df65cb50e7d64d1cf314e87504837?s=96&d=mm&r=g\",\"contentUrl\":\"https:\/\/secure.gravatar.com\/avatar\/55cb5e37c1efa326397366e6974cb338056df65cb50e7d64d1cf314e87504837?s=96&d=mm&r=g\",\"caption\":\"Arnaldo Botto\"},\"url\":\"https:\/\/www.noticiasradioreflejos.com.ar\/2021\/author\/arnaldo\/\"}]}<\/script>\n<!-- \/ Yoast SEO plugin. -->","yoast_head_json":{"title":"Se posiciona el patrimonio hist\u00f3rico cultural en el Centro Cultural - Noticias Radio Reflejos","robots":{"index":"index","follow":"follow","max-snippet":"max-snippet:-1","max-image-preview":"max-image-preview:large","max-video-preview":"max-video-preview:-1"},"canonical":"https:\/\/www.noticiasradioreflejos.com.ar\/2021\/se-posiciona-el-patrimonio-historico-cultural-en-el-centro-cultural\/","og_locale":"es_ES","og_type":"article","og_title":"Se posiciona el patrimonio hist\u00f3rico cultural en el Centro Cultural - Noticias Radio Reflejos","og_description":"El pasado s\u00e1bado, el predio del Centro Cultural de Sierra de la Ventana recibi\u00f3 la primera con una nueva inauguraci\u00f3n de la Asociaci\u00f3n \u201cAmigos de la Trochita\u201d.","og_url":"https:\/\/www.noticiasradioreflejos.com.ar\/2021\/se-posiciona-el-patrimonio-historico-cultural-en-el-centro-cultural\/","og_site_name":"Noticias Radio Reflejos","article_published_time":"2019-09-24T20:14:01+00:00","og_image":[{"width":300,"height":200,"url":"https:\/\/www.noticiasradioreflejos.com.ar\/2021\/wp-content\/uploads\/2021\/07\/logosol300x200.png","type":"image\/png"}],"author":"Arnaldo Botto","twitter_card":"summary_large_image","schema":{"@context":"https:\/\/schema.org","@graph":[{"@type":"WebPage","@id":"https:\/\/www.noticiasradioreflejos.com.ar\/2021\/se-posiciona-el-patrimonio-historico-cultural-en-el-centro-cultural\/","url":"https:\/\/www.noticiasradioreflejos.com.ar\/2021\/se-posiciona-el-patrimonio-historico-cultural-en-el-centro-cultural\/","name":"Se posiciona el patrimonio hist\u00f3rico cultural en el Centro Cultural - Noticias Radio Reflejos","isPartOf":{"@id":"https:\/\/www.noticiasradioreflejos.com.ar\/2021\/#website"},"datePublished":"2019-09-24T20:14:01+00:00","author":{"@id":"https:\/\/www.noticiasradioreflejos.com.ar\/2021\/#\/schema\/person\/ad82545263dcc5ec0996818884fd5fb1"},"breadcrumb":{"@id":"https:\/\/www.noticiasradioreflejos.com.ar\/2021\/se-posiciona-el-patrimonio-historico-cultural-en-el-centro-cultural\/#breadcrumb"},"inLanguage":"es","potentialAction":[{"@type":"ReadAction","target":["https:\/\/www.noticiasradioreflejos.com.ar\/2021\/se-posiciona-el-patrimonio-historico-cultural-en-el-centro-cultural\/"]}]},{"@type":"BreadcrumbList","@id":"https:\/\/www.noticiasradioreflejos.com.ar\/2021\/se-posiciona-el-patrimonio-historico-cultural-en-el-centro-cultural\/#breadcrumb","itemListElement":[{"@type":"ListItem","position":1,"name":"Portada","item":"https:\/\/www.noticiasradioreflejos.com.ar\/2021\/"},{"@type":"ListItem","position":2,"name":"Se posiciona el patrimonio hist\u00f3rico cultural en el Centro Cultural"}]},{"@type":"WebSite","@id":"https:\/\/www.noticiasradioreflejos.com.ar\/2021\/#website","url":"https:\/\/www.noticiasradioreflejos.com.ar\/2021\/","name":"Noticias Radio Reflejos","description":"Las noticias de mi comarca","potentialAction":[{"@type":"SearchAction","target":{"@type":"EntryPoint","urlTemplate":"https:\/\/www.noticiasradioreflejos.com.ar\/2021\/?s={search_term_string}"},"query-input":{"@type":"PropertyValueSpecification","valueRequired":true,"valueName":"search_term_string"}}],"inLanguage":"es"},{"@type":"Person","@id":"https:\/\/www.noticiasradioreflejos.com.ar\/2021\/#\/schema\/person\/ad82545263dcc5ec0996818884fd5fb1","name":"Arnaldo Botto","image":{"@type":"ImageObject","inLanguage":"es","@id":"https:\/\/www.noticiasradioreflejos.com.ar\/2021\/#\/schema\/person\/image\/","url":"https:\/\/secure.gravatar.com\/avatar\/55cb5e37c1efa326397366e6974cb338056df65cb50e7d64d1cf314e87504837?s=96&d=mm&r=g","contentUrl":"https:\/\/secure.gravatar.com\/avatar\/55cb5e37c1efa326397366e6974cb338056df65cb50e7d64d1cf314e87504837?s=96&d=mm&r=g","caption":"Arnaldo Botto"},"url":"https:\/\/www.noticiasradioreflejos.com.ar\/2021\/author\/arnaldo\/"}]}},"_links":{"self":[{"href":"https:\/\/www.noticiasradioreflejos.com.ar\/2021\/wp-json\/wp\/v2\/posts\/35031","targetHints":{"allow":["GET"]}}],"collection":[{"href":"https:\/\/www.noticiasradioreflejos.com.ar\/2021\/wp-json\/wp\/v2\/posts"}],"about":[{"href":"https:\/\/www.noticiasradioreflejos.com.ar\/2021\/wp-json\/wp\/v2\/types\/post"}],"author":[{"embeddable":true,"href":"https:\/\/www.noticiasradioreflejos.com.ar\/2021\/wp-json\/wp\/v2\/users\/3"}],"replies":[{"embeddable":true,"href":"https:\/\/www.noticiasradioreflejos.com.ar\/2021\/wp-json\/wp\/v2\/comments?post=35031"}],"version-history":[{"count":0,"href":"https:\/\/www.noticiasradioreflejos.com.ar\/2021\/wp-json\/wp\/v2\/posts\/35031\/revisions"}],"wp:attachment":[{"href":"https:\/\/www.noticiasradioreflejos.com.ar\/2021\/wp-json\/wp\/v2\/media?parent=35031"}],"wp:term":[{"taxonomy":"category","embeddable":true,"href":"https:\/\/www.noticiasradioreflejos.com.ar\/2021\/wp-json\/wp\/v2\/categories?post=35031"},{"taxonomy":"post_tag","embeddable":true,"href":"https:\/\/www.noticiasradioreflejos.com.ar\/2021\/wp-json\/wp\/v2\/tags?post=35031"}],"curies":[{"name":"wp","href":"https:\/\/api.w.org\/{rel}","templated":true}]}}