{"id":35018,"date":"2019-09-24T11:17:08","date_gmt":"2019-09-24T14:17:08","guid":{"rendered":"http:\/\/www.noticiasradioreflejos.com.ar\/noticias\/?p=35018"},"modified":"2019-09-24T11:17:08","modified_gmt":"2019-09-24T14:17:08","slug":"la-cooperativa-textil-cada-vez-mas-cerca-de-abrir-sus-puertas","status":"publish","type":"post","link":"https:\/\/www.noticiasradioreflejos.com.ar\/2021\/la-cooperativa-textil-cada-vez-mas-cerca-de-abrir-sus-puertas\/","title":{"rendered":"La Cooperativa Textil cada vez m\u00e1s cerca de abrir sus puertas."},"content":{"rendered":"<p>Ayer por la tarde el intendente municipal Sergio Bordoni anunci\u00f3 la llegada de la partida establecida mediante el convenio firmado con el Ministerio de Desarrollo Social de la Naci\u00f3n, por la suma de $4.600.000, para la conformaci\u00f3n de la Cooperativa Textil. <!--more--><br \/>\nLas gestiones del jefe comunal y su equipo, iniciaron a fines del a\u00f1o pasado, a trav\u00e9s del mencionado ministerio para lograr desarrollar un espacio textil en la localidad de Tornquist, que en principio dar\u00e1 trabajo a 36 personas, con posibilidad de incrementarse a 50.<br \/>\nEl objetivo principal del mismo es fortalecer los proyectos productivos, a trav\u00e9s de la promoci\u00f3n y comercializaci\u00f3n de bienes de consumo; adem\u00e1s de generar oportunidades de autoempleo para emprendedores, potenciando su crecimiento y desarrollo.<br \/>\nEn esta instancia se adquirir\u00e1n  8 m\u00e1quinas rectas industriales, 2 bordadoras, 4 m\u00e1quinas Overlock de 5 hilos, planchas industriales, para la producci\u00f3n en s\u00ed, adem\u00e1s se equipara el taller donde funcionar\u00e1 ATEX (Abanico Textil), con todo lo necesario para que las trabajadoras tengan un ambiente \u00f3ptimo para el desarrollo de sus funciones.<br \/>\nOtra parte del presupuesto, estar\u00e1 destinada a la capacitaci\u00f3n del personal, con el objetivo de obtener productos de alta calidad y competitivos en el mercado. La capacitaci\u00f3n incluye la preparaci\u00f3n de los socios de la cooperativa en Marketing y estrategias de venta, para poder desempe\u00f1arse con comodidad en el sector, y potenciar el punto de venta en el local.<br \/>\nPor otra parte, gracias a las gestiones de la Secretaria de Turismo Susana Dos Santos, y el Director de Juventud Gerardo Bucchi, se firmar\u00e1 un convenio con FEGHRA (Federaci\u00f3n que nuclea la industria hotelera y gastron\u00f3mica) para la comercializaci\u00f3n de productos de ropa de blanco al sector tur\u00edstico.<br \/>\nAsimismo, a trav\u00e9s del Ministerio de Desarrollo, los emprendedores podr\u00e1n sumarse al \u201cPlan Compre\u201d, a trav\u00e9s del cual vender\u00e1n sus productos al Estado Nacional y Provincial.<br \/>\nEs importante destacar, que la conformaci\u00f3n de la Cooperativa textil, brindar\u00e1 un abanico de posibilidades, a trav\u00e9s de la generaci\u00f3n de trabajo, fabricaci\u00f3n y comercializaci\u00f3n de productos locales, potenciando el desarrollo de nuestro distrito.<br \/>\nEl jefe comunal afirm\u00f3 que se encuentra ansioso y emocionado frente a este proyecto ambicioso, que generar\u00e1 oportunidad de empleo genuino para los vecinos de nuestro distrito, y que para \u00e9l es una satisfacci\u00f3n personal, sumar un lugar como este, donde no solo 36 familias encontrar\u00e1n una salida laboral, sino por potenciar el desarrollo productivo de la localidad.<\/p>\n","protected":false},"excerpt":{"rendered":"<p>Ayer por la tarde el intendente municipal Sergio Bordoni anunci\u00f3 la llegada de la partida establecida mediante el convenio firmado con el Ministerio de Desarrollo Social de la Naci\u00f3n, por la suma de $4.600.000, para la conformaci\u00f3n de la Cooperativa Textil.<\/p>\n","protected":false},"author":3,"featured_media":0,"comment_status":"closed","ping_status":"open","sticky":false,"template":"","format":"standard","meta":{"footnotes":""},"categories":[28],"tags":[],"class_list":["post-35018","post","type-post","status-publish","format-standard","hentry","category-municipales"],"yoast_head":"<!-- This site is optimized with the Yoast SEO plugin v25.9 - https:\/\/yoast.com\/wordpress\/plugins\/seo\/ -->\n<title>La Cooperativa Textil cada vez m\u00e1s cerca de abrir sus puertas. - Noticias Radio Reflejos<\/title>\n<meta name=\"robots\" content=\"index, follow, max-snippet:-1, max-image-preview:large, max-video-preview:-1\" \/>\n<link rel=\"canonical\" href=\"https:\/\/www.noticiasradioreflejos.com.ar\/2021\/la-cooperativa-textil-cada-vez-mas-cerca-de-abrir-sus-puertas\/\" \/>\n<meta property=\"og:locale\" content=\"es_ES\" \/>\n<meta property=\"og:type\" content=\"article\" \/>\n<meta property=\"og:title\" content=\"La Cooperativa Textil cada vez m\u00e1s cerca de abrir sus puertas. - Noticias Radio Reflejos\" \/>\n<meta property=\"og:description\" content=\"Ayer por la tarde el intendente municipal Sergio Bordoni anunci\u00f3 la llegada de la partida establecida mediante el convenio firmado con el Ministerio de Desarrollo Social de la Naci\u00f3n, por la suma de $4.600.000, para la conformaci\u00f3n de la Cooperativa Textil.\" \/>\n<meta property=\"og:url\" content=\"https:\/\/www.noticiasradioreflejos.com.ar\/2021\/la-cooperativa-textil-cada-vez-mas-cerca-de-abrir-sus-puertas\/\" \/>\n<meta property=\"og:site_name\" content=\"Noticias Radio Reflejos\" \/>\n<meta property=\"article:published_time\" content=\"2019-09-24T14:17:08+00:00\" \/>\n<meta property=\"og:image\" content=\"https:\/\/www.noticiasradioreflejos.com.ar\/2021\/wp-content\/uploads\/2021\/07\/logosol300x200.png\" \/>\n\t<meta property=\"og:image:width\" content=\"300\" \/>\n\t<meta property=\"og:image:height\" content=\"200\" \/>\n\t<meta property=\"og:image:type\" content=\"image\/png\" \/>\n<meta name=\"author\" content=\"Arnaldo Botto\" \/>\n<meta name=\"twitter:card\" content=\"summary_large_image\" \/>\n<script type=\"application\/ld+json\" class=\"yoast-schema-graph\">{\"@context\":\"https:\/\/schema.org\",\"@graph\":[{\"@type\":\"WebPage\",\"@id\":\"https:\/\/www.noticiasradioreflejos.com.ar\/2021\/la-cooperativa-textil-cada-vez-mas-cerca-de-abrir-sus-puertas\/\",\"url\":\"https:\/\/www.noticiasradioreflejos.com.ar\/2021\/la-cooperativa-textil-cada-vez-mas-cerca-de-abrir-sus-puertas\/\",\"name\":\"La Cooperativa Textil cada vez m\u00e1s cerca de abrir sus puertas. - Noticias Radio Reflejos\",\"isPartOf\":{\"@id\":\"https:\/\/www.noticiasradioreflejos.com.ar\/2021\/#website\"},\"datePublished\":\"2019-09-24T14:17:08+00:00\",\"author\":{\"@id\":\"https:\/\/www.noticiasradioreflejos.com.ar\/2021\/#\/schema\/person\/ad82545263dcc5ec0996818884fd5fb1\"},\"breadcrumb\":{\"@id\":\"https:\/\/www.noticiasradioreflejos.com.ar\/2021\/la-cooperativa-textil-cada-vez-mas-cerca-de-abrir-sus-puertas\/#breadcrumb\"},\"inLanguage\":\"es\",\"potentialAction\":[{\"@type\":\"ReadAction\",\"target\":[\"https:\/\/www.noticiasradioreflejos.com.ar\/2021\/la-cooperativa-textil-cada-vez-mas-cerca-de-abrir-sus-puertas\/\"]}]},{\"@type\":\"BreadcrumbList\",\"@id\":\"https:\/\/www.noticiasradioreflejos.com.ar\/2021\/la-cooperativa-textil-cada-vez-mas-cerca-de-abrir-sus-puertas\/#breadcrumb\",\"itemListElement\":[{\"@type\":\"ListItem\",\"position\":1,\"name\":\"Portada\",\"item\":\"https:\/\/www.noticiasradioreflejos.com.ar\/2021\/\"},{\"@type\":\"ListItem\",\"position\":2,\"name\":\"La Cooperativa Textil cada vez m\u00e1s cerca de abrir sus puertas.\"}]},{\"@type\":\"WebSite\",\"@id\":\"https:\/\/www.noticiasradioreflejos.com.ar\/2021\/#website\",\"url\":\"https:\/\/www.noticiasradioreflejos.com.ar\/2021\/\",\"name\":\"Noticias Radio Reflejos\",\"description\":\"Las noticias de mi comarca\",\"potentialAction\":[{\"@type\":\"SearchAction\",\"target\":{\"@type\":\"EntryPoint\",\"urlTemplate\":\"https:\/\/www.noticiasradioreflejos.com.ar\/2021\/?s={search_term_string}\"},\"query-input\":{\"@type\":\"PropertyValueSpecification\",\"valueRequired\":true,\"valueName\":\"search_term_string\"}}],\"inLanguage\":\"es\"},{\"@type\":\"Person\",\"@id\":\"https:\/\/www.noticiasradioreflejos.com.ar\/2021\/#\/schema\/person\/ad82545263dcc5ec0996818884fd5fb1\",\"name\":\"Arnaldo Botto\",\"image\":{\"@type\":\"ImageObject\",\"inLanguage\":\"es\",\"@id\":\"https:\/\/www.noticiasradioreflejos.com.ar\/2021\/#\/schema\/person\/image\/\",\"url\":\"https:\/\/secure.gravatar.com\/avatar\/55cb5e37c1efa326397366e6974cb338056df65cb50e7d64d1cf314e87504837?s=96&d=mm&r=g\",\"contentUrl\":\"https:\/\/secure.gravatar.com\/avatar\/55cb5e37c1efa326397366e6974cb338056df65cb50e7d64d1cf314e87504837?s=96&d=mm&r=g\",\"caption\":\"Arnaldo Botto\"},\"url\":\"https:\/\/www.noticiasradioreflejos.com.ar\/2021\/author\/arnaldo\/\"}]}<\/script>\n<!-- \/ Yoast SEO plugin. -->","yoast_head_json":{"title":"La Cooperativa Textil cada vez m\u00e1s cerca de abrir sus puertas. - Noticias Radio Reflejos","robots":{"index":"index","follow":"follow","max-snippet":"max-snippet:-1","max-image-preview":"max-image-preview:large","max-video-preview":"max-video-preview:-1"},"canonical":"https:\/\/www.noticiasradioreflejos.com.ar\/2021\/la-cooperativa-textil-cada-vez-mas-cerca-de-abrir-sus-puertas\/","og_locale":"es_ES","og_type":"article","og_title":"La Cooperativa Textil cada vez m\u00e1s cerca de abrir sus puertas. - Noticias Radio Reflejos","og_description":"Ayer por la tarde el intendente municipal Sergio Bordoni anunci\u00f3 la llegada de la partida establecida mediante el convenio firmado con el Ministerio de Desarrollo Social de la Naci\u00f3n, por la suma de $4.600.000, para la conformaci\u00f3n de la Cooperativa Textil.","og_url":"https:\/\/www.noticiasradioreflejos.com.ar\/2021\/la-cooperativa-textil-cada-vez-mas-cerca-de-abrir-sus-puertas\/","og_site_name":"Noticias Radio Reflejos","article_published_time":"2019-09-24T14:17:08+00:00","og_image":[{"width":300,"height":200,"url":"https:\/\/www.noticiasradioreflejos.com.ar\/2021\/wp-content\/uploads\/2021\/07\/logosol300x200.png","type":"image\/png"}],"author":"Arnaldo Botto","twitter_card":"summary_large_image","schema":{"@context":"https:\/\/schema.org","@graph":[{"@type":"WebPage","@id":"https:\/\/www.noticiasradioreflejos.com.ar\/2021\/la-cooperativa-textil-cada-vez-mas-cerca-de-abrir-sus-puertas\/","url":"https:\/\/www.noticiasradioreflejos.com.ar\/2021\/la-cooperativa-textil-cada-vez-mas-cerca-de-abrir-sus-puertas\/","name":"La Cooperativa Textil cada vez m\u00e1s cerca de abrir sus puertas. - Noticias Radio Reflejos","isPartOf":{"@id":"https:\/\/www.noticiasradioreflejos.com.ar\/2021\/#website"},"datePublished":"2019-09-24T14:17:08+00:00","author":{"@id":"https:\/\/www.noticiasradioreflejos.com.ar\/2021\/#\/schema\/person\/ad82545263dcc5ec0996818884fd5fb1"},"breadcrumb":{"@id":"https:\/\/www.noticiasradioreflejos.com.ar\/2021\/la-cooperativa-textil-cada-vez-mas-cerca-de-abrir-sus-puertas\/#breadcrumb"},"inLanguage":"es","potentialAction":[{"@type":"ReadAction","target":["https:\/\/www.noticiasradioreflejos.com.ar\/2021\/la-cooperativa-textil-cada-vez-mas-cerca-de-abrir-sus-puertas\/"]}]},{"@type":"BreadcrumbList","@id":"https:\/\/www.noticiasradioreflejos.com.ar\/2021\/la-cooperativa-textil-cada-vez-mas-cerca-de-abrir-sus-puertas\/#breadcrumb","itemListElement":[{"@type":"ListItem","position":1,"name":"Portada","item":"https:\/\/www.noticiasradioreflejos.com.ar\/2021\/"},{"@type":"ListItem","position":2,"name":"La Cooperativa Textil cada vez m\u00e1s cerca de abrir sus puertas."}]},{"@type":"WebSite","@id":"https:\/\/www.noticiasradioreflejos.com.ar\/2021\/#website","url":"https:\/\/www.noticiasradioreflejos.com.ar\/2021\/","name":"Noticias Radio Reflejos","description":"Las noticias de mi comarca","potentialAction":[{"@type":"SearchAction","target":{"@type":"EntryPoint","urlTemplate":"https:\/\/www.noticiasradioreflejos.com.ar\/2021\/?s={search_term_string}"},"query-input":{"@type":"PropertyValueSpecification","valueRequired":true,"valueName":"search_term_string"}}],"inLanguage":"es"},{"@type":"Person","@id":"https:\/\/www.noticiasradioreflejos.com.ar\/2021\/#\/schema\/person\/ad82545263dcc5ec0996818884fd5fb1","name":"Arnaldo Botto","image":{"@type":"ImageObject","inLanguage":"es","@id":"https:\/\/www.noticiasradioreflejos.com.ar\/2021\/#\/schema\/person\/image\/","url":"https:\/\/secure.gravatar.com\/avatar\/55cb5e37c1efa326397366e6974cb338056df65cb50e7d64d1cf314e87504837?s=96&d=mm&r=g","contentUrl":"https:\/\/secure.gravatar.com\/avatar\/55cb5e37c1efa326397366e6974cb338056df65cb50e7d64d1cf314e87504837?s=96&d=mm&r=g","caption":"Arnaldo Botto"},"url":"https:\/\/www.noticiasradioreflejos.com.ar\/2021\/author\/arnaldo\/"}]}},"_links":{"self":[{"href":"https:\/\/www.noticiasradioreflejos.com.ar\/2021\/wp-json\/wp\/v2\/posts\/35018","targetHints":{"allow":["GET"]}}],"collection":[{"href":"https:\/\/www.noticiasradioreflejos.com.ar\/2021\/wp-json\/wp\/v2\/posts"}],"about":[{"href":"https:\/\/www.noticiasradioreflejos.com.ar\/2021\/wp-json\/wp\/v2\/types\/post"}],"author":[{"embeddable":true,"href":"https:\/\/www.noticiasradioreflejos.com.ar\/2021\/wp-json\/wp\/v2\/users\/3"}],"replies":[{"embeddable":true,"href":"https:\/\/www.noticiasradioreflejos.com.ar\/2021\/wp-json\/wp\/v2\/comments?post=35018"}],"version-history":[{"count":0,"href":"https:\/\/www.noticiasradioreflejos.com.ar\/2021\/wp-json\/wp\/v2\/posts\/35018\/revisions"}],"wp:attachment":[{"href":"https:\/\/www.noticiasradioreflejos.com.ar\/2021\/wp-json\/wp\/v2\/media?parent=35018"}],"wp:term":[{"taxonomy":"category","embeddable":true,"href":"https:\/\/www.noticiasradioreflejos.com.ar\/2021\/wp-json\/wp\/v2\/categories?post=35018"},{"taxonomy":"post_tag","embeddable":true,"href":"https:\/\/www.noticiasradioreflejos.com.ar\/2021\/wp-json\/wp\/v2\/tags?post=35018"}],"curies":[{"name":"wp","href":"https:\/\/api.w.org\/{rel}","templated":true}]}}