{"id":35010,"date":"2019-09-24T11:44:42","date_gmt":"2019-09-24T14:44:42","guid":{"rendered":"http:\/\/www.noticiasradioreflejos.com.ar\/noticias\/?p=35010"},"modified":"2019-09-24T11:44:42","modified_gmt":"2019-09-24T14:44:42","slug":"comunicado-de-coopersive-por-vandalismo-en-el-tendido-de-la-fibra-optica","status":"publish","type":"post","link":"https:\/\/www.noticiasradioreflejos.com.ar\/2021\/comunicado-de-coopersive-por-vandalismo-en-el-tendido-de-la-fibra-optica\/","title":{"rendered":"Comunicado de Coopersive por vandalismo en el tendido de la fibra \u00f3ptica."},"content":{"rendered":"<p>Se informa a la poblaci\u00f3n que en el d\u00eda de ayer se interrumpi\u00f3 el servicio de Internet en la localidad de Saldungaray como consecuencia de un hecho de vandalismo que se produjo en el tendido de la fibra \u00f3ptica entre El Pinar y el cruce de Ruta 72 y 76 (una botella fue atacada con perdigones).<!--more--><br \/>\nEsta l\u00ednea es la que permite hoy d\u00eda el servicio de Internet con fibra al hogar en Saldungaray, el cual ser\u00e1 replicado pr\u00f3ximamente en Sierra de la Ventana.<br \/>\nYa se ha efectuado la correspondiente denuncia policial en la comisar\u00eda de Tornquist.<br \/>\nEl Consejo de Administraci\u00f3n de Coopersive lamenta y repudia profundamente este tipo de hechos que atentan contra el esfuerzo de todos los asociados para mejorar su acceso a Redes de Pr\u00f3xima Generaci\u00f3n.<br \/>\nConsejo de Administraci\u00f3n<br \/>\n24-sep-19<\/p>\n","protected":false},"excerpt":{"rendered":"<p>Se informa a la poblaci\u00f3n que en el d\u00eda de ayer se interrumpi\u00f3 el servicio de Internet en la localidad de Saldungaray como consecuencia de un hecho de vandalismo que se produjo en el tendido de la fibra \u00f3ptica entre El Pinar y el cruce de Ruta 72 y 76 (una botella fue atacada con [&hellip;]<\/p>\n","protected":false},"author":3,"featured_media":0,"comment_status":"closed","ping_status":"open","sticky":false,"template":"","format":"standard","meta":{"footnotes":""},"categories":[26],"tags":[],"class_list":["post-35010","post","type-post","status-publish","format-standard","hentry","category-sociedad"],"yoast_head":"<!-- This site is optimized with the Yoast SEO plugin v25.9 - https:\/\/yoast.com\/wordpress\/plugins\/seo\/ -->\n<title>Comunicado de Coopersive por vandalismo en el tendido de la fibra \u00f3ptica. - Noticias Radio Reflejos<\/title>\n<meta name=\"robots\" content=\"index, follow, max-snippet:-1, max-image-preview:large, max-video-preview:-1\" \/>\n<link rel=\"canonical\" href=\"https:\/\/www.noticiasradioreflejos.com.ar\/2021\/comunicado-de-coopersive-por-vandalismo-en-el-tendido-de-la-fibra-optica\/\" \/>\n<meta property=\"og:locale\" content=\"es_ES\" \/>\n<meta property=\"og:type\" content=\"article\" \/>\n<meta property=\"og:title\" content=\"Comunicado de Coopersive por vandalismo en el tendido de la fibra \u00f3ptica. - Noticias Radio Reflejos\" \/>\n<meta property=\"og:description\" content=\"Se informa a la poblaci\u00f3n que en el d\u00eda de ayer se interrumpi\u00f3 el servicio de Internet en la localidad de Saldungaray como consecuencia de un hecho de vandalismo que se produjo en el tendido de la fibra \u00f3ptica entre El Pinar y el cruce de Ruta 72 y 76 (una botella fue atacada con [&hellip;]\" \/>\n<meta property=\"og:url\" content=\"https:\/\/www.noticiasradioreflejos.com.ar\/2021\/comunicado-de-coopersive-por-vandalismo-en-el-tendido-de-la-fibra-optica\/\" \/>\n<meta property=\"og:site_name\" content=\"Noticias Radio Reflejos\" \/>\n<meta property=\"article:published_time\" content=\"2019-09-24T14:44:42+00:00\" \/>\n<meta property=\"og:image\" content=\"https:\/\/www.noticiasradioreflejos.com.ar\/2021\/wp-content\/uploads\/2017\/07\/Coopersive.jpg\" \/>\n\t<meta property=\"og:image:width\" content=\"484\" \/>\n\t<meta property=\"og:image:height\" content=\"480\" \/>\n\t<meta property=\"og:image:type\" content=\"image\/jpeg\" \/>\n<meta name=\"author\" content=\"Arnaldo Botto\" \/>\n<meta name=\"twitter:card\" content=\"summary_large_image\" \/>\n<script type=\"application\/ld+json\" class=\"yoast-schema-graph\">{\"@context\":\"https:\/\/schema.org\",\"@graph\":[{\"@type\":\"WebPage\",\"@id\":\"https:\/\/www.noticiasradioreflejos.com.ar\/2021\/comunicado-de-coopersive-por-vandalismo-en-el-tendido-de-la-fibra-optica\/\",\"url\":\"https:\/\/www.noticiasradioreflejos.com.ar\/2021\/comunicado-de-coopersive-por-vandalismo-en-el-tendido-de-la-fibra-optica\/\",\"name\":\"Comunicado de Coopersive por vandalismo en el tendido de la fibra \u00f3ptica. - Noticias Radio Reflejos\",\"isPartOf\":{\"@id\":\"https:\/\/www.noticiasradioreflejos.com.ar\/2021\/#website\"},\"datePublished\":\"2019-09-24T14:44:42+00:00\",\"author\":{\"@id\":\"https:\/\/www.noticiasradioreflejos.com.ar\/2021\/#\/schema\/person\/ad82545263dcc5ec0996818884fd5fb1\"},\"breadcrumb\":{\"@id\":\"https:\/\/www.noticiasradioreflejos.com.ar\/2021\/comunicado-de-coopersive-por-vandalismo-en-el-tendido-de-la-fibra-optica\/#breadcrumb\"},\"inLanguage\":\"es\",\"potentialAction\":[{\"@type\":\"ReadAction\",\"target\":[\"https:\/\/www.noticiasradioreflejos.com.ar\/2021\/comunicado-de-coopersive-por-vandalismo-en-el-tendido-de-la-fibra-optica\/\"]}]},{\"@type\":\"BreadcrumbList\",\"@id\":\"https:\/\/www.noticiasradioreflejos.com.ar\/2021\/comunicado-de-coopersive-por-vandalismo-en-el-tendido-de-la-fibra-optica\/#breadcrumb\",\"itemListElement\":[{\"@type\":\"ListItem\",\"position\":1,\"name\":\"Portada\",\"item\":\"https:\/\/www.noticiasradioreflejos.com.ar\/2021\/\"},{\"@type\":\"ListItem\",\"position\":2,\"name\":\"Comunicado de Coopersive por vandalismo en el tendido de la fibra \u00f3ptica.\"}]},{\"@type\":\"WebSite\",\"@id\":\"https:\/\/www.noticiasradioreflejos.com.ar\/2021\/#website\",\"url\":\"https:\/\/www.noticiasradioreflejos.com.ar\/2021\/\",\"name\":\"Noticias Radio Reflejos\",\"description\":\"Las noticias de mi comarca\",\"potentialAction\":[{\"@type\":\"SearchAction\",\"target\":{\"@type\":\"EntryPoint\",\"urlTemplate\":\"https:\/\/www.noticiasradioreflejos.com.ar\/2021\/?s={search_term_string}\"},\"query-input\":{\"@type\":\"PropertyValueSpecification\",\"valueRequired\":true,\"valueName\":\"search_term_string\"}}],\"inLanguage\":\"es\"},{\"@type\":\"Person\",\"@id\":\"https:\/\/www.noticiasradioreflejos.com.ar\/2021\/#\/schema\/person\/ad82545263dcc5ec0996818884fd5fb1\",\"name\":\"Arnaldo Botto\",\"image\":{\"@type\":\"ImageObject\",\"inLanguage\":\"es\",\"@id\":\"https:\/\/www.noticiasradioreflejos.com.ar\/2021\/#\/schema\/person\/image\/\",\"url\":\"https:\/\/secure.gravatar.com\/avatar\/55cb5e37c1efa326397366e6974cb338056df65cb50e7d64d1cf314e87504837?s=96&d=mm&r=g\",\"contentUrl\":\"https:\/\/secure.gravatar.com\/avatar\/55cb5e37c1efa326397366e6974cb338056df65cb50e7d64d1cf314e87504837?s=96&d=mm&r=g\",\"caption\":\"Arnaldo Botto\"},\"url\":\"https:\/\/www.noticiasradioreflejos.com.ar\/2021\/author\/arnaldo\/\"}]}<\/script>\n<!-- \/ Yoast SEO plugin. -->","yoast_head_json":{"title":"Comunicado de Coopersive por vandalismo en el tendido de la fibra \u00f3ptica. - Noticias Radio Reflejos","robots":{"index":"index","follow":"follow","max-snippet":"max-snippet:-1","max-image-preview":"max-image-preview:large","max-video-preview":"max-video-preview:-1"},"canonical":"https:\/\/www.noticiasradioreflejos.com.ar\/2021\/comunicado-de-coopersive-por-vandalismo-en-el-tendido-de-la-fibra-optica\/","og_locale":"es_ES","og_type":"article","og_title":"Comunicado de Coopersive por vandalismo en el tendido de la fibra \u00f3ptica. - Noticias Radio Reflejos","og_description":"Se informa a la poblaci\u00f3n que en el d\u00eda de ayer se interrumpi\u00f3 el servicio de Internet en la localidad de Saldungaray como consecuencia de un hecho de vandalismo que se produjo en el tendido de la fibra \u00f3ptica entre El Pinar y el cruce de Ruta 72 y 76 (una botella fue atacada con [&hellip;]","og_url":"https:\/\/www.noticiasradioreflejos.com.ar\/2021\/comunicado-de-coopersive-por-vandalismo-en-el-tendido-de-la-fibra-optica\/","og_site_name":"Noticias Radio Reflejos","article_published_time":"2019-09-24T14:44:42+00:00","og_image":[{"width":484,"height":480,"url":"https:\/\/www.noticiasradioreflejos.com.ar\/2021\/wp-content\/uploads\/2017\/07\/Coopersive.jpg","type":"image\/jpeg"}],"author":"Arnaldo Botto","twitter_card":"summary_large_image","schema":{"@context":"https:\/\/schema.org","@graph":[{"@type":"WebPage","@id":"https:\/\/www.noticiasradioreflejos.com.ar\/2021\/comunicado-de-coopersive-por-vandalismo-en-el-tendido-de-la-fibra-optica\/","url":"https:\/\/www.noticiasradioreflejos.com.ar\/2021\/comunicado-de-coopersive-por-vandalismo-en-el-tendido-de-la-fibra-optica\/","name":"Comunicado de Coopersive por vandalismo en el tendido de la fibra \u00f3ptica. - Noticias Radio Reflejos","isPartOf":{"@id":"https:\/\/www.noticiasradioreflejos.com.ar\/2021\/#website"},"datePublished":"2019-09-24T14:44:42+00:00","author":{"@id":"https:\/\/www.noticiasradioreflejos.com.ar\/2021\/#\/schema\/person\/ad82545263dcc5ec0996818884fd5fb1"},"breadcrumb":{"@id":"https:\/\/www.noticiasradioreflejos.com.ar\/2021\/comunicado-de-coopersive-por-vandalismo-en-el-tendido-de-la-fibra-optica\/#breadcrumb"},"inLanguage":"es","potentialAction":[{"@type":"ReadAction","target":["https:\/\/www.noticiasradioreflejos.com.ar\/2021\/comunicado-de-coopersive-por-vandalismo-en-el-tendido-de-la-fibra-optica\/"]}]},{"@type":"BreadcrumbList","@id":"https:\/\/www.noticiasradioreflejos.com.ar\/2021\/comunicado-de-coopersive-por-vandalismo-en-el-tendido-de-la-fibra-optica\/#breadcrumb","itemListElement":[{"@type":"ListItem","position":1,"name":"Portada","item":"https:\/\/www.noticiasradioreflejos.com.ar\/2021\/"},{"@type":"ListItem","position":2,"name":"Comunicado de Coopersive por vandalismo en el tendido de la fibra \u00f3ptica."}]},{"@type":"WebSite","@id":"https:\/\/www.noticiasradioreflejos.com.ar\/2021\/#website","url":"https:\/\/www.noticiasradioreflejos.com.ar\/2021\/","name":"Noticias Radio Reflejos","description":"Las noticias de mi comarca","potentialAction":[{"@type":"SearchAction","target":{"@type":"EntryPoint","urlTemplate":"https:\/\/www.noticiasradioreflejos.com.ar\/2021\/?s={search_term_string}"},"query-input":{"@type":"PropertyValueSpecification","valueRequired":true,"valueName":"search_term_string"}}],"inLanguage":"es"},{"@type":"Person","@id":"https:\/\/www.noticiasradioreflejos.com.ar\/2021\/#\/schema\/person\/ad82545263dcc5ec0996818884fd5fb1","name":"Arnaldo Botto","image":{"@type":"ImageObject","inLanguage":"es","@id":"https:\/\/www.noticiasradioreflejos.com.ar\/2021\/#\/schema\/person\/image\/","url":"https:\/\/secure.gravatar.com\/avatar\/55cb5e37c1efa326397366e6974cb338056df65cb50e7d64d1cf314e87504837?s=96&d=mm&r=g","contentUrl":"https:\/\/secure.gravatar.com\/avatar\/55cb5e37c1efa326397366e6974cb338056df65cb50e7d64d1cf314e87504837?s=96&d=mm&r=g","caption":"Arnaldo Botto"},"url":"https:\/\/www.noticiasradioreflejos.com.ar\/2021\/author\/arnaldo\/"}]}},"_links":{"self":[{"href":"https:\/\/www.noticiasradioreflejos.com.ar\/2021\/wp-json\/wp\/v2\/posts\/35010","targetHints":{"allow":["GET"]}}],"collection":[{"href":"https:\/\/www.noticiasradioreflejos.com.ar\/2021\/wp-json\/wp\/v2\/posts"}],"about":[{"href":"https:\/\/www.noticiasradioreflejos.com.ar\/2021\/wp-json\/wp\/v2\/types\/post"}],"author":[{"embeddable":true,"href":"https:\/\/www.noticiasradioreflejos.com.ar\/2021\/wp-json\/wp\/v2\/users\/3"}],"replies":[{"embeddable":true,"href":"https:\/\/www.noticiasradioreflejos.com.ar\/2021\/wp-json\/wp\/v2\/comments?post=35010"}],"version-history":[{"count":0,"href":"https:\/\/www.noticiasradioreflejos.com.ar\/2021\/wp-json\/wp\/v2\/posts\/35010\/revisions"}],"wp:attachment":[{"href":"https:\/\/www.noticiasradioreflejos.com.ar\/2021\/wp-json\/wp\/v2\/media?parent=35010"}],"wp:term":[{"taxonomy":"category","embeddable":true,"href":"https:\/\/www.noticiasradioreflejos.com.ar\/2021\/wp-json\/wp\/v2\/categories?post=35010"},{"taxonomy":"post_tag","embeddable":true,"href":"https:\/\/www.noticiasradioreflejos.com.ar\/2021\/wp-json\/wp\/v2\/tags?post=35010"}],"curies":[{"name":"wp","href":"https:\/\/api.w.org\/{rel}","templated":true}]}}