{"id":34995,"date":"2019-09-23T17:48:53","date_gmt":"2019-09-23T20:48:53","guid":{"rendered":"http:\/\/www.noticiasradioreflejos.com.ar\/noticias\/?p=34995"},"modified":"2019-09-23T17:48:53","modified_gmt":"2019-09-23T20:48:53","slug":"el-municipio-cedio-un-predio-al-sindicato-de-papeleros-para-la-creacion-de-un-espacio-de-esparcimiento","status":"publish","type":"post","link":"https:\/\/www.noticiasradioreflejos.com.ar\/2021\/el-municipio-cedio-un-predio-al-sindicato-de-papeleros-para-la-creacion-de-un-espacio-de-esparcimiento\/","title":{"rendered":"El municipio cedi\u00f3 un predio al sindicato de Papeleros para la creaci\u00f3n de un espacio de esparcimiento"},"content":{"rendered":"<p>El intendente Sergio Bordoni firm\u00f3 hoy, lunes 23 por la tarde, un convenio con el Sindicato de Papeleros mediante el cual el Municipio cede, por 20 a\u00f1os, un predio para la refacci\u00f3n y construcci\u00f3n de un espacio para el esparcimiento.<!--more--><br \/>\nEsta iniciativa, que surge desde el sindicato de papeleros, tiene como principal objetivo la readecuaci\u00f3n y puesta en valor la infraestructura existente, a saber: la cancha de paddle, y el play\u00f3n de usos m\u00faltiples y la construcci\u00f3n de una cancha de f\u00fatbol reducido sobre gramilla, ba\u00f1os, y un circuito de bicicross. Por otro lado, el convenio establece la instalaci\u00f3n de mesas, bancos y fogones; nuevos sanitarios y optimizaci\u00f3n de los que ya posee; iluminaci\u00f3n del predio y determinaci\u00f3n de un sector como playa de estacionamiento.<br \/>\nEs importante destacar que los vecinos podr\u00e1n disfrutar del predio, constituyendo \u00e9ste un nuevo espacio recreativo y de esparcimiento.<br \/>\nEl jefe comunal, agradeci\u00f3 personalmente a toda la familia de papeleros por su iniciativa, d\u00e1ndole vida a este espacio verde que servir\u00e1 como un nuevo atractivo para todos los habitantes de la localidad. Bordoni afirm\u00f3 \u201cSin instituciones que trabajen a la par del estado municipal, es muy dif\u00edcil poder hacer todo. Por esto celebr\u00f3 la propuesta del gremio papelero, tan generosa para la comunidad\u201d.<br \/>\nLa r\u00fabrica tuvo lugar en el despacho del jefe comunal y estuvo presente el Secretario de Gobierno Ezequiel Gabella, y en representaci\u00f3n del sindicato, el Secretario General Edgardo C. Marcolini junto a el Secretario Adjunto Luis Vallese, el Secretario Administrativo Gustavo Lanaro y el 2\u00ba Vocal Hern\u00e1n Raising.<\/p>\n","protected":false},"excerpt":{"rendered":"<p>El intendente Sergio Bordoni firm\u00f3 hoy, lunes 23 por la tarde, un convenio con el Sindicato de Papeleros mediante el cual el Municipio cede, por 20 a\u00f1os, un predio para la refacci\u00f3n y construcci\u00f3n de un espacio para el esparcimiento.<\/p>\n","protected":false},"author":3,"featured_media":0,"comment_status":"closed","ping_status":"open","sticky":false,"template":"","format":"standard","meta":{"footnotes":""},"categories":[28],"tags":[],"class_list":["post-34995","post","type-post","status-publish","format-standard","hentry","category-municipales"],"yoast_head":"<!-- This site is optimized with the Yoast SEO plugin v25.9 - https:\/\/yoast.com\/wordpress\/plugins\/seo\/ -->\n<title>El municipio cedi\u00f3 un predio al sindicato de Papeleros para la creaci\u00f3n de un espacio de esparcimiento - Noticias Radio Reflejos<\/title>\n<meta name=\"robots\" content=\"index, follow, max-snippet:-1, max-image-preview:large, max-video-preview:-1\" \/>\n<link rel=\"canonical\" href=\"https:\/\/www.noticiasradioreflejos.com.ar\/2021\/el-municipio-cedio-un-predio-al-sindicato-de-papeleros-para-la-creacion-de-un-espacio-de-esparcimiento\/\" \/>\n<meta property=\"og:locale\" content=\"es_ES\" \/>\n<meta property=\"og:type\" content=\"article\" \/>\n<meta property=\"og:title\" content=\"El municipio cedi\u00f3 un predio al sindicato de Papeleros para la creaci\u00f3n de un espacio de esparcimiento - Noticias Radio Reflejos\" \/>\n<meta property=\"og:description\" content=\"El intendente Sergio Bordoni firm\u00f3 hoy, lunes 23 por la tarde, un convenio con el Sindicato de Papeleros mediante el cual el Municipio cede, por 20 a\u00f1os, un predio para la refacci\u00f3n y construcci\u00f3n de un espacio para el esparcimiento.\" \/>\n<meta property=\"og:url\" content=\"https:\/\/www.noticiasradioreflejos.com.ar\/2021\/el-municipio-cedio-un-predio-al-sindicato-de-papeleros-para-la-creacion-de-un-espacio-de-esparcimiento\/\" \/>\n<meta property=\"og:site_name\" content=\"Noticias Radio Reflejos\" \/>\n<meta property=\"article:published_time\" content=\"2019-09-23T20:48:53+00:00\" \/>\n<meta property=\"og:image\" content=\"https:\/\/www.noticiasradioreflejos.com.ar\/2021\/wp-content\/uploads\/2021\/07\/logosol300x200.png\" \/>\n\t<meta property=\"og:image:width\" content=\"300\" \/>\n\t<meta property=\"og:image:height\" content=\"200\" \/>\n\t<meta property=\"og:image:type\" content=\"image\/png\" \/>\n<meta name=\"author\" content=\"Arnaldo Botto\" \/>\n<meta name=\"twitter:card\" content=\"summary_large_image\" \/>\n<script type=\"application\/ld+json\" class=\"yoast-schema-graph\">{\"@context\":\"https:\/\/schema.org\",\"@graph\":[{\"@type\":\"WebPage\",\"@id\":\"https:\/\/www.noticiasradioreflejos.com.ar\/2021\/el-municipio-cedio-un-predio-al-sindicato-de-papeleros-para-la-creacion-de-un-espacio-de-esparcimiento\/\",\"url\":\"https:\/\/www.noticiasradioreflejos.com.ar\/2021\/el-municipio-cedio-un-predio-al-sindicato-de-papeleros-para-la-creacion-de-un-espacio-de-esparcimiento\/\",\"name\":\"El municipio cedi\u00f3 un predio al sindicato de Papeleros para la creaci\u00f3n de un espacio de esparcimiento - Noticias Radio Reflejos\",\"isPartOf\":{\"@id\":\"https:\/\/www.noticiasradioreflejos.com.ar\/2021\/#website\"},\"datePublished\":\"2019-09-23T20:48:53+00:00\",\"author\":{\"@id\":\"https:\/\/www.noticiasradioreflejos.com.ar\/2021\/#\/schema\/person\/ad82545263dcc5ec0996818884fd5fb1\"},\"breadcrumb\":{\"@id\":\"https:\/\/www.noticiasradioreflejos.com.ar\/2021\/el-municipio-cedio-un-predio-al-sindicato-de-papeleros-para-la-creacion-de-un-espacio-de-esparcimiento\/#breadcrumb\"},\"inLanguage\":\"es\",\"potentialAction\":[{\"@type\":\"ReadAction\",\"target\":[\"https:\/\/www.noticiasradioreflejos.com.ar\/2021\/el-municipio-cedio-un-predio-al-sindicato-de-papeleros-para-la-creacion-de-un-espacio-de-esparcimiento\/\"]}]},{\"@type\":\"BreadcrumbList\",\"@id\":\"https:\/\/www.noticiasradioreflejos.com.ar\/2021\/el-municipio-cedio-un-predio-al-sindicato-de-papeleros-para-la-creacion-de-un-espacio-de-esparcimiento\/#breadcrumb\",\"itemListElement\":[{\"@type\":\"ListItem\",\"position\":1,\"name\":\"Portada\",\"item\":\"https:\/\/www.noticiasradioreflejos.com.ar\/2021\/\"},{\"@type\":\"ListItem\",\"position\":2,\"name\":\"El municipio cedi\u00f3 un predio al sindicato de Papeleros para la creaci\u00f3n de un espacio de esparcimiento\"}]},{\"@type\":\"WebSite\",\"@id\":\"https:\/\/www.noticiasradioreflejos.com.ar\/2021\/#website\",\"url\":\"https:\/\/www.noticiasradioreflejos.com.ar\/2021\/\",\"name\":\"Noticias Radio Reflejos\",\"description\":\"Las noticias de mi comarca\",\"potentialAction\":[{\"@type\":\"SearchAction\",\"target\":{\"@type\":\"EntryPoint\",\"urlTemplate\":\"https:\/\/www.noticiasradioreflejos.com.ar\/2021\/?s={search_term_string}\"},\"query-input\":{\"@type\":\"PropertyValueSpecification\",\"valueRequired\":true,\"valueName\":\"search_term_string\"}}],\"inLanguage\":\"es\"},{\"@type\":\"Person\",\"@id\":\"https:\/\/www.noticiasradioreflejos.com.ar\/2021\/#\/schema\/person\/ad82545263dcc5ec0996818884fd5fb1\",\"name\":\"Arnaldo Botto\",\"image\":{\"@type\":\"ImageObject\",\"inLanguage\":\"es\",\"@id\":\"https:\/\/www.noticiasradioreflejos.com.ar\/2021\/#\/schema\/person\/image\/\",\"url\":\"https:\/\/secure.gravatar.com\/avatar\/55cb5e37c1efa326397366e6974cb338056df65cb50e7d64d1cf314e87504837?s=96&d=mm&r=g\",\"contentUrl\":\"https:\/\/secure.gravatar.com\/avatar\/55cb5e37c1efa326397366e6974cb338056df65cb50e7d64d1cf314e87504837?s=96&d=mm&r=g\",\"caption\":\"Arnaldo Botto\"},\"url\":\"https:\/\/www.noticiasradioreflejos.com.ar\/2021\/author\/arnaldo\/\"}]}<\/script>\n<!-- \/ Yoast SEO plugin. -->","yoast_head_json":{"title":"El municipio cedi\u00f3 un predio al sindicato de Papeleros para la creaci\u00f3n de un espacio de esparcimiento - Noticias Radio Reflejos","robots":{"index":"index","follow":"follow","max-snippet":"max-snippet:-1","max-image-preview":"max-image-preview:large","max-video-preview":"max-video-preview:-1"},"canonical":"https:\/\/www.noticiasradioreflejos.com.ar\/2021\/el-municipio-cedio-un-predio-al-sindicato-de-papeleros-para-la-creacion-de-un-espacio-de-esparcimiento\/","og_locale":"es_ES","og_type":"article","og_title":"El municipio cedi\u00f3 un predio al sindicato de Papeleros para la creaci\u00f3n de un espacio de esparcimiento - Noticias Radio Reflejos","og_description":"El intendente Sergio Bordoni firm\u00f3 hoy, lunes 23 por la tarde, un convenio con el Sindicato de Papeleros mediante el cual el Municipio cede, por 20 a\u00f1os, un predio para la refacci\u00f3n y construcci\u00f3n de un espacio para el esparcimiento.","og_url":"https:\/\/www.noticiasradioreflejos.com.ar\/2021\/el-municipio-cedio-un-predio-al-sindicato-de-papeleros-para-la-creacion-de-un-espacio-de-esparcimiento\/","og_site_name":"Noticias Radio Reflejos","article_published_time":"2019-09-23T20:48:53+00:00","og_image":[{"width":300,"height":200,"url":"https:\/\/www.noticiasradioreflejos.com.ar\/2021\/wp-content\/uploads\/2021\/07\/logosol300x200.png","type":"image\/png"}],"author":"Arnaldo Botto","twitter_card":"summary_large_image","schema":{"@context":"https:\/\/schema.org","@graph":[{"@type":"WebPage","@id":"https:\/\/www.noticiasradioreflejos.com.ar\/2021\/el-municipio-cedio-un-predio-al-sindicato-de-papeleros-para-la-creacion-de-un-espacio-de-esparcimiento\/","url":"https:\/\/www.noticiasradioreflejos.com.ar\/2021\/el-municipio-cedio-un-predio-al-sindicato-de-papeleros-para-la-creacion-de-un-espacio-de-esparcimiento\/","name":"El municipio cedi\u00f3 un predio al sindicato de Papeleros para la creaci\u00f3n de un espacio de esparcimiento - Noticias Radio Reflejos","isPartOf":{"@id":"https:\/\/www.noticiasradioreflejos.com.ar\/2021\/#website"},"datePublished":"2019-09-23T20:48:53+00:00","author":{"@id":"https:\/\/www.noticiasradioreflejos.com.ar\/2021\/#\/schema\/person\/ad82545263dcc5ec0996818884fd5fb1"},"breadcrumb":{"@id":"https:\/\/www.noticiasradioreflejos.com.ar\/2021\/el-municipio-cedio-un-predio-al-sindicato-de-papeleros-para-la-creacion-de-un-espacio-de-esparcimiento\/#breadcrumb"},"inLanguage":"es","potentialAction":[{"@type":"ReadAction","target":["https:\/\/www.noticiasradioreflejos.com.ar\/2021\/el-municipio-cedio-un-predio-al-sindicato-de-papeleros-para-la-creacion-de-un-espacio-de-esparcimiento\/"]}]},{"@type":"BreadcrumbList","@id":"https:\/\/www.noticiasradioreflejos.com.ar\/2021\/el-municipio-cedio-un-predio-al-sindicato-de-papeleros-para-la-creacion-de-un-espacio-de-esparcimiento\/#breadcrumb","itemListElement":[{"@type":"ListItem","position":1,"name":"Portada","item":"https:\/\/www.noticiasradioreflejos.com.ar\/2021\/"},{"@type":"ListItem","position":2,"name":"El municipio cedi\u00f3 un predio al sindicato de Papeleros para la creaci\u00f3n de un espacio de esparcimiento"}]},{"@type":"WebSite","@id":"https:\/\/www.noticiasradioreflejos.com.ar\/2021\/#website","url":"https:\/\/www.noticiasradioreflejos.com.ar\/2021\/","name":"Noticias Radio Reflejos","description":"Las noticias de mi comarca","potentialAction":[{"@type":"SearchAction","target":{"@type":"EntryPoint","urlTemplate":"https:\/\/www.noticiasradioreflejos.com.ar\/2021\/?s={search_term_string}"},"query-input":{"@type":"PropertyValueSpecification","valueRequired":true,"valueName":"search_term_string"}}],"inLanguage":"es"},{"@type":"Person","@id":"https:\/\/www.noticiasradioreflejos.com.ar\/2021\/#\/schema\/person\/ad82545263dcc5ec0996818884fd5fb1","name":"Arnaldo Botto","image":{"@type":"ImageObject","inLanguage":"es","@id":"https:\/\/www.noticiasradioreflejos.com.ar\/2021\/#\/schema\/person\/image\/","url":"https:\/\/secure.gravatar.com\/avatar\/55cb5e37c1efa326397366e6974cb338056df65cb50e7d64d1cf314e87504837?s=96&d=mm&r=g","contentUrl":"https:\/\/secure.gravatar.com\/avatar\/55cb5e37c1efa326397366e6974cb338056df65cb50e7d64d1cf314e87504837?s=96&d=mm&r=g","caption":"Arnaldo Botto"},"url":"https:\/\/www.noticiasradioreflejos.com.ar\/2021\/author\/arnaldo\/"}]}},"_links":{"self":[{"href":"https:\/\/www.noticiasradioreflejos.com.ar\/2021\/wp-json\/wp\/v2\/posts\/34995","targetHints":{"allow":["GET"]}}],"collection":[{"href":"https:\/\/www.noticiasradioreflejos.com.ar\/2021\/wp-json\/wp\/v2\/posts"}],"about":[{"href":"https:\/\/www.noticiasradioreflejos.com.ar\/2021\/wp-json\/wp\/v2\/types\/post"}],"author":[{"embeddable":true,"href":"https:\/\/www.noticiasradioreflejos.com.ar\/2021\/wp-json\/wp\/v2\/users\/3"}],"replies":[{"embeddable":true,"href":"https:\/\/www.noticiasradioreflejos.com.ar\/2021\/wp-json\/wp\/v2\/comments?post=34995"}],"version-history":[{"count":0,"href":"https:\/\/www.noticiasradioreflejos.com.ar\/2021\/wp-json\/wp\/v2\/posts\/34995\/revisions"}],"wp:attachment":[{"href":"https:\/\/www.noticiasradioreflejos.com.ar\/2021\/wp-json\/wp\/v2\/media?parent=34995"}],"wp:term":[{"taxonomy":"category","embeddable":true,"href":"https:\/\/www.noticiasradioreflejos.com.ar\/2021\/wp-json\/wp\/v2\/categories?post=34995"},{"taxonomy":"post_tag","embeddable":true,"href":"https:\/\/www.noticiasradioreflejos.com.ar\/2021\/wp-json\/wp\/v2\/tags?post=34995"}],"curies":[{"name":"wp","href":"https:\/\/api.w.org\/{rel}","templated":true}]}}