{"id":34972,"date":"2019-09-23T12:58:17","date_gmt":"2019-09-23T15:58:17","guid":{"rendered":"http:\/\/www.noticiasradioreflejos.com.ar\/noticias\/?p=34972"},"modified":"2019-09-23T12:58:17","modified_gmt":"2019-09-23T15:58:17","slug":"bomberos-sierra-de-la-ventana-celebrara-su-46-aniversario-con-desfile-y-cena-show","status":"publish","type":"post","link":"https:\/\/www.noticiasradioreflejos.com.ar\/2021\/bomberos-sierra-de-la-ventana-celebrara-su-46-aniversario-con-desfile-y-cena-show\/","title":{"rendered":"Bomberos Sierra de la Ventana celebrar\u00e1 su 46\u00b0 Aniversario con desfile y cena show."},"content":{"rendered":"<p>El Cuartel de Bomberos Voluntarios de Sierra de la Ventana celebrar\u00e1 el pr\u00f3ximo 12 de octubre su 46\u00b0 Aniversario. Para este a\u00f1o, se prepara un gran desfile, donde participan instituciones locales, cuarteles de bomberos de la regi\u00f3n, pe\u00f1as folcl\u00f3ricas y agrupaciones tradicionalistas. As\u00ed lo anunciaron en nuestros estudios, el Presidente de la Instituci\u00f3n Sergio Dom\u00ednguez y el Jefe del cuerpo Activo Gustavo De Vizia.<!--more--><br \/>\n\u00abEste a\u00f1o sumamos el desfile\u00bb nos dec\u00eda en el comienzo de la nota el Jefe De Vizia, agregando que la idea se hab\u00eda originado hace dos a\u00f1os, aunque debieron suspender la actividad por las inclemencias del tiempo.<br \/>\nEl s\u00e1bado 12 de octubre desde las 16 hs, la Av. San Mart\u00edn ser\u00e1 el escenarios de un gran desfile, que se sumar\u00e1 a la Cena y Baile que preparan para la noche del mismo d\u00eda, donde servir\u00e1n un deliciosa cena que tendr\u00e1 la presencia del grupo Holocausto 2000 para ofrecer la opci\u00f3n bailable a los presentes.<br \/>\nPor su parte, Dominguez puntualiz\u00f3: \u00abEs muy importante que la comunidad vea y conozca la actividad de cada instituci\u00f3n de nuestra localidad y esta es es la oportunidad.<br \/>\nComo detalle informativo, recordemos que desde hace mas de una d\u00e9cada que no se realizan desfiles de estas caracter\u00edsticas en la la localidad. Para quienes quieran participar de la cena, podr\u00e1n hacer las reservas en la guardia del cuartel en horario corrido.<br \/>\n<iframe loading=\"lazy\" src=\"https:\/\/w.soundcloud.com\/player\/?url=https%3A\/\/api.soundcloud.com\/tracks\/685573300&amp;color=%23ff5500&amp;auto_play=false&amp;hide_related=false&amp;show_comments=true&amp;show_user=true&amp;show_reposts=false&amp;show_teaser=true\" width=\"100%\" height=\"166\" frameborder=\"no\" scrolling=\"no\"><\/iframe><\/p>\n","protected":false},"excerpt":{"rendered":"<p>El Cuartel de Bomberos Voluntarios de Sierra de la Ventana celebrar\u00e1 el pr\u00f3ximo 12 de octubre su 46\u00b0 Aniversario. Para este a\u00f1o, se prepara un gran desfile, donde participan instituciones locales, cuarteles de bomberos de la regi\u00f3n, pe\u00f1as folcl\u00f3ricas y agrupaciones tradicionalistas. As\u00ed lo anunciaron en nuestros estudios, el Presidente de la Instituci\u00f3n Sergio Dom\u00ednguez [&hellip;]<\/p>\n","protected":false},"author":3,"featured_media":34973,"comment_status":"closed","ping_status":"open","sticky":false,"template":"","format":"standard","meta":{"footnotes":""},"categories":[26],"tags":[],"class_list":["post-34972","post","type-post","status-publish","format-standard","has-post-thumbnail","hentry","category-sociedad"],"yoast_head":"<!-- This site is optimized with the Yoast SEO plugin v25.9 - https:\/\/yoast.com\/wordpress\/plugins\/seo\/ -->\n<title>Bomberos Sierra de la Ventana celebrar\u00e1 su 46\u00b0 Aniversario con desfile y cena show. - Noticias Radio Reflejos<\/title>\n<meta name=\"robots\" content=\"index, follow, max-snippet:-1, max-image-preview:large, max-video-preview:-1\" \/>\n<link rel=\"canonical\" href=\"https:\/\/www.noticiasradioreflejos.com.ar\/2021\/bomberos-sierra-de-la-ventana-celebrara-su-46-aniversario-con-desfile-y-cena-show\/\" \/>\n<meta property=\"og:locale\" content=\"es_ES\" \/>\n<meta property=\"og:type\" content=\"article\" \/>\n<meta property=\"og:title\" content=\"Bomberos Sierra de la Ventana celebrar\u00e1 su 46\u00b0 Aniversario con desfile y cena show. - Noticias Radio Reflejos\" \/>\n<meta property=\"og:description\" content=\"El Cuartel de Bomberos Voluntarios de Sierra de la Ventana celebrar\u00e1 el pr\u00f3ximo 12 de octubre su 46\u00b0 Aniversario. Para este a\u00f1o, se prepara un gran desfile, donde participan instituciones locales, cuarteles de bomberos de la regi\u00f3n, pe\u00f1as folcl\u00f3ricas y agrupaciones tradicionalistas. As\u00ed lo anunciaron en nuestros estudios, el Presidente de la Instituci\u00f3n Sergio Dom\u00ednguez [&hellip;]\" \/>\n<meta property=\"og:url\" content=\"https:\/\/www.noticiasradioreflejos.com.ar\/2021\/bomberos-sierra-de-la-ventana-celebrara-su-46-aniversario-con-desfile-y-cena-show\/\" \/>\n<meta property=\"og:site_name\" content=\"Noticias Radio Reflejos\" \/>\n<meta property=\"article:published_time\" content=\"2019-09-23T15:58:17+00:00\" \/>\n<meta property=\"og:image\" content=\"https:\/\/www.noticiasradioreflejos.com.ar\/2021\/wp-content\/uploads\/2019\/09\/Bomberos-sierra.jpg\" \/>\n\t<meta property=\"og:image:width\" content=\"960\" \/>\n\t<meta property=\"og:image:height\" content=\"540\" \/>\n\t<meta property=\"og:image:type\" content=\"image\/jpeg\" \/>\n<meta name=\"author\" content=\"Arnaldo Botto\" \/>\n<meta name=\"twitter:card\" content=\"summary_large_image\" \/>\n<script type=\"application\/ld+json\" class=\"yoast-schema-graph\">{\"@context\":\"https:\/\/schema.org\",\"@graph\":[{\"@type\":\"WebPage\",\"@id\":\"https:\/\/www.noticiasradioreflejos.com.ar\/2021\/bomberos-sierra-de-la-ventana-celebrara-su-46-aniversario-con-desfile-y-cena-show\/\",\"url\":\"https:\/\/www.noticiasradioreflejos.com.ar\/2021\/bomberos-sierra-de-la-ventana-celebrara-su-46-aniversario-con-desfile-y-cena-show\/\",\"name\":\"Bomberos Sierra de la Ventana celebrar\u00e1 su 46\u00b0 Aniversario con desfile y cena show. - Noticias Radio Reflejos\",\"isPartOf\":{\"@id\":\"https:\/\/www.noticiasradioreflejos.com.ar\/2021\/#website\"},\"primaryImageOfPage\":{\"@id\":\"https:\/\/www.noticiasradioreflejos.com.ar\/2021\/bomberos-sierra-de-la-ventana-celebrara-su-46-aniversario-con-desfile-y-cena-show\/#primaryimage\"},\"image\":{\"@id\":\"https:\/\/www.noticiasradioreflejos.com.ar\/2021\/bomberos-sierra-de-la-ventana-celebrara-su-46-aniversario-con-desfile-y-cena-show\/#primaryimage\"},\"thumbnailUrl\":\"https:\/\/www.noticiasradioreflejos.com.ar\/2021\/wp-content\/uploads\/2019\/09\/Bomberos-sierra.jpg\",\"datePublished\":\"2019-09-23T15:58:17+00:00\",\"author\":{\"@id\":\"https:\/\/www.noticiasradioreflejos.com.ar\/2021\/#\/schema\/person\/ad82545263dcc5ec0996818884fd5fb1\"},\"breadcrumb\":{\"@id\":\"https:\/\/www.noticiasradioreflejos.com.ar\/2021\/bomberos-sierra-de-la-ventana-celebrara-su-46-aniversario-con-desfile-y-cena-show\/#breadcrumb\"},\"inLanguage\":\"es\",\"potentialAction\":[{\"@type\":\"ReadAction\",\"target\":[\"https:\/\/www.noticiasradioreflejos.com.ar\/2021\/bomberos-sierra-de-la-ventana-celebrara-su-46-aniversario-con-desfile-y-cena-show\/\"]}]},{\"@type\":\"ImageObject\",\"inLanguage\":\"es\",\"@id\":\"https:\/\/www.noticiasradioreflejos.com.ar\/2021\/bomberos-sierra-de-la-ventana-celebrara-su-46-aniversario-con-desfile-y-cena-show\/#primaryimage\",\"url\":\"https:\/\/www.noticiasradioreflejos.com.ar\/2021\/wp-content\/uploads\/2019\/09\/Bomberos-sierra.jpg\",\"contentUrl\":\"https:\/\/www.noticiasradioreflejos.com.ar\/2021\/wp-content\/uploads\/2019\/09\/Bomberos-sierra.jpg\",\"width\":960,\"height\":540},{\"@type\":\"BreadcrumbList\",\"@id\":\"https:\/\/www.noticiasradioreflejos.com.ar\/2021\/bomberos-sierra-de-la-ventana-celebrara-su-46-aniversario-con-desfile-y-cena-show\/#breadcrumb\",\"itemListElement\":[{\"@type\":\"ListItem\",\"position\":1,\"name\":\"Portada\",\"item\":\"https:\/\/www.noticiasradioreflejos.com.ar\/2021\/\"},{\"@type\":\"ListItem\",\"position\":2,\"name\":\"Bomberos Sierra de la Ventana celebrar\u00e1 su 46\u00b0 Aniversario con desfile y cena show.\"}]},{\"@type\":\"WebSite\",\"@id\":\"https:\/\/www.noticiasradioreflejos.com.ar\/2021\/#website\",\"url\":\"https:\/\/www.noticiasradioreflejos.com.ar\/2021\/\",\"name\":\"Noticias Radio Reflejos\",\"description\":\"Las noticias de mi comarca\",\"potentialAction\":[{\"@type\":\"SearchAction\",\"target\":{\"@type\":\"EntryPoint\",\"urlTemplate\":\"https:\/\/www.noticiasradioreflejos.com.ar\/2021\/?s={search_term_string}\"},\"query-input\":{\"@type\":\"PropertyValueSpecification\",\"valueRequired\":true,\"valueName\":\"search_term_string\"}}],\"inLanguage\":\"es\"},{\"@type\":\"Person\",\"@id\":\"https:\/\/www.noticiasradioreflejos.com.ar\/2021\/#\/schema\/person\/ad82545263dcc5ec0996818884fd5fb1\",\"name\":\"Arnaldo Botto\",\"image\":{\"@type\":\"ImageObject\",\"inLanguage\":\"es\",\"@id\":\"https:\/\/www.noticiasradioreflejos.com.ar\/2021\/#\/schema\/person\/image\/\",\"url\":\"https:\/\/secure.gravatar.com\/avatar\/55cb5e37c1efa326397366e6974cb338056df65cb50e7d64d1cf314e87504837?s=96&d=mm&r=g\",\"contentUrl\":\"https:\/\/secure.gravatar.com\/avatar\/55cb5e37c1efa326397366e6974cb338056df65cb50e7d64d1cf314e87504837?s=96&d=mm&r=g\",\"caption\":\"Arnaldo Botto\"},\"url\":\"https:\/\/www.noticiasradioreflejos.com.ar\/2021\/author\/arnaldo\/\"}]}<\/script>\n<!-- \/ Yoast SEO plugin. -->","yoast_head_json":{"title":"Bomberos Sierra de la Ventana celebrar\u00e1 su 46\u00b0 Aniversario con desfile y cena show. - Noticias Radio Reflejos","robots":{"index":"index","follow":"follow","max-snippet":"max-snippet:-1","max-image-preview":"max-image-preview:large","max-video-preview":"max-video-preview:-1"},"canonical":"https:\/\/www.noticiasradioreflejos.com.ar\/2021\/bomberos-sierra-de-la-ventana-celebrara-su-46-aniversario-con-desfile-y-cena-show\/","og_locale":"es_ES","og_type":"article","og_title":"Bomberos Sierra de la Ventana celebrar\u00e1 su 46\u00b0 Aniversario con desfile y cena show. - Noticias Radio Reflejos","og_description":"El Cuartel de Bomberos Voluntarios de Sierra de la Ventana celebrar\u00e1 el pr\u00f3ximo 12 de octubre su 46\u00b0 Aniversario. Para este a\u00f1o, se prepara un gran desfile, donde participan instituciones locales, cuarteles de bomberos de la regi\u00f3n, pe\u00f1as folcl\u00f3ricas y agrupaciones tradicionalistas. As\u00ed lo anunciaron en nuestros estudios, el Presidente de la Instituci\u00f3n Sergio Dom\u00ednguez [&hellip;]","og_url":"https:\/\/www.noticiasradioreflejos.com.ar\/2021\/bomberos-sierra-de-la-ventana-celebrara-su-46-aniversario-con-desfile-y-cena-show\/","og_site_name":"Noticias Radio Reflejos","article_published_time":"2019-09-23T15:58:17+00:00","og_image":[{"width":960,"height":540,"url":"https:\/\/www.noticiasradioreflejos.com.ar\/2021\/wp-content\/uploads\/2019\/09\/Bomberos-sierra.jpg","type":"image\/jpeg"}],"author":"Arnaldo Botto","twitter_card":"summary_large_image","schema":{"@context":"https:\/\/schema.org","@graph":[{"@type":"WebPage","@id":"https:\/\/www.noticiasradioreflejos.com.ar\/2021\/bomberos-sierra-de-la-ventana-celebrara-su-46-aniversario-con-desfile-y-cena-show\/","url":"https:\/\/www.noticiasradioreflejos.com.ar\/2021\/bomberos-sierra-de-la-ventana-celebrara-su-46-aniversario-con-desfile-y-cena-show\/","name":"Bomberos Sierra de la Ventana celebrar\u00e1 su 46\u00b0 Aniversario con desfile y cena show. - Noticias Radio Reflejos","isPartOf":{"@id":"https:\/\/www.noticiasradioreflejos.com.ar\/2021\/#website"},"primaryImageOfPage":{"@id":"https:\/\/www.noticiasradioreflejos.com.ar\/2021\/bomberos-sierra-de-la-ventana-celebrara-su-46-aniversario-con-desfile-y-cena-show\/#primaryimage"},"image":{"@id":"https:\/\/www.noticiasradioreflejos.com.ar\/2021\/bomberos-sierra-de-la-ventana-celebrara-su-46-aniversario-con-desfile-y-cena-show\/#primaryimage"},"thumbnailUrl":"https:\/\/www.noticiasradioreflejos.com.ar\/2021\/wp-content\/uploads\/2019\/09\/Bomberos-sierra.jpg","datePublished":"2019-09-23T15:58:17+00:00","author":{"@id":"https:\/\/www.noticiasradioreflejos.com.ar\/2021\/#\/schema\/person\/ad82545263dcc5ec0996818884fd5fb1"},"breadcrumb":{"@id":"https:\/\/www.noticiasradioreflejos.com.ar\/2021\/bomberos-sierra-de-la-ventana-celebrara-su-46-aniversario-con-desfile-y-cena-show\/#breadcrumb"},"inLanguage":"es","potentialAction":[{"@type":"ReadAction","target":["https:\/\/www.noticiasradioreflejos.com.ar\/2021\/bomberos-sierra-de-la-ventana-celebrara-su-46-aniversario-con-desfile-y-cena-show\/"]}]},{"@type":"ImageObject","inLanguage":"es","@id":"https:\/\/www.noticiasradioreflejos.com.ar\/2021\/bomberos-sierra-de-la-ventana-celebrara-su-46-aniversario-con-desfile-y-cena-show\/#primaryimage","url":"https:\/\/www.noticiasradioreflejos.com.ar\/2021\/wp-content\/uploads\/2019\/09\/Bomberos-sierra.jpg","contentUrl":"https:\/\/www.noticiasradioreflejos.com.ar\/2021\/wp-content\/uploads\/2019\/09\/Bomberos-sierra.jpg","width":960,"height":540},{"@type":"BreadcrumbList","@id":"https:\/\/www.noticiasradioreflejos.com.ar\/2021\/bomberos-sierra-de-la-ventana-celebrara-su-46-aniversario-con-desfile-y-cena-show\/#breadcrumb","itemListElement":[{"@type":"ListItem","position":1,"name":"Portada","item":"https:\/\/www.noticiasradioreflejos.com.ar\/2021\/"},{"@type":"ListItem","position":2,"name":"Bomberos Sierra de la Ventana celebrar\u00e1 su 46\u00b0 Aniversario con desfile y cena show."}]},{"@type":"WebSite","@id":"https:\/\/www.noticiasradioreflejos.com.ar\/2021\/#website","url":"https:\/\/www.noticiasradioreflejos.com.ar\/2021\/","name":"Noticias Radio Reflejos","description":"Las noticias de mi comarca","potentialAction":[{"@type":"SearchAction","target":{"@type":"EntryPoint","urlTemplate":"https:\/\/www.noticiasradioreflejos.com.ar\/2021\/?s={search_term_string}"},"query-input":{"@type":"PropertyValueSpecification","valueRequired":true,"valueName":"search_term_string"}}],"inLanguage":"es"},{"@type":"Person","@id":"https:\/\/www.noticiasradioreflejos.com.ar\/2021\/#\/schema\/person\/ad82545263dcc5ec0996818884fd5fb1","name":"Arnaldo Botto","image":{"@type":"ImageObject","inLanguage":"es","@id":"https:\/\/www.noticiasradioreflejos.com.ar\/2021\/#\/schema\/person\/image\/","url":"https:\/\/secure.gravatar.com\/avatar\/55cb5e37c1efa326397366e6974cb338056df65cb50e7d64d1cf314e87504837?s=96&d=mm&r=g","contentUrl":"https:\/\/secure.gravatar.com\/avatar\/55cb5e37c1efa326397366e6974cb338056df65cb50e7d64d1cf314e87504837?s=96&d=mm&r=g","caption":"Arnaldo Botto"},"url":"https:\/\/www.noticiasradioreflejos.com.ar\/2021\/author\/arnaldo\/"}]}},"_links":{"self":[{"href":"https:\/\/www.noticiasradioreflejos.com.ar\/2021\/wp-json\/wp\/v2\/posts\/34972","targetHints":{"allow":["GET"]}}],"collection":[{"href":"https:\/\/www.noticiasradioreflejos.com.ar\/2021\/wp-json\/wp\/v2\/posts"}],"about":[{"href":"https:\/\/www.noticiasradioreflejos.com.ar\/2021\/wp-json\/wp\/v2\/types\/post"}],"author":[{"embeddable":true,"href":"https:\/\/www.noticiasradioreflejos.com.ar\/2021\/wp-json\/wp\/v2\/users\/3"}],"replies":[{"embeddable":true,"href":"https:\/\/www.noticiasradioreflejos.com.ar\/2021\/wp-json\/wp\/v2\/comments?post=34972"}],"version-history":[{"count":0,"href":"https:\/\/www.noticiasradioreflejos.com.ar\/2021\/wp-json\/wp\/v2\/posts\/34972\/revisions"}],"wp:featuredmedia":[{"embeddable":true,"href":"https:\/\/www.noticiasradioreflejos.com.ar\/2021\/wp-json\/wp\/v2\/media\/34973"}],"wp:attachment":[{"href":"https:\/\/www.noticiasradioreflejos.com.ar\/2021\/wp-json\/wp\/v2\/media?parent=34972"}],"wp:term":[{"taxonomy":"category","embeddable":true,"href":"https:\/\/www.noticiasradioreflejos.com.ar\/2021\/wp-json\/wp\/v2\/categories?post=34972"},{"taxonomy":"post_tag","embeddable":true,"href":"https:\/\/www.noticiasradioreflejos.com.ar\/2021\/wp-json\/wp\/v2\/tags?post=34972"}],"curies":[{"name":"wp","href":"https:\/\/api.w.org\/{rel}","templated":true}]}}