{"id":34928,"date":"2019-09-22T12:17:45","date_gmt":"2019-09-22T15:17:45","guid":{"rendered":"http:\/\/www.noticiasradioreflejos.com.ar\/noticias\/?p=34928"},"modified":"2019-09-22T12:17:45","modified_gmt":"2019-09-22T15:17:45","slug":"primavera-2019-con-inauguraciones-musica-en-vivo-y-eventos-culturales","status":"publish","type":"post","link":"https:\/\/www.noticiasradioreflejos.com.ar\/2021\/primavera-2019-con-inauguraciones-musica-en-vivo-y-eventos-culturales\/","title":{"rendered":"Primavera 2019 con inauguraciones, m\u00fasica en vivo, y eventos culturales."},"content":{"rendered":"<p><a href=\"http:\/\/www.noticiasradioreflejos.com.ar\/noticias\/wp-content\/uploads\/2019\/09\/Primav.-2019-10.jpg\"><img loading=\"lazy\" decoding=\"async\" class=\"alignleft size-medium wp-image-34931\" src=\"http:\/\/www.noticiasradioreflejos.com.ar\/noticias\/wp-content\/uploads\/2019\/09\/Primav.-2019-10-300x169.jpg\" alt=\"Primav. 2019 (10)\" width=\"300\" height=\"169\" \/><\/a>Sierra de la Ventana recibi\u00f3 esta primavera 2019 con variada propuesta cultural, la inauguraci\u00f3n de la 2da Etapa del Museo de la Trochita, bandas en vivo, gastronom\u00eda y feria de artesanos. <!--more--><br \/>\nUna jornada marcada por fuertes y fr\u00edos vientos del sudoeste, pero con un sol a pleno, se vivi\u00f3 en el Centro Cultural de Sierra de la Ventana. Desde las 11 de la ma\u00f1ana se habilitaron diferentes propuestas que inclu\u00edan talleres, muestras, feria de artesanos, puestos de comida y cervezas artesanales locales. Turistas y vecinos visitaron durante toda la jornada el predio, participando de las variadas propuestas. A la hora 17,00 se dio comienzo con el acto de inauguraci\u00f3n de la Segunda etapa del Museo de la Trochita. Participaron del mismo el Intendente Municipal, Sergio Bordoni, el Secretario de Gobierno Ezequiel Gabella, la Secretaria de Turismo Susana Dos Santos, el director de Turismo Mart\u00edn Olhaberry, las Concejales Graciela Bag\u00fa y Viviana Montibeller y el Delegado Municipal de la localidad, Hugo Polvara. El acto dio inicio con la locuci\u00f3n de Mar\u00eda Casas quien luego de una rese\u00f1a hist\u00f3rica alusiva al momento, invit\u00f3 al izamiento del pabell\u00f3n nacional al intendente y al presidente de la Asociaci\u00f3n Amigos de la Trochita, <strong>Jorge Sheffield<\/strong>.<br \/>\n<a href=\"http:\/\/www.noticiasradioreflejos.com.ar\/noticias\/wp-content\/uploads\/2019\/09\/Primav.-2019-25.jpg\"><img loading=\"lazy\" decoding=\"async\" class=\"alignleft size-medium wp-image-34932\" src=\"http:\/\/www.noticiasradioreflejos.com.ar\/noticias\/wp-content\/uploads\/2019\/09\/Primav.-2019-25-300x169.jpg\" alt=\"Primav. 2019 (25)\" width=\"300\" height=\"169\" \/><\/a>Seguidamente, Dardo Fern\u00e1ndez ley\u00f3 unas palabras alusivas y a posteriori, invitaron al uso de la palabra al Intendente Municipal.<br \/>\nFinalizado esto, se invit\u00f3 al p\u00fablico presente al corte de cintas, que estuvo a cargo de Bordoni, Dos Santos, Sheffield y \u00abYayo\u00bb Gonz\u00e1lez. Un \u00e1gape servido por integrantes de la asociaci\u00f3n tuvo lugar, mientras los participantes del acto visitaban las nuevas instalaciones.<br \/>\nEntretanto, las 5 hect\u00e1reas del predio del Centro Cultural eran aprovechadas por numerosas familias que llegaron a la Comarca para recibir esta primavera 2019. Desde las 18:30 hs, con el sol ya cayendo por detr\u00e1s del Cerro Tres Picos, la banda Forjados ofrec\u00eda desde el escenario montado en el lugar, covers de rock de todos los tiempos. Le siguieron Lizboa, y Rebenque.<br \/>\n<iframe loading=\"lazy\" src=\"https:\/\/w.soundcloud.com\/player\/?url=https%3A\/\/api.soundcloud.com\/tracks\/685042237&amp;color=%23ff5500&amp;auto_play=false&amp;hide_related=false&amp;show_comments=true&amp;show_user=true&amp;show_reposts=false&amp;show_teaser=true\" width=\"100%\" height=\"166\" frameborder=\"no\" scrolling=\"no\"><\/iframe><br \/>\n<iframe loading=\"lazy\" src=\"https:\/\/w.soundcloud.com\/player\/?url=https%3A\/\/api.soundcloud.com\/tracks\/685043959&amp;color=%23ff5500&amp;auto_play=false&amp;hide_related=false&amp;show_comments=true&amp;show_user=true&amp;show_reposts=false&amp;show_teaser=true\" width=\"100%\" height=\"166\" frameborder=\"no\" scrolling=\"no\"><\/iframe><br \/>\n<iframe loading=\"lazy\" src=\"https:\/\/w.soundcloud.com\/player\/?url=https%3A\/\/api.soundcloud.com\/tracks\/685045963&amp;color=%23ff5500&amp;auto_play=false&amp;hide_related=false&amp;show_comments=true&amp;show_user=true&amp;show_reposts=false&amp;show_teaser=true\" width=\"100%\" height=\"166\" frameborder=\"no\" scrolling=\"no\"><\/iframe><br \/>\n<a href=\"http:\/\/www.noticiasradioreflejos.com.ar\/noticias\/wp-content\/uploads\/2019\/09\/Primav.-2019-25.jpg\"><img loading=\"lazy\" decoding=\"async\" class=\"aligncenter size-large wp-image-34932\" src=\"http:\/\/www.noticiasradioreflejos.com.ar\/noticias\/wp-content\/uploads\/2019\/09\/Primav.-2019-25-1024x576.jpg\" alt=\"Primav. 2019 (25)\" width=\"1024\" height=\"576\" \/><\/a><br \/>\n<a href=\"http:\/\/www.noticiasradioreflejos.com.ar\/noticias\/wp-content\/uploads\/2019\/09\/Primav.-2019-31.jpg\"><img loading=\"lazy\" decoding=\"async\" class=\"aligncenter size-large wp-image-34933\" src=\"http:\/\/www.noticiasradioreflejos.com.ar\/noticias\/wp-content\/uploads\/2019\/09\/Primav.-2019-31-1024x576.jpg\" alt=\"Primav. 2019 (31)\" width=\"1024\" height=\"576\" \/><\/a><br \/>\n<a href=\"http:\/\/www.noticiasradioreflejos.com.ar\/noticias\/wp-content\/uploads\/2019\/09\/Primav.-2019-36.jpg\"><img loading=\"lazy\" decoding=\"async\" class=\"aligncenter size-large wp-image-34934\" src=\"http:\/\/www.noticiasradioreflejos.com.ar\/noticias\/wp-content\/uploads\/2019\/09\/Primav.-2019-36-1024x576.jpg\" alt=\"Primav. 2019 (36)\" width=\"1024\" height=\"576\" \/><\/a><br \/>\n<a href=\"http:\/\/www.noticiasradioreflejos.com.ar\/noticias\/wp-content\/uploads\/2019\/09\/Primav.-2019-58.jpg\"><img loading=\"lazy\" decoding=\"async\" class=\"aligncenter size-large wp-image-34930\" src=\"http:\/\/www.noticiasradioreflejos.com.ar\/noticias\/wp-content\/uploads\/2019\/09\/Primav.-2019-58-1024x576.jpg\" alt=\"Primav. 2019 (58)\" width=\"1024\" height=\"576\" \/><\/a><br \/>\n<a href=\"http:\/\/www.noticiasradioreflejos.com.ar\/noticias\/wp-content\/uploads\/2019\/09\/Primav.-2019-51.jpg\"><img loading=\"lazy\" decoding=\"async\" class=\"aligncenter size-large wp-image-34935\" src=\"http:\/\/www.noticiasradioreflejos.com.ar\/noticias\/wp-content\/uploads\/2019\/09\/Primav.-2019-51-1024x576.jpg\" alt=\"Primav. 2019 (51)\" width=\"1024\" height=\"576\" \/><\/a><br \/>\n<a href=\"https:\/\/www.facebook.com\/pg\/NoticiasRadioReflejos\/photos\/?tab=album&amp;album_id=913602965674279\"><strong>Ver Fotos<\/strong><\/a><br \/>\nPara este domingo 22, contin\u00faan las propuestas en el Centro Cultural con el siguiente programa de actividades:\u00a0 \u00a0 \u00a0 \u00a0 \u00a0 \u00a0 \u00a0 11:30 hs: Taller de costura \u201cPrimeros pasos para dise\u00f1ar tu indumentaria\u00bb , a cargo de Asociaci\u00f3n Artesanos y Productores.<br \/>\n14 hs: Taller de cotidi\u00e1fonos \u201cVen\u00ed a hacer tu propio instrumento\u201d, a cargo de Asociaci\u00f3n Artesanos y Productores.<br \/>\n15 hs:\u00a0 \u00abFede y Tito\u201d, magia y humor.<br \/>\n16 hs: Zumba, clase abierta a cargo de Ale Medina.<br \/>\n16.30 hs: Taller de Birra \u201cAprend\u00e9 a hacer tu propia cerveza\u201d, a cargo de Asociaci\u00f3n Artesanos y Productores.<br \/>\n17 hs: \u201cMate\u201d, Pop Rock.<br \/>\n18 hs: \u201cGrupo Pasi\u00f3n\u201d, cumbia.\u00a0 \u00a0 \u00a0 \u00a0 \u00a0 \u00a0 \u00a0 \u00a0 \u00a0 \u00a0 \u00a0 \u00a0 \u00a0 \u00a0 19 hs: \u201cThe Chimenea\u201d, Rock.<\/p>\n","protected":false},"excerpt":{"rendered":"<p>Sierra de la Ventana recibi\u00f3 esta primavera 2019 con variada propuesta cultural, la inauguraci\u00f3n de la 2da Etapa del Museo de la Trochita, bandas en vivo, gastronom\u00eda y feria de artesanos.<\/p>\n","protected":false},"author":3,"featured_media":0,"comment_status":"closed","ping_status":"open","sticky":false,"template":"","format":"standard","meta":{"footnotes":""},"categories":[26],"tags":[],"class_list":["post-34928","post","type-post","status-publish","format-standard","hentry","category-sociedad"],"yoast_head":"<!-- This site is optimized with the Yoast SEO plugin v25.9 - https:\/\/yoast.com\/wordpress\/plugins\/seo\/ -->\n<title>Primavera 2019 con inauguraciones, m\u00fasica en vivo, y eventos culturales. - Noticias Radio Reflejos<\/title>\n<meta name=\"robots\" content=\"index, follow, max-snippet:-1, max-image-preview:large, max-video-preview:-1\" \/>\n<link rel=\"canonical\" href=\"https:\/\/www.noticiasradioreflejos.com.ar\/2021\/primavera-2019-con-inauguraciones-musica-en-vivo-y-eventos-culturales\/\" \/>\n<meta property=\"og:locale\" content=\"es_ES\" \/>\n<meta property=\"og:type\" content=\"article\" \/>\n<meta property=\"og:title\" content=\"Primavera 2019 con inauguraciones, m\u00fasica en vivo, y eventos culturales. - Noticias Radio Reflejos\" \/>\n<meta property=\"og:description\" content=\"Sierra de la Ventana recibi\u00f3 esta primavera 2019 con variada propuesta cultural, la inauguraci\u00f3n de la 2da Etapa del Museo de la Trochita, bandas en vivo, gastronom\u00eda y feria de artesanos.\" \/>\n<meta property=\"og:url\" content=\"https:\/\/www.noticiasradioreflejos.com.ar\/2021\/primavera-2019-con-inauguraciones-musica-en-vivo-y-eventos-culturales\/\" \/>\n<meta property=\"og:site_name\" content=\"Noticias Radio Reflejos\" \/>\n<meta property=\"article:published_time\" content=\"2019-09-22T15:17:45+00:00\" \/>\n<meta property=\"og:image\" content=\"https:\/\/www.noticiasradioreflejos.com.ar\/2021\/wp-content\/uploads\/2021\/07\/logosol300x200.png\" \/>\n\t<meta property=\"og:image:width\" content=\"300\" \/>\n\t<meta property=\"og:image:height\" content=\"200\" \/>\n\t<meta property=\"og:image:type\" content=\"image\/png\" \/>\n<meta name=\"author\" content=\"Arnaldo Botto\" \/>\n<meta name=\"twitter:card\" content=\"summary_large_image\" \/>\n<script type=\"application\/ld+json\" class=\"yoast-schema-graph\">{\"@context\":\"https:\/\/schema.org\",\"@graph\":[{\"@type\":\"WebPage\",\"@id\":\"https:\/\/www.noticiasradioreflejos.com.ar\/2021\/primavera-2019-con-inauguraciones-musica-en-vivo-y-eventos-culturales\/\",\"url\":\"https:\/\/www.noticiasradioreflejos.com.ar\/2021\/primavera-2019-con-inauguraciones-musica-en-vivo-y-eventos-culturales\/\",\"name\":\"Primavera 2019 con inauguraciones, m\u00fasica en vivo, y eventos culturales. - Noticias Radio Reflejos\",\"isPartOf\":{\"@id\":\"https:\/\/www.noticiasradioreflejos.com.ar\/2021\/#website\"},\"primaryImageOfPage\":{\"@id\":\"https:\/\/www.noticiasradioreflejos.com.ar\/2021\/primavera-2019-con-inauguraciones-musica-en-vivo-y-eventos-culturales\/#primaryimage\"},\"image\":{\"@id\":\"https:\/\/www.noticiasradioreflejos.com.ar\/2021\/primavera-2019-con-inauguraciones-musica-en-vivo-y-eventos-culturales\/#primaryimage\"},\"thumbnailUrl\":\"http:\/\/www.noticiasradioreflejos.com.ar\/noticias\/wp-content\/uploads\/2019\/09\/Primav.-2019-10-300x169.jpg\",\"datePublished\":\"2019-09-22T15:17:45+00:00\",\"author\":{\"@id\":\"https:\/\/www.noticiasradioreflejos.com.ar\/2021\/#\/schema\/person\/ad82545263dcc5ec0996818884fd5fb1\"},\"breadcrumb\":{\"@id\":\"https:\/\/www.noticiasradioreflejos.com.ar\/2021\/primavera-2019-con-inauguraciones-musica-en-vivo-y-eventos-culturales\/#breadcrumb\"},\"inLanguage\":\"es\",\"potentialAction\":[{\"@type\":\"ReadAction\",\"target\":[\"https:\/\/www.noticiasradioreflejos.com.ar\/2021\/primavera-2019-con-inauguraciones-musica-en-vivo-y-eventos-culturales\/\"]}]},{\"@type\":\"ImageObject\",\"inLanguage\":\"es\",\"@id\":\"https:\/\/www.noticiasradioreflejos.com.ar\/2021\/primavera-2019-con-inauguraciones-musica-en-vivo-y-eventos-culturales\/#primaryimage\",\"url\":\"http:\/\/www.noticiasradioreflejos.com.ar\/noticias\/wp-content\/uploads\/2019\/09\/Primav.-2019-10-300x169.jpg\",\"contentUrl\":\"http:\/\/www.noticiasradioreflejos.com.ar\/noticias\/wp-content\/uploads\/2019\/09\/Primav.-2019-10-300x169.jpg\"},{\"@type\":\"BreadcrumbList\",\"@id\":\"https:\/\/www.noticiasradioreflejos.com.ar\/2021\/primavera-2019-con-inauguraciones-musica-en-vivo-y-eventos-culturales\/#breadcrumb\",\"itemListElement\":[{\"@type\":\"ListItem\",\"position\":1,\"name\":\"Portada\",\"item\":\"https:\/\/www.noticiasradioreflejos.com.ar\/2021\/\"},{\"@type\":\"ListItem\",\"position\":2,\"name\":\"Primavera 2019 con inauguraciones, m\u00fasica en vivo, y eventos culturales.\"}]},{\"@type\":\"WebSite\",\"@id\":\"https:\/\/www.noticiasradioreflejos.com.ar\/2021\/#website\",\"url\":\"https:\/\/www.noticiasradioreflejos.com.ar\/2021\/\",\"name\":\"Noticias Radio Reflejos\",\"description\":\"Las noticias de mi comarca\",\"potentialAction\":[{\"@type\":\"SearchAction\",\"target\":{\"@type\":\"EntryPoint\",\"urlTemplate\":\"https:\/\/www.noticiasradioreflejos.com.ar\/2021\/?s={search_term_string}\"},\"query-input\":{\"@type\":\"PropertyValueSpecification\",\"valueRequired\":true,\"valueName\":\"search_term_string\"}}],\"inLanguage\":\"es\"},{\"@type\":\"Person\",\"@id\":\"https:\/\/www.noticiasradioreflejos.com.ar\/2021\/#\/schema\/person\/ad82545263dcc5ec0996818884fd5fb1\",\"name\":\"Arnaldo Botto\",\"image\":{\"@type\":\"ImageObject\",\"inLanguage\":\"es\",\"@id\":\"https:\/\/www.noticiasradioreflejos.com.ar\/2021\/#\/schema\/person\/image\/\",\"url\":\"https:\/\/secure.gravatar.com\/avatar\/55cb5e37c1efa326397366e6974cb338056df65cb50e7d64d1cf314e87504837?s=96&d=mm&r=g\",\"contentUrl\":\"https:\/\/secure.gravatar.com\/avatar\/55cb5e37c1efa326397366e6974cb338056df65cb50e7d64d1cf314e87504837?s=96&d=mm&r=g\",\"caption\":\"Arnaldo Botto\"},\"url\":\"https:\/\/www.noticiasradioreflejos.com.ar\/2021\/author\/arnaldo\/\"}]}<\/script>\n<!-- \/ Yoast SEO plugin. -->","yoast_head_json":{"title":"Primavera 2019 con inauguraciones, m\u00fasica en vivo, y eventos culturales. - Noticias Radio Reflejos","robots":{"index":"index","follow":"follow","max-snippet":"max-snippet:-1","max-image-preview":"max-image-preview:large","max-video-preview":"max-video-preview:-1"},"canonical":"https:\/\/www.noticiasradioreflejos.com.ar\/2021\/primavera-2019-con-inauguraciones-musica-en-vivo-y-eventos-culturales\/","og_locale":"es_ES","og_type":"article","og_title":"Primavera 2019 con inauguraciones, m\u00fasica en vivo, y eventos culturales. - Noticias Radio Reflejos","og_description":"Sierra de la Ventana recibi\u00f3 esta primavera 2019 con variada propuesta cultural, la inauguraci\u00f3n de la 2da Etapa del Museo de la Trochita, bandas en vivo, gastronom\u00eda y feria de artesanos.","og_url":"https:\/\/www.noticiasradioreflejos.com.ar\/2021\/primavera-2019-con-inauguraciones-musica-en-vivo-y-eventos-culturales\/","og_site_name":"Noticias Radio Reflejos","article_published_time":"2019-09-22T15:17:45+00:00","og_image":[{"width":300,"height":200,"url":"https:\/\/www.noticiasradioreflejos.com.ar\/2021\/wp-content\/uploads\/2021\/07\/logosol300x200.png","type":"image\/png"}],"author":"Arnaldo Botto","twitter_card":"summary_large_image","schema":{"@context":"https:\/\/schema.org","@graph":[{"@type":"WebPage","@id":"https:\/\/www.noticiasradioreflejos.com.ar\/2021\/primavera-2019-con-inauguraciones-musica-en-vivo-y-eventos-culturales\/","url":"https:\/\/www.noticiasradioreflejos.com.ar\/2021\/primavera-2019-con-inauguraciones-musica-en-vivo-y-eventos-culturales\/","name":"Primavera 2019 con inauguraciones, m\u00fasica en vivo, y eventos culturales. - Noticias Radio Reflejos","isPartOf":{"@id":"https:\/\/www.noticiasradioreflejos.com.ar\/2021\/#website"},"primaryImageOfPage":{"@id":"https:\/\/www.noticiasradioreflejos.com.ar\/2021\/primavera-2019-con-inauguraciones-musica-en-vivo-y-eventos-culturales\/#primaryimage"},"image":{"@id":"https:\/\/www.noticiasradioreflejos.com.ar\/2021\/primavera-2019-con-inauguraciones-musica-en-vivo-y-eventos-culturales\/#primaryimage"},"thumbnailUrl":"http:\/\/www.noticiasradioreflejos.com.ar\/noticias\/wp-content\/uploads\/2019\/09\/Primav.-2019-10-300x169.jpg","datePublished":"2019-09-22T15:17:45+00:00","author":{"@id":"https:\/\/www.noticiasradioreflejos.com.ar\/2021\/#\/schema\/person\/ad82545263dcc5ec0996818884fd5fb1"},"breadcrumb":{"@id":"https:\/\/www.noticiasradioreflejos.com.ar\/2021\/primavera-2019-con-inauguraciones-musica-en-vivo-y-eventos-culturales\/#breadcrumb"},"inLanguage":"es","potentialAction":[{"@type":"ReadAction","target":["https:\/\/www.noticiasradioreflejos.com.ar\/2021\/primavera-2019-con-inauguraciones-musica-en-vivo-y-eventos-culturales\/"]}]},{"@type":"ImageObject","inLanguage":"es","@id":"https:\/\/www.noticiasradioreflejos.com.ar\/2021\/primavera-2019-con-inauguraciones-musica-en-vivo-y-eventos-culturales\/#primaryimage","url":"http:\/\/www.noticiasradioreflejos.com.ar\/noticias\/wp-content\/uploads\/2019\/09\/Primav.-2019-10-300x169.jpg","contentUrl":"http:\/\/www.noticiasradioreflejos.com.ar\/noticias\/wp-content\/uploads\/2019\/09\/Primav.-2019-10-300x169.jpg"},{"@type":"BreadcrumbList","@id":"https:\/\/www.noticiasradioreflejos.com.ar\/2021\/primavera-2019-con-inauguraciones-musica-en-vivo-y-eventos-culturales\/#breadcrumb","itemListElement":[{"@type":"ListItem","position":1,"name":"Portada","item":"https:\/\/www.noticiasradioreflejos.com.ar\/2021\/"},{"@type":"ListItem","position":2,"name":"Primavera 2019 con inauguraciones, m\u00fasica en vivo, y eventos culturales."}]},{"@type":"WebSite","@id":"https:\/\/www.noticiasradioreflejos.com.ar\/2021\/#website","url":"https:\/\/www.noticiasradioreflejos.com.ar\/2021\/","name":"Noticias Radio Reflejos","description":"Las noticias de mi comarca","potentialAction":[{"@type":"SearchAction","target":{"@type":"EntryPoint","urlTemplate":"https:\/\/www.noticiasradioreflejos.com.ar\/2021\/?s={search_term_string}"},"query-input":{"@type":"PropertyValueSpecification","valueRequired":true,"valueName":"search_term_string"}}],"inLanguage":"es"},{"@type":"Person","@id":"https:\/\/www.noticiasradioreflejos.com.ar\/2021\/#\/schema\/person\/ad82545263dcc5ec0996818884fd5fb1","name":"Arnaldo Botto","image":{"@type":"ImageObject","inLanguage":"es","@id":"https:\/\/www.noticiasradioreflejos.com.ar\/2021\/#\/schema\/person\/image\/","url":"https:\/\/secure.gravatar.com\/avatar\/55cb5e37c1efa326397366e6974cb338056df65cb50e7d64d1cf314e87504837?s=96&d=mm&r=g","contentUrl":"https:\/\/secure.gravatar.com\/avatar\/55cb5e37c1efa326397366e6974cb338056df65cb50e7d64d1cf314e87504837?s=96&d=mm&r=g","caption":"Arnaldo Botto"},"url":"https:\/\/www.noticiasradioreflejos.com.ar\/2021\/author\/arnaldo\/"}]}},"_links":{"self":[{"href":"https:\/\/www.noticiasradioreflejos.com.ar\/2021\/wp-json\/wp\/v2\/posts\/34928","targetHints":{"allow":["GET"]}}],"collection":[{"href":"https:\/\/www.noticiasradioreflejos.com.ar\/2021\/wp-json\/wp\/v2\/posts"}],"about":[{"href":"https:\/\/www.noticiasradioreflejos.com.ar\/2021\/wp-json\/wp\/v2\/types\/post"}],"author":[{"embeddable":true,"href":"https:\/\/www.noticiasradioreflejos.com.ar\/2021\/wp-json\/wp\/v2\/users\/3"}],"replies":[{"embeddable":true,"href":"https:\/\/www.noticiasradioreflejos.com.ar\/2021\/wp-json\/wp\/v2\/comments?post=34928"}],"version-history":[{"count":0,"href":"https:\/\/www.noticiasradioreflejos.com.ar\/2021\/wp-json\/wp\/v2\/posts\/34928\/revisions"}],"wp:attachment":[{"href":"https:\/\/www.noticiasradioreflejos.com.ar\/2021\/wp-json\/wp\/v2\/media?parent=34928"}],"wp:term":[{"taxonomy":"category","embeddable":true,"href":"https:\/\/www.noticiasradioreflejos.com.ar\/2021\/wp-json\/wp\/v2\/categories?post=34928"},{"taxonomy":"post_tag","embeddable":true,"href":"https:\/\/www.noticiasradioreflejos.com.ar\/2021\/wp-json\/wp\/v2\/tags?post=34928"}],"curies":[{"name":"wp","href":"https:\/\/api.w.org\/{rel}","templated":true}]}}